{"id":4781,"date":"2009-01-30T06:39:29","date_gmt":"2009-01-30T05:39:29","guid":{"rendered":"http:\/\/www.mojabochnia.pl\/?p=4781"},"modified":"2009-01-29T15:53:53","modified_gmt":"2009-01-29T14:53:53","slug":"m-kania-w-bochni-potrzebna-poradnia-odwykowa","status":"publish","type":"post","link":"https:\/\/www.mojabochnia.pl\/?p=4781","title":{"rendered":"M. Kania: w Bochni potrzebna poradnia odwykowa"},"content":{"rendered":"<p>Marek Kania, kt\u00f3ry jest przewodnicz\u0105cym Komisji Rodziny, Zdrowia i Opieki Spo\u0142ecznej rady miejskiej w Bochni, a jednocze\u015bnie lekarzem, zwraca uwag\u0119 na to, \u017ce os\u00f3b uzale\u017cnionych od alkoholu przybywa, a nie ma miejsca w Bochni, w kt\u00f3rym mogliby uzyska\u0107 fachow\u0105 pomoc. \u2013 <em>Opr\u00f3cz dzia\u0142alno\u015bci psychologicznej, powinna by\u0107 jeszcze dzia\u0142alno\u015b\u0107 farmakologiczna. A tak\u0105 mog\u0105 prowadzi\u0107 tylko lekarze. W zwi\u0105zku z tym taka poradnia odwykowa z lekarzem psychiatr\u0105 by\u0142aby konieczna. Poza tym psychiatrzy mog\u0105 kierowa\u0107 na leczenie odwykowe. Tych ludzi przybywa, w tej chwili jest 50 os\u00f3b, kt\u00f3re wymaga\u0142yby leczenia, czy to farmakologicznego w poradni odwykowej, czy tez leczenia zamkni\u0119tego<\/em> \u2013 m\u00f3wi Marek Kania. <\/p>\n<p>Marek Kania zwraca uwag\u0119, \u017ce poradnia odwykowa mog\u0142aby mie\u0107 siedzib\u0119 przy poradni zdrowia psychicznego przy ul. Proszowskiej. Barbara Dr\u0105\u017ckiewicz Rudek, psycholog z tej poradni uwa\u017ca jednak, \u017ce obecnie warunki lokalowe ju\u017c na to nie pozwalaj\u0105. Przyznaje jednak wag\u0119 problemu. \u2013 <em>Jest on wielki i pal\u0105cy. W Bochni potrzebna jest poradnia odwykowa z prawdziwego zdarzenia. Nie uciekniemy od problemu uzale\u017cnie\u0144, r\u00f3wnie\u017c od problemu narkotyk\u00f3w, kt\u00f3ry jest jako\u015b pomijany i niedostrzegany<\/em> \u2013 m\u00f3wi.<\/p>\n<p>Burmistrz Bochni Bogdan Kosturkiewicz wskazuje, \u017ce utworzenie poradni nie jest dla miasta spraw\u0105 najwa\u017cniejsz\u0105, poza tym problemem s\u0105 pieni\u0105dze. \u2013 <em>My\u015bl\u0119, \u017ce powinni\u015bmy przede wszystkim realizowa\u0107 zadania, kt\u00f3re mamy wpisane w ustawie<\/em>. Dodaje on, \u017ce poradnia odwykowa mog\u0142aby powsta\u0107, gdyby r\u00f3wnie\u017c gminy powiatu boche\u0144skiego przy\u0142\u0105czy\u0142y si\u0119 do tej inicjatywy. \u2013 <em>Na pewno miasto nie jest w stanie samo ud\u017awign\u0105\u0107 tego zadania<\/em> \u2013 m\u00f3wi. <\/p>\n<p>Jak m\u00f3wi\u0142 podczas sesji Marek Kania, w Bochni nie ma r\u00f3wnie\u017c izby wytrze\u017awie\u0144, pijani, kt\u00f3rzy maj\u0105 we krwi poni\u017cej 3 promili alkoholu, przewo\u017ceni s\u0105 do policyjnych areszt\u00f3w. Ci, kt\u00f3rzy maj\u0105 powy\u017cej 3 promile, trafiaj\u0105 do szpitala.<\/p>\n","protected":false},"excerpt":{"rendered":"<p>W Bochni potrzebna jest poradnia odwykowa dla os\u00f3b zmagaj\u0105cych si\u0119 z alkoholizmem \u2013 uwa\u017caj\u0105 radni. <\/p>\n","protected":false},"author":4,"featured_media":0,"comment_status":"open","ping_status":"closed","sticky":false,"template":"","format":"standard","meta":{"_acf_changed":false,"footnotes":""},"categories":[5,11],"tags":[17321,2286,1012,2287,17171,17421,463,1688,17506,2284,2289,17601,2285],"class_list":["post-4781","post","type-post","status-publish","format-standard","hentry","category-biezace-wydarzenia","category-top-temat","tag-alkohol","tag-alkoholizm","tag-alkomat","tag-barbara-drazkiewicz-rudek","tag-bogdan-kosturkiewicz","tag-burmistrz","tag-komisja-do-spraw-rozwiazywania-problemow-alkoholowych","tag-marek-kania","tag-narkotyki","tag-poradnia-odwykowa","tag-psychiatra","tag-psycholog","tag-uzaleznienie"],"acf":[],"yoast_head":"<!-- This site is optimized with the Yoast SEO plugin v26.9 - https:\/\/yoast.com\/product\/yoast-seo-wordpress\/ -->\n<title>M. Kania: w Bochni potrzebna poradnia odwykowa - mojabochnia.pl - portal informacyjny<\/title>\n<meta name=\"robots\" content=\"index, follow, max-snippet:-1, max-image-preview:large, max-video-preview:-1\" \/>\n<link rel=\"canonical\" href=\"https:\/\/www.mojabochnia.pl\/?p=4781\" \/>\n<meta property=\"og:locale\" content=\"pl_PL\" \/>\n<meta property=\"og:type\" content=\"article\" \/>\n<meta property=\"og:title\" content=\"M. Kania: w Bochni potrzebna poradnia odwykowa - mojabochnia.pl - portal informacyjny\" \/>\n<meta property=\"og:description\" content=\"W Bochni potrzebna jest poradnia odwykowa dla os\u00f3b zmagaj\u0105cych si\u0119 z alkoholizmem \u2013 uwa\u017caj\u0105 radni.\" \/>\n<meta property=\"og:url\" content=\"https:\/\/www.mojabochnia.pl\/?p=4781\" \/>\n<meta property=\"og:site_name\" content=\"mojabochnia.pl - portal informacyjny\" \/>\n<meta property=\"article:publisher\" content=\"https:\/\/www.facebook.com\/mojabochnia\" \/>\n<meta property=\"article:published_time\" content=\"2009-01-30T05:39:29+00:00\" \/>\n<meta name=\"author\" content=\"Pawe\u0142 Michalczyk\" \/>\n<meta name=\"twitter:card\" content=\"summary_large_image\" \/>\n<meta name=\"twitter:label1\" content=\"Written by\" \/>\n\t<meta name=\"twitter:data1\" content=\"Pawe\u0142 Michalczyk\" \/>\n\t<meta name=\"twitter:label2\" content=\"Est. reading time\" \/>\n\t<meta name=\"twitter:data2\" content=\"2 minuty\" \/>\n<script type=\"application\/ld+json\" class=\"yoast-schema-graph\">{\"@context\":\"https:\/\/schema.org\",\"@graph\":[{\"@type\":\"Article\",\"@id\":\"https:\/\/www.mojabochnia.pl\/?p=4781#article\",\"isPartOf\":{\"@id\":\"https:\/\/www.mojabochnia.pl\/?p=4781\"},\"author\":{\"name\":\"Pawe\u0142 Michalczyk\",\"@id\":\"https:\/\/www.mojabochnia.pl\/#\/schema\/person\/ea042e4724a77627963f02166828ead4\"},\"headline\":\"M. Kania: w Bochni potrzebna poradnia odwykowa\",\"datePublished\":\"2009-01-30T05:39:29+00:00\",\"mainEntityOfPage\":{\"@id\":\"https:\/\/www.mojabochnia.pl\/?p=4781\"},\"wordCount\":316,\"commentCount\":7,\"publisher\":{\"@id\":\"https:\/\/www.mojabochnia.pl\/#organization\"},\"keywords\":[\"alkohol\",\"alkoholizm\",\"alkomat\",\"Barbara Dr\u0105\u017ckiewicz Rudek\",\"bogdan kosturkiewicz\",\"burmistrz\",\"komisja do spraw rozwi\u0105zywania problem\u00f3w alkoholowych\",\"marek kania\",\"narkotyki\",\"poradnia odwykowa\",\"psychiatra\",\"psycholog\",\"uzale\u017cnienie\"],\"articleSection\":[\"2_ostatnie\",\"3_w centrum uwagi\"],\"inLanguage\":\"pl-PL\",\"potentialAction\":[{\"@type\":\"CommentAction\",\"name\":\"Comment\",\"target\":[\"https:\/\/www.mojabochnia.pl\/?p=4781#respond\"]}]},{\"@type\":\"WebPage\",\"@id\":\"https:\/\/www.mojabochnia.pl\/?p=4781\",\"url\":\"https:\/\/www.mojabochnia.pl\/?p=4781\",\"name\":\"M. Kania: w Bochni potrzebna poradnia odwykowa - mojabochnia.pl - portal informacyjny\",\"isPartOf\":{\"@id\":\"https:\/\/www.mojabochnia.pl\/#website\"},\"datePublished\":\"2009-01-30T05:39:29+00:00\",\"breadcrumb\":{\"@id\":\"https:\/\/www.mojabochnia.pl\/?p=4781#breadcrumb\"},\"inLanguage\":\"pl-PL\",\"potentialAction\":[{\"@type\":\"ReadAction\",\"target\":[\"https:\/\/www.mojabochnia.pl\/?p=4781\"]}]},{\"@type\":\"BreadcrumbList\",\"@id\":\"https:\/\/www.mojabochnia.pl\/?p=4781#breadcrumb\",\"itemListElement\":[{\"@type\":\"ListItem\",\"position\":1,\"name\":\"Home\",\"item\":\"https:\/\/www.mojabochnia.pl\/\"},{\"@type\":\"ListItem\",\"position\":2,\"name\":\"M. Kania: w Bochni potrzebna poradnia odwykowa\"}]},{\"@type\":\"WebSite\",\"@id\":\"https:\/\/www.mojabochnia.pl\/#website\",\"url\":\"https:\/\/www.mojabochnia.pl\/\",\"name\":\"mojabochnia.pl - portal informacyjny\",\"description\":\"mojaBochnia to portal informacyjny o Bochni. Codziennie o Bochni piszemy i pokazujemy najwa\u017cniejsze wydarzenia\",\"publisher\":{\"@id\":\"https:\/\/www.mojabochnia.pl\/#organization\"},\"potentialAction\":[{\"@type\":\"SearchAction\",\"target\":{\"@type\":\"EntryPoint\",\"urlTemplate\":\"https:\/\/www.mojabochnia.pl\/?s={search_term_string}\"},\"query-input\":{\"@type\":\"PropertyValueSpecification\",\"valueRequired\":true,\"valueName\":\"search_term_string\"}}],\"inLanguage\":\"pl-PL\"},{\"@type\":\"Organization\",\"@id\":\"https:\/\/www.mojabochnia.pl\/#organization\",\"name\":\"mojabochnia.pl - portal informacyjny\",\"url\":\"https:\/\/www.mojabochnia.pl\/\",\"logo\":{\"@type\":\"ImageObject\",\"inLanguage\":\"pl-PL\",\"@id\":\"https:\/\/www.mojabochnia.pl\/#\/schema\/logo\/image\/\",\"url\":\"https:\/\/www.mojabochnia.pl\/wp-content\/uploads\/2017\/08\/logo-mb-opt.png\",\"contentUrl\":\"https:\/\/www.mojabochnia.pl\/wp-content\/uploads\/2017\/08\/logo-mb-opt.png\",\"width\":250,\"height\":48,\"caption\":\"mojabochnia.pl - portal informacyjny\"},\"image\":{\"@id\":\"https:\/\/www.mojabochnia.pl\/#\/schema\/logo\/image\/\"},\"sameAs\":[\"https:\/\/www.facebook.com\/mojabochnia\"]},{\"@type\":\"Person\",\"@id\":\"https:\/\/www.mojabochnia.pl\/#\/schema\/person\/ea042e4724a77627963f02166828ead4\",\"name\":\"Pawe\u0142 Michalczyk\",\"url\":\"https:\/\/www.mojabochnia.pl\/?author=4\"}]}<\/script>\n<!-- \/ Yoast SEO plugin. -->","yoast_head_json":{"title":"M. Kania: w Bochni potrzebna poradnia odwykowa - mojabochnia.pl - portal informacyjny","robots":{"index":"index","follow":"follow","max-snippet":"max-snippet:-1","max-image-preview":"max-image-preview:large","max-video-preview":"max-video-preview:-1"},"canonical":"https:\/\/www.mojabochnia.pl\/?p=4781","og_locale":"pl_PL","og_type":"article","og_title":"M. Kania: w Bochni potrzebna poradnia odwykowa - mojabochnia.pl - portal informacyjny","og_description":"W Bochni potrzebna jest poradnia odwykowa dla os\u00f3b zmagaj\u0105cych si\u0119 z alkoholizmem \u2013 uwa\u017caj\u0105 radni.","og_url":"https:\/\/www.mojabochnia.pl\/?p=4781","og_site_name":"mojabochnia.pl - portal informacyjny","article_publisher":"https:\/\/www.facebook.com\/mojabochnia","article_published_time":"2009-01-30T05:39:29+00:00","author":"Pawe\u0142 Michalczyk","twitter_card":"summary_large_image","twitter_misc":{"Written by":"Pawe\u0142 Michalczyk","Est. reading time":"2 minuty"},"schema":{"@context":"https:\/\/schema.org","@graph":[{"@type":"Article","@id":"https:\/\/www.mojabochnia.pl\/?p=4781#article","isPartOf":{"@id":"https:\/\/www.mojabochnia.pl\/?p=4781"},"author":{"name":"Pawe\u0142 Michalczyk","@id":"https:\/\/www.mojabochnia.pl\/#\/schema\/person\/ea042e4724a77627963f02166828ead4"},"headline":"M. Kania: w Bochni potrzebna poradnia odwykowa","datePublished":"2009-01-30T05:39:29+00:00","mainEntityOfPage":{"@id":"https:\/\/www.mojabochnia.pl\/?p=4781"},"wordCount":316,"commentCount":7,"publisher":{"@id":"https:\/\/www.mojabochnia.pl\/#organization"},"keywords":["alkohol","alkoholizm","alkomat","Barbara Dr\u0105\u017ckiewicz Rudek","bogdan kosturkiewicz","burmistrz","komisja do spraw rozwi\u0105zywania problem\u00f3w alkoholowych","marek kania","narkotyki","poradnia odwykowa","psychiatra","psycholog","uzale\u017cnienie"],"articleSection":["2_ostatnie","3_w centrum uwagi"],"inLanguage":"pl-PL","potentialAction":[{"@type":"CommentAction","name":"Comment","target":["https:\/\/www.mojabochnia.pl\/?p=4781#respond"]}]},{"@type":"WebPage","@id":"https:\/\/www.mojabochnia.pl\/?p=4781","url":"https:\/\/www.mojabochnia.pl\/?p=4781","name":"M. Kania: w Bochni potrzebna poradnia odwykowa - mojabochnia.pl - portal informacyjny","isPartOf":{"@id":"https:\/\/www.mojabochnia.pl\/#website"},"datePublished":"2009-01-30T05:39:29+00:00","breadcrumb":{"@id":"https:\/\/www.mojabochnia.pl\/?p=4781#breadcrumb"},"inLanguage":"pl-PL","potentialAction":[{"@type":"ReadAction","target":["https:\/\/www.mojabochnia.pl\/?p=4781"]}]},{"@type":"BreadcrumbList","@id":"https:\/\/www.mojabochnia.pl\/?p=4781#breadcrumb","itemListElement":[{"@type":"ListItem","position":1,"name":"Home","item":"https:\/\/www.mojabochnia.pl\/"},{"@type":"ListItem","position":2,"name":"M. Kania: w Bochni potrzebna poradnia odwykowa"}]},{"@type":"WebSite","@id":"https:\/\/www.mojabochnia.pl\/#website","url":"https:\/\/www.mojabochnia.pl\/","name":"mojabochnia.pl - portal informacyjny","description":"mojaBochnia to portal informacyjny o Bochni. Codziennie o Bochni piszemy i pokazujemy najwa\u017cniejsze wydarzenia","publisher":{"@id":"https:\/\/www.mojabochnia.pl\/#organization"},"potentialAction":[{"@type":"SearchAction","target":{"@type":"EntryPoint","urlTemplate":"https:\/\/www.mojabochnia.pl\/?s={search_term_string}"},"query-input":{"@type":"PropertyValueSpecification","valueRequired":true,"valueName":"search_term_string"}}],"inLanguage":"pl-PL"},{"@type":"Organization","@id":"https:\/\/www.mojabochnia.pl\/#organization","name":"mojabochnia.pl - portal informacyjny","url":"https:\/\/www.mojabochnia.pl\/","logo":{"@type":"ImageObject","inLanguage":"pl-PL","@id":"https:\/\/www.mojabochnia.pl\/#\/schema\/logo\/image\/","url":"https:\/\/www.mojabochnia.pl\/wp-content\/uploads\/2017\/08\/logo-mb-opt.png","contentUrl":"https:\/\/www.mojabochnia.pl\/wp-content\/uploads\/2017\/08\/logo-mb-opt.png","width":250,"height":48,"caption":"mojabochnia.pl - portal informacyjny"},"image":{"@id":"https:\/\/www.mojabochnia.pl\/#\/schema\/logo\/image\/"},"sameAs":["https:\/\/www.facebook.com\/mojabochnia"]},{"@type":"Person","@id":"https:\/\/www.mojabochnia.pl\/#\/schema\/person\/ea042e4724a77627963f02166828ead4","name":"Pawe\u0142 Michalczyk","url":"https:\/\/www.mojabochnia.pl\/?author=4"}]}},"_links":{"self":[{"href":"https:\/\/www.mojabochnia.pl\/index.php?rest_route=\/wp\/v2\/posts\/4781","targetHints":{"allow":["GET"]}}],"collection":[{"href":"https:\/\/www.mojabochnia.pl\/index.php?rest_route=\/wp\/v2\/posts"}],"about":[{"href":"https:\/\/www.mojabochnia.pl\/index.php?rest_route=\/wp\/v2\/types\/post"}],"author":[{"embeddable":true,"href":"https:\/\/www.mojabochnia.pl\/index.php?rest_route=\/wp\/v2\/users\/4"}],"replies":[{"embeddable":true,"href":"https:\/\/www.mojabochnia.pl\/index.php?rest_route=%2Fwp%2Fv2%2Fcomments&post=4781"}],"version-history":[{"count":0,"href":"https:\/\/www.mojabochnia.pl\/index.php?rest_route=\/wp\/v2\/posts\/4781\/revisions"}],"wp:attachment":[{"href":"https:\/\/www.mojabochnia.pl\/index.php?rest_route=%2Fwp%2Fv2%2Fmedia&parent=4781"}],"wp:term":[{"taxonomy":"category","embeddable":true,"href":"https:\/\/www.mojabochnia.pl\/index.php?rest_route=%2Fwp%2Fv2%2Fcategories&post=4781"},{"taxonomy":"post_tag","embeddable":true,"href":"https:\/\/www.mojabochnia.pl\/index.php?rest_route=%2Fwp%2Fv2%2Ftags&post=4781"}],"curies":[{"name":"wp","href":"https:\/\/api.w.org\/{rel}","templated":true}]}}