{"id":4695,"date":"2009-01-27T15:40:15","date_gmt":"2009-01-27T14:40:15","guid":{"rendered":"http:\/\/www.mojabochnia.pl\/?p=4695"},"modified":"2009-01-27T14:50:04","modified_gmt":"2009-01-27T13:50:04","slug":"bochenski-chor-kolejny-raz-zajal-i-miejsce","status":"publish","type":"post","link":"https:\/\/www.mojabochnia.pl\/?p=4695","title":{"rendered":"Boche\u0144ski ch\u00f3r kolejny raz zaj\u0105\u0142 I miejsce"},"content":{"rendered":"<p>Przegl\u0105d mia\u0142 miejsce w sobot\u0119 24 stycznia w Miechowie. Jury konkursu w sk\u0142adzie: S\u0142awomir Michaldo, Jolanta Sojka i Marcin Durman po wys\u0142uchaniu wszystkich uczestnik\u00f3w przyzna\u0142o miejsca w kategoriach: zespo\u0142y &#8222;wokalno-instrumentalne&#8221; oraz &#8222;ch\u00f3ry&#8221;. W tej ostatniej najlepszy okaza\u0142 si\u0119 boche\u0144ski ch\u00f3r, kt\u00f3ry otrzyma\u0142 dyplom oraz nagrod\u0119 pieni\u0119\u017cn\u0105.<\/p>\n<p>&#8211; <em>To nie pierwsza nagroda dla Boche\u0144skiego Ch\u00f3ru Kameralnego Salt Singers<\/em> \u2013 m\u00f3wi Dorota Halberda, dyrektor Miejskiego Domu Kultury w Bochni. Przypomnijmy, \u017ce w 2006 roku boche\u0144ski ch\u00f3r zdoby\u0142 &#8222;Z\u0142ot\u0105 strun\u0119&#8221; podczas VIII Ma\u0142opolskiego Konkursu Ch\u00f3r\u00f3w w Niepo\u0142omicach. W roku ubieg\u0142ym w tym samym konkursie otrzyma\u0142 \u201eSrebrn\u0105 strun\u0119\u201d. &#8211;<em>Dodatkowo jednym z ciekawszych wydarze\u0144 muzycznych minionego roku, w kt\u00f3rym ch\u00f3r bra\u0142 udzia\u0142 to koncert z okazji 650-lecia Niepo\u0142omic, gdzie wraz z innymi ch\u00f3rami oraz orkiestr\u0105 Opery Krakowskiej oraz solistami Zbigniewem Wodeckim, Januszem Radkiem, Jackiem W\u00f3jcickim, Hann\u0105 Banaszak i Beat\u0105 Rybotyck\u0105 za\u015bpiewa\u0142 wspania\u0142e oratorium \u201eAmabilis\u201d<\/em> &#8211; dodaje Dorota Halberda.<\/p>\n<p>Ch\u00f3r \u201eSalt Singers\u201d dzia\u0142a przy Miejskim Domu Kultury w Bochni od 2004 roku pod kierunkiem Macieja Koz\u0142owskiego. &#8211; <em>Grupa ta ma charakter otwarty i rozwojowy. W ka\u017cdej chwili gotowa jest przyj\u0105\u0107 do swojego grona nowych cz\u0142onk\u00f3w, pragn\u0105cych rozwija\u0107 si\u0119 wokalnie i muzycznie<\/em> \u2013 zaznacza dyrektor MDK. <\/p>\n","protected":false},"excerpt":{"rendered":"<p>Boche\u0144ski Ch\u00f3r Kameralny Salt Singers zaj\u0105\u0142 pierwsze miejsce w VIII Miechowskim Przegl\u0105dzie Pie\u015bni Ch\u00f3ralnej, Kol\u0119d i Pastora\u0142ek. <\/p>\n","protected":false},"author":1,"featured_media":0,"comment_status":"open","ping_status":"closed","sticky":false,"template":"","format":"standard","meta":{"_acf_changed":false,"footnotes":""},"categories":[92],"tags":[511,2263,63,554,17569,17444,2265,17220,17599,1923],"class_list":["post-4695","post","type-post","status-publish","format-standard","hentry","category-kultura","tag-bochenski-chor-kameralny","tag-chor-salt-singers","tag-dom-kultury","tag-dorota-halberda","tag-koledy","tag-mdk","tag-miechow","tag-niepolomice","tag-przeglad","tag-swieta-bozego-narodzenia"],"acf":[],"yoast_head":"<!-- This site is optimized with the Yoast SEO plugin v26.9 - https:\/\/yoast.com\/product\/yoast-seo-wordpress\/ -->\n<title>Boche\u0144ski ch\u00f3r kolejny raz zaj\u0105\u0142 I miejsce - mojabochnia.pl - portal informacyjny<\/title>\n<meta name=\"robots\" content=\"index, follow, max-snippet:-1, max-image-preview:large, max-video-preview:-1\" \/>\n<link rel=\"canonical\" href=\"https:\/\/www.mojabochnia.pl\/?p=4695\" \/>\n<meta property=\"og:locale\" content=\"pl_PL\" \/>\n<meta property=\"og:type\" content=\"article\" \/>\n<meta property=\"og:title\" content=\"Boche\u0144ski ch\u00f3r kolejny raz zaj\u0105\u0142 I miejsce - mojabochnia.pl - portal informacyjny\" \/>\n<meta property=\"og:description\" content=\"Boche\u0144ski Ch\u00f3r Kameralny Salt Singers zaj\u0105\u0142 pierwsze miejsce w VIII Miechowskim Przegl\u0105dzie Pie\u015bni Ch\u00f3ralnej, Kol\u0119d i Pastora\u0142ek.\" \/>\n<meta property=\"og:url\" content=\"https:\/\/www.mojabochnia.pl\/?p=4695\" \/>\n<meta property=\"og:site_name\" content=\"mojabochnia.pl - portal informacyjny\" \/>\n<meta property=\"article:publisher\" content=\"https:\/\/www.facebook.com\/mojabochnia\" \/>\n<meta property=\"article:published_time\" content=\"2009-01-27T14:40:15+00:00\" \/>\n<meta name=\"author\" content=\"administrator\" \/>\n<meta name=\"twitter:card\" content=\"summary_large_image\" \/>\n<meta name=\"twitter:label1\" content=\"Written by\" \/>\n\t<meta name=\"twitter:data1\" content=\"administrator\" \/>\n\t<meta name=\"twitter:label2\" content=\"Est. reading time\" \/>\n\t<meta name=\"twitter:data2\" content=\"1 minuta\" \/>\n<script type=\"application\/ld+json\" class=\"yoast-schema-graph\">{\"@context\":\"https:\/\/schema.org\",\"@graph\":[{\"@type\":\"Article\",\"@id\":\"https:\/\/www.mojabochnia.pl\/?p=4695#article\",\"isPartOf\":{\"@id\":\"https:\/\/www.mojabochnia.pl\/?p=4695\"},\"author\":{\"name\":\"administrator\",\"@id\":\"https:\/\/www.mojabochnia.pl\/#\/schema\/person\/c00e1f64e6fa0e6de6d410f2c340017f\"},\"headline\":\"Boche\u0144ski ch\u00f3r kolejny raz zaj\u0105\u0142 I miejsce\",\"datePublished\":\"2009-01-27T14:40:15+00:00\",\"mainEntityOfPage\":{\"@id\":\"https:\/\/www.mojabochnia.pl\/?p=4695\"},\"wordCount\":230,\"commentCount\":0,\"publisher\":{\"@id\":\"https:\/\/www.mojabochnia.pl\/#organization\"},\"keywords\":[\"boche\u0144ski ch\u00f3r kameralny\",\"ch\u00f3r salt singers\",\"dom kultury\",\"dorota halberda\",\"kol\u0119dy\",\"MDK\",\"miech\u00f3w\",\"niepo\u0142omice\",\"przegl\u0105d\",\"\u015bwi\u0119ta bo\u017cego narodzenia\"],\"articleSection\":[\"kultura\"],\"inLanguage\":\"pl-PL\",\"potentialAction\":[{\"@type\":\"CommentAction\",\"name\":\"Comment\",\"target\":[\"https:\/\/www.mojabochnia.pl\/?p=4695#respond\"]}]},{\"@type\":\"WebPage\",\"@id\":\"https:\/\/www.mojabochnia.pl\/?p=4695\",\"url\":\"https:\/\/www.mojabochnia.pl\/?p=4695\",\"name\":\"Boche\u0144ski ch\u00f3r kolejny raz zaj\u0105\u0142 I miejsce - mojabochnia.pl - portal informacyjny\",\"isPartOf\":{\"@id\":\"https:\/\/www.mojabochnia.pl\/#website\"},\"datePublished\":\"2009-01-27T14:40:15+00:00\",\"breadcrumb\":{\"@id\":\"https:\/\/www.mojabochnia.pl\/?p=4695#breadcrumb\"},\"inLanguage\":\"pl-PL\",\"potentialAction\":[{\"@type\":\"ReadAction\",\"target\":[\"https:\/\/www.mojabochnia.pl\/?p=4695\"]}]},{\"@type\":\"BreadcrumbList\",\"@id\":\"https:\/\/www.mojabochnia.pl\/?p=4695#breadcrumb\",\"itemListElement\":[{\"@type\":\"ListItem\",\"position\":1,\"name\":\"Home\",\"item\":\"https:\/\/www.mojabochnia.pl\/\"},{\"@type\":\"ListItem\",\"position\":2,\"name\":\"Boche\u0144ski ch\u00f3r kolejny raz zaj\u0105\u0142 I miejsce\"}]},{\"@type\":\"WebSite\",\"@id\":\"https:\/\/www.mojabochnia.pl\/#website\",\"url\":\"https:\/\/www.mojabochnia.pl\/\",\"name\":\"mojabochnia.pl - portal informacyjny\",\"description\":\"mojaBochnia to portal informacyjny o Bochni. Codziennie o Bochni piszemy i pokazujemy najwa\u017cniejsze wydarzenia\",\"publisher\":{\"@id\":\"https:\/\/www.mojabochnia.pl\/#organization\"},\"potentialAction\":[{\"@type\":\"SearchAction\",\"target\":{\"@type\":\"EntryPoint\",\"urlTemplate\":\"https:\/\/www.mojabochnia.pl\/?s={search_term_string}\"},\"query-input\":{\"@type\":\"PropertyValueSpecification\",\"valueRequired\":true,\"valueName\":\"search_term_string\"}}],\"inLanguage\":\"pl-PL\"},{\"@type\":\"Organization\",\"@id\":\"https:\/\/www.mojabochnia.pl\/#organization\",\"name\":\"mojabochnia.pl - portal informacyjny\",\"url\":\"https:\/\/www.mojabochnia.pl\/\",\"logo\":{\"@type\":\"ImageObject\",\"inLanguage\":\"pl-PL\",\"@id\":\"https:\/\/www.mojabochnia.pl\/#\/schema\/logo\/image\/\",\"url\":\"https:\/\/www.mojabochnia.pl\/wp-content\/uploads\/2017\/08\/logo-mb-opt.png\",\"contentUrl\":\"https:\/\/www.mojabochnia.pl\/wp-content\/uploads\/2017\/08\/logo-mb-opt.png\",\"width\":250,\"height\":48,\"caption\":\"mojabochnia.pl - portal informacyjny\"},\"image\":{\"@id\":\"https:\/\/www.mojabochnia.pl\/#\/schema\/logo\/image\/\"},\"sameAs\":[\"https:\/\/www.facebook.com\/mojabochnia\"]},{\"@type\":\"Person\",\"@id\":\"https:\/\/www.mojabochnia.pl\/#\/schema\/person\/c00e1f64e6fa0e6de6d410f2c340017f\",\"name\":\"administrator\",\"url\":\"https:\/\/www.mojabochnia.pl\/?author=1\"}]}<\/script>\n<!-- \/ Yoast SEO plugin. -->","yoast_head_json":{"title":"Boche\u0144ski ch\u00f3r kolejny raz zaj\u0105\u0142 I miejsce - mojabochnia.pl - portal informacyjny","robots":{"index":"index","follow":"follow","max-snippet":"max-snippet:-1","max-image-preview":"max-image-preview:large","max-video-preview":"max-video-preview:-1"},"canonical":"https:\/\/www.mojabochnia.pl\/?p=4695","og_locale":"pl_PL","og_type":"article","og_title":"Boche\u0144ski ch\u00f3r kolejny raz zaj\u0105\u0142 I miejsce - mojabochnia.pl - portal informacyjny","og_description":"Boche\u0144ski Ch\u00f3r Kameralny Salt Singers zaj\u0105\u0142 pierwsze miejsce w VIII Miechowskim Przegl\u0105dzie Pie\u015bni Ch\u00f3ralnej, Kol\u0119d i Pastora\u0142ek.","og_url":"https:\/\/www.mojabochnia.pl\/?p=4695","og_site_name":"mojabochnia.pl - portal informacyjny","article_publisher":"https:\/\/www.facebook.com\/mojabochnia","article_published_time":"2009-01-27T14:40:15+00:00","author":"administrator","twitter_card":"summary_large_image","twitter_misc":{"Written by":"administrator","Est. reading time":"1 minuta"},"schema":{"@context":"https:\/\/schema.org","@graph":[{"@type":"Article","@id":"https:\/\/www.mojabochnia.pl\/?p=4695#article","isPartOf":{"@id":"https:\/\/www.mojabochnia.pl\/?p=4695"},"author":{"name":"administrator","@id":"https:\/\/www.mojabochnia.pl\/#\/schema\/person\/c00e1f64e6fa0e6de6d410f2c340017f"},"headline":"Boche\u0144ski ch\u00f3r kolejny raz zaj\u0105\u0142 I miejsce","datePublished":"2009-01-27T14:40:15+00:00","mainEntityOfPage":{"@id":"https:\/\/www.mojabochnia.pl\/?p=4695"},"wordCount":230,"commentCount":0,"publisher":{"@id":"https:\/\/www.mojabochnia.pl\/#organization"},"keywords":["boche\u0144ski ch\u00f3r kameralny","ch\u00f3r salt singers","dom kultury","dorota halberda","kol\u0119dy","MDK","miech\u00f3w","niepo\u0142omice","przegl\u0105d","\u015bwi\u0119ta bo\u017cego narodzenia"],"articleSection":["kultura"],"inLanguage":"pl-PL","potentialAction":[{"@type":"CommentAction","name":"Comment","target":["https:\/\/www.mojabochnia.pl\/?p=4695#respond"]}]},{"@type":"WebPage","@id":"https:\/\/www.mojabochnia.pl\/?p=4695","url":"https:\/\/www.mojabochnia.pl\/?p=4695","name":"Boche\u0144ski ch\u00f3r kolejny raz zaj\u0105\u0142 I miejsce - mojabochnia.pl - portal informacyjny","isPartOf":{"@id":"https:\/\/www.mojabochnia.pl\/#website"},"datePublished":"2009-01-27T14:40:15+00:00","breadcrumb":{"@id":"https:\/\/www.mojabochnia.pl\/?p=4695#breadcrumb"},"inLanguage":"pl-PL","potentialAction":[{"@type":"ReadAction","target":["https:\/\/www.mojabochnia.pl\/?p=4695"]}]},{"@type":"BreadcrumbList","@id":"https:\/\/www.mojabochnia.pl\/?p=4695#breadcrumb","itemListElement":[{"@type":"ListItem","position":1,"name":"Home","item":"https:\/\/www.mojabochnia.pl\/"},{"@type":"ListItem","position":2,"name":"Boche\u0144ski ch\u00f3r kolejny raz zaj\u0105\u0142 I miejsce"}]},{"@type":"WebSite","@id":"https:\/\/www.mojabochnia.pl\/#website","url":"https:\/\/www.mojabochnia.pl\/","name":"mojabochnia.pl - portal informacyjny","description":"mojaBochnia to portal informacyjny o Bochni. Codziennie o Bochni piszemy i pokazujemy najwa\u017cniejsze wydarzenia","publisher":{"@id":"https:\/\/www.mojabochnia.pl\/#organization"},"potentialAction":[{"@type":"SearchAction","target":{"@type":"EntryPoint","urlTemplate":"https:\/\/www.mojabochnia.pl\/?s={search_term_string}"},"query-input":{"@type":"PropertyValueSpecification","valueRequired":true,"valueName":"search_term_string"}}],"inLanguage":"pl-PL"},{"@type":"Organization","@id":"https:\/\/www.mojabochnia.pl\/#organization","name":"mojabochnia.pl - portal informacyjny","url":"https:\/\/www.mojabochnia.pl\/","logo":{"@type":"ImageObject","inLanguage":"pl-PL","@id":"https:\/\/www.mojabochnia.pl\/#\/schema\/logo\/image\/","url":"https:\/\/www.mojabochnia.pl\/wp-content\/uploads\/2017\/08\/logo-mb-opt.png","contentUrl":"https:\/\/www.mojabochnia.pl\/wp-content\/uploads\/2017\/08\/logo-mb-opt.png","width":250,"height":48,"caption":"mojabochnia.pl - portal informacyjny"},"image":{"@id":"https:\/\/www.mojabochnia.pl\/#\/schema\/logo\/image\/"},"sameAs":["https:\/\/www.facebook.com\/mojabochnia"]},{"@type":"Person","@id":"https:\/\/www.mojabochnia.pl\/#\/schema\/person\/c00e1f64e6fa0e6de6d410f2c340017f","name":"administrator","url":"https:\/\/www.mojabochnia.pl\/?author=1"}]}},"_links":{"self":[{"href":"https:\/\/www.mojabochnia.pl\/index.php?rest_route=\/wp\/v2\/posts\/4695","targetHints":{"allow":["GET"]}}],"collection":[{"href":"https:\/\/www.mojabochnia.pl\/index.php?rest_route=\/wp\/v2\/posts"}],"about":[{"href":"https:\/\/www.mojabochnia.pl\/index.php?rest_route=\/wp\/v2\/types\/post"}],"author":[{"embeddable":true,"href":"https:\/\/www.mojabochnia.pl\/index.php?rest_route=\/wp\/v2\/users\/1"}],"replies":[{"embeddable":true,"href":"https:\/\/www.mojabochnia.pl\/index.php?rest_route=%2Fwp%2Fv2%2Fcomments&post=4695"}],"version-history":[{"count":0,"href":"https:\/\/www.mojabochnia.pl\/index.php?rest_route=\/wp\/v2\/posts\/4695\/revisions"}],"wp:attachment":[{"href":"https:\/\/www.mojabochnia.pl\/index.php?rest_route=%2Fwp%2Fv2%2Fmedia&parent=4695"}],"wp:term":[{"taxonomy":"category","embeddable":true,"href":"https:\/\/www.mojabochnia.pl\/index.php?rest_route=%2Fwp%2Fv2%2Fcategories&post=4695"},{"taxonomy":"post_tag","embeddable":true,"href":"https:\/\/www.mojabochnia.pl\/index.php?rest_route=%2Fwp%2Fv2%2Ftags&post=4695"}],"curies":[{"name":"wp","href":"https:\/\/api.w.org\/{rel}","templated":true}]}}