{"id":45615,"date":"2011-03-10T16:16:04","date_gmt":"2011-03-10T15:16:04","guid":{"rendered":"http:\/\/www.mojabochnia.pl\/?p=45615"},"modified":"2011-03-12T13:46:25","modified_gmt":"2011-03-12T12:46:25","slug":"oddali-synow-do-wojska-dzis-odebrali-wyroznienia-relacja-tv-z-nadania-medali-za-zaslugi-dla-obronnosci-kraju","status":"publish","type":"post","link":"https:\/\/www.mojabochnia.pl\/?p=45615","title":{"rendered":"Oddali syn\u00f3w do wojska, dzi\u015b odebrali wyr\u00f3\u017cnienia &#8211; relacja TV z nadania medali &#8222;Za zas\u0142ugi dla obronno\u015bci kraju&#8221;"},"content":{"rendered":"<p>Srebrny medal &#8222;Za zas\u0142ugi dla obronno\u015bci kraju&#8221; wr\u0119czony zosta\u0142 tym, kt\u00f3rzy wychowali co najmniej trzech wojskowych. Z\u0142oty za\u015b odebrali ci, kt\u00f3rych a\u017c pi\u0119ciu syn\u00f3w odbywa\u0142o s\u0142u\u017cb\u0119 wojskow\u0105.<\/p>\n<p>Medale z gratulacjami wr\u0119czali pp\u0142k Zbigniew Skurnowicz z Wojskowej Komendy Uzupe\u0142nie\u0144 w Tarnowie, starosta boche\u0144ski Jacek Paj\u0105k i przedstawiciele poszczeg\u00f3lnych gmin powiatu.<\/p>\n<p><strong>Lista wyr\u00f3\u017cnionych: <\/strong><\/p>\n<p><strong>Gmina i Miasto Nowy Wi\u015bnicz<\/strong><\/p>\n<p><strong>medal z\u0142oty:<\/strong> Stanis\u0142awa Ochel<\/p>\n<p><strong>medal srebrny:<\/strong> Krystyna i Jan Pipa, J\u00f3zefa i Stanis\u0142aw Mochel, Halina i Krzysztof Zawadzcy, Anna i Teofil Mroczek<\/p>\n<p><strong>Gmina \u017begocina<\/strong><\/p>\n<p><strong>medal z\u0142oty:<\/strong> Maria Janiczek, Aleksandra i Antoni P\u0142awecka<\/p>\n<p><strong>medal srebrny:<\/strong> Irena i J\u00f3zef Mrugacz, Zofia i J\u00f3zef \u0141owczowscy<\/p>\n<p><strong>Miasto Bochnia<\/strong><\/p>\n<p><strong>medal srebrny:<\/strong> Anna i Julian Pyrzowscy, Zofia i Jan Skowronek <\/p>\n<p><strong>Gmina Drwinia<\/strong><\/p>\n<p><strong>medal srebrny:<\/strong> Wies\u0142awa i Tadeusz Madej<\/p>\n<p><strong>Gmina Lipnica Murowana<\/strong><\/p>\n<p><strong>medal srebrny:<\/strong> Zofia i Krzysztof Janczyk, Stanis\u0142awa i Stanis\u0142aw Fiter<\/p>\n<p><strong>Gmina \u0141apan\u00f3w<\/strong><\/p>\n<p><strong>medal srebrny:<\/strong> W\u0142adys\u0142awa i Wojciech Kl\u0119sk, Maria i Czes\u0142aw Pacek, Krystyna i Jan Piech <\/p>\n<p><strong>Gmina Rzezawa<\/strong><\/p>\n<p><strong>medal srebrny:<\/strong> El\u017cbieta i Kazimierz Kmie\u0107, Ma\u0142gorzata i Krzysztof Tarlaga<\/p>\n<p><strong>Gmina Trzciana<\/strong><\/p>\n<p><strong>medal srebrny<\/strong>: Anna D\u0119bosz<\/p>\n<p><strong>Gmina Bochnia<\/strong><\/p>\n<p><strong>medal srebrny:<\/strong> Cecylia Paluch, El\u017cbieta i Jan Sobas, Halina i Andrzej Jeziorek<\/p>\n\t  \r\n\t\r\n\t    <div class=\"mb-gallery\">\r\n\t    <a href=\"https:\/\/www.mojabochnia.pl\/?attachment_id=45620\" class=\"\"><img loading=\"lazy\" decoding=\"async\" width=\"100\" height=\"56\" src=\"https:\/\/www.mojabochnia.pl\/wp-content\/uploads\/2011\/03\/0310_medale-120x67.jpg\" class=\"attachment-100x100 size-100x100\" alt=\"\" srcset=\"https:\/\/www.mojabochnia.pl\/wp-content\/uploads\/2011\/03\/0310_medale-120x67.jpg 120w, https:\/\/www.mojabochnia.pl\/wp-content\/uploads\/2011\/03\/0310_medale-468x263.jpg 468w, https:\/\/www.mojabochnia.pl\/wp-content\/uploads\/2011\/03\/0310_medale-660x371.jpg 660w, https:\/\/www.mojabochnia.pl\/wp-content\/uploads\/2011\/03\/0310_medale.jpg 1061w\" sizes=\"auto, (max-width: 100px) 100vw, 100px\" \/><\/a><a href=\"https:\/\/www.mojabochnia.pl\/?attachment_id=45623\" class=\"\"><img loading=\"lazy\" decoding=\"async\" width=\"100\" height=\"56\" src=\"https:\/\/www.mojabochnia.pl\/wp-content\/uploads\/2011\/03\/0310_medale2-120x67.jpg\" class=\"attachment-100x100 size-100x100\" alt=\"\" srcset=\"https:\/\/www.mojabochnia.pl\/wp-content\/uploads\/2011\/03\/0310_medale2-120x67.jpg 120w, https:\/\/www.mojabochnia.pl\/wp-content\/uploads\/2011\/03\/0310_medale2-468x263.jpg 468w, https:\/\/www.mojabochnia.pl\/wp-content\/uploads\/2011\/03\/0310_medale2-660x371.jpg 660w, https:\/\/www.mojabochnia.pl\/wp-content\/uploads\/2011\/03\/0310_medale2.jpg 1066w\" sizes=\"auto, (max-width: 100px) 100vw, 100px\" \/><\/a><a href=\"https:\/\/www.mojabochnia.pl\/?attachment_id=45624\" class=\"\"><img loading=\"lazy\" decoding=\"async\" width=\"100\" height=\"56\" src=\"https:\/\/www.mojabochnia.pl\/wp-content\/uploads\/2011\/03\/0310_medale3-120x67.jpg\" class=\"attachment-100x100 size-100x100\" alt=\"\" srcset=\"https:\/\/www.mojabochnia.pl\/wp-content\/uploads\/2011\/03\/0310_medale3-120x67.jpg 120w, https:\/\/www.mojabochnia.pl\/wp-content\/uploads\/2011\/03\/0310_medale3-468x263.jpg 468w, https:\/\/www.mojabochnia.pl\/wp-content\/uploads\/2011\/03\/0310_medale3-660x371.jpg 660w, https:\/\/www.mojabochnia.pl\/wp-content\/uploads\/2011\/03\/0310_medale3.jpg 1118w\" sizes=\"auto, (max-width: 100px) 100vw, 100px\" \/><\/a><a href=\"https:\/\/www.mojabochnia.pl\/?attachment_id=45625\" class=\"\"><img loading=\"lazy\" decoding=\"async\" width=\"100\" height=\"56\" src=\"https:\/\/www.mojabochnia.pl\/wp-content\/uploads\/2011\/03\/0310_medale4-120x67.jpg\" class=\"attachment-100x100 size-100x100\" alt=\"\" srcset=\"https:\/\/www.mojabochnia.pl\/wp-content\/uploads\/2011\/03\/0310_medale4-120x67.jpg 120w, https:\/\/www.mojabochnia.pl\/wp-content\/uploads\/2011\/03\/0310_medale4-468x263.jpg 468w, https:\/\/www.mojabochnia.pl\/wp-content\/uploads\/2011\/03\/0310_medale4-660x371.jpg 660w, https:\/\/www.mojabochnia.pl\/wp-content\/uploads\/2011\/03\/0310_medale4.jpg 1130w\" sizes=\"auto, (max-width: 100px) 100vw, 100px\" \/><\/a><a href=\"https:\/\/www.mojabochnia.pl\/?attachment_id=45626\" class=\"\"><img loading=\"lazy\" decoding=\"async\" width=\"100\" height=\"56\" src=\"https:\/\/www.mojabochnia.pl\/wp-content\/uploads\/2011\/03\/0310_medale5-120x67.jpg\" class=\"attachment-100x100 size-100x100\" alt=\"\" srcset=\"https:\/\/www.mojabochnia.pl\/wp-content\/uploads\/2011\/03\/0310_medale5-120x67.jpg 120w, https:\/\/www.mojabochnia.pl\/wp-content\/uploads\/2011\/03\/0310_medale5-468x263.jpg 468w, https:\/\/www.mojabochnia.pl\/wp-content\/uploads\/2011\/03\/0310_medale5.jpg 594w\" sizes=\"auto, (max-width: 100px) 100vw, 100px\" \/><\/a><a href=\"https:\/\/www.mojabochnia.pl\/?attachment_id=45627\" class=\"\"><img loading=\"lazy\" decoding=\"async\" width=\"100\" height=\"56\" src=\"https:\/\/www.mojabochnia.pl\/wp-content\/uploads\/2011\/03\/0310_medale6-120x67.jpg\" class=\"attachment-100x100 size-100x100\" alt=\"\" srcset=\"https:\/\/www.mojabochnia.pl\/wp-content\/uploads\/2011\/03\/0310_medale6-120x67.jpg 120w, https:\/\/www.mojabochnia.pl\/wp-content\/uploads\/2011\/03\/0310_medale6-468x263.jpg 468w, https:\/\/www.mojabochnia.pl\/wp-content\/uploads\/2011\/03\/0310_medale6-660x371.jpg 660w, https:\/\/www.mojabochnia.pl\/wp-content\/uploads\/2011\/03\/0310_medale6.jpg 1118w\" sizes=\"auto, (max-width: 100px) 100vw, 100px\" \/><\/a><a href=\"https:\/\/www.mojabochnia.pl\/?attachment_id=45628\" class=\"\"><img loading=\"lazy\" decoding=\"async\" width=\"100\" height=\"56\" src=\"https:\/\/www.mojabochnia.pl\/wp-content\/uploads\/2011\/03\/0310_medale7-120x67.jpg\" class=\"attachment-100x100 size-100x100\" alt=\"\" srcset=\"https:\/\/www.mojabochnia.pl\/wp-content\/uploads\/2011\/03\/0310_medale7-120x67.jpg 120w, https:\/\/www.mojabochnia.pl\/wp-content\/uploads\/2011\/03\/0310_medale7-468x263.jpg 468w, https:\/\/www.mojabochnia.pl\/wp-content\/uploads\/2011\/03\/0310_medale7-660x371.jpg 660w, https:\/\/www.mojabochnia.pl\/wp-content\/uploads\/2011\/03\/0310_medale7.jpg 1124w\" sizes=\"auto, (max-width: 100px) 100vw, 100px\" \/><\/a><a href=\"https:\/\/www.mojabochnia.pl\/?attachment_id=45629\" class=\"\"><img loading=\"lazy\" decoding=\"async\" width=\"100\" height=\"56\" src=\"https:\/\/www.mojabochnia.pl\/wp-content\/uploads\/2011\/03\/0310_medale8-120x67.jpg\" class=\"attachment-100x100 size-100x100\" alt=\"\" srcset=\"https:\/\/www.mojabochnia.pl\/wp-content\/uploads\/2011\/03\/0310_medale8-120x67.jpg 120w, https:\/\/www.mojabochnia.pl\/wp-content\/uploads\/2011\/03\/0310_medale8-468x263.jpg 468w, https:\/\/www.mojabochnia.pl\/wp-content\/uploads\/2011\/03\/0310_medale8-660x371.jpg 660w, https:\/\/www.mojabochnia.pl\/wp-content\/uploads\/2011\/03\/0310_medale8.jpg 1062w\" sizes=\"auto, (max-width: 100px) 100vw, 100px\" \/><\/a><a href=\"https:\/\/www.mojabochnia.pl\/?attachment_id=45630\" class=\"\"><img loading=\"lazy\" decoding=\"async\" width=\"100\" height=\"56\" src=\"https:\/\/www.mojabochnia.pl\/wp-content\/uploads\/2011\/03\/0310_medale9-120x67.jpg\" class=\"attachment-100x100 size-100x100\" alt=\"\" srcset=\"https:\/\/www.mojabochnia.pl\/wp-content\/uploads\/2011\/03\/0310_medale9-120x67.jpg 120w, https:\/\/www.mojabochnia.pl\/wp-content\/uploads\/2011\/03\/0310_medale9-468x263.jpg 468w, https:\/\/www.mojabochnia.pl\/wp-content\/uploads\/2011\/03\/0310_medale9-660x371.jpg 660w, https:\/\/www.mojabochnia.pl\/wp-content\/uploads\/2011\/03\/0310_medale9.jpg 800w\" sizes=\"auto, (max-width: 100px) 100vw, 100px\" \/><\/a><a href=\"https:\/\/www.mojabochnia.pl\/?attachment_id=45631\" class=\"\"><img loading=\"lazy\" decoding=\"async\" width=\"100\" height=\"56\" src=\"https:\/\/www.mojabochnia.pl\/wp-content\/uploads\/2011\/03\/0310_medale10-120x67.jpg\" class=\"attachment-100x100 size-100x100\" alt=\"\" srcset=\"https:\/\/www.mojabochnia.pl\/wp-content\/uploads\/2011\/03\/0310_medale10-120x67.jpg 120w, https:\/\/www.mojabochnia.pl\/wp-content\/uploads\/2011\/03\/0310_medale10-468x263.jpg 468w, https:\/\/www.mojabochnia.pl\/wp-content\/uploads\/2011\/03\/0310_medale10-660x371.jpg 660w, https:\/\/www.mojabochnia.pl\/wp-content\/uploads\/2011\/03\/0310_medale10.jpg 1026w\" sizes=\"auto, (max-width: 100px) 100vw, 100px\" \/><\/a><a href=\"https:\/\/www.mojabochnia.pl\/?attachment_id=45632\" class=\"\"><img loading=\"lazy\" decoding=\"async\" width=\"100\" height=\"56\" src=\"https:\/\/www.mojabochnia.pl\/wp-content\/uploads\/2011\/03\/0310_medale11-120x67.jpg\" class=\"attachment-100x100 size-100x100\" alt=\"\" srcset=\"https:\/\/www.mojabochnia.pl\/wp-content\/uploads\/2011\/03\/0310_medale11-120x67.jpg 120w, https:\/\/www.mojabochnia.pl\/wp-content\/uploads\/2011\/03\/0310_medale11-468x263.jpg 468w, https:\/\/www.mojabochnia.pl\/wp-content\/uploads\/2011\/03\/0310_medale11-660x371.jpg 660w, https:\/\/www.mojabochnia.pl\/wp-content\/uploads\/2011\/03\/0310_medale11.jpg 996w\" sizes=\"auto, (max-width: 100px) 100vw, 100px\" \/><\/a><a href=\"https:\/\/www.mojabochnia.pl\/?attachment_id=45633\" class=\"\"><img loading=\"lazy\" decoding=\"async\" width=\"100\" height=\"56\" src=\"https:\/\/www.mojabochnia.pl\/wp-content\/uploads\/2011\/03\/0310_medale12-120x67.jpg\" class=\"attachment-100x100 size-100x100\" alt=\"\" srcset=\"https:\/\/www.mojabochnia.pl\/wp-content\/uploads\/2011\/03\/0310_medale12-120x67.jpg 120w, https:\/\/www.mojabochnia.pl\/wp-content\/uploads\/2011\/03\/0310_medale12-468x263.jpg 468w, https:\/\/www.mojabochnia.pl\/wp-content\/uploads\/2011\/03\/0310_medale12-660x371.jpg 660w, https:\/\/www.mojabochnia.pl\/wp-content\/uploads\/2011\/03\/0310_medale12.jpg 1100w\" sizes=\"auto, (max-width: 100px) 100vw, 100px\" \/><\/a><a href=\"https:\/\/www.mojabochnia.pl\/?attachment_id=45634\" class=\"\"><img loading=\"lazy\" decoding=\"async\" width=\"100\" height=\"56\" src=\"https:\/\/www.mojabochnia.pl\/wp-content\/uploads\/2011\/03\/0310_medale13-120x67.jpg\" class=\"attachment-100x100 size-100x100\" alt=\"\" srcset=\"https:\/\/www.mojabochnia.pl\/wp-content\/uploads\/2011\/03\/0310_medale13-120x67.jpg 120w, https:\/\/www.mojabochnia.pl\/wp-content\/uploads\/2011\/03\/0310_medale13-468x263.jpg 468w, https:\/\/www.mojabochnia.pl\/wp-content\/uploads\/2011\/03\/0310_medale13-660x371.jpg 660w, https:\/\/www.mojabochnia.pl\/wp-content\/uploads\/2011\/03\/0310_medale13.jpg 1026w\" sizes=\"auto, (max-width: 100px) 100vw, 100px\" \/><\/a>\t    <\/div>\r\n\t    ","protected":false},"excerpt":{"rendered":"<p>W Starostwie Powiatowym odby\u0142a si\u0119 dzisiaj uroczysto\u015b\u0107 wr\u0119czenia medali &#8222;Za zas\u0142ugi dla obronno\u015bci kraju&#8221;. Wyr\u00f3\u017cnienia przyznawano na r\u0119ce rodzic\u00f3w, kt\u00f3rych trzech lub wi\u0119cej syn\u00f3w z oddaniem s\u0142u\u017cy\u0142o w polskim wojsku. Relacja TV.<\/p>\n","protected":false},"author":25,"featured_media":0,"comment_status":"open","ping_status":"closed","sticky":false,"template":"","format":"standard","meta":{"_acf_changed":false,"footnotes":""},"categories":[5,6247,6246,6251,6250,3633,3276],"tags":[17433,3125,17299,17174,17327,17502,3623,8611],"class_list":["post-45615","post","type-post","status-publish","format-standard","hentry","category-biezace-wydarzenia","category-fotogaleria","category-medium","category-polityka-i-wydarzenia","category-tematyka","category-tv","category-tv-flesz","tag-medal","tag-medale","tag-nagroda","tag-starostwo-powiatowe","tag-uroczystosc","tag-wojsko","tag-wojsko-polskie","tag-zaslugi"],"acf":[],"yoast_head":"<!-- This site is optimized with the Yoast SEO plugin v26.9 - https:\/\/yoast.com\/product\/yoast-seo-wordpress\/ -->\n<title>Oddali syn\u00f3w do wojska, dzi\u015b odebrali wyr\u00f3\u017cnienia - relacja TV z nadania medali &quot;Za zas\u0142ugi dla obronno\u015bci kraju&quot; - mojabochnia.pl - portal informacyjny<\/title>\n<meta name=\"robots\" content=\"index, follow, max-snippet:-1, max-image-preview:large, max-video-preview:-1\" \/>\n<link rel=\"canonical\" href=\"https:\/\/www.mojabochnia.pl\/?p=45615\" \/>\n<meta property=\"og:locale\" content=\"pl_PL\" \/>\n<meta property=\"og:type\" content=\"article\" \/>\n<meta property=\"og:title\" content=\"Oddali syn\u00f3w do wojska, dzi\u015b odebrali wyr\u00f3\u017cnienia - relacja TV z nadania medali &quot;Za zas\u0142ugi dla obronno\u015bci kraju&quot; - mojabochnia.pl - portal informacyjny\" \/>\n<meta property=\"og:description\" content=\"W Starostwie Powiatowym odby\u0142a si\u0119 dzisiaj uroczysto\u015b\u0107 wr\u0119czenia medali &quot;Za zas\u0142ugi dla obronno\u015bci kraju&quot;. Wyr\u00f3\u017cnienia przyznawano na r\u0119ce rodzic\u00f3w, kt\u00f3rych trzech lub wi\u0119cej syn\u00f3w z oddaniem s\u0142u\u017cy\u0142o w polskim wojsku. Relacja TV.\" \/>\n<meta property=\"og:url\" content=\"https:\/\/www.mojabochnia.pl\/?p=45615\" \/>\n<meta property=\"og:site_name\" content=\"mojabochnia.pl - portal informacyjny\" \/>\n<meta property=\"article:publisher\" content=\"https:\/\/www.facebook.com\/mojabochnia\" \/>\n<meta property=\"article:published_time\" content=\"2011-03-10T15:16:04+00:00\" \/>\n<meta property=\"article:modified_time\" content=\"2011-03-12T12:46:25+00:00\" \/>\n<meta name=\"author\" content=\"Weronika Kucharska\" \/>\n<meta name=\"twitter:card\" content=\"summary_large_image\" \/>\n<meta name=\"twitter:label1\" content=\"Written by\" \/>\n\t<meta name=\"twitter:data1\" content=\"Weronika Kucharska\" \/>\n\t<meta name=\"twitter:label2\" content=\"Est. reading time\" \/>\n\t<meta name=\"twitter:data2\" content=\"1 minuta\" \/>\n<script type=\"application\/ld+json\" class=\"yoast-schema-graph\">{\"@context\":\"https:\/\/schema.org\",\"@graph\":[{\"@type\":\"Article\",\"@id\":\"https:\/\/www.mojabochnia.pl\/?p=45615#article\",\"isPartOf\":{\"@id\":\"https:\/\/www.mojabochnia.pl\/?p=45615\"},\"author\":{\"name\":\"Weronika Kucharska\",\"@id\":\"https:\/\/www.mojabochnia.pl\/#\/schema\/person\/8515edb0b31efb661d6df7949969c0ff\"},\"headline\":\"Oddali syn\u00f3w do wojska, dzi\u015b odebrali wyr\u00f3\u017cnienia &#8211; relacja TV z nadania medali &#8222;Za zas\u0142ugi dla obronno\u015bci kraju&#8221;\",\"datePublished\":\"2011-03-10T15:16:04+00:00\",\"dateModified\":\"2011-03-12T12:46:25+00:00\",\"mainEntityOfPage\":{\"@id\":\"https:\/\/www.mojabochnia.pl\/?p=45615\"},\"wordCount\":240,\"commentCount\":0,\"publisher\":{\"@id\":\"https:\/\/www.mojabochnia.pl\/#organization\"},\"keywords\":[\"medal\",\"medale\",\"nagroda\",\"starostwo powiatowe\",\"uroczysto\u015b\u0107\",\"wojsko\",\"wojsko polskie\",\"zas\u0142ugi\"],\"articleSection\":[\"2_ostatnie\",\"fotogaleria\",\"Medium\",\"polityka i wydarzenia\",\"tematyka\",\"TV\",\"TV Flesz\"],\"inLanguage\":\"pl-PL\",\"potentialAction\":[{\"@type\":\"CommentAction\",\"name\":\"Comment\",\"target\":[\"https:\/\/www.mojabochnia.pl\/?p=45615#respond\"]}]},{\"@type\":\"WebPage\",\"@id\":\"https:\/\/www.mojabochnia.pl\/?p=45615\",\"url\":\"https:\/\/www.mojabochnia.pl\/?p=45615\",\"name\":\"Oddali syn\u00f3w do wojska, dzi\u015b odebrali wyr\u00f3\u017cnienia - relacja TV z nadania medali \\\"Za zas\u0142ugi dla obronno\u015bci kraju\\\" - mojabochnia.pl - portal informacyjny\",\"isPartOf\":{\"@id\":\"https:\/\/www.mojabochnia.pl\/#website\"},\"datePublished\":\"2011-03-10T15:16:04+00:00\",\"dateModified\":\"2011-03-12T12:46:25+00:00\",\"breadcrumb\":{\"@id\":\"https:\/\/www.mojabochnia.pl\/?p=45615#breadcrumb\"},\"inLanguage\":\"pl-PL\",\"potentialAction\":[{\"@type\":\"ReadAction\",\"target\":[\"https:\/\/www.mojabochnia.pl\/?p=45615\"]}]},{\"@type\":\"BreadcrumbList\",\"@id\":\"https:\/\/www.mojabochnia.pl\/?p=45615#breadcrumb\",\"itemListElement\":[{\"@type\":\"ListItem\",\"position\":1,\"name\":\"Home\",\"item\":\"https:\/\/www.mojabochnia.pl\/\"},{\"@type\":\"ListItem\",\"position\":2,\"name\":\"Oddali syn\u00f3w do wojska, dzi\u015b odebrali wyr\u00f3\u017cnienia &#8211; relacja TV z nadania medali &#8222;Za zas\u0142ugi dla obronno\u015bci kraju&#8221;\"}]},{\"@type\":\"WebSite\",\"@id\":\"https:\/\/www.mojabochnia.pl\/#website\",\"url\":\"https:\/\/www.mojabochnia.pl\/\",\"name\":\"mojabochnia.pl - portal informacyjny\",\"description\":\"mojaBochnia to portal informacyjny o Bochni. Codziennie o Bochni piszemy i pokazujemy najwa\u017cniejsze wydarzenia\",\"publisher\":{\"@id\":\"https:\/\/www.mojabochnia.pl\/#organization\"},\"potentialAction\":[{\"@type\":\"SearchAction\",\"target\":{\"@type\":\"EntryPoint\",\"urlTemplate\":\"https:\/\/www.mojabochnia.pl\/?s={search_term_string}\"},\"query-input\":{\"@type\":\"PropertyValueSpecification\",\"valueRequired\":true,\"valueName\":\"search_term_string\"}}],\"inLanguage\":\"pl-PL\"},{\"@type\":\"Organization\",\"@id\":\"https:\/\/www.mojabochnia.pl\/#organization\",\"name\":\"mojabochnia.pl - portal informacyjny\",\"url\":\"https:\/\/www.mojabochnia.pl\/\",\"logo\":{\"@type\":\"ImageObject\",\"inLanguage\":\"pl-PL\",\"@id\":\"https:\/\/www.mojabochnia.pl\/#\/schema\/logo\/image\/\",\"url\":\"https:\/\/www.mojabochnia.pl\/wp-content\/uploads\/2017\/08\/logo-mb-opt.png\",\"contentUrl\":\"https:\/\/www.mojabochnia.pl\/wp-content\/uploads\/2017\/08\/logo-mb-opt.png\",\"width\":250,\"height\":48,\"caption\":\"mojabochnia.pl - portal informacyjny\"},\"image\":{\"@id\":\"https:\/\/www.mojabochnia.pl\/#\/schema\/logo\/image\/\"},\"sameAs\":[\"https:\/\/www.facebook.com\/mojabochnia\"]},{\"@type\":\"Person\",\"@id\":\"https:\/\/www.mojabochnia.pl\/#\/schema\/person\/8515edb0b31efb661d6df7949969c0ff\",\"name\":\"Weronika Kucharska\",\"url\":\"https:\/\/www.mojabochnia.pl\/?author=25\"}]}<\/script>\n<!-- \/ Yoast SEO plugin. -->","yoast_head_json":{"title":"Oddali syn\u00f3w do wojska, dzi\u015b odebrali wyr\u00f3\u017cnienia - relacja TV z nadania medali \"Za zas\u0142ugi dla obronno\u015bci kraju\" - mojabochnia.pl - portal informacyjny","robots":{"index":"index","follow":"follow","max-snippet":"max-snippet:-1","max-image-preview":"max-image-preview:large","max-video-preview":"max-video-preview:-1"},"canonical":"https:\/\/www.mojabochnia.pl\/?p=45615","og_locale":"pl_PL","og_type":"article","og_title":"Oddali syn\u00f3w do wojska, dzi\u015b odebrali wyr\u00f3\u017cnienia - relacja TV z nadania medali \"Za zas\u0142ugi dla obronno\u015bci kraju\" - mojabochnia.pl - portal informacyjny","og_description":"W Starostwie Powiatowym odby\u0142a si\u0119 dzisiaj uroczysto\u015b\u0107 wr\u0119czenia medali \"Za zas\u0142ugi dla obronno\u015bci kraju\". Wyr\u00f3\u017cnienia przyznawano na r\u0119ce rodzic\u00f3w, kt\u00f3rych trzech lub wi\u0119cej syn\u00f3w z oddaniem s\u0142u\u017cy\u0142o w polskim wojsku. Relacja TV.","og_url":"https:\/\/www.mojabochnia.pl\/?p=45615","og_site_name":"mojabochnia.pl - portal informacyjny","article_publisher":"https:\/\/www.facebook.com\/mojabochnia","article_published_time":"2011-03-10T15:16:04+00:00","article_modified_time":"2011-03-12T12:46:25+00:00","author":"Weronika Kucharska","twitter_card":"summary_large_image","twitter_misc":{"Written by":"Weronika Kucharska","Est. reading time":"1 minuta"},"schema":{"@context":"https:\/\/schema.org","@graph":[{"@type":"Article","@id":"https:\/\/www.mojabochnia.pl\/?p=45615#article","isPartOf":{"@id":"https:\/\/www.mojabochnia.pl\/?p=45615"},"author":{"name":"Weronika Kucharska","@id":"https:\/\/www.mojabochnia.pl\/#\/schema\/person\/8515edb0b31efb661d6df7949969c0ff"},"headline":"Oddali syn\u00f3w do wojska, dzi\u015b odebrali wyr\u00f3\u017cnienia &#8211; relacja TV z nadania medali &#8222;Za zas\u0142ugi dla obronno\u015bci kraju&#8221;","datePublished":"2011-03-10T15:16:04+00:00","dateModified":"2011-03-12T12:46:25+00:00","mainEntityOfPage":{"@id":"https:\/\/www.mojabochnia.pl\/?p=45615"},"wordCount":240,"commentCount":0,"publisher":{"@id":"https:\/\/www.mojabochnia.pl\/#organization"},"keywords":["medal","medale","nagroda","starostwo powiatowe","uroczysto\u015b\u0107","wojsko","wojsko polskie","zas\u0142ugi"],"articleSection":["2_ostatnie","fotogaleria","Medium","polityka i wydarzenia","tematyka","TV","TV Flesz"],"inLanguage":"pl-PL","potentialAction":[{"@type":"CommentAction","name":"Comment","target":["https:\/\/www.mojabochnia.pl\/?p=45615#respond"]}]},{"@type":"WebPage","@id":"https:\/\/www.mojabochnia.pl\/?p=45615","url":"https:\/\/www.mojabochnia.pl\/?p=45615","name":"Oddali syn\u00f3w do wojska, dzi\u015b odebrali wyr\u00f3\u017cnienia - relacja TV z nadania medali \"Za zas\u0142ugi dla obronno\u015bci kraju\" - mojabochnia.pl - portal informacyjny","isPartOf":{"@id":"https:\/\/www.mojabochnia.pl\/#website"},"datePublished":"2011-03-10T15:16:04+00:00","dateModified":"2011-03-12T12:46:25+00:00","breadcrumb":{"@id":"https:\/\/www.mojabochnia.pl\/?p=45615#breadcrumb"},"inLanguage":"pl-PL","potentialAction":[{"@type":"ReadAction","target":["https:\/\/www.mojabochnia.pl\/?p=45615"]}]},{"@type":"BreadcrumbList","@id":"https:\/\/www.mojabochnia.pl\/?p=45615#breadcrumb","itemListElement":[{"@type":"ListItem","position":1,"name":"Home","item":"https:\/\/www.mojabochnia.pl\/"},{"@type":"ListItem","position":2,"name":"Oddali syn\u00f3w do wojska, dzi\u015b odebrali wyr\u00f3\u017cnienia &#8211; relacja TV z nadania medali &#8222;Za zas\u0142ugi dla obronno\u015bci kraju&#8221;"}]},{"@type":"WebSite","@id":"https:\/\/www.mojabochnia.pl\/#website","url":"https:\/\/www.mojabochnia.pl\/","name":"mojabochnia.pl - portal informacyjny","description":"mojaBochnia to portal informacyjny o Bochni. Codziennie o Bochni piszemy i pokazujemy najwa\u017cniejsze wydarzenia","publisher":{"@id":"https:\/\/www.mojabochnia.pl\/#organization"},"potentialAction":[{"@type":"SearchAction","target":{"@type":"EntryPoint","urlTemplate":"https:\/\/www.mojabochnia.pl\/?s={search_term_string}"},"query-input":{"@type":"PropertyValueSpecification","valueRequired":true,"valueName":"search_term_string"}}],"inLanguage":"pl-PL"},{"@type":"Organization","@id":"https:\/\/www.mojabochnia.pl\/#organization","name":"mojabochnia.pl - portal informacyjny","url":"https:\/\/www.mojabochnia.pl\/","logo":{"@type":"ImageObject","inLanguage":"pl-PL","@id":"https:\/\/www.mojabochnia.pl\/#\/schema\/logo\/image\/","url":"https:\/\/www.mojabochnia.pl\/wp-content\/uploads\/2017\/08\/logo-mb-opt.png","contentUrl":"https:\/\/www.mojabochnia.pl\/wp-content\/uploads\/2017\/08\/logo-mb-opt.png","width":250,"height":48,"caption":"mojabochnia.pl - portal informacyjny"},"image":{"@id":"https:\/\/www.mojabochnia.pl\/#\/schema\/logo\/image\/"},"sameAs":["https:\/\/www.facebook.com\/mojabochnia"]},{"@type":"Person","@id":"https:\/\/www.mojabochnia.pl\/#\/schema\/person\/8515edb0b31efb661d6df7949969c0ff","name":"Weronika Kucharska","url":"https:\/\/www.mojabochnia.pl\/?author=25"}]}},"_links":{"self":[{"href":"https:\/\/www.mojabochnia.pl\/index.php?rest_route=\/wp\/v2\/posts\/45615","targetHints":{"allow":["GET"]}}],"collection":[{"href":"https:\/\/www.mojabochnia.pl\/index.php?rest_route=\/wp\/v2\/posts"}],"about":[{"href":"https:\/\/www.mojabochnia.pl\/index.php?rest_route=\/wp\/v2\/types\/post"}],"author":[{"embeddable":true,"href":"https:\/\/www.mojabochnia.pl\/index.php?rest_route=\/wp\/v2\/users\/25"}],"replies":[{"embeddable":true,"href":"https:\/\/www.mojabochnia.pl\/index.php?rest_route=%2Fwp%2Fv2%2Fcomments&post=45615"}],"version-history":[{"count":8,"href":"https:\/\/www.mojabochnia.pl\/index.php?rest_route=\/wp\/v2\/posts\/45615\/revisions"}],"predecessor-version":[{"id":45745,"href":"https:\/\/www.mojabochnia.pl\/index.php?rest_route=\/wp\/v2\/posts\/45615\/revisions\/45745"}],"wp:attachment":[{"href":"https:\/\/www.mojabochnia.pl\/index.php?rest_route=%2Fwp%2Fv2%2Fmedia&parent=45615"}],"wp:term":[{"taxonomy":"category","embeddable":true,"href":"https:\/\/www.mojabochnia.pl\/index.php?rest_route=%2Fwp%2Fv2%2Fcategories&post=45615"},{"taxonomy":"post_tag","embeddable":true,"href":"https:\/\/www.mojabochnia.pl\/index.php?rest_route=%2Fwp%2Fv2%2Ftags&post=45615"}],"curies":[{"name":"wp","href":"https:\/\/api.w.org\/{rel}","templated":true}]}}