{"id":4433,"date":"2009-01-15T14:53:52","date_gmt":"2009-01-15T13:53:52","guid":{"rendered":"http:\/\/www.mojabochnia.pl\/?p=4433"},"modified":"2009-01-15T14:53:52","modified_gmt":"2009-01-15T13:53:52","slug":"nowe-skrzydlo-szpitala-w-listopadzie-2010","status":"publish","type":"post","link":"https:\/\/www.mojabochnia.pl\/?p=4433","title":{"rendered":"Nowe skrzyd\u0142o szpitala w listopadzie 2010"},"content":{"rendered":"<p>Podczas dzisiejszej konferencji w starostwie zaprezentowano wizualizacje nowego skrzyd\u0142a lecznicy. Powiat na t\u0119 inwestycj\u0119 dosta\u0142 10 mln z\u0142 z Ma\u0142opolskiego Regionalnego Programu Operacyjnego. Wk\u0142ad w\u0142asny szpitala to 4,5 mln z\u0142, wk\u0142ad powiatu \u2013 6,9 mln z\u0142. Po wybudowaniu inwestycji znajdzie si\u0119 w niej oddzia\u0142 ginekologiczno-po\u0142o\u017cniczy wraz z neonatologi\u0105, kt\u00f3re zostan\u0105 przeniesione z obecnej lokalizacji. W to miejsce powsta\u0107 tam ma oddzia\u0142 ortopedii oraz rehabilitacji. <\/p>\n<p>Anna Kosturek, wicedyrektor szpitala, przyzna\u0142a, \u017ce czuje si\u0119 wzruszona tym, \u017ce po tylu latach uda\u0142o si\u0119  znale\u017a\u0107 pieni\u0105dze na rozbudow\u0119 szpitala. \u2013 <em>Od 2003 r. szpital zacz\u0105\u0142 si\u0119 rozwija\u0107 i doszli\u015bmy do momentu, w kt\u00f3rym miejsce, kt\u00f3re straszy\u0142o i dawa\u0142o niemi\u0142e odczucia, czasami p\u0142aka\u0107 si\u0119 chcia\u0142o, jak si\u0119 ogl\u0105da\u0142o ten tzw. akropol naszego szpitala, betonowe s\u0142upy, kt\u00f3re rdzewia\u0142y, niszcza\u0142y, mi\u0119dzy s\u0142upami ka\u0142u\u017ce z hodowl\u0105 \u017cab. Sta\u0142o to przez tyle lat i wreszcie uda\u0142o si\u0119 dotrwa\u0107 do momentu, w kt\u00f3rym zaczyna si\u0119 dzia\u0107 co\u015b pozytywnego, je\u017celi chodzi o t\u0119 rozbudow\u0119 <\/em>\u2013 m\u00f3wi Anna Kosturek.<\/p>\n<p>Z kolei dyrektor Wojciech Szafra\u0144ski zwraca uwag\u0119, \u017ce rozbudowa pozwala na wi\u0119ksze uprofilowanie plac\u00f3wki, kt\u00f3ra dot\u0105d nie mia\u0142a oddzia\u0142u ortopedii i rehabilitacji. \u2013 <em>Potrzeby spo\u0142eczne b\u0119d\u0105 w lepszy spos\u00f3b zabezpieczane. Bo dzisiaj elementem hamuj\u0105cym rozw\u00f3j szpitala by\u0142a jego baza<\/em> \u2013 m\u00f3wi Szafra\u0144ski. Dyrektor m\u00f3wi\u0142 te\u017c, \u017ce przysz\u0142o\u015bci ma powsta\u0107 r\u00f3wnie\u017c oddzia\u0142 dniowej rehabilitacji w budynku po pogotowiu oraz oddzia\u0142 opieki paliatywnej w budynkach w Cerekwi. <\/p>\n<p>Starosta Jacek Paj\u0105k zapewni\u0142 wszystkich, \u017ce nowe skrzyd\u0142o b\u0119dzie gotowe na koniec listopada przysz\u0142ego roku. <\/p>\n","protected":false},"excerpt":{"rendered":"<p>Tzw. akropol ma zmieni\u0107 si\u0119 w nowy gmach szpitala w Bochni w ci\u0105gu kilkunastu najbli\u017cszych miesi\u0119cy. Zako\u0144czenie prac przewidywane jest na 30 XI 2010.<\/p>\n","protected":false},"author":4,"featured_media":0,"comment_status":"open","ping_status":"closed","sticky":false,"template":"","format":"standard","meta":{"_acf_changed":false,"footnotes":""},"categories":[5,11],"tags":[2170,2021,17253,17203,17216,17136,2046,17324,398,1031],"class_list":["post-4433","post","type-post","status-publish","format-standard","hentry","category-biezace-wydarzenia","category-top-temat","tag-akropol","tag-anna-kosturek","tag-dotacja","tag-dyrektor","tag-inwestycja","tag-jacek-pajak","tag-rozbudowa","tag-szpital","tag-szpital-powiatowy","tag-wojciech-szafranski"],"acf":[],"yoast_head":"<!-- This site is optimized with the Yoast SEO plugin v26.9 - https:\/\/yoast.com\/product\/yoast-seo-wordpress\/ -->\n<title>Nowe skrzyd\u0142o szpitala w listopadzie 2010 - mojabochnia.pl - portal informacyjny<\/title>\n<meta name=\"robots\" content=\"index, follow, max-snippet:-1, max-image-preview:large, max-video-preview:-1\" \/>\n<link rel=\"canonical\" href=\"https:\/\/www.mojabochnia.pl\/?p=4433\" \/>\n<meta property=\"og:locale\" content=\"pl_PL\" \/>\n<meta property=\"og:type\" content=\"article\" \/>\n<meta property=\"og:title\" content=\"Nowe skrzyd\u0142o szpitala w listopadzie 2010 - mojabochnia.pl - portal informacyjny\" \/>\n<meta property=\"og:description\" content=\"Tzw. akropol ma zmieni\u0107 si\u0119 w nowy gmach szpitala w Bochni w ci\u0105gu kilkunastu najbli\u017cszych miesi\u0119cy. Zako\u0144czenie prac przewidywane jest na 30 XI 2010.\" \/>\n<meta property=\"og:url\" content=\"https:\/\/www.mojabochnia.pl\/?p=4433\" \/>\n<meta property=\"og:site_name\" content=\"mojabochnia.pl - portal informacyjny\" \/>\n<meta property=\"article:publisher\" content=\"https:\/\/www.facebook.com\/mojabochnia\" \/>\n<meta property=\"article:published_time\" content=\"2009-01-15T13:53:52+00:00\" \/>\n<meta name=\"author\" content=\"Pawe\u0142 Michalczyk\" \/>\n<meta name=\"twitter:card\" content=\"summary_large_image\" \/>\n<meta name=\"twitter:label1\" content=\"Written by\" \/>\n\t<meta name=\"twitter:data1\" content=\"Pawe\u0142 Michalczyk\" \/>\n\t<meta name=\"twitter:label2\" content=\"Est. reading time\" \/>\n\t<meta name=\"twitter:data2\" content=\"1 minuta\" \/>\n<script type=\"application\/ld+json\" class=\"yoast-schema-graph\">{\"@context\":\"https:\/\/schema.org\",\"@graph\":[{\"@type\":\"Article\",\"@id\":\"https:\/\/www.mojabochnia.pl\/?p=4433#article\",\"isPartOf\":{\"@id\":\"https:\/\/www.mojabochnia.pl\/?p=4433\"},\"author\":{\"name\":\"Pawe\u0142 Michalczyk\",\"@id\":\"https:\/\/www.mojabochnia.pl\/#\/schema\/person\/ea042e4724a77627963f02166828ead4\"},\"headline\":\"Nowe skrzyd\u0142o szpitala w listopadzie 2010\",\"datePublished\":\"2009-01-15T13:53:52+00:00\",\"mainEntityOfPage\":{\"@id\":\"https:\/\/www.mojabochnia.pl\/?p=4433\"},\"wordCount\":291,\"commentCount\":8,\"publisher\":{\"@id\":\"https:\/\/www.mojabochnia.pl\/#organization\"},\"keywords\":[\"akropol\",\"anna kosturek\",\"dotacja\",\"dyrektor\",\"inwestycja\",\"jacek paj\u0105k\",\"rozbudowa\",\"szpital\",\"szpital powiatowy\",\"wojciech szafra\u0144ski\"],\"articleSection\":[\"2_ostatnie\",\"3_w centrum uwagi\"],\"inLanguage\":\"pl-PL\",\"potentialAction\":[{\"@type\":\"CommentAction\",\"name\":\"Comment\",\"target\":[\"https:\/\/www.mojabochnia.pl\/?p=4433#respond\"]}]},{\"@type\":\"WebPage\",\"@id\":\"https:\/\/www.mojabochnia.pl\/?p=4433\",\"url\":\"https:\/\/www.mojabochnia.pl\/?p=4433\",\"name\":\"Nowe skrzyd\u0142o szpitala w listopadzie 2010 - mojabochnia.pl - portal informacyjny\",\"isPartOf\":{\"@id\":\"https:\/\/www.mojabochnia.pl\/#website\"},\"datePublished\":\"2009-01-15T13:53:52+00:00\",\"breadcrumb\":{\"@id\":\"https:\/\/www.mojabochnia.pl\/?p=4433#breadcrumb\"},\"inLanguage\":\"pl-PL\",\"potentialAction\":[{\"@type\":\"ReadAction\",\"target\":[\"https:\/\/www.mojabochnia.pl\/?p=4433\"]}]},{\"@type\":\"BreadcrumbList\",\"@id\":\"https:\/\/www.mojabochnia.pl\/?p=4433#breadcrumb\",\"itemListElement\":[{\"@type\":\"ListItem\",\"position\":1,\"name\":\"Home\",\"item\":\"https:\/\/www.mojabochnia.pl\/\"},{\"@type\":\"ListItem\",\"position\":2,\"name\":\"Nowe skrzyd\u0142o szpitala w listopadzie 2010\"}]},{\"@type\":\"WebSite\",\"@id\":\"https:\/\/www.mojabochnia.pl\/#website\",\"url\":\"https:\/\/www.mojabochnia.pl\/\",\"name\":\"mojabochnia.pl - portal informacyjny\",\"description\":\"mojaBochnia to portal informacyjny o Bochni. Codziennie o Bochni piszemy i pokazujemy najwa\u017cniejsze wydarzenia\",\"publisher\":{\"@id\":\"https:\/\/www.mojabochnia.pl\/#organization\"},\"potentialAction\":[{\"@type\":\"SearchAction\",\"target\":{\"@type\":\"EntryPoint\",\"urlTemplate\":\"https:\/\/www.mojabochnia.pl\/?s={search_term_string}\"},\"query-input\":{\"@type\":\"PropertyValueSpecification\",\"valueRequired\":true,\"valueName\":\"search_term_string\"}}],\"inLanguage\":\"pl-PL\"},{\"@type\":\"Organization\",\"@id\":\"https:\/\/www.mojabochnia.pl\/#organization\",\"name\":\"mojabochnia.pl - portal informacyjny\",\"url\":\"https:\/\/www.mojabochnia.pl\/\",\"logo\":{\"@type\":\"ImageObject\",\"inLanguage\":\"pl-PL\",\"@id\":\"https:\/\/www.mojabochnia.pl\/#\/schema\/logo\/image\/\",\"url\":\"https:\/\/www.mojabochnia.pl\/wp-content\/uploads\/2017\/08\/logo-mb-opt.png\",\"contentUrl\":\"https:\/\/www.mojabochnia.pl\/wp-content\/uploads\/2017\/08\/logo-mb-opt.png\",\"width\":250,\"height\":48,\"caption\":\"mojabochnia.pl - portal informacyjny\"},\"image\":{\"@id\":\"https:\/\/www.mojabochnia.pl\/#\/schema\/logo\/image\/\"},\"sameAs\":[\"https:\/\/www.facebook.com\/mojabochnia\"]},{\"@type\":\"Person\",\"@id\":\"https:\/\/www.mojabochnia.pl\/#\/schema\/person\/ea042e4724a77627963f02166828ead4\",\"name\":\"Pawe\u0142 Michalczyk\",\"url\":\"https:\/\/www.mojabochnia.pl\/?author=4\"}]}<\/script>\n<!-- \/ Yoast SEO plugin. -->","yoast_head_json":{"title":"Nowe skrzyd\u0142o szpitala w listopadzie 2010 - mojabochnia.pl - portal informacyjny","robots":{"index":"index","follow":"follow","max-snippet":"max-snippet:-1","max-image-preview":"max-image-preview:large","max-video-preview":"max-video-preview:-1"},"canonical":"https:\/\/www.mojabochnia.pl\/?p=4433","og_locale":"pl_PL","og_type":"article","og_title":"Nowe skrzyd\u0142o szpitala w listopadzie 2010 - mojabochnia.pl - portal informacyjny","og_description":"Tzw. akropol ma zmieni\u0107 si\u0119 w nowy gmach szpitala w Bochni w ci\u0105gu kilkunastu najbli\u017cszych miesi\u0119cy. Zako\u0144czenie prac przewidywane jest na 30 XI 2010.","og_url":"https:\/\/www.mojabochnia.pl\/?p=4433","og_site_name":"mojabochnia.pl - portal informacyjny","article_publisher":"https:\/\/www.facebook.com\/mojabochnia","article_published_time":"2009-01-15T13:53:52+00:00","author":"Pawe\u0142 Michalczyk","twitter_card":"summary_large_image","twitter_misc":{"Written by":"Pawe\u0142 Michalczyk","Est. reading time":"1 minuta"},"schema":{"@context":"https:\/\/schema.org","@graph":[{"@type":"Article","@id":"https:\/\/www.mojabochnia.pl\/?p=4433#article","isPartOf":{"@id":"https:\/\/www.mojabochnia.pl\/?p=4433"},"author":{"name":"Pawe\u0142 Michalczyk","@id":"https:\/\/www.mojabochnia.pl\/#\/schema\/person\/ea042e4724a77627963f02166828ead4"},"headline":"Nowe skrzyd\u0142o szpitala w listopadzie 2010","datePublished":"2009-01-15T13:53:52+00:00","mainEntityOfPage":{"@id":"https:\/\/www.mojabochnia.pl\/?p=4433"},"wordCount":291,"commentCount":8,"publisher":{"@id":"https:\/\/www.mojabochnia.pl\/#organization"},"keywords":["akropol","anna kosturek","dotacja","dyrektor","inwestycja","jacek paj\u0105k","rozbudowa","szpital","szpital powiatowy","wojciech szafra\u0144ski"],"articleSection":["2_ostatnie","3_w centrum uwagi"],"inLanguage":"pl-PL","potentialAction":[{"@type":"CommentAction","name":"Comment","target":["https:\/\/www.mojabochnia.pl\/?p=4433#respond"]}]},{"@type":"WebPage","@id":"https:\/\/www.mojabochnia.pl\/?p=4433","url":"https:\/\/www.mojabochnia.pl\/?p=4433","name":"Nowe skrzyd\u0142o szpitala w listopadzie 2010 - mojabochnia.pl - portal informacyjny","isPartOf":{"@id":"https:\/\/www.mojabochnia.pl\/#website"},"datePublished":"2009-01-15T13:53:52+00:00","breadcrumb":{"@id":"https:\/\/www.mojabochnia.pl\/?p=4433#breadcrumb"},"inLanguage":"pl-PL","potentialAction":[{"@type":"ReadAction","target":["https:\/\/www.mojabochnia.pl\/?p=4433"]}]},{"@type":"BreadcrumbList","@id":"https:\/\/www.mojabochnia.pl\/?p=4433#breadcrumb","itemListElement":[{"@type":"ListItem","position":1,"name":"Home","item":"https:\/\/www.mojabochnia.pl\/"},{"@type":"ListItem","position":2,"name":"Nowe skrzyd\u0142o szpitala w listopadzie 2010"}]},{"@type":"WebSite","@id":"https:\/\/www.mojabochnia.pl\/#website","url":"https:\/\/www.mojabochnia.pl\/","name":"mojabochnia.pl - portal informacyjny","description":"mojaBochnia to portal informacyjny o Bochni. Codziennie o Bochni piszemy i pokazujemy najwa\u017cniejsze wydarzenia","publisher":{"@id":"https:\/\/www.mojabochnia.pl\/#organization"},"potentialAction":[{"@type":"SearchAction","target":{"@type":"EntryPoint","urlTemplate":"https:\/\/www.mojabochnia.pl\/?s={search_term_string}"},"query-input":{"@type":"PropertyValueSpecification","valueRequired":true,"valueName":"search_term_string"}}],"inLanguage":"pl-PL"},{"@type":"Organization","@id":"https:\/\/www.mojabochnia.pl\/#organization","name":"mojabochnia.pl - portal informacyjny","url":"https:\/\/www.mojabochnia.pl\/","logo":{"@type":"ImageObject","inLanguage":"pl-PL","@id":"https:\/\/www.mojabochnia.pl\/#\/schema\/logo\/image\/","url":"https:\/\/www.mojabochnia.pl\/wp-content\/uploads\/2017\/08\/logo-mb-opt.png","contentUrl":"https:\/\/www.mojabochnia.pl\/wp-content\/uploads\/2017\/08\/logo-mb-opt.png","width":250,"height":48,"caption":"mojabochnia.pl - portal informacyjny"},"image":{"@id":"https:\/\/www.mojabochnia.pl\/#\/schema\/logo\/image\/"},"sameAs":["https:\/\/www.facebook.com\/mojabochnia"]},{"@type":"Person","@id":"https:\/\/www.mojabochnia.pl\/#\/schema\/person\/ea042e4724a77627963f02166828ead4","name":"Pawe\u0142 Michalczyk","url":"https:\/\/www.mojabochnia.pl\/?author=4"}]}},"_links":{"self":[{"href":"https:\/\/www.mojabochnia.pl\/index.php?rest_route=\/wp\/v2\/posts\/4433","targetHints":{"allow":["GET"]}}],"collection":[{"href":"https:\/\/www.mojabochnia.pl\/index.php?rest_route=\/wp\/v2\/posts"}],"about":[{"href":"https:\/\/www.mojabochnia.pl\/index.php?rest_route=\/wp\/v2\/types\/post"}],"author":[{"embeddable":true,"href":"https:\/\/www.mojabochnia.pl\/index.php?rest_route=\/wp\/v2\/users\/4"}],"replies":[{"embeddable":true,"href":"https:\/\/www.mojabochnia.pl\/index.php?rest_route=%2Fwp%2Fv2%2Fcomments&post=4433"}],"version-history":[{"count":0,"href":"https:\/\/www.mojabochnia.pl\/index.php?rest_route=\/wp\/v2\/posts\/4433\/revisions"}],"wp:attachment":[{"href":"https:\/\/www.mojabochnia.pl\/index.php?rest_route=%2Fwp%2Fv2%2Fmedia&parent=4433"}],"wp:term":[{"taxonomy":"category","embeddable":true,"href":"https:\/\/www.mojabochnia.pl\/index.php?rest_route=%2Fwp%2Fv2%2Fcategories&post=4433"},{"taxonomy":"post_tag","embeddable":true,"href":"https:\/\/www.mojabochnia.pl\/index.php?rest_route=%2Fwp%2Fv2%2Ftags&post=4433"}],"curies":[{"name":"wp","href":"https:\/\/api.w.org\/{rel}","templated":true}]}}