{"id":4422,"date":"2009-01-15T10:11:46","date_gmt":"2009-01-15T09:11:46","guid":{"rendered":"http:\/\/www.mojabochnia.pl\/?p=4422"},"modified":"2009-01-15T10:13:33","modified_gmt":"2009-01-15T09:13:33","slug":"dzieci-z-proszowek-pomagaja-chlopcu-z-rwandy","status":"publish","type":"post","link":"https:\/\/www.mojabochnia.pl\/?p=4422","title":{"rendered":"Dzieci z Prosz\u00f3wek pomagaj\u0105 ch\u0142opcu z Rwandy"},"content":{"rendered":"<p>Dzieci z Zespo\u0142u Szk\u00f3\u0142 Gminnych, zainspirowani przez swojego katechet\u0119 ks. J\u00f3zefa Pachuta, co miesi\u0105c zbieraj\u0105 po kilka z\u0142otych, aby ich r\u00f3wie\u015bnik w Afryce mia\u0142 za co zdoby\u0107 wykszta\u0142cenie. \u2013 <em>Akcja polega na tym, \u017ce w ka\u017cdy pierwszy pi\u0105tek w naszej szkole zbieramy pieni\u0105dze na ch\u0142opca z Rwandy<\/em> \u2013 m\u00f3wi Marzena Bana\u015b z klasy II gimnazjum w Prosz\u00f3wkach. \u2013 <em>Ju\u017c od kilku lat wysy\u0142amy co miesi\u0105c pieni\u0105dze sierocie wojennemu z Rwandy<\/em> \u2013 dodaje Monika Ko\u0142dras z tej samej klasy. <\/p>\n<p>\u2013 <em>Wysy\u0142amy mu pieni\u0105dze, aby mia\u0142 za co chodzi\u0107 do szko\u0142y. Kiedy\u015b dosta\u0142y\u015bmy od niego list w j\u0119zyku francuskim, ch\u0142opiec dzi\u0119kowa\u0142 nam za to, \u017ce si\u0119 nim opiekujemy. W ka\u017cdej klasie wida\u0107 zaanga\u017cowanie dzieci, kt\u00f3re chc\u0105 go wspiera\u0107 i rozumiej\u0105, \u017ce nasze wsparcie jest mu potrzebne<\/em> \u2013 dodaj\u0105 dziewczynki.<\/p>\n<p>Warto doda\u0107, \u017ce dzieci i m\u0142odzie\u017c ze szko\u0142y w podboche\u0144skich Prosz\u00f3wkach oraz parafianie z Krzy\u017canowic pomagaj\u0105 r\u00f3wnie\u017c swoim r\u00f3wie\u015bnikom na Ukrainie. Pomoc dotyczy przede wszystkim Polak\u00f3w z parafii Mi\u017cyniec, gdzie proboszczem jest ks. Zbigniew Pabian.<\/p>\n","protected":false},"excerpt":{"rendered":"<p>Dzieci ze szko\u0142y w Prosz\u00f3wkach pomagaj\u0105 ch\u0142opcu z Rwandy. Jest on jedn\u0105 z ofiar zamieszek wojennych w tym kraju na pocz\u0105tku lat 90. <\/p>\n","protected":false},"author":4,"featured_media":0,"comment_status":"open","ping_status":"closed","sticky":false,"template":"","format":"standard","meta":{"_acf_changed":false,"footnotes":""},"categories":[11,1342],"tags":[17307,17326,1882,17104,1884,17436,17187,2163,1764,1883,1886],"class_list":["post-4422","post","type-post","status-publish","format-standard","hentry","category-top-temat","category-zycie-religijne","tag-caritas","tag-dzieci","tag-ks-jozef-pachut","tag-kwesta","tag-mizyniec","tag-pomoc","tag-proszowki","tag-rwanda","tag-ukraina","tag-wojciech-muniga","tag-zespol-szkol-gminnych-w-proszowkach"],"acf":[],"yoast_head":"<!-- This site is optimized with the Yoast SEO plugin v26.9 - https:\/\/yoast.com\/product\/yoast-seo-wordpress\/ -->\n<title>Dzieci z Prosz\u00f3wek pomagaj\u0105 ch\u0142opcu z Rwandy - mojabochnia.pl - portal informacyjny<\/title>\n<meta name=\"robots\" content=\"index, follow, max-snippet:-1, max-image-preview:large, max-video-preview:-1\" \/>\n<link rel=\"canonical\" href=\"https:\/\/www.mojabochnia.pl\/?p=4422\" \/>\n<meta property=\"og:locale\" content=\"pl_PL\" \/>\n<meta property=\"og:type\" content=\"article\" \/>\n<meta property=\"og:title\" content=\"Dzieci z Prosz\u00f3wek pomagaj\u0105 ch\u0142opcu z Rwandy - mojabochnia.pl - portal informacyjny\" \/>\n<meta property=\"og:description\" content=\"Dzieci ze szko\u0142y w Prosz\u00f3wkach pomagaj\u0105 ch\u0142opcu z Rwandy. Jest on jedn\u0105 z ofiar zamieszek wojennych w tym kraju na pocz\u0105tku lat 90.\" \/>\n<meta property=\"og:url\" content=\"https:\/\/www.mojabochnia.pl\/?p=4422\" \/>\n<meta property=\"og:site_name\" content=\"mojabochnia.pl - portal informacyjny\" \/>\n<meta property=\"article:publisher\" content=\"https:\/\/www.facebook.com\/mojabochnia\" \/>\n<meta property=\"article:published_time\" content=\"2009-01-15T09:11:46+00:00\" \/>\n<meta property=\"article:modified_time\" content=\"2009-01-15T09:13:33+00:00\" \/>\n<meta name=\"author\" content=\"Pawe\u0142 Michalczyk\" \/>\n<meta name=\"twitter:card\" content=\"summary_large_image\" \/>\n<meta name=\"twitter:label1\" content=\"Written by\" \/>\n\t<meta name=\"twitter:data1\" content=\"Pawe\u0142 Michalczyk\" \/>\n\t<meta name=\"twitter:label2\" content=\"Est. reading time\" \/>\n\t<meta name=\"twitter:data2\" content=\"1 minuta\" \/>\n<script type=\"application\/ld+json\" class=\"yoast-schema-graph\">{\"@context\":\"https:\/\/schema.org\",\"@graph\":[{\"@type\":\"Article\",\"@id\":\"https:\/\/www.mojabochnia.pl\/?p=4422#article\",\"isPartOf\":{\"@id\":\"https:\/\/www.mojabochnia.pl\/?p=4422\"},\"author\":{\"name\":\"Pawe\u0142 Michalczyk\",\"@id\":\"https:\/\/www.mojabochnia.pl\/#\/schema\/person\/ea042e4724a77627963f02166828ead4\"},\"headline\":\"Dzieci z Prosz\u00f3wek pomagaj\u0105 ch\u0142opcu z Rwandy\",\"datePublished\":\"2009-01-15T09:11:46+00:00\",\"dateModified\":\"2009-01-15T09:13:33+00:00\",\"mainEntityOfPage\":{\"@id\":\"https:\/\/www.mojabochnia.pl\/?p=4422\"},\"wordCount\":203,\"commentCount\":0,\"publisher\":{\"@id\":\"https:\/\/www.mojabochnia.pl\/#organization\"},\"keywords\":[\"caritas\",\"dzieci\",\"ks. j\u00f3zef pachut\",\"kwesta\",\"mi\u017cyniec\",\"pomoc\",\"prosz\u00f3wki\",\"rwanda\",\"ukraina\",\"wojciech muniga\",\"zesp\u00f3\u0142 szk\u00f3\u0142 gminnych w prosz\u00f3wkach\"],\"articleSection\":[\"3_w centrum uwagi\",\"\u017bycie religijne\"],\"inLanguage\":\"pl-PL\",\"potentialAction\":[{\"@type\":\"CommentAction\",\"name\":\"Comment\",\"target\":[\"https:\/\/www.mojabochnia.pl\/?p=4422#respond\"]}]},{\"@type\":\"WebPage\",\"@id\":\"https:\/\/www.mojabochnia.pl\/?p=4422\",\"url\":\"https:\/\/www.mojabochnia.pl\/?p=4422\",\"name\":\"Dzieci z Prosz\u00f3wek pomagaj\u0105 ch\u0142opcu z Rwandy - mojabochnia.pl - portal informacyjny\",\"isPartOf\":{\"@id\":\"https:\/\/www.mojabochnia.pl\/#website\"},\"datePublished\":\"2009-01-15T09:11:46+00:00\",\"dateModified\":\"2009-01-15T09:13:33+00:00\",\"breadcrumb\":{\"@id\":\"https:\/\/www.mojabochnia.pl\/?p=4422#breadcrumb\"},\"inLanguage\":\"pl-PL\",\"potentialAction\":[{\"@type\":\"ReadAction\",\"target\":[\"https:\/\/www.mojabochnia.pl\/?p=4422\"]}]},{\"@type\":\"BreadcrumbList\",\"@id\":\"https:\/\/www.mojabochnia.pl\/?p=4422#breadcrumb\",\"itemListElement\":[{\"@type\":\"ListItem\",\"position\":1,\"name\":\"Home\",\"item\":\"https:\/\/www.mojabochnia.pl\/\"},{\"@type\":\"ListItem\",\"position\":2,\"name\":\"Dzieci z Prosz\u00f3wek pomagaj\u0105 ch\u0142opcu z Rwandy\"}]},{\"@type\":\"WebSite\",\"@id\":\"https:\/\/www.mojabochnia.pl\/#website\",\"url\":\"https:\/\/www.mojabochnia.pl\/\",\"name\":\"mojabochnia.pl - portal informacyjny\",\"description\":\"mojaBochnia to portal informacyjny o Bochni. Codziennie o Bochni piszemy i pokazujemy najwa\u017cniejsze wydarzenia\",\"publisher\":{\"@id\":\"https:\/\/www.mojabochnia.pl\/#organization\"},\"potentialAction\":[{\"@type\":\"SearchAction\",\"target\":{\"@type\":\"EntryPoint\",\"urlTemplate\":\"https:\/\/www.mojabochnia.pl\/?s={search_term_string}\"},\"query-input\":{\"@type\":\"PropertyValueSpecification\",\"valueRequired\":true,\"valueName\":\"search_term_string\"}}],\"inLanguage\":\"pl-PL\"},{\"@type\":\"Organization\",\"@id\":\"https:\/\/www.mojabochnia.pl\/#organization\",\"name\":\"mojabochnia.pl - portal informacyjny\",\"url\":\"https:\/\/www.mojabochnia.pl\/\",\"logo\":{\"@type\":\"ImageObject\",\"inLanguage\":\"pl-PL\",\"@id\":\"https:\/\/www.mojabochnia.pl\/#\/schema\/logo\/image\/\",\"url\":\"https:\/\/www.mojabochnia.pl\/wp-content\/uploads\/2017\/08\/logo-mb-opt.png\",\"contentUrl\":\"https:\/\/www.mojabochnia.pl\/wp-content\/uploads\/2017\/08\/logo-mb-opt.png\",\"width\":250,\"height\":48,\"caption\":\"mojabochnia.pl - portal informacyjny\"},\"image\":{\"@id\":\"https:\/\/www.mojabochnia.pl\/#\/schema\/logo\/image\/\"},\"sameAs\":[\"https:\/\/www.facebook.com\/mojabochnia\"]},{\"@type\":\"Person\",\"@id\":\"https:\/\/www.mojabochnia.pl\/#\/schema\/person\/ea042e4724a77627963f02166828ead4\",\"name\":\"Pawe\u0142 Michalczyk\",\"url\":\"https:\/\/www.mojabochnia.pl\/?author=4\"}]}<\/script>\n<!-- \/ Yoast SEO plugin. -->","yoast_head_json":{"title":"Dzieci z Prosz\u00f3wek pomagaj\u0105 ch\u0142opcu z Rwandy - mojabochnia.pl - portal informacyjny","robots":{"index":"index","follow":"follow","max-snippet":"max-snippet:-1","max-image-preview":"max-image-preview:large","max-video-preview":"max-video-preview:-1"},"canonical":"https:\/\/www.mojabochnia.pl\/?p=4422","og_locale":"pl_PL","og_type":"article","og_title":"Dzieci z Prosz\u00f3wek pomagaj\u0105 ch\u0142opcu z Rwandy - mojabochnia.pl - portal informacyjny","og_description":"Dzieci ze szko\u0142y w Prosz\u00f3wkach pomagaj\u0105 ch\u0142opcu z Rwandy. Jest on jedn\u0105 z ofiar zamieszek wojennych w tym kraju na pocz\u0105tku lat 90.","og_url":"https:\/\/www.mojabochnia.pl\/?p=4422","og_site_name":"mojabochnia.pl - portal informacyjny","article_publisher":"https:\/\/www.facebook.com\/mojabochnia","article_published_time":"2009-01-15T09:11:46+00:00","article_modified_time":"2009-01-15T09:13:33+00:00","author":"Pawe\u0142 Michalczyk","twitter_card":"summary_large_image","twitter_misc":{"Written by":"Pawe\u0142 Michalczyk","Est. reading time":"1 minuta"},"schema":{"@context":"https:\/\/schema.org","@graph":[{"@type":"Article","@id":"https:\/\/www.mojabochnia.pl\/?p=4422#article","isPartOf":{"@id":"https:\/\/www.mojabochnia.pl\/?p=4422"},"author":{"name":"Pawe\u0142 Michalczyk","@id":"https:\/\/www.mojabochnia.pl\/#\/schema\/person\/ea042e4724a77627963f02166828ead4"},"headline":"Dzieci z Prosz\u00f3wek pomagaj\u0105 ch\u0142opcu z Rwandy","datePublished":"2009-01-15T09:11:46+00:00","dateModified":"2009-01-15T09:13:33+00:00","mainEntityOfPage":{"@id":"https:\/\/www.mojabochnia.pl\/?p=4422"},"wordCount":203,"commentCount":0,"publisher":{"@id":"https:\/\/www.mojabochnia.pl\/#organization"},"keywords":["caritas","dzieci","ks. j\u00f3zef pachut","kwesta","mi\u017cyniec","pomoc","prosz\u00f3wki","rwanda","ukraina","wojciech muniga","zesp\u00f3\u0142 szk\u00f3\u0142 gminnych w prosz\u00f3wkach"],"articleSection":["3_w centrum uwagi","\u017bycie religijne"],"inLanguage":"pl-PL","potentialAction":[{"@type":"CommentAction","name":"Comment","target":["https:\/\/www.mojabochnia.pl\/?p=4422#respond"]}]},{"@type":"WebPage","@id":"https:\/\/www.mojabochnia.pl\/?p=4422","url":"https:\/\/www.mojabochnia.pl\/?p=4422","name":"Dzieci z Prosz\u00f3wek pomagaj\u0105 ch\u0142opcu z Rwandy - mojabochnia.pl - portal informacyjny","isPartOf":{"@id":"https:\/\/www.mojabochnia.pl\/#website"},"datePublished":"2009-01-15T09:11:46+00:00","dateModified":"2009-01-15T09:13:33+00:00","breadcrumb":{"@id":"https:\/\/www.mojabochnia.pl\/?p=4422#breadcrumb"},"inLanguage":"pl-PL","potentialAction":[{"@type":"ReadAction","target":["https:\/\/www.mojabochnia.pl\/?p=4422"]}]},{"@type":"BreadcrumbList","@id":"https:\/\/www.mojabochnia.pl\/?p=4422#breadcrumb","itemListElement":[{"@type":"ListItem","position":1,"name":"Home","item":"https:\/\/www.mojabochnia.pl\/"},{"@type":"ListItem","position":2,"name":"Dzieci z Prosz\u00f3wek pomagaj\u0105 ch\u0142opcu z Rwandy"}]},{"@type":"WebSite","@id":"https:\/\/www.mojabochnia.pl\/#website","url":"https:\/\/www.mojabochnia.pl\/","name":"mojabochnia.pl - portal informacyjny","description":"mojaBochnia to portal informacyjny o Bochni. Codziennie o Bochni piszemy i pokazujemy najwa\u017cniejsze wydarzenia","publisher":{"@id":"https:\/\/www.mojabochnia.pl\/#organization"},"potentialAction":[{"@type":"SearchAction","target":{"@type":"EntryPoint","urlTemplate":"https:\/\/www.mojabochnia.pl\/?s={search_term_string}"},"query-input":{"@type":"PropertyValueSpecification","valueRequired":true,"valueName":"search_term_string"}}],"inLanguage":"pl-PL"},{"@type":"Organization","@id":"https:\/\/www.mojabochnia.pl\/#organization","name":"mojabochnia.pl - portal informacyjny","url":"https:\/\/www.mojabochnia.pl\/","logo":{"@type":"ImageObject","inLanguage":"pl-PL","@id":"https:\/\/www.mojabochnia.pl\/#\/schema\/logo\/image\/","url":"https:\/\/www.mojabochnia.pl\/wp-content\/uploads\/2017\/08\/logo-mb-opt.png","contentUrl":"https:\/\/www.mojabochnia.pl\/wp-content\/uploads\/2017\/08\/logo-mb-opt.png","width":250,"height":48,"caption":"mojabochnia.pl - portal informacyjny"},"image":{"@id":"https:\/\/www.mojabochnia.pl\/#\/schema\/logo\/image\/"},"sameAs":["https:\/\/www.facebook.com\/mojabochnia"]},{"@type":"Person","@id":"https:\/\/www.mojabochnia.pl\/#\/schema\/person\/ea042e4724a77627963f02166828ead4","name":"Pawe\u0142 Michalczyk","url":"https:\/\/www.mojabochnia.pl\/?author=4"}]}},"_links":{"self":[{"href":"https:\/\/www.mojabochnia.pl\/index.php?rest_route=\/wp\/v2\/posts\/4422","targetHints":{"allow":["GET"]}}],"collection":[{"href":"https:\/\/www.mojabochnia.pl\/index.php?rest_route=\/wp\/v2\/posts"}],"about":[{"href":"https:\/\/www.mojabochnia.pl\/index.php?rest_route=\/wp\/v2\/types\/post"}],"author":[{"embeddable":true,"href":"https:\/\/www.mojabochnia.pl\/index.php?rest_route=\/wp\/v2\/users\/4"}],"replies":[{"embeddable":true,"href":"https:\/\/www.mojabochnia.pl\/index.php?rest_route=%2Fwp%2Fv2%2Fcomments&post=4422"}],"version-history":[{"count":0,"href":"https:\/\/www.mojabochnia.pl\/index.php?rest_route=\/wp\/v2\/posts\/4422\/revisions"}],"wp:attachment":[{"href":"https:\/\/www.mojabochnia.pl\/index.php?rest_route=%2Fwp%2Fv2%2Fmedia&parent=4422"}],"wp:term":[{"taxonomy":"category","embeddable":true,"href":"https:\/\/www.mojabochnia.pl\/index.php?rest_route=%2Fwp%2Fv2%2Fcategories&post=4422"},{"taxonomy":"post_tag","embeddable":true,"href":"https:\/\/www.mojabochnia.pl\/index.php?rest_route=%2Fwp%2Fv2%2Ftags&post=4422"}],"curies":[{"name":"wp","href":"https:\/\/api.w.org\/{rel}","templated":true}]}}