{"id":4419,"date":"2009-01-15T10:04:17","date_gmt":"2009-01-15T09:04:17","guid":{"rendered":"http:\/\/www.mojabochnia.pl\/?p=4419"},"modified":"2009-01-15T09:25:02","modified_gmt":"2009-01-15T08:25:02","slug":"muzeum-kolejna-edycja-czwartkowych-spotkan","status":"publish","type":"post","link":"https:\/\/www.mojabochnia.pl\/?p=4419","title":{"rendered":"Muzeum: Kolejna edycja Czwartkowych Spotka\u0144"},"content":{"rendered":"<p>Na pierwszym spotkaniu w tym roku zostanie przedstawiony Jan Matejko jako artysta, mecenas, kolekcjoner\u2026Wyk\u0142ad na ten temat wyg\u0142osi Marta K\u0142ak Ambro\u017ckiewicz z Muzeum Narodowego w Krakowie (oddzia\u0142 \u2013 Dom Jana Matejki) <\/p>\n<p>Pocz\u0105tek spotkania, kt\u00f3re odb\u0119dzie si\u0119 w Sali Portretowej boche\u0144skiego muzeum, zaplanowano na godz. 17.30.<\/p>\n<p>&#8211; <em>Czwartkowe Spotkania Muzealne s\u0105 najd\u0142u\u017cej kontynuowan\u0105 i nieprzerwanie organizowan\u0105 form\u0105 edukacyjn\u0105 w \u015brodowisku boche\u0144skim O tym, i\u017c ciesz\u0105 si\u0119 nadal powodzeniem, wyra\u017caj\u0105cym si\u0119 znakomit\u0105 frekwencj\u0105, przes\u0105dzi\u0142y zasadniczo dwa czynniki. Po pierwsze &#8211; dob\u00f3r atrakcyjnych temat\u00f3w oraz wyk\u0142adowc\u00f3w, po drugie &#8211; konsekwencja w organizacji Spotka\u0144<\/em> \u2013 zaznaczaj\u0105 organizatorzy Czwartkowych Spotka\u0144 Muzealnych.<\/p>\n<p>Muzeum im. Stanis\u0142awa Fischera organizuje Czwartkowe Spotkania Muzealne od 1983 roku. Odbywaj\u0105 si\u0119 one o tej samej godzinie, regularnie co miesi\u0105c z wyj\u0105tkiem dwumiesi\u0119cznej przerwy wakacyjnej. <\/p>\n<p>&#8211; <em>Dzi\u0119ki Czwartkowym Spotkaniom Muzealnym wzros\u0142a, nie tylko w \u015brodowisku boche\u0144skim, znajomo\u015b\u0107 dziej\u00f3w tego interesuj\u0105cego regionu, jego charakterystycznych cech kulturowych i zjawisk wsp\u00f3\u0142czesnych maj\u0105cych swe \u017ar\u00f3d\u0142o w przesz\u0142o\u015bci. Dzi\u015b, po XXVI edycjach Czwartkowych Spotka\u0144 Muzealnych i ponad 260 \u201eczwartkach muzealnych\u201d, mo\u017cna powiedzie\u0107, \u017ce trwale wpisa\u0142y si\u0119 one w \u017cycie kulturalne Bochni ciesz\u0105c si\u0119 nies\u0142abn\u0105cym powodzeniem w tutejszym \u015brodowisku. Frekwencja dowodzi, jak znaczny jest wci\u0105\u017c jeszcze kr\u0105g ludzi ceni\u0105cych \u017cywe s\u0142owo i wymian\u0119 my\u015bli<\/em> \u2013 m\u00f3wi Jan Flasza, dyrektor boche\u0144skiego muzeum. <\/p>\n","protected":false},"excerpt":{"rendered":"<p>Dzisiaj w Muzeum im. Stanis\u0142awa Fischera odb\u0119dzie si\u0119 spotkanie inauguruj\u0105ce XXVII edycj\u0119 Czwartkowych Spotka\u0144 Muzealnych. <\/p>\n","protected":false},"author":1,"featured_media":0,"comment_status":"open","ping_status":"closed","sticky":false,"template":"","format":"standard","meta":{"_acf_changed":false,"footnotes":""},"categories":[92],"tags":[564,17131,17126,685,34,17290,74,588,17348,133],"class_list":["post-4419","post","type-post","status-publish","format-standard","hentry","category-kultura","tag-czas-wolny","tag-historia","tag-jan-flasza","tag-jan-matejko","tag-krakow","tag-muzeum","tag-muzeum-im-stanislawa-fischera","tag-muzeum-narodowe","tag-rynek","tag-spotkania-czwartkowe"],"acf":[],"yoast_head":"<!-- This site is optimized with the Yoast SEO plugin v26.9 - https:\/\/yoast.com\/product\/yoast-seo-wordpress\/ -->\n<title>Muzeum: Kolejna edycja Czwartkowych Spotka\u0144 - mojabochnia.pl - portal informacyjny<\/title>\n<meta name=\"robots\" content=\"index, follow, max-snippet:-1, max-image-preview:large, max-video-preview:-1\" \/>\n<link rel=\"canonical\" href=\"https:\/\/www.mojabochnia.pl\/?p=4419\" \/>\n<meta property=\"og:locale\" content=\"pl_PL\" \/>\n<meta property=\"og:type\" content=\"article\" \/>\n<meta property=\"og:title\" content=\"Muzeum: Kolejna edycja Czwartkowych Spotka\u0144 - mojabochnia.pl - portal informacyjny\" \/>\n<meta property=\"og:description\" content=\"Dzisiaj w Muzeum im. Stanis\u0142awa Fischera odb\u0119dzie si\u0119 spotkanie inauguruj\u0105ce XXVII edycj\u0119 Czwartkowych Spotka\u0144 Muzealnych.\" \/>\n<meta property=\"og:url\" content=\"https:\/\/www.mojabochnia.pl\/?p=4419\" \/>\n<meta property=\"og:site_name\" content=\"mojabochnia.pl - portal informacyjny\" \/>\n<meta property=\"article:publisher\" content=\"https:\/\/www.facebook.com\/mojabochnia\" \/>\n<meta property=\"article:published_time\" content=\"2009-01-15T09:04:17+00:00\" \/>\n<meta name=\"author\" content=\"administrator\" \/>\n<meta name=\"twitter:card\" content=\"summary_large_image\" \/>\n<meta name=\"twitter:label1\" content=\"Written by\" \/>\n\t<meta name=\"twitter:data1\" content=\"administrator\" \/>\n\t<meta name=\"twitter:label2\" content=\"Est. reading time\" \/>\n\t<meta name=\"twitter:data2\" content=\"1 minuta\" \/>\n<script type=\"application\/ld+json\" class=\"yoast-schema-graph\">{\"@context\":\"https:\/\/schema.org\",\"@graph\":[{\"@type\":\"Article\",\"@id\":\"https:\/\/www.mojabochnia.pl\/?p=4419#article\",\"isPartOf\":{\"@id\":\"https:\/\/www.mojabochnia.pl\/?p=4419\"},\"author\":{\"name\":\"administrator\",\"@id\":\"https:\/\/www.mojabochnia.pl\/#\/schema\/person\/c00e1f64e6fa0e6de6d410f2c340017f\"},\"headline\":\"Muzeum: Kolejna edycja Czwartkowych Spotka\u0144\",\"datePublished\":\"2009-01-15T09:04:17+00:00\",\"mainEntityOfPage\":{\"@id\":\"https:\/\/www.mojabochnia.pl\/?p=4419\"},\"wordCount\":247,\"commentCount\":0,\"publisher\":{\"@id\":\"https:\/\/www.mojabochnia.pl\/#organization\"},\"keywords\":[\"czas wolny\",\"historia\",\"jan flasza\",\"jan matejko\",\"Krak\u00f3w\",\"muzeum\",\"muzeum im. stanis\u0142awa fischera\",\"muzeum narodowe\",\"rynek\",\"spotkania czwartkowe\"],\"articleSection\":[\"kultura\"],\"inLanguage\":\"pl-PL\",\"potentialAction\":[{\"@type\":\"CommentAction\",\"name\":\"Comment\",\"target\":[\"https:\/\/www.mojabochnia.pl\/?p=4419#respond\"]}]},{\"@type\":\"WebPage\",\"@id\":\"https:\/\/www.mojabochnia.pl\/?p=4419\",\"url\":\"https:\/\/www.mojabochnia.pl\/?p=4419\",\"name\":\"Muzeum: Kolejna edycja Czwartkowych Spotka\u0144 - mojabochnia.pl - portal informacyjny\",\"isPartOf\":{\"@id\":\"https:\/\/www.mojabochnia.pl\/#website\"},\"datePublished\":\"2009-01-15T09:04:17+00:00\",\"breadcrumb\":{\"@id\":\"https:\/\/www.mojabochnia.pl\/?p=4419#breadcrumb\"},\"inLanguage\":\"pl-PL\",\"potentialAction\":[{\"@type\":\"ReadAction\",\"target\":[\"https:\/\/www.mojabochnia.pl\/?p=4419\"]}]},{\"@type\":\"BreadcrumbList\",\"@id\":\"https:\/\/www.mojabochnia.pl\/?p=4419#breadcrumb\",\"itemListElement\":[{\"@type\":\"ListItem\",\"position\":1,\"name\":\"Home\",\"item\":\"https:\/\/www.mojabochnia.pl\/\"},{\"@type\":\"ListItem\",\"position\":2,\"name\":\"Muzeum: Kolejna edycja Czwartkowych Spotka\u0144\"}]},{\"@type\":\"WebSite\",\"@id\":\"https:\/\/www.mojabochnia.pl\/#website\",\"url\":\"https:\/\/www.mojabochnia.pl\/\",\"name\":\"mojabochnia.pl - portal informacyjny\",\"description\":\"mojaBochnia to portal informacyjny o Bochni. Codziennie o Bochni piszemy i pokazujemy najwa\u017cniejsze wydarzenia\",\"publisher\":{\"@id\":\"https:\/\/www.mojabochnia.pl\/#organization\"},\"potentialAction\":[{\"@type\":\"SearchAction\",\"target\":{\"@type\":\"EntryPoint\",\"urlTemplate\":\"https:\/\/www.mojabochnia.pl\/?s={search_term_string}\"},\"query-input\":{\"@type\":\"PropertyValueSpecification\",\"valueRequired\":true,\"valueName\":\"search_term_string\"}}],\"inLanguage\":\"pl-PL\"},{\"@type\":\"Organization\",\"@id\":\"https:\/\/www.mojabochnia.pl\/#organization\",\"name\":\"mojabochnia.pl - portal informacyjny\",\"url\":\"https:\/\/www.mojabochnia.pl\/\",\"logo\":{\"@type\":\"ImageObject\",\"inLanguage\":\"pl-PL\",\"@id\":\"https:\/\/www.mojabochnia.pl\/#\/schema\/logo\/image\/\",\"url\":\"https:\/\/www.mojabochnia.pl\/wp-content\/uploads\/2017\/08\/logo-mb-opt.png\",\"contentUrl\":\"https:\/\/www.mojabochnia.pl\/wp-content\/uploads\/2017\/08\/logo-mb-opt.png\",\"width\":250,\"height\":48,\"caption\":\"mojabochnia.pl - portal informacyjny\"},\"image\":{\"@id\":\"https:\/\/www.mojabochnia.pl\/#\/schema\/logo\/image\/\"},\"sameAs\":[\"https:\/\/www.facebook.com\/mojabochnia\"]},{\"@type\":\"Person\",\"@id\":\"https:\/\/www.mojabochnia.pl\/#\/schema\/person\/c00e1f64e6fa0e6de6d410f2c340017f\",\"name\":\"administrator\",\"url\":\"https:\/\/www.mojabochnia.pl\/?author=1\"}]}<\/script>\n<!-- \/ Yoast SEO plugin. -->","yoast_head_json":{"title":"Muzeum: Kolejna edycja Czwartkowych Spotka\u0144 - mojabochnia.pl - portal informacyjny","robots":{"index":"index","follow":"follow","max-snippet":"max-snippet:-1","max-image-preview":"max-image-preview:large","max-video-preview":"max-video-preview:-1"},"canonical":"https:\/\/www.mojabochnia.pl\/?p=4419","og_locale":"pl_PL","og_type":"article","og_title":"Muzeum: Kolejna edycja Czwartkowych Spotka\u0144 - mojabochnia.pl - portal informacyjny","og_description":"Dzisiaj w Muzeum im. Stanis\u0142awa Fischera odb\u0119dzie si\u0119 spotkanie inauguruj\u0105ce XXVII edycj\u0119 Czwartkowych Spotka\u0144 Muzealnych.","og_url":"https:\/\/www.mojabochnia.pl\/?p=4419","og_site_name":"mojabochnia.pl - portal informacyjny","article_publisher":"https:\/\/www.facebook.com\/mojabochnia","article_published_time":"2009-01-15T09:04:17+00:00","author":"administrator","twitter_card":"summary_large_image","twitter_misc":{"Written by":"administrator","Est. reading time":"1 minuta"},"schema":{"@context":"https:\/\/schema.org","@graph":[{"@type":"Article","@id":"https:\/\/www.mojabochnia.pl\/?p=4419#article","isPartOf":{"@id":"https:\/\/www.mojabochnia.pl\/?p=4419"},"author":{"name":"administrator","@id":"https:\/\/www.mojabochnia.pl\/#\/schema\/person\/c00e1f64e6fa0e6de6d410f2c340017f"},"headline":"Muzeum: Kolejna edycja Czwartkowych Spotka\u0144","datePublished":"2009-01-15T09:04:17+00:00","mainEntityOfPage":{"@id":"https:\/\/www.mojabochnia.pl\/?p=4419"},"wordCount":247,"commentCount":0,"publisher":{"@id":"https:\/\/www.mojabochnia.pl\/#organization"},"keywords":["czas wolny","historia","jan flasza","jan matejko","Krak\u00f3w","muzeum","muzeum im. stanis\u0142awa fischera","muzeum narodowe","rynek","spotkania czwartkowe"],"articleSection":["kultura"],"inLanguage":"pl-PL","potentialAction":[{"@type":"CommentAction","name":"Comment","target":["https:\/\/www.mojabochnia.pl\/?p=4419#respond"]}]},{"@type":"WebPage","@id":"https:\/\/www.mojabochnia.pl\/?p=4419","url":"https:\/\/www.mojabochnia.pl\/?p=4419","name":"Muzeum: Kolejna edycja Czwartkowych Spotka\u0144 - mojabochnia.pl - portal informacyjny","isPartOf":{"@id":"https:\/\/www.mojabochnia.pl\/#website"},"datePublished":"2009-01-15T09:04:17+00:00","breadcrumb":{"@id":"https:\/\/www.mojabochnia.pl\/?p=4419#breadcrumb"},"inLanguage":"pl-PL","potentialAction":[{"@type":"ReadAction","target":["https:\/\/www.mojabochnia.pl\/?p=4419"]}]},{"@type":"BreadcrumbList","@id":"https:\/\/www.mojabochnia.pl\/?p=4419#breadcrumb","itemListElement":[{"@type":"ListItem","position":1,"name":"Home","item":"https:\/\/www.mojabochnia.pl\/"},{"@type":"ListItem","position":2,"name":"Muzeum: Kolejna edycja Czwartkowych Spotka\u0144"}]},{"@type":"WebSite","@id":"https:\/\/www.mojabochnia.pl\/#website","url":"https:\/\/www.mojabochnia.pl\/","name":"mojabochnia.pl - portal informacyjny","description":"mojaBochnia to portal informacyjny o Bochni. Codziennie o Bochni piszemy i pokazujemy najwa\u017cniejsze wydarzenia","publisher":{"@id":"https:\/\/www.mojabochnia.pl\/#organization"},"potentialAction":[{"@type":"SearchAction","target":{"@type":"EntryPoint","urlTemplate":"https:\/\/www.mojabochnia.pl\/?s={search_term_string}"},"query-input":{"@type":"PropertyValueSpecification","valueRequired":true,"valueName":"search_term_string"}}],"inLanguage":"pl-PL"},{"@type":"Organization","@id":"https:\/\/www.mojabochnia.pl\/#organization","name":"mojabochnia.pl - portal informacyjny","url":"https:\/\/www.mojabochnia.pl\/","logo":{"@type":"ImageObject","inLanguage":"pl-PL","@id":"https:\/\/www.mojabochnia.pl\/#\/schema\/logo\/image\/","url":"https:\/\/www.mojabochnia.pl\/wp-content\/uploads\/2017\/08\/logo-mb-opt.png","contentUrl":"https:\/\/www.mojabochnia.pl\/wp-content\/uploads\/2017\/08\/logo-mb-opt.png","width":250,"height":48,"caption":"mojabochnia.pl - portal informacyjny"},"image":{"@id":"https:\/\/www.mojabochnia.pl\/#\/schema\/logo\/image\/"},"sameAs":["https:\/\/www.facebook.com\/mojabochnia"]},{"@type":"Person","@id":"https:\/\/www.mojabochnia.pl\/#\/schema\/person\/c00e1f64e6fa0e6de6d410f2c340017f","name":"administrator","url":"https:\/\/www.mojabochnia.pl\/?author=1"}]}},"_links":{"self":[{"href":"https:\/\/www.mojabochnia.pl\/index.php?rest_route=\/wp\/v2\/posts\/4419","targetHints":{"allow":["GET"]}}],"collection":[{"href":"https:\/\/www.mojabochnia.pl\/index.php?rest_route=\/wp\/v2\/posts"}],"about":[{"href":"https:\/\/www.mojabochnia.pl\/index.php?rest_route=\/wp\/v2\/types\/post"}],"author":[{"embeddable":true,"href":"https:\/\/www.mojabochnia.pl\/index.php?rest_route=\/wp\/v2\/users\/1"}],"replies":[{"embeddable":true,"href":"https:\/\/www.mojabochnia.pl\/index.php?rest_route=%2Fwp%2Fv2%2Fcomments&post=4419"}],"version-history":[{"count":0,"href":"https:\/\/www.mojabochnia.pl\/index.php?rest_route=\/wp\/v2\/posts\/4419\/revisions"}],"wp:attachment":[{"href":"https:\/\/www.mojabochnia.pl\/index.php?rest_route=%2Fwp%2Fv2%2Fmedia&parent=4419"}],"wp:term":[{"taxonomy":"category","embeddable":true,"href":"https:\/\/www.mojabochnia.pl\/index.php?rest_route=%2Fwp%2Fv2%2Fcategories&post=4419"},{"taxonomy":"post_tag","embeddable":true,"href":"https:\/\/www.mojabochnia.pl\/index.php?rest_route=%2Fwp%2Fv2%2Ftags&post=4419"}],"curies":[{"name":"wp","href":"https:\/\/api.w.org\/{rel}","templated":true}]}}