{"id":44017,"date":"2011-02-14T07:23:28","date_gmt":"2011-02-14T06:23:28","guid":{"rendered":"http:\/\/www.mojabochnia.pl\/?p=44017"},"modified":"2011-02-13T20:41:41","modified_gmt":"2011-02-13T19:41:41","slug":"bezlitosny-dla-czytelnika-wojciech-tochman-o-swoim-spojrzeniu-na-ludobojstwo","status":"publish","type":"post","link":"https:\/\/www.mojabochnia.pl\/?p=44017","title":{"rendered":"Bezlitosny dla czytelnika &#8211; Wojciech Tochman o swoim spojrzeniu na ludob\u00f3jstwo"},"content":{"rendered":"","protected":false},"excerpt":{"rendered":"<p>O pracy nad ksi\u0105\u017ck\u0105 \u201eDzisiaj narysujemy \u015bmier\u0107\u201d, &#8222;przemocowym&#8221; j\u0119zyku w reporta\u017cu, a tak\u017ce o ludob\u00f3jstwie w Rwandzie i odpowiedzialno\u015bci ka\u017cdego z nas jako \u015bwiadk\u00f3w wobec tragedii na drugim ko\u0144cu \u015bwiatai m\u00f3wi\u0142 podczas spotkania z czytelnikami w Bochni Wojciech Tochman. Zobacz i pos\u0142uchaj w 2 cz\u0119\u015bci naszej relacji TV.<\/p>\n","protected":false},"author":25,"featured_media":0,"comment_status":"open","ping_status":"closed","sticky":false,"template":"","format":"standard","meta":{"_acf_changed":false,"footnotes":""},"categories":[5,4,6246,6250,3633,3276],"tags":[17162,4702,17164,8379,17696,2163,17346,8230],"class_list":["post-44017","post","type-post","status-publish","format-standard","hentry","category-biezace-wydarzenia","category-krotko-i-szybko","category-medium","category-tematyka","category-tv","category-tv-flesz","tag-biblioteka","tag-dziennikarz","tag-ksiazka","tag-ludobojstwo","tag-reportaz","tag-rwanda","tag-spotkanie","tag-wojciech-tochman"],"acf":[],"yoast_head":"<!-- This site is optimized with the Yoast SEO plugin v26.9 - https:\/\/yoast.com\/product\/yoast-seo-wordpress\/ -->\n<title>Bezlitosny dla czytelnika - Wojciech Tochman o swoim spojrzeniu na ludob\u00f3jstwo - mojabochnia.pl - portal informacyjny<\/title>\n<meta name=\"robots\" content=\"index, follow, max-snippet:-1, max-image-preview:large, max-video-preview:-1\" \/>\n<link rel=\"canonical\" href=\"https:\/\/www.mojabochnia.pl\/?p=44017\" \/>\n<meta property=\"og:locale\" content=\"pl_PL\" \/>\n<meta property=\"og:type\" content=\"article\" \/>\n<meta property=\"og:title\" content=\"Bezlitosny dla czytelnika - Wojciech Tochman o swoim spojrzeniu na ludob\u00f3jstwo - mojabochnia.pl - portal informacyjny\" \/>\n<meta property=\"og:description\" content=\"O pracy nad ksi\u0105\u017ck\u0105 \u201eDzisiaj narysujemy \u015bmier\u0107\u201d, &quot;przemocowym&quot; j\u0119zyku w reporta\u017cu, a tak\u017ce o ludob\u00f3jstwie w Rwandzie i odpowiedzialno\u015bci ka\u017cdego z nas jako \u015bwiadk\u00f3w wobec tragedii na drugim ko\u0144cu \u015bwiatai m\u00f3wi\u0142 podczas spotkania z czytelnikami w Bochni Wojciech Tochman. Zobacz i pos\u0142uchaj w 2 cz\u0119\u015bci naszej relacji TV.\" \/>\n<meta property=\"og:url\" content=\"https:\/\/www.mojabochnia.pl\/?p=44017\" \/>\n<meta property=\"og:site_name\" content=\"mojabochnia.pl - portal informacyjny\" \/>\n<meta property=\"article:publisher\" content=\"https:\/\/www.facebook.com\/mojabochnia\" \/>\n<meta property=\"article:published_time\" content=\"2011-02-14T06:23:28+00:00\" \/>\n<meta name=\"author\" content=\"Weronika Kucharska\" \/>\n<meta name=\"twitter:card\" content=\"summary_large_image\" \/>\n<meta name=\"twitter:label1\" content=\"Written by\" \/>\n\t<meta name=\"twitter:data1\" content=\"Weronika Kucharska\" \/>\n<script type=\"application\/ld+json\" class=\"yoast-schema-graph\">{\"@context\":\"https:\/\/schema.org\",\"@graph\":[{\"@type\":\"Article\",\"@id\":\"https:\/\/www.mojabochnia.pl\/?p=44017#article\",\"isPartOf\":{\"@id\":\"https:\/\/www.mojabochnia.pl\/?p=44017\"},\"author\":{\"name\":\"Weronika Kucharska\",\"@id\":\"https:\/\/www.mojabochnia.pl\/#\/schema\/person\/8515edb0b31efb661d6df7949969c0ff\"},\"headline\":\"Bezlitosny dla czytelnika &#8211; Wojciech Tochman o swoim spojrzeniu na ludob\u00f3jstwo\",\"datePublished\":\"2011-02-14T06:23:28+00:00\",\"mainEntityOfPage\":{\"@id\":\"https:\/\/www.mojabochnia.pl\/?p=44017\"},\"wordCount\":12,\"commentCount\":0,\"publisher\":{\"@id\":\"https:\/\/www.mojabochnia.pl\/#organization\"},\"keywords\":[\"biblioteka\",\"dziennikarz\",\"ksi\u0105\u017cka\",\"ludob\u00f3jstwo\",\"reporta\u017c\",\"rwanda\",\"spotkanie\",\"wojciech tochman\"],\"articleSection\":[\"2_ostatnie\",\"Kr\u00f3tko i szybko\",\"Medium\",\"tematyka\",\"TV\",\"TV Flesz\"],\"inLanguage\":\"pl-PL\",\"potentialAction\":[{\"@type\":\"CommentAction\",\"name\":\"Comment\",\"target\":[\"https:\/\/www.mojabochnia.pl\/?p=44017#respond\"]}]},{\"@type\":\"WebPage\",\"@id\":\"https:\/\/www.mojabochnia.pl\/?p=44017\",\"url\":\"https:\/\/www.mojabochnia.pl\/?p=44017\",\"name\":\"Bezlitosny dla czytelnika - Wojciech Tochman o swoim spojrzeniu na ludob\u00f3jstwo - mojabochnia.pl - portal informacyjny\",\"isPartOf\":{\"@id\":\"https:\/\/www.mojabochnia.pl\/#website\"},\"datePublished\":\"2011-02-14T06:23:28+00:00\",\"breadcrumb\":{\"@id\":\"https:\/\/www.mojabochnia.pl\/?p=44017#breadcrumb\"},\"inLanguage\":\"pl-PL\",\"potentialAction\":[{\"@type\":\"ReadAction\",\"target\":[\"https:\/\/www.mojabochnia.pl\/?p=44017\"]}]},{\"@type\":\"BreadcrumbList\",\"@id\":\"https:\/\/www.mojabochnia.pl\/?p=44017#breadcrumb\",\"itemListElement\":[{\"@type\":\"ListItem\",\"position\":1,\"name\":\"Home\",\"item\":\"https:\/\/www.mojabochnia.pl\/\"},{\"@type\":\"ListItem\",\"position\":2,\"name\":\"Bezlitosny dla czytelnika &#8211; Wojciech Tochman o swoim spojrzeniu na ludob\u00f3jstwo\"}]},{\"@type\":\"WebSite\",\"@id\":\"https:\/\/www.mojabochnia.pl\/#website\",\"url\":\"https:\/\/www.mojabochnia.pl\/\",\"name\":\"mojabochnia.pl - portal informacyjny\",\"description\":\"mojaBochnia to portal informacyjny o Bochni. Codziennie o Bochni piszemy i pokazujemy najwa\u017cniejsze wydarzenia\",\"publisher\":{\"@id\":\"https:\/\/www.mojabochnia.pl\/#organization\"},\"potentialAction\":[{\"@type\":\"SearchAction\",\"target\":{\"@type\":\"EntryPoint\",\"urlTemplate\":\"https:\/\/www.mojabochnia.pl\/?s={search_term_string}\"},\"query-input\":{\"@type\":\"PropertyValueSpecification\",\"valueRequired\":true,\"valueName\":\"search_term_string\"}}],\"inLanguage\":\"pl-PL\"},{\"@type\":\"Organization\",\"@id\":\"https:\/\/www.mojabochnia.pl\/#organization\",\"name\":\"mojabochnia.pl - portal informacyjny\",\"url\":\"https:\/\/www.mojabochnia.pl\/\",\"logo\":{\"@type\":\"ImageObject\",\"inLanguage\":\"pl-PL\",\"@id\":\"https:\/\/www.mojabochnia.pl\/#\/schema\/logo\/image\/\",\"url\":\"https:\/\/www.mojabochnia.pl\/wp-content\/uploads\/2017\/08\/logo-mb-opt.png\",\"contentUrl\":\"https:\/\/www.mojabochnia.pl\/wp-content\/uploads\/2017\/08\/logo-mb-opt.png\",\"width\":250,\"height\":48,\"caption\":\"mojabochnia.pl - portal informacyjny\"},\"image\":{\"@id\":\"https:\/\/www.mojabochnia.pl\/#\/schema\/logo\/image\/\"},\"sameAs\":[\"https:\/\/www.facebook.com\/mojabochnia\"]},{\"@type\":\"Person\",\"@id\":\"https:\/\/www.mojabochnia.pl\/#\/schema\/person\/8515edb0b31efb661d6df7949969c0ff\",\"name\":\"Weronika Kucharska\",\"url\":\"https:\/\/www.mojabochnia.pl\/?author=25\"}]}<\/script>\n<!-- \/ Yoast SEO plugin. -->","yoast_head_json":{"title":"Bezlitosny dla czytelnika - Wojciech Tochman o swoim spojrzeniu na ludob\u00f3jstwo - mojabochnia.pl - portal informacyjny","robots":{"index":"index","follow":"follow","max-snippet":"max-snippet:-1","max-image-preview":"max-image-preview:large","max-video-preview":"max-video-preview:-1"},"canonical":"https:\/\/www.mojabochnia.pl\/?p=44017","og_locale":"pl_PL","og_type":"article","og_title":"Bezlitosny dla czytelnika - Wojciech Tochman o swoim spojrzeniu na ludob\u00f3jstwo - mojabochnia.pl - portal informacyjny","og_description":"O pracy nad ksi\u0105\u017ck\u0105 \u201eDzisiaj narysujemy \u015bmier\u0107\u201d, \"przemocowym\" j\u0119zyku w reporta\u017cu, a tak\u017ce o ludob\u00f3jstwie w Rwandzie i odpowiedzialno\u015bci ka\u017cdego z nas jako \u015bwiadk\u00f3w wobec tragedii na drugim ko\u0144cu \u015bwiatai m\u00f3wi\u0142 podczas spotkania z czytelnikami w Bochni Wojciech Tochman. Zobacz i pos\u0142uchaj w 2 cz\u0119\u015bci naszej relacji TV.","og_url":"https:\/\/www.mojabochnia.pl\/?p=44017","og_site_name":"mojabochnia.pl - portal informacyjny","article_publisher":"https:\/\/www.facebook.com\/mojabochnia","article_published_time":"2011-02-14T06:23:28+00:00","author":"Weronika Kucharska","twitter_card":"summary_large_image","twitter_misc":{"Written by":"Weronika Kucharska"},"schema":{"@context":"https:\/\/schema.org","@graph":[{"@type":"Article","@id":"https:\/\/www.mojabochnia.pl\/?p=44017#article","isPartOf":{"@id":"https:\/\/www.mojabochnia.pl\/?p=44017"},"author":{"name":"Weronika Kucharska","@id":"https:\/\/www.mojabochnia.pl\/#\/schema\/person\/8515edb0b31efb661d6df7949969c0ff"},"headline":"Bezlitosny dla czytelnika &#8211; Wojciech Tochman o swoim spojrzeniu na ludob\u00f3jstwo","datePublished":"2011-02-14T06:23:28+00:00","mainEntityOfPage":{"@id":"https:\/\/www.mojabochnia.pl\/?p=44017"},"wordCount":12,"commentCount":0,"publisher":{"@id":"https:\/\/www.mojabochnia.pl\/#organization"},"keywords":["biblioteka","dziennikarz","ksi\u0105\u017cka","ludob\u00f3jstwo","reporta\u017c","rwanda","spotkanie","wojciech tochman"],"articleSection":["2_ostatnie","Kr\u00f3tko i szybko","Medium","tematyka","TV","TV Flesz"],"inLanguage":"pl-PL","potentialAction":[{"@type":"CommentAction","name":"Comment","target":["https:\/\/www.mojabochnia.pl\/?p=44017#respond"]}]},{"@type":"WebPage","@id":"https:\/\/www.mojabochnia.pl\/?p=44017","url":"https:\/\/www.mojabochnia.pl\/?p=44017","name":"Bezlitosny dla czytelnika - Wojciech Tochman o swoim spojrzeniu na ludob\u00f3jstwo - mojabochnia.pl - portal informacyjny","isPartOf":{"@id":"https:\/\/www.mojabochnia.pl\/#website"},"datePublished":"2011-02-14T06:23:28+00:00","breadcrumb":{"@id":"https:\/\/www.mojabochnia.pl\/?p=44017#breadcrumb"},"inLanguage":"pl-PL","potentialAction":[{"@type":"ReadAction","target":["https:\/\/www.mojabochnia.pl\/?p=44017"]}]},{"@type":"BreadcrumbList","@id":"https:\/\/www.mojabochnia.pl\/?p=44017#breadcrumb","itemListElement":[{"@type":"ListItem","position":1,"name":"Home","item":"https:\/\/www.mojabochnia.pl\/"},{"@type":"ListItem","position":2,"name":"Bezlitosny dla czytelnika &#8211; Wojciech Tochman o swoim spojrzeniu na ludob\u00f3jstwo"}]},{"@type":"WebSite","@id":"https:\/\/www.mojabochnia.pl\/#website","url":"https:\/\/www.mojabochnia.pl\/","name":"mojabochnia.pl - portal informacyjny","description":"mojaBochnia to portal informacyjny o Bochni. Codziennie o Bochni piszemy i pokazujemy najwa\u017cniejsze wydarzenia","publisher":{"@id":"https:\/\/www.mojabochnia.pl\/#organization"},"potentialAction":[{"@type":"SearchAction","target":{"@type":"EntryPoint","urlTemplate":"https:\/\/www.mojabochnia.pl\/?s={search_term_string}"},"query-input":{"@type":"PropertyValueSpecification","valueRequired":true,"valueName":"search_term_string"}}],"inLanguage":"pl-PL"},{"@type":"Organization","@id":"https:\/\/www.mojabochnia.pl\/#organization","name":"mojabochnia.pl - portal informacyjny","url":"https:\/\/www.mojabochnia.pl\/","logo":{"@type":"ImageObject","inLanguage":"pl-PL","@id":"https:\/\/www.mojabochnia.pl\/#\/schema\/logo\/image\/","url":"https:\/\/www.mojabochnia.pl\/wp-content\/uploads\/2017\/08\/logo-mb-opt.png","contentUrl":"https:\/\/www.mojabochnia.pl\/wp-content\/uploads\/2017\/08\/logo-mb-opt.png","width":250,"height":48,"caption":"mojabochnia.pl - portal informacyjny"},"image":{"@id":"https:\/\/www.mojabochnia.pl\/#\/schema\/logo\/image\/"},"sameAs":["https:\/\/www.facebook.com\/mojabochnia"]},{"@type":"Person","@id":"https:\/\/www.mojabochnia.pl\/#\/schema\/person\/8515edb0b31efb661d6df7949969c0ff","name":"Weronika Kucharska","url":"https:\/\/www.mojabochnia.pl\/?author=25"}]}},"_links":{"self":[{"href":"https:\/\/www.mojabochnia.pl\/index.php?rest_route=\/wp\/v2\/posts\/44017","targetHints":{"allow":["GET"]}}],"collection":[{"href":"https:\/\/www.mojabochnia.pl\/index.php?rest_route=\/wp\/v2\/posts"}],"about":[{"href":"https:\/\/www.mojabochnia.pl\/index.php?rest_route=\/wp\/v2\/types\/post"}],"author":[{"embeddable":true,"href":"https:\/\/www.mojabochnia.pl\/index.php?rest_route=\/wp\/v2\/users\/25"}],"replies":[{"embeddable":true,"href":"https:\/\/www.mojabochnia.pl\/index.php?rest_route=%2Fwp%2Fv2%2Fcomments&post=44017"}],"version-history":[{"count":2,"href":"https:\/\/www.mojabochnia.pl\/index.php?rest_route=\/wp\/v2\/posts\/44017\/revisions"}],"predecessor-version":[{"id":44022,"href":"https:\/\/www.mojabochnia.pl\/index.php?rest_route=\/wp\/v2\/posts\/44017\/revisions\/44022"}],"wp:attachment":[{"href":"https:\/\/www.mojabochnia.pl\/index.php?rest_route=%2Fwp%2Fv2%2Fmedia&parent=44017"}],"wp:term":[{"taxonomy":"category","embeddable":true,"href":"https:\/\/www.mojabochnia.pl\/index.php?rest_route=%2Fwp%2Fv2%2Fcategories&post=44017"},{"taxonomy":"post_tag","embeddable":true,"href":"https:\/\/www.mojabochnia.pl\/index.php?rest_route=%2Fwp%2Fv2%2Ftags&post=44017"}],"curies":[{"name":"wp","href":"https:\/\/api.w.org\/{rel}","templated":true}]}}