{"id":43897,"date":"2011-02-10T14:48:25","date_gmt":"2011-02-10T13:48:25","guid":{"rendered":"http:\/\/www.mojabochnia.pl\/?p=43897"},"modified":"2011-02-10T13:09:34","modified_gmt":"2011-02-10T12:09:34","slug":"43897","status":"publish","type":"post","link":"https:\/\/www.mojabochnia.pl\/?p=43897","title":{"rendered":"Drwinia: b\u0119dzie remont zniszczonych dr\u00f3g wojew\u00f3dzkich"},"content":{"rendered":"<p>9 lutego w\u0142adze gminy Drwinia spotka\u0142y si\u0119 z przedstawicielami Zarz\u0105du Dr\u00f3g Wojew\u00f3dzkich. &#8211;<em> Tematy rozm\u00f3w dotyczy\u0142y remontu odcink\u00f3w dr\u00f3g wojew\u00f3dzkich 964 i 965   biegn\u0105cych przez teren Gminy Drwinia oraz po\u0142\u0105czenia drogi wojew\u00f3dzkiej 965 z w\u0119z\u0142em autostradowym Bochnia<\/em> &#8211; czytamy na stronie internetowej gminy.<\/p>\n<p>Podczas spotkania w\u00f3jta Jana Paj\u0105ka z dyrektorem Zarz\u0105du Dr\u00f3g Wojew\u00f3dzkich Grzegorzem Stechem zapad\u0142y konkretne decyzje. &#8211; <em>Ustalono, \u017ce w tym roku przeprowadzony zostanie remont kapitalny wraz z odwodnieniem odcinka drogi 965 &#8222;Zielona-Dziewin&#8221; oraz 964 &#8222;Niedary-U\u015bcie Solne&#8221;<\/em> &#8211; czytamy dalej. <\/p>\n<p>Pocz\u0105tek prac przewidziany jest latem.<\/p>\n","protected":false},"excerpt":{"rendered":"<p>Zniszczone drogi wojew\u00f3dzkie na terenie gminy Drwinia maj\u0105 by\u0107 w tym roku odnowione. Chodzi o tras\u0119 nr 965 oraz 964.<\/p>\n","protected":false},"author":4,"featured_media":0,"comment_status":"open","ping_status":"closed","sticky":false,"template":"","format":"standard","meta":{"_acf_changed":false,"footnotes":""},"categories":[5,6251,6250],"tags":[17453,8374,17214,709,8373,8043,8375,1663],"class_list":["post-43897","post","type-post","status-publish","format-standard","hentry","category-biezace-wydarzenia","category-polityka-i-wydarzenia","category-tematyka","tag-asfalt","tag-droga-wojewozka","tag-drwinia","tag-dziewin","tag-grzegorz-stech","tag-jan-pajak","tag-niedary-uscie-solne","tag-odwodnienie"],"acf":[],"yoast_head":"<!-- This site is optimized with the Yoast SEO plugin v26.9 - https:\/\/yoast.com\/product\/yoast-seo-wordpress\/ -->\n<title>Drwinia: b\u0119dzie remont zniszczonych dr\u00f3g wojew\u00f3dzkich - mojabochnia.pl - portal informacyjny<\/title>\n<meta name=\"robots\" content=\"index, follow, max-snippet:-1, max-image-preview:large, max-video-preview:-1\" \/>\n<link rel=\"canonical\" href=\"https:\/\/www.mojabochnia.pl\/?p=43897\" \/>\n<meta property=\"og:locale\" content=\"pl_PL\" \/>\n<meta property=\"og:type\" content=\"article\" \/>\n<meta property=\"og:title\" content=\"Drwinia: b\u0119dzie remont zniszczonych dr\u00f3g wojew\u00f3dzkich - mojabochnia.pl - portal informacyjny\" \/>\n<meta property=\"og:description\" content=\"Zniszczone drogi wojew\u00f3dzkie na terenie gminy Drwinia maj\u0105 by\u0107 w tym roku odnowione. Chodzi o tras\u0119 nr 965 oraz 964.\" \/>\n<meta property=\"og:url\" content=\"https:\/\/www.mojabochnia.pl\/?p=43897\" \/>\n<meta property=\"og:site_name\" content=\"mojabochnia.pl - portal informacyjny\" \/>\n<meta property=\"article:publisher\" content=\"https:\/\/www.facebook.com\/mojabochnia\" \/>\n<meta property=\"article:published_time\" content=\"2011-02-10T13:48:25+00:00\" \/>\n<meta name=\"author\" content=\"Pawe\u0142 Michalczyk\" \/>\n<meta name=\"twitter:card\" content=\"summary_large_image\" \/>\n<meta name=\"twitter:label1\" content=\"Written by\" \/>\n\t<meta name=\"twitter:data1\" content=\"Pawe\u0142 Michalczyk\" \/>\n\t<meta name=\"twitter:label2\" content=\"Est. reading time\" \/>\n\t<meta name=\"twitter:data2\" content=\"1 minuta\" \/>\n<script type=\"application\/ld+json\" class=\"yoast-schema-graph\">{\"@context\":\"https:\/\/schema.org\",\"@graph\":[{\"@type\":\"Article\",\"@id\":\"https:\/\/www.mojabochnia.pl\/?p=43897#article\",\"isPartOf\":{\"@id\":\"https:\/\/www.mojabochnia.pl\/?p=43897\"},\"author\":{\"name\":\"Pawe\u0142 Michalczyk\",\"@id\":\"https:\/\/www.mojabochnia.pl\/#\/schema\/person\/ea042e4724a77627963f02166828ead4\"},\"headline\":\"Drwinia: b\u0119dzie remont zniszczonych dr\u00f3g wojew\u00f3dzkich\",\"datePublished\":\"2011-02-10T13:48:25+00:00\",\"mainEntityOfPage\":{\"@id\":\"https:\/\/www.mojabochnia.pl\/?p=43897\"},\"wordCount\":113,\"commentCount\":0,\"publisher\":{\"@id\":\"https:\/\/www.mojabochnia.pl\/#organization\"},\"keywords\":[\"asfalt\",\"droga wojew\u00f3zka\",\"Drwinia\",\"dziewin\",\"grzegorz stech\",\"jan paj\u0105k\",\"niedary u\u015bcie solne\",\"odwodnienie\"],\"articleSection\":[\"2_ostatnie\",\"polityka i wydarzenia\",\"tematyka\"],\"inLanguage\":\"pl-PL\",\"potentialAction\":[{\"@type\":\"CommentAction\",\"name\":\"Comment\",\"target\":[\"https:\/\/www.mojabochnia.pl\/?p=43897#respond\"]}]},{\"@type\":\"WebPage\",\"@id\":\"https:\/\/www.mojabochnia.pl\/?p=43897\",\"url\":\"https:\/\/www.mojabochnia.pl\/?p=43897\",\"name\":\"Drwinia: b\u0119dzie remont zniszczonych dr\u00f3g wojew\u00f3dzkich - mojabochnia.pl - portal informacyjny\",\"isPartOf\":{\"@id\":\"https:\/\/www.mojabochnia.pl\/#website\"},\"datePublished\":\"2011-02-10T13:48:25+00:00\",\"breadcrumb\":{\"@id\":\"https:\/\/www.mojabochnia.pl\/?p=43897#breadcrumb\"},\"inLanguage\":\"pl-PL\",\"potentialAction\":[{\"@type\":\"ReadAction\",\"target\":[\"https:\/\/www.mojabochnia.pl\/?p=43897\"]}]},{\"@type\":\"BreadcrumbList\",\"@id\":\"https:\/\/www.mojabochnia.pl\/?p=43897#breadcrumb\",\"itemListElement\":[{\"@type\":\"ListItem\",\"position\":1,\"name\":\"Home\",\"item\":\"https:\/\/www.mojabochnia.pl\/\"},{\"@type\":\"ListItem\",\"position\":2,\"name\":\"Drwinia: b\u0119dzie remont zniszczonych dr\u00f3g wojew\u00f3dzkich\"}]},{\"@type\":\"WebSite\",\"@id\":\"https:\/\/www.mojabochnia.pl\/#website\",\"url\":\"https:\/\/www.mojabochnia.pl\/\",\"name\":\"mojabochnia.pl - portal informacyjny\",\"description\":\"mojaBochnia to portal informacyjny o Bochni. Codziennie o Bochni piszemy i pokazujemy najwa\u017cniejsze wydarzenia\",\"publisher\":{\"@id\":\"https:\/\/www.mojabochnia.pl\/#organization\"},\"potentialAction\":[{\"@type\":\"SearchAction\",\"target\":{\"@type\":\"EntryPoint\",\"urlTemplate\":\"https:\/\/www.mojabochnia.pl\/?s={search_term_string}\"},\"query-input\":{\"@type\":\"PropertyValueSpecification\",\"valueRequired\":true,\"valueName\":\"search_term_string\"}}],\"inLanguage\":\"pl-PL\"},{\"@type\":\"Organization\",\"@id\":\"https:\/\/www.mojabochnia.pl\/#organization\",\"name\":\"mojabochnia.pl - portal informacyjny\",\"url\":\"https:\/\/www.mojabochnia.pl\/\",\"logo\":{\"@type\":\"ImageObject\",\"inLanguage\":\"pl-PL\",\"@id\":\"https:\/\/www.mojabochnia.pl\/#\/schema\/logo\/image\/\",\"url\":\"https:\/\/www.mojabochnia.pl\/wp-content\/uploads\/2017\/08\/logo-mb-opt.png\",\"contentUrl\":\"https:\/\/www.mojabochnia.pl\/wp-content\/uploads\/2017\/08\/logo-mb-opt.png\",\"width\":250,\"height\":48,\"caption\":\"mojabochnia.pl - portal informacyjny\"},\"image\":{\"@id\":\"https:\/\/www.mojabochnia.pl\/#\/schema\/logo\/image\/\"},\"sameAs\":[\"https:\/\/www.facebook.com\/mojabochnia\"]},{\"@type\":\"Person\",\"@id\":\"https:\/\/www.mojabochnia.pl\/#\/schema\/person\/ea042e4724a77627963f02166828ead4\",\"name\":\"Pawe\u0142 Michalczyk\",\"url\":\"https:\/\/www.mojabochnia.pl\/?author=4\"}]}<\/script>\n<!-- \/ Yoast SEO plugin. -->","yoast_head_json":{"title":"Drwinia: b\u0119dzie remont zniszczonych dr\u00f3g wojew\u00f3dzkich - mojabochnia.pl - portal informacyjny","robots":{"index":"index","follow":"follow","max-snippet":"max-snippet:-1","max-image-preview":"max-image-preview:large","max-video-preview":"max-video-preview:-1"},"canonical":"https:\/\/www.mojabochnia.pl\/?p=43897","og_locale":"pl_PL","og_type":"article","og_title":"Drwinia: b\u0119dzie remont zniszczonych dr\u00f3g wojew\u00f3dzkich - mojabochnia.pl - portal informacyjny","og_description":"Zniszczone drogi wojew\u00f3dzkie na terenie gminy Drwinia maj\u0105 by\u0107 w tym roku odnowione. Chodzi o tras\u0119 nr 965 oraz 964.","og_url":"https:\/\/www.mojabochnia.pl\/?p=43897","og_site_name":"mojabochnia.pl - portal informacyjny","article_publisher":"https:\/\/www.facebook.com\/mojabochnia","article_published_time":"2011-02-10T13:48:25+00:00","author":"Pawe\u0142 Michalczyk","twitter_card":"summary_large_image","twitter_misc":{"Written by":"Pawe\u0142 Michalczyk","Est. reading time":"1 minuta"},"schema":{"@context":"https:\/\/schema.org","@graph":[{"@type":"Article","@id":"https:\/\/www.mojabochnia.pl\/?p=43897#article","isPartOf":{"@id":"https:\/\/www.mojabochnia.pl\/?p=43897"},"author":{"name":"Pawe\u0142 Michalczyk","@id":"https:\/\/www.mojabochnia.pl\/#\/schema\/person\/ea042e4724a77627963f02166828ead4"},"headline":"Drwinia: b\u0119dzie remont zniszczonych dr\u00f3g wojew\u00f3dzkich","datePublished":"2011-02-10T13:48:25+00:00","mainEntityOfPage":{"@id":"https:\/\/www.mojabochnia.pl\/?p=43897"},"wordCount":113,"commentCount":0,"publisher":{"@id":"https:\/\/www.mojabochnia.pl\/#organization"},"keywords":["asfalt","droga wojew\u00f3zka","Drwinia","dziewin","grzegorz stech","jan paj\u0105k","niedary u\u015bcie solne","odwodnienie"],"articleSection":["2_ostatnie","polityka i wydarzenia","tematyka"],"inLanguage":"pl-PL","potentialAction":[{"@type":"CommentAction","name":"Comment","target":["https:\/\/www.mojabochnia.pl\/?p=43897#respond"]}]},{"@type":"WebPage","@id":"https:\/\/www.mojabochnia.pl\/?p=43897","url":"https:\/\/www.mojabochnia.pl\/?p=43897","name":"Drwinia: b\u0119dzie remont zniszczonych dr\u00f3g wojew\u00f3dzkich - mojabochnia.pl - portal informacyjny","isPartOf":{"@id":"https:\/\/www.mojabochnia.pl\/#website"},"datePublished":"2011-02-10T13:48:25+00:00","breadcrumb":{"@id":"https:\/\/www.mojabochnia.pl\/?p=43897#breadcrumb"},"inLanguage":"pl-PL","potentialAction":[{"@type":"ReadAction","target":["https:\/\/www.mojabochnia.pl\/?p=43897"]}]},{"@type":"BreadcrumbList","@id":"https:\/\/www.mojabochnia.pl\/?p=43897#breadcrumb","itemListElement":[{"@type":"ListItem","position":1,"name":"Home","item":"https:\/\/www.mojabochnia.pl\/"},{"@type":"ListItem","position":2,"name":"Drwinia: b\u0119dzie remont zniszczonych dr\u00f3g wojew\u00f3dzkich"}]},{"@type":"WebSite","@id":"https:\/\/www.mojabochnia.pl\/#website","url":"https:\/\/www.mojabochnia.pl\/","name":"mojabochnia.pl - portal informacyjny","description":"mojaBochnia to portal informacyjny o Bochni. Codziennie o Bochni piszemy i pokazujemy najwa\u017cniejsze wydarzenia","publisher":{"@id":"https:\/\/www.mojabochnia.pl\/#organization"},"potentialAction":[{"@type":"SearchAction","target":{"@type":"EntryPoint","urlTemplate":"https:\/\/www.mojabochnia.pl\/?s={search_term_string}"},"query-input":{"@type":"PropertyValueSpecification","valueRequired":true,"valueName":"search_term_string"}}],"inLanguage":"pl-PL"},{"@type":"Organization","@id":"https:\/\/www.mojabochnia.pl\/#organization","name":"mojabochnia.pl - portal informacyjny","url":"https:\/\/www.mojabochnia.pl\/","logo":{"@type":"ImageObject","inLanguage":"pl-PL","@id":"https:\/\/www.mojabochnia.pl\/#\/schema\/logo\/image\/","url":"https:\/\/www.mojabochnia.pl\/wp-content\/uploads\/2017\/08\/logo-mb-opt.png","contentUrl":"https:\/\/www.mojabochnia.pl\/wp-content\/uploads\/2017\/08\/logo-mb-opt.png","width":250,"height":48,"caption":"mojabochnia.pl - portal informacyjny"},"image":{"@id":"https:\/\/www.mojabochnia.pl\/#\/schema\/logo\/image\/"},"sameAs":["https:\/\/www.facebook.com\/mojabochnia"]},{"@type":"Person","@id":"https:\/\/www.mojabochnia.pl\/#\/schema\/person\/ea042e4724a77627963f02166828ead4","name":"Pawe\u0142 Michalczyk","url":"https:\/\/www.mojabochnia.pl\/?author=4"}]}},"_links":{"self":[{"href":"https:\/\/www.mojabochnia.pl\/index.php?rest_route=\/wp\/v2\/posts\/43897","targetHints":{"allow":["GET"]}}],"collection":[{"href":"https:\/\/www.mojabochnia.pl\/index.php?rest_route=\/wp\/v2\/posts"}],"about":[{"href":"https:\/\/www.mojabochnia.pl\/index.php?rest_route=\/wp\/v2\/types\/post"}],"author":[{"embeddable":true,"href":"https:\/\/www.mojabochnia.pl\/index.php?rest_route=\/wp\/v2\/users\/4"}],"replies":[{"embeddable":true,"href":"https:\/\/www.mojabochnia.pl\/index.php?rest_route=%2Fwp%2Fv2%2Fcomments&post=43897"}],"version-history":[{"count":3,"href":"https:\/\/www.mojabochnia.pl\/index.php?rest_route=\/wp\/v2\/posts\/43897\/revisions"}],"predecessor-version":[{"id":43900,"href":"https:\/\/www.mojabochnia.pl\/index.php?rest_route=\/wp\/v2\/posts\/43897\/revisions\/43900"}],"wp:attachment":[{"href":"https:\/\/www.mojabochnia.pl\/index.php?rest_route=%2Fwp%2Fv2%2Fmedia&parent=43897"}],"wp:term":[{"taxonomy":"category","embeddable":true,"href":"https:\/\/www.mojabochnia.pl\/index.php?rest_route=%2Fwp%2Fv2%2Fcategories&post=43897"},{"taxonomy":"post_tag","embeddable":true,"href":"https:\/\/www.mojabochnia.pl\/index.php?rest_route=%2Fwp%2Fv2%2Ftags&post=43897"}],"curies":[{"name":"wp","href":"https:\/\/api.w.org\/{rel}","templated":true}]}}