{"id":43839,"date":"2011-02-10T13:37:56","date_gmt":"2011-02-10T12:37:56","guid":{"rendered":"http:\/\/www.mojabochnia.pl\/?p=43839"},"modified":"2011-02-10T11:25:13","modified_gmt":"2011-02-10T10:25:13","slug":"time-for-funk-jutro-w-malej-czarnej","status":"publish","type":"post","link":"https:\/\/www.mojabochnia.pl\/?p=43839","title":{"rendered":"Time For Funk jutro w Ma\u0142ej Czarnej"},"content":{"rendered":"<p>Zaczynali w sk\u0142adzie Jacek Szwed, \u0141ukasz Papst &#8211; gitary, S\u0142awek F\u0105fara &#8211; perkusja, Grzesiek Gruca &#8211; gitara basowa, Daniel Sroka &#8211; instrumenty klawiszowe, Robert Samek &#8211; saksofon. Ich repertuar tworzy\u0142y wtedy jedynie kompozycje instrumentalne. <\/p>\n<p>Obecnie w zmienionym sk\u0142adzie i z wokalistk\u0105 przedstawiaj\u0105 si\u0119 jako TFF czyli Time For Funk. Ich muzyka to synteza fascynacji ka\u017cdego z cz\u0142onk\u00f3w zespo\u0142u. Utwory nawi\u0105zuj\u0105 wi\u0119c do muzyki funk, jazzu, rocka czy disco. Warst\u0119 tekstow\u0105 stanowi\u0105 natomiast wiersze wybierane przez wsp\u00f3\u0142pracuj\u0105c\u0105 z zespo\u0142em od ponad roku wokalistk\u0119 Zuzann\u0119 Skolias, zwiazan\u0105 z krakowskim teatrem i kabaretem.<\/p>\n<p>Czego zatem mo\u017cna si\u0119 spodziewa\u0107 po pi\u0105tkowym koncercie TFF? &#8211; <em>Du\u017co abstrakcji muzyczno &#8211; tekstowej<\/em> &#8211; odpowiada Daniel Sroka. Zagraj\u0105 jedynie autorskie utwory, kt\u00f3re s\u0105 efektem pracy zbiorowej nad tematami, kt\u00f3re pl\u0105cz\u0105 si\u0119 po ich g\u0142owach. &#8211; <em>To b\u0119dzie dla nas r\u00f3wnie\u017c w pewnym sensie sprawdzian. Jest nam niezmiernie mi\u0142o, \u017ce mo\u017cemy si\u0119 tu pokaza\u0107 i \u017ce ten pierwszy koncert w nowym sk\u0142adzie odb\u0119dzie si\u0119 w naszym rodzinnym mie\u015bcie.<\/em><\/p>\n<p>Wyst\u0105pi TFF w sk\u0142adzie: <\/p>\n<p>Zuzanna Skolias \u2013 wokal<br \/>\nDaniel Sroka \u2013 instrumenty klawiszowe<br \/>\nJacek Szwed \u2013 gitara<br \/>\nSzymon Fortuna \u2013perkusja<br \/>\nKrzysztof Og\u00f3rek &#8211; bass<\/p>\n<p><strong>TFF w klubie Ma\u0142a Czarna &#8211; pi\u0105tek, 11 lutego 2011, godzina 21.30, wst\u0119p wolny.<\/strong><\/p>\n","protected":false},"excerpt":{"rendered":"<p>Czas na funk &#8211; pod tak\u0105 nazw\u0105 rozpocz\u0119li wsp\u00f3lne granie w 1994 roku. 12 lat p\u00f3\u017aniej spotkali si\u0119 ju\u017c w nieco zmienionym sk\u0142adzie by z nowymi pomys\u0142ami powr\u00f3ci\u0107 jako TFF czyli Time For Funk. Jutro ich pierwszy po d\u0142ugiej przerwie koncert w boche\u0144skim klubie Ma\u0142a Czarna.<\/p>\n","protected":false},"author":25,"featured_media":0,"comment_status":"open","ping_status":"closed","sticky":false,"template":"","format":"standard","meta":{"_acf_changed":false,"footnotes":""},"categories":[5,92,6250],"tags":[8367,8368,1407,17108,17135,17842,17123,123,7289,8365,8366],"class_list":["post-43839","post","type-post","status-publish","format-standard","hentry","category-biezace-wydarzenia","category-kultura","category-tematyka","tag-czas-na-funk","tag-disco","tag-jazz","tag-koncert","tag-kultura","tag-mala-czarna","tag-muzyka","tag-rock","tag-soul","tag-tff","tag-time-for-funk"],"acf":[],"yoast_head":"<!-- This site is optimized with the Yoast SEO plugin v26.9 - https:\/\/yoast.com\/product\/yoast-seo-wordpress\/ -->\n<title>Time For Funk jutro w Ma\u0142ej Czarnej - mojabochnia.pl - portal informacyjny<\/title>\n<meta name=\"robots\" content=\"index, follow, max-snippet:-1, max-image-preview:large, max-video-preview:-1\" \/>\n<link rel=\"canonical\" href=\"https:\/\/www.mojabochnia.pl\/?p=43839\" \/>\n<meta property=\"og:locale\" content=\"pl_PL\" \/>\n<meta property=\"og:type\" content=\"article\" \/>\n<meta property=\"og:title\" content=\"Time For Funk jutro w Ma\u0142ej Czarnej - mojabochnia.pl - portal informacyjny\" \/>\n<meta property=\"og:description\" content=\"Czas na funk - pod tak\u0105 nazw\u0105 rozpocz\u0119li wsp\u00f3lne granie w 1994 roku. 12 lat p\u00f3\u017aniej spotkali si\u0119 ju\u017c w nieco zmienionym sk\u0142adzie by z nowymi pomys\u0142ami powr\u00f3ci\u0107 jako TFF czyli Time For Funk. Jutro ich pierwszy po d\u0142ugiej przerwie koncert w boche\u0144skim klubie Ma\u0142a Czarna.\" \/>\n<meta property=\"og:url\" content=\"https:\/\/www.mojabochnia.pl\/?p=43839\" \/>\n<meta property=\"og:site_name\" content=\"mojabochnia.pl - portal informacyjny\" \/>\n<meta property=\"article:publisher\" content=\"https:\/\/www.facebook.com\/mojabochnia\" \/>\n<meta property=\"article:published_time\" content=\"2011-02-10T12:37:56+00:00\" \/>\n<meta name=\"author\" content=\"Weronika Kucharska\" \/>\n<meta name=\"twitter:card\" content=\"summary_large_image\" \/>\n<meta name=\"twitter:label1\" content=\"Written by\" \/>\n\t<meta name=\"twitter:data1\" content=\"Weronika Kucharska\" \/>\n\t<meta name=\"twitter:label2\" content=\"Est. reading time\" \/>\n\t<meta name=\"twitter:data2\" content=\"1 minuta\" \/>\n<script type=\"application\/ld+json\" class=\"yoast-schema-graph\">{\"@context\":\"https:\/\/schema.org\",\"@graph\":[{\"@type\":\"Article\",\"@id\":\"https:\/\/www.mojabochnia.pl\/?p=43839#article\",\"isPartOf\":{\"@id\":\"https:\/\/www.mojabochnia.pl\/?p=43839\"},\"author\":{\"name\":\"Weronika Kucharska\",\"@id\":\"https:\/\/www.mojabochnia.pl\/#\/schema\/person\/8515edb0b31efb661d6df7949969c0ff\"},\"headline\":\"Time For Funk jutro w Ma\u0142ej Czarnej\",\"datePublished\":\"2011-02-10T12:37:56+00:00\",\"mainEntityOfPage\":{\"@id\":\"https:\/\/www.mojabochnia.pl\/?p=43839\"},\"wordCount\":233,\"commentCount\":0,\"publisher\":{\"@id\":\"https:\/\/www.mojabochnia.pl\/#organization\"},\"keywords\":[\"czas na funk\",\"disco\",\"jazz\",\"koncert\",\"kultura\",\"ma\u0142a czarna\",\"muzyka\",\"rock\",\"soul\",\"tff\",\"time for funk\"],\"articleSection\":[\"2_ostatnie\",\"kultura\",\"tematyka\"],\"inLanguage\":\"pl-PL\",\"potentialAction\":[{\"@type\":\"CommentAction\",\"name\":\"Comment\",\"target\":[\"https:\/\/www.mojabochnia.pl\/?p=43839#respond\"]}]},{\"@type\":\"WebPage\",\"@id\":\"https:\/\/www.mojabochnia.pl\/?p=43839\",\"url\":\"https:\/\/www.mojabochnia.pl\/?p=43839\",\"name\":\"Time For Funk jutro w Ma\u0142ej Czarnej - mojabochnia.pl - portal informacyjny\",\"isPartOf\":{\"@id\":\"https:\/\/www.mojabochnia.pl\/#website\"},\"datePublished\":\"2011-02-10T12:37:56+00:00\",\"breadcrumb\":{\"@id\":\"https:\/\/www.mojabochnia.pl\/?p=43839#breadcrumb\"},\"inLanguage\":\"pl-PL\",\"potentialAction\":[{\"@type\":\"ReadAction\",\"target\":[\"https:\/\/www.mojabochnia.pl\/?p=43839\"]}]},{\"@type\":\"BreadcrumbList\",\"@id\":\"https:\/\/www.mojabochnia.pl\/?p=43839#breadcrumb\",\"itemListElement\":[{\"@type\":\"ListItem\",\"position\":1,\"name\":\"Home\",\"item\":\"https:\/\/www.mojabochnia.pl\/\"},{\"@type\":\"ListItem\",\"position\":2,\"name\":\"Time For Funk jutro w Ma\u0142ej Czarnej\"}]},{\"@type\":\"WebSite\",\"@id\":\"https:\/\/www.mojabochnia.pl\/#website\",\"url\":\"https:\/\/www.mojabochnia.pl\/\",\"name\":\"mojabochnia.pl - portal informacyjny\",\"description\":\"mojaBochnia to portal informacyjny o Bochni. Codziennie o Bochni piszemy i pokazujemy najwa\u017cniejsze wydarzenia\",\"publisher\":{\"@id\":\"https:\/\/www.mojabochnia.pl\/#organization\"},\"potentialAction\":[{\"@type\":\"SearchAction\",\"target\":{\"@type\":\"EntryPoint\",\"urlTemplate\":\"https:\/\/www.mojabochnia.pl\/?s={search_term_string}\"},\"query-input\":{\"@type\":\"PropertyValueSpecification\",\"valueRequired\":true,\"valueName\":\"search_term_string\"}}],\"inLanguage\":\"pl-PL\"},{\"@type\":\"Organization\",\"@id\":\"https:\/\/www.mojabochnia.pl\/#organization\",\"name\":\"mojabochnia.pl - portal informacyjny\",\"url\":\"https:\/\/www.mojabochnia.pl\/\",\"logo\":{\"@type\":\"ImageObject\",\"inLanguage\":\"pl-PL\",\"@id\":\"https:\/\/www.mojabochnia.pl\/#\/schema\/logo\/image\/\",\"url\":\"https:\/\/www.mojabochnia.pl\/wp-content\/uploads\/2017\/08\/logo-mb-opt.png\",\"contentUrl\":\"https:\/\/www.mojabochnia.pl\/wp-content\/uploads\/2017\/08\/logo-mb-opt.png\",\"width\":250,\"height\":48,\"caption\":\"mojabochnia.pl - portal informacyjny\"},\"image\":{\"@id\":\"https:\/\/www.mojabochnia.pl\/#\/schema\/logo\/image\/\"},\"sameAs\":[\"https:\/\/www.facebook.com\/mojabochnia\"]},{\"@type\":\"Person\",\"@id\":\"https:\/\/www.mojabochnia.pl\/#\/schema\/person\/8515edb0b31efb661d6df7949969c0ff\",\"name\":\"Weronika Kucharska\",\"url\":\"https:\/\/www.mojabochnia.pl\/?author=25\"}]}<\/script>\n<!-- \/ Yoast SEO plugin. -->","yoast_head_json":{"title":"Time For Funk jutro w Ma\u0142ej Czarnej - mojabochnia.pl - portal informacyjny","robots":{"index":"index","follow":"follow","max-snippet":"max-snippet:-1","max-image-preview":"max-image-preview:large","max-video-preview":"max-video-preview:-1"},"canonical":"https:\/\/www.mojabochnia.pl\/?p=43839","og_locale":"pl_PL","og_type":"article","og_title":"Time For Funk jutro w Ma\u0142ej Czarnej - mojabochnia.pl - portal informacyjny","og_description":"Czas na funk - pod tak\u0105 nazw\u0105 rozpocz\u0119li wsp\u00f3lne granie w 1994 roku. 12 lat p\u00f3\u017aniej spotkali si\u0119 ju\u017c w nieco zmienionym sk\u0142adzie by z nowymi pomys\u0142ami powr\u00f3ci\u0107 jako TFF czyli Time For Funk. Jutro ich pierwszy po d\u0142ugiej przerwie koncert w boche\u0144skim klubie Ma\u0142a Czarna.","og_url":"https:\/\/www.mojabochnia.pl\/?p=43839","og_site_name":"mojabochnia.pl - portal informacyjny","article_publisher":"https:\/\/www.facebook.com\/mojabochnia","article_published_time":"2011-02-10T12:37:56+00:00","author":"Weronika Kucharska","twitter_card":"summary_large_image","twitter_misc":{"Written by":"Weronika Kucharska","Est. reading time":"1 minuta"},"schema":{"@context":"https:\/\/schema.org","@graph":[{"@type":"Article","@id":"https:\/\/www.mojabochnia.pl\/?p=43839#article","isPartOf":{"@id":"https:\/\/www.mojabochnia.pl\/?p=43839"},"author":{"name":"Weronika Kucharska","@id":"https:\/\/www.mojabochnia.pl\/#\/schema\/person\/8515edb0b31efb661d6df7949969c0ff"},"headline":"Time For Funk jutro w Ma\u0142ej Czarnej","datePublished":"2011-02-10T12:37:56+00:00","mainEntityOfPage":{"@id":"https:\/\/www.mojabochnia.pl\/?p=43839"},"wordCount":233,"commentCount":0,"publisher":{"@id":"https:\/\/www.mojabochnia.pl\/#organization"},"keywords":["czas na funk","disco","jazz","koncert","kultura","ma\u0142a czarna","muzyka","rock","soul","tff","time for funk"],"articleSection":["2_ostatnie","kultura","tematyka"],"inLanguage":"pl-PL","potentialAction":[{"@type":"CommentAction","name":"Comment","target":["https:\/\/www.mojabochnia.pl\/?p=43839#respond"]}]},{"@type":"WebPage","@id":"https:\/\/www.mojabochnia.pl\/?p=43839","url":"https:\/\/www.mojabochnia.pl\/?p=43839","name":"Time For Funk jutro w Ma\u0142ej Czarnej - mojabochnia.pl - portal informacyjny","isPartOf":{"@id":"https:\/\/www.mojabochnia.pl\/#website"},"datePublished":"2011-02-10T12:37:56+00:00","breadcrumb":{"@id":"https:\/\/www.mojabochnia.pl\/?p=43839#breadcrumb"},"inLanguage":"pl-PL","potentialAction":[{"@type":"ReadAction","target":["https:\/\/www.mojabochnia.pl\/?p=43839"]}]},{"@type":"BreadcrumbList","@id":"https:\/\/www.mojabochnia.pl\/?p=43839#breadcrumb","itemListElement":[{"@type":"ListItem","position":1,"name":"Home","item":"https:\/\/www.mojabochnia.pl\/"},{"@type":"ListItem","position":2,"name":"Time For Funk jutro w Ma\u0142ej Czarnej"}]},{"@type":"WebSite","@id":"https:\/\/www.mojabochnia.pl\/#website","url":"https:\/\/www.mojabochnia.pl\/","name":"mojabochnia.pl - portal informacyjny","description":"mojaBochnia to portal informacyjny o Bochni. Codziennie o Bochni piszemy i pokazujemy najwa\u017cniejsze wydarzenia","publisher":{"@id":"https:\/\/www.mojabochnia.pl\/#organization"},"potentialAction":[{"@type":"SearchAction","target":{"@type":"EntryPoint","urlTemplate":"https:\/\/www.mojabochnia.pl\/?s={search_term_string}"},"query-input":{"@type":"PropertyValueSpecification","valueRequired":true,"valueName":"search_term_string"}}],"inLanguage":"pl-PL"},{"@type":"Organization","@id":"https:\/\/www.mojabochnia.pl\/#organization","name":"mojabochnia.pl - portal informacyjny","url":"https:\/\/www.mojabochnia.pl\/","logo":{"@type":"ImageObject","inLanguage":"pl-PL","@id":"https:\/\/www.mojabochnia.pl\/#\/schema\/logo\/image\/","url":"https:\/\/www.mojabochnia.pl\/wp-content\/uploads\/2017\/08\/logo-mb-opt.png","contentUrl":"https:\/\/www.mojabochnia.pl\/wp-content\/uploads\/2017\/08\/logo-mb-opt.png","width":250,"height":48,"caption":"mojabochnia.pl - portal informacyjny"},"image":{"@id":"https:\/\/www.mojabochnia.pl\/#\/schema\/logo\/image\/"},"sameAs":["https:\/\/www.facebook.com\/mojabochnia"]},{"@type":"Person","@id":"https:\/\/www.mojabochnia.pl\/#\/schema\/person\/8515edb0b31efb661d6df7949969c0ff","name":"Weronika Kucharska","url":"https:\/\/www.mojabochnia.pl\/?author=25"}]}},"_links":{"self":[{"href":"https:\/\/www.mojabochnia.pl\/index.php?rest_route=\/wp\/v2\/posts\/43839","targetHints":{"allow":["GET"]}}],"collection":[{"href":"https:\/\/www.mojabochnia.pl\/index.php?rest_route=\/wp\/v2\/posts"}],"about":[{"href":"https:\/\/www.mojabochnia.pl\/index.php?rest_route=\/wp\/v2\/types\/post"}],"author":[{"embeddable":true,"href":"https:\/\/www.mojabochnia.pl\/index.php?rest_route=\/wp\/v2\/users\/25"}],"replies":[{"embeddable":true,"href":"https:\/\/www.mojabochnia.pl\/index.php?rest_route=%2Fwp%2Fv2%2Fcomments&post=43839"}],"version-history":[{"count":15,"href":"https:\/\/www.mojabochnia.pl\/index.php?rest_route=\/wp\/v2\/posts\/43839\/revisions"}],"predecessor-version":[{"id":43870,"href":"https:\/\/www.mojabochnia.pl\/index.php?rest_route=\/wp\/v2\/posts\/43839\/revisions\/43870"}],"wp:attachment":[{"href":"https:\/\/www.mojabochnia.pl\/index.php?rest_route=%2Fwp%2Fv2%2Fmedia&parent=43839"}],"wp:term":[{"taxonomy":"category","embeddable":true,"href":"https:\/\/www.mojabochnia.pl\/index.php?rest_route=%2Fwp%2Fv2%2Fcategories&post=43839"},{"taxonomy":"post_tag","embeddable":true,"href":"https:\/\/www.mojabochnia.pl\/index.php?rest_route=%2Fwp%2Fv2%2Ftags&post=43839"}],"curies":[{"name":"wp","href":"https:\/\/api.w.org\/{rel}","templated":true}]}}