{"id":4373,"date":"2009-01-13T08:26:58","date_gmt":"2009-01-13T07:26:58","guid":{"rendered":"http:\/\/www.mojabochnia.pl\/?p=4373"},"modified":"2009-01-12T15:36:26","modified_gmt":"2009-01-12T14:36:26","slug":"j-pajak-o-l-wegrzynie-mistrz-autoreklamy","status":"publish","type":"post","link":"https:\/\/www.mojabochnia.pl\/?p=4373","title":{"rendered":"J. Paj\u0105k o L. Wegrzynie: mistrz autoreklamy"},"content":{"rendered":"<p>Przypomnijmy, s\u0105d uchyli\u0142 uchwa\u0142\u0119 odwo\u0142uj\u0105c\u0105 Joann\u0119 Solak z funkcji przewodnicz\u0105cej. Teraz z\u0142o\u017cona zostanie skarga kasacyjna do s\u0105du wy\u017cszej instancji, czyli do Naczelnego S\u0105du Administracyjnego. To niezb\u0119dne \u2013 argumentowa\u0142 starosta Jacek Paj\u0105k podczas dzisiejszej rozmowy samorz\u0105dowej w RDN Ma\u0142opolska i wylicza, jakie by\u0142yby konsekwencje niez\u0142o\u017cenia przez powiat skargi kasacyjnej. \u2013 <em>Po pierwsze du\u017ca w\u0105tpliwo\u015b\u0107 granicz\u0105ca z pewno\u015bci\u0105, \u017ce uchwa\u0142y podejmowane przez rad\u0119 powiatu przez p\u00f3\u0142tora roku pod przewodnictwem pana Ryszarda Rozenbajgiera jako przewodnicz\u0105cego, by\u0142y podejmowane w trybie niew\u0142a\u015bciwym, tzn. niew\u0142a\u015bciwa osoba zwo\u0142ywa\u0142a sesje. Skoro tak, to sesje by\u0142y bezprawne, a skoro tak, to wszelkie uchwa\u0142y s\u0105 niewa\u017cne \u2013 m\u00f3wi\u0119 o uchwa\u0142ach bud\u017cetowych, o uchwa\u0142ach o zaci\u0105ganiu kredyt\u00f3w itd. <\/em>\u2013 m\u00f3wi starosta.<\/p>\n<p>Zdaniem starosty rada nie sk\u0142adaj\u0105c skargi kasacyjnej wyrazi\u0142aby r\u00f3wnie\u017c zgod\u0119 na \u0142amanie prawa, poniewa\u017c wyrok WSA zapad\u0142 o p\u00f3\u0142 roku za p\u00f3\u017ano ni\u017c to przewiduje ustawa.<\/p>\n<p>Na nasze spostrze\u017cenie, \u017ce Ludwik W\u0119grzyn zach\u0119ca\u0142 do za\u0142atwienia sprawy Joanny Solak \u201ena w\u0142asnym podw\u00f3rku\u201d, starosta Jacek Paj\u0105k powiedzia\u0142: <em>Mistrz autoreklamy wykorzysta ka\u017cd\u0105 okazj\u0119 do tego, \u017ceby \u2013 niewa\u017cne czy sprawiaj\u0105c wra\u017cenie powa\u017cnego, czy niepowa\u017cnego<\/em> \u2013 zrobi\u0107 ze swojej osoby centrum uwagi. <\/p>\n","protected":false},"excerpt":{"rendered":"<p>B\u0119dzie skarga kasacyjna rady powiatu boche\u0144skiego na wyrok Wojew\u00f3dzkiego S\u0105du Administracyjnego w sprawie by\u0142ej przewodnicz\u0105cej rady powiatu. <\/p>\n","protected":false},"author":4,"featured_media":0,"comment_status":"open","ping_status":"closed","sticky":false,"template":"","format":"standard","meta":{"_acf_changed":false,"footnotes":""},"categories":[5],"tags":[17136,17252,17390,1377,1376,939,17494,17174,1378,1518,17517],"class_list":["post-4373","post","type-post","status-publish","format-standard","hentry","category-biezace-wydarzenia","tag-jacek-pajak","tag-joanna-solak","tag-ludwik-wegrzyn","tag-naczelny-sad-administracyjny","tag-przewodniczacy-rady-powiatu","tag-ryszard-rozenbajgier","tag-starosta","tag-starostwo-powiatowe","tag-wojewodzki-sad-administracyjny-w-krakowie","tag-wsa","tag-wyrok"],"acf":[],"yoast_head":"<!-- This site is optimized with the Yoast SEO plugin v26.9 - https:\/\/yoast.com\/product\/yoast-seo-wordpress\/ -->\n<title>J. Paj\u0105k o L. Wegrzynie: mistrz autoreklamy - mojabochnia.pl - portal informacyjny<\/title>\n<meta name=\"robots\" content=\"index, follow, max-snippet:-1, max-image-preview:large, max-video-preview:-1\" \/>\n<link rel=\"canonical\" href=\"https:\/\/www.mojabochnia.pl\/?p=4373\" \/>\n<meta property=\"og:locale\" content=\"pl_PL\" \/>\n<meta property=\"og:type\" content=\"article\" \/>\n<meta property=\"og:title\" content=\"J. Paj\u0105k o L. Wegrzynie: mistrz autoreklamy - mojabochnia.pl - portal informacyjny\" \/>\n<meta property=\"og:description\" content=\"B\u0119dzie skarga kasacyjna rady powiatu boche\u0144skiego na wyrok Wojew\u00f3dzkiego S\u0105du Administracyjnego w sprawie by\u0142ej przewodnicz\u0105cej rady powiatu.\" \/>\n<meta property=\"og:url\" content=\"https:\/\/www.mojabochnia.pl\/?p=4373\" \/>\n<meta property=\"og:site_name\" content=\"mojabochnia.pl - portal informacyjny\" \/>\n<meta property=\"article:publisher\" content=\"https:\/\/www.facebook.com\/mojabochnia\" \/>\n<meta property=\"article:published_time\" content=\"2009-01-13T07:26:58+00:00\" \/>\n<meta name=\"author\" content=\"Pawe\u0142 Michalczyk\" \/>\n<meta name=\"twitter:card\" content=\"summary_large_image\" \/>\n<meta name=\"twitter:label1\" content=\"Written by\" \/>\n\t<meta name=\"twitter:data1\" content=\"Pawe\u0142 Michalczyk\" \/>\n\t<meta name=\"twitter:label2\" content=\"Est. reading time\" \/>\n\t<meta name=\"twitter:data2\" content=\"1 minuta\" \/>\n<script type=\"application\/ld+json\" class=\"yoast-schema-graph\">{\"@context\":\"https:\/\/schema.org\",\"@graph\":[{\"@type\":\"Article\",\"@id\":\"https:\/\/www.mojabochnia.pl\/?p=4373#article\",\"isPartOf\":{\"@id\":\"https:\/\/www.mojabochnia.pl\/?p=4373\"},\"author\":{\"name\":\"Pawe\u0142 Michalczyk\",\"@id\":\"https:\/\/www.mojabochnia.pl\/#\/schema\/person\/ea042e4724a77627963f02166828ead4\"},\"headline\":\"J. Paj\u0105k o L. Wegrzynie: mistrz autoreklamy\",\"datePublished\":\"2009-01-13T07:26:58+00:00\",\"mainEntityOfPage\":{\"@id\":\"https:\/\/www.mojabochnia.pl\/?p=4373\"},\"wordCount\":238,\"commentCount\":3,\"publisher\":{\"@id\":\"https:\/\/www.mojabochnia.pl\/#organization\"},\"keywords\":[\"jacek paj\u0105k\",\"joanna solak\",\"ludwik w\u0119grzyn\",\"Naczelny s\u0105d administracyjny\",\"przewodnicz\u0105cy rady powiatu\",\"ryszard rozenbajgier\",\"starosta\",\"starostwo powiatowe\",\"wojew\u00f3dzki s\u0105d administracyjny w krakowie\",\"WSA\",\"wyrok\"],\"articleSection\":[\"2_ostatnie\"],\"inLanguage\":\"pl-PL\",\"potentialAction\":[{\"@type\":\"CommentAction\",\"name\":\"Comment\",\"target\":[\"https:\/\/www.mojabochnia.pl\/?p=4373#respond\"]}]},{\"@type\":\"WebPage\",\"@id\":\"https:\/\/www.mojabochnia.pl\/?p=4373\",\"url\":\"https:\/\/www.mojabochnia.pl\/?p=4373\",\"name\":\"J. Paj\u0105k o L. Wegrzynie: mistrz autoreklamy - mojabochnia.pl - portal informacyjny\",\"isPartOf\":{\"@id\":\"https:\/\/www.mojabochnia.pl\/#website\"},\"datePublished\":\"2009-01-13T07:26:58+00:00\",\"breadcrumb\":{\"@id\":\"https:\/\/www.mojabochnia.pl\/?p=4373#breadcrumb\"},\"inLanguage\":\"pl-PL\",\"potentialAction\":[{\"@type\":\"ReadAction\",\"target\":[\"https:\/\/www.mojabochnia.pl\/?p=4373\"]}]},{\"@type\":\"BreadcrumbList\",\"@id\":\"https:\/\/www.mojabochnia.pl\/?p=4373#breadcrumb\",\"itemListElement\":[{\"@type\":\"ListItem\",\"position\":1,\"name\":\"Home\",\"item\":\"https:\/\/www.mojabochnia.pl\/\"},{\"@type\":\"ListItem\",\"position\":2,\"name\":\"J. Paj\u0105k o L. Wegrzynie: mistrz autoreklamy\"}]},{\"@type\":\"WebSite\",\"@id\":\"https:\/\/www.mojabochnia.pl\/#website\",\"url\":\"https:\/\/www.mojabochnia.pl\/\",\"name\":\"mojabochnia.pl - portal informacyjny\",\"description\":\"mojaBochnia to portal informacyjny o Bochni. Codziennie o Bochni piszemy i pokazujemy najwa\u017cniejsze wydarzenia\",\"publisher\":{\"@id\":\"https:\/\/www.mojabochnia.pl\/#organization\"},\"potentialAction\":[{\"@type\":\"SearchAction\",\"target\":{\"@type\":\"EntryPoint\",\"urlTemplate\":\"https:\/\/www.mojabochnia.pl\/?s={search_term_string}\"},\"query-input\":{\"@type\":\"PropertyValueSpecification\",\"valueRequired\":true,\"valueName\":\"search_term_string\"}}],\"inLanguage\":\"pl-PL\"},{\"@type\":\"Organization\",\"@id\":\"https:\/\/www.mojabochnia.pl\/#organization\",\"name\":\"mojabochnia.pl - portal informacyjny\",\"url\":\"https:\/\/www.mojabochnia.pl\/\",\"logo\":{\"@type\":\"ImageObject\",\"inLanguage\":\"pl-PL\",\"@id\":\"https:\/\/www.mojabochnia.pl\/#\/schema\/logo\/image\/\",\"url\":\"https:\/\/www.mojabochnia.pl\/wp-content\/uploads\/2017\/08\/logo-mb-opt.png\",\"contentUrl\":\"https:\/\/www.mojabochnia.pl\/wp-content\/uploads\/2017\/08\/logo-mb-opt.png\",\"width\":250,\"height\":48,\"caption\":\"mojabochnia.pl - portal informacyjny\"},\"image\":{\"@id\":\"https:\/\/www.mojabochnia.pl\/#\/schema\/logo\/image\/\"},\"sameAs\":[\"https:\/\/www.facebook.com\/mojabochnia\"]},{\"@type\":\"Person\",\"@id\":\"https:\/\/www.mojabochnia.pl\/#\/schema\/person\/ea042e4724a77627963f02166828ead4\",\"name\":\"Pawe\u0142 Michalczyk\",\"url\":\"https:\/\/www.mojabochnia.pl\/?author=4\"}]}<\/script>\n<!-- \/ Yoast SEO plugin. -->","yoast_head_json":{"title":"J. Paj\u0105k o L. Wegrzynie: mistrz autoreklamy - mojabochnia.pl - portal informacyjny","robots":{"index":"index","follow":"follow","max-snippet":"max-snippet:-1","max-image-preview":"max-image-preview:large","max-video-preview":"max-video-preview:-1"},"canonical":"https:\/\/www.mojabochnia.pl\/?p=4373","og_locale":"pl_PL","og_type":"article","og_title":"J. Paj\u0105k o L. Wegrzynie: mistrz autoreklamy - mojabochnia.pl - portal informacyjny","og_description":"B\u0119dzie skarga kasacyjna rady powiatu boche\u0144skiego na wyrok Wojew\u00f3dzkiego S\u0105du Administracyjnego w sprawie by\u0142ej przewodnicz\u0105cej rady powiatu.","og_url":"https:\/\/www.mojabochnia.pl\/?p=4373","og_site_name":"mojabochnia.pl - portal informacyjny","article_publisher":"https:\/\/www.facebook.com\/mojabochnia","article_published_time":"2009-01-13T07:26:58+00:00","author":"Pawe\u0142 Michalczyk","twitter_card":"summary_large_image","twitter_misc":{"Written by":"Pawe\u0142 Michalczyk","Est. reading time":"1 minuta"},"schema":{"@context":"https:\/\/schema.org","@graph":[{"@type":"Article","@id":"https:\/\/www.mojabochnia.pl\/?p=4373#article","isPartOf":{"@id":"https:\/\/www.mojabochnia.pl\/?p=4373"},"author":{"name":"Pawe\u0142 Michalczyk","@id":"https:\/\/www.mojabochnia.pl\/#\/schema\/person\/ea042e4724a77627963f02166828ead4"},"headline":"J. Paj\u0105k o L. Wegrzynie: mistrz autoreklamy","datePublished":"2009-01-13T07:26:58+00:00","mainEntityOfPage":{"@id":"https:\/\/www.mojabochnia.pl\/?p=4373"},"wordCount":238,"commentCount":3,"publisher":{"@id":"https:\/\/www.mojabochnia.pl\/#organization"},"keywords":["jacek paj\u0105k","joanna solak","ludwik w\u0119grzyn","Naczelny s\u0105d administracyjny","przewodnicz\u0105cy rady powiatu","ryszard rozenbajgier","starosta","starostwo powiatowe","wojew\u00f3dzki s\u0105d administracyjny w krakowie","WSA","wyrok"],"articleSection":["2_ostatnie"],"inLanguage":"pl-PL","potentialAction":[{"@type":"CommentAction","name":"Comment","target":["https:\/\/www.mojabochnia.pl\/?p=4373#respond"]}]},{"@type":"WebPage","@id":"https:\/\/www.mojabochnia.pl\/?p=4373","url":"https:\/\/www.mojabochnia.pl\/?p=4373","name":"J. Paj\u0105k o L. Wegrzynie: mistrz autoreklamy - mojabochnia.pl - portal informacyjny","isPartOf":{"@id":"https:\/\/www.mojabochnia.pl\/#website"},"datePublished":"2009-01-13T07:26:58+00:00","breadcrumb":{"@id":"https:\/\/www.mojabochnia.pl\/?p=4373#breadcrumb"},"inLanguage":"pl-PL","potentialAction":[{"@type":"ReadAction","target":["https:\/\/www.mojabochnia.pl\/?p=4373"]}]},{"@type":"BreadcrumbList","@id":"https:\/\/www.mojabochnia.pl\/?p=4373#breadcrumb","itemListElement":[{"@type":"ListItem","position":1,"name":"Home","item":"https:\/\/www.mojabochnia.pl\/"},{"@type":"ListItem","position":2,"name":"J. Paj\u0105k o L. Wegrzynie: mistrz autoreklamy"}]},{"@type":"WebSite","@id":"https:\/\/www.mojabochnia.pl\/#website","url":"https:\/\/www.mojabochnia.pl\/","name":"mojabochnia.pl - portal informacyjny","description":"mojaBochnia to portal informacyjny o Bochni. Codziennie o Bochni piszemy i pokazujemy najwa\u017cniejsze wydarzenia","publisher":{"@id":"https:\/\/www.mojabochnia.pl\/#organization"},"potentialAction":[{"@type":"SearchAction","target":{"@type":"EntryPoint","urlTemplate":"https:\/\/www.mojabochnia.pl\/?s={search_term_string}"},"query-input":{"@type":"PropertyValueSpecification","valueRequired":true,"valueName":"search_term_string"}}],"inLanguage":"pl-PL"},{"@type":"Organization","@id":"https:\/\/www.mojabochnia.pl\/#organization","name":"mojabochnia.pl - portal informacyjny","url":"https:\/\/www.mojabochnia.pl\/","logo":{"@type":"ImageObject","inLanguage":"pl-PL","@id":"https:\/\/www.mojabochnia.pl\/#\/schema\/logo\/image\/","url":"https:\/\/www.mojabochnia.pl\/wp-content\/uploads\/2017\/08\/logo-mb-opt.png","contentUrl":"https:\/\/www.mojabochnia.pl\/wp-content\/uploads\/2017\/08\/logo-mb-opt.png","width":250,"height":48,"caption":"mojabochnia.pl - portal informacyjny"},"image":{"@id":"https:\/\/www.mojabochnia.pl\/#\/schema\/logo\/image\/"},"sameAs":["https:\/\/www.facebook.com\/mojabochnia"]},{"@type":"Person","@id":"https:\/\/www.mojabochnia.pl\/#\/schema\/person\/ea042e4724a77627963f02166828ead4","name":"Pawe\u0142 Michalczyk","url":"https:\/\/www.mojabochnia.pl\/?author=4"}]}},"_links":{"self":[{"href":"https:\/\/www.mojabochnia.pl\/index.php?rest_route=\/wp\/v2\/posts\/4373","targetHints":{"allow":["GET"]}}],"collection":[{"href":"https:\/\/www.mojabochnia.pl\/index.php?rest_route=\/wp\/v2\/posts"}],"about":[{"href":"https:\/\/www.mojabochnia.pl\/index.php?rest_route=\/wp\/v2\/types\/post"}],"author":[{"embeddable":true,"href":"https:\/\/www.mojabochnia.pl\/index.php?rest_route=\/wp\/v2\/users\/4"}],"replies":[{"embeddable":true,"href":"https:\/\/www.mojabochnia.pl\/index.php?rest_route=%2Fwp%2Fv2%2Fcomments&post=4373"}],"version-history":[{"count":0,"href":"https:\/\/www.mojabochnia.pl\/index.php?rest_route=\/wp\/v2\/posts\/4373\/revisions"}],"wp:attachment":[{"href":"https:\/\/www.mojabochnia.pl\/index.php?rest_route=%2Fwp%2Fv2%2Fmedia&parent=4373"}],"wp:term":[{"taxonomy":"category","embeddable":true,"href":"https:\/\/www.mojabochnia.pl\/index.php?rest_route=%2Fwp%2Fv2%2Fcategories&post=4373"},{"taxonomy":"post_tag","embeddable":true,"href":"https:\/\/www.mojabochnia.pl\/index.php?rest_route=%2Fwp%2Fv2%2Ftags&post=4373"}],"curies":[{"name":"wp","href":"https:\/\/api.w.org\/{rel}","templated":true}]}}