{"id":4303,"date":"2009-01-09T12:42:12","date_gmt":"2009-01-09T11:42:12","guid":{"rendered":"http:\/\/www.mojabochnia.pl\/?p=4303"},"modified":"2009-01-09T12:42:12","modified_gmt":"2009-01-09T11:42:12","slug":"bocian-z-majkowic-uratowany","status":"publish","type":"post","link":"https:\/\/www.mojabochnia.pl\/?p=4303","title":{"rendered":"Bocian z Majkowic uratowany"},"content":{"rendered":"<p>Stra\u017cacy na dwukrotnie pr\u00f3bowali go z\u0142apa\u0107 przy u\u017cyciu wysuwanej drabiny, jednak bocian p\u0142oszy\u0142 si\u0119 i odlatywa\u0142. Za trzecim razem akcja ratunkowa sko\u0144czy\u0142a si\u0119 powodzeniem. \u2013 <em>M\u00f3j ojciec zrobi\u0142 gniazdo dla bocian\u00f3w 48 lat temu. Ka\u017cdego roku bociany przylatywa\u0142y. Po raz pierwszy od 48 lat bocian na zim\u0119 nie odlecia\u0142<\/em> \u2013 m\u00f3wi Barbara Jarosz.<\/p>\n<p>&#8211; <em>Bocian by\u0142 tak wyczerpany, \u017ce w okolicach k\u0142adki nad Rab\u0105 stra\u017cacy chwycili ptaka po gonitwie za nim, bo nie m\u00f3g\u0142 ju\u017c lata\u0107<\/em> \u2013 m\u00f3wi st. kpt. Miros\u0142aw Mroczek, rzecznik boche\u0144skiej stra\u017cy po\u017carnej.<\/p>\n<p>Bocian by\u0142 wyzi\u0119biony, ale og\u00f3lnie w dobrym stanie, wszyscy kt\u00f3rzy si\u0119 nim zajmowali, robili to za darmo. Teraz ptak przebywa w azylu dla bocian\u00f3w w Niwce. Zawi\u00f3z\u0142 go tam W\u0142adys\u0142aw Go\u0142\u0119biowski, so\u0142tys wsi Majkowice. Przypomnijmy, 20 lat temu inny bocian r\u00f3wnie\u017c zosta\u0142 na zim\u0119 na Boche\u0144szczy\u017anie. Zaopiekowa\u0142 si\u0119 nim w\u00f3wczas Stanis\u0142aw Odrobina, wicew\u00f3jt Gm. Drwinia. Wtedy bocian sp\u0119dzi\u0142 zim\u0119 z kurami, cz\u0119sto te\u017c bywa\u0142 w mieszkaniu gospodarzy.<\/p>\n","protected":false},"excerpt":{"rendered":"<p>Bocian z okolic Bochni, kt\u00f3ry nie odlecia\u0142 do ciep\u0142ych kraj\u00f3w, zosta\u0142 uratowany. Przypomnijmy, ptak zimowa\u0142 w Majkowicach na posesji pani Barbary Jarosz. <\/p>\n","protected":false},"author":4,"featured_media":0,"comment_status":"open","ping_status":"closed","sticky":false,"template":"","format":"standard","meta":{"_acf_changed":false,"footnotes":""},"categories":[5],"tags":[17214,704,2050,17580,17223,2134,1084,2135,17493,17387],"class_list":["post-4303","post","type-post","status-publish","format-standard","hentry","category-biezace-wydarzenia","tag-drwinia","tag-majkowice","tag-miroslaw-mroczek","tag-ptak","tag-raba","tag-stanislaw-odrobina","tag-strazacy","tag-wicewojt","tag-wojt","tag-zima"],"acf":[],"yoast_head":"<!-- This site is optimized with the Yoast SEO plugin v26.9 - https:\/\/yoast.com\/product\/yoast-seo-wordpress\/ -->\n<title>Bocian z Majkowic uratowany - mojabochnia.pl - portal informacyjny<\/title>\n<meta name=\"robots\" content=\"index, follow, max-snippet:-1, max-image-preview:large, max-video-preview:-1\" \/>\n<link rel=\"canonical\" href=\"https:\/\/www.mojabochnia.pl\/?p=4303\" \/>\n<meta property=\"og:locale\" content=\"pl_PL\" \/>\n<meta property=\"og:type\" content=\"article\" \/>\n<meta property=\"og:title\" content=\"Bocian z Majkowic uratowany - mojabochnia.pl - portal informacyjny\" \/>\n<meta property=\"og:description\" content=\"Bocian z okolic Bochni, kt\u00f3ry nie odlecia\u0142 do ciep\u0142ych kraj\u00f3w, zosta\u0142 uratowany. Przypomnijmy, ptak zimowa\u0142 w Majkowicach na posesji pani Barbary Jarosz.\" \/>\n<meta property=\"og:url\" content=\"https:\/\/www.mojabochnia.pl\/?p=4303\" \/>\n<meta property=\"og:site_name\" content=\"mojabochnia.pl - portal informacyjny\" \/>\n<meta property=\"article:publisher\" content=\"https:\/\/www.facebook.com\/mojabochnia\" \/>\n<meta property=\"article:published_time\" content=\"2009-01-09T11:42:12+00:00\" \/>\n<meta name=\"author\" content=\"Pawe\u0142 Michalczyk\" \/>\n<meta name=\"twitter:card\" content=\"summary_large_image\" \/>\n<meta name=\"twitter:label1\" content=\"Written by\" \/>\n\t<meta name=\"twitter:data1\" content=\"Pawe\u0142 Michalczyk\" \/>\n\t<meta name=\"twitter:label2\" content=\"Est. reading time\" \/>\n\t<meta name=\"twitter:data2\" content=\"1 minuta\" \/>\n<script type=\"application\/ld+json\" class=\"yoast-schema-graph\">{\"@context\":\"https:\/\/schema.org\",\"@graph\":[{\"@type\":\"Article\",\"@id\":\"https:\/\/www.mojabochnia.pl\/?p=4303#article\",\"isPartOf\":{\"@id\":\"https:\/\/www.mojabochnia.pl\/?p=4303\"},\"author\":{\"name\":\"Pawe\u0142 Michalczyk\",\"@id\":\"https:\/\/www.mojabochnia.pl\/#\/schema\/person\/ea042e4724a77627963f02166828ead4\"},\"headline\":\"Bocian z Majkowic uratowany\",\"datePublished\":\"2009-01-09T11:42:12+00:00\",\"mainEntityOfPage\":{\"@id\":\"https:\/\/www.mojabochnia.pl\/?p=4303\"},\"wordCount\":188,\"commentCount\":0,\"publisher\":{\"@id\":\"https:\/\/www.mojabochnia.pl\/#organization\"},\"keywords\":[\"Drwinia\",\"majkowice\",\"miros\u0142aw mroczek\",\"ptak\",\"raba\",\"stanis\u0142aw odrobina\",\"stra\u017cacy\",\"wicew\u00f3jt\",\"w\u00f3jt\",\"zima\"],\"articleSection\":[\"2_ostatnie\"],\"inLanguage\":\"pl-PL\",\"potentialAction\":[{\"@type\":\"CommentAction\",\"name\":\"Comment\",\"target\":[\"https:\/\/www.mojabochnia.pl\/?p=4303#respond\"]}]},{\"@type\":\"WebPage\",\"@id\":\"https:\/\/www.mojabochnia.pl\/?p=4303\",\"url\":\"https:\/\/www.mojabochnia.pl\/?p=4303\",\"name\":\"Bocian z Majkowic uratowany - mojabochnia.pl - portal informacyjny\",\"isPartOf\":{\"@id\":\"https:\/\/www.mojabochnia.pl\/#website\"},\"datePublished\":\"2009-01-09T11:42:12+00:00\",\"breadcrumb\":{\"@id\":\"https:\/\/www.mojabochnia.pl\/?p=4303#breadcrumb\"},\"inLanguage\":\"pl-PL\",\"potentialAction\":[{\"@type\":\"ReadAction\",\"target\":[\"https:\/\/www.mojabochnia.pl\/?p=4303\"]}]},{\"@type\":\"BreadcrumbList\",\"@id\":\"https:\/\/www.mojabochnia.pl\/?p=4303#breadcrumb\",\"itemListElement\":[{\"@type\":\"ListItem\",\"position\":1,\"name\":\"Home\",\"item\":\"https:\/\/www.mojabochnia.pl\/\"},{\"@type\":\"ListItem\",\"position\":2,\"name\":\"Bocian z Majkowic uratowany\"}]},{\"@type\":\"WebSite\",\"@id\":\"https:\/\/www.mojabochnia.pl\/#website\",\"url\":\"https:\/\/www.mojabochnia.pl\/\",\"name\":\"mojabochnia.pl - portal informacyjny\",\"description\":\"mojaBochnia to portal informacyjny o Bochni. Codziennie o Bochni piszemy i pokazujemy najwa\u017cniejsze wydarzenia\",\"publisher\":{\"@id\":\"https:\/\/www.mojabochnia.pl\/#organization\"},\"potentialAction\":[{\"@type\":\"SearchAction\",\"target\":{\"@type\":\"EntryPoint\",\"urlTemplate\":\"https:\/\/www.mojabochnia.pl\/?s={search_term_string}\"},\"query-input\":{\"@type\":\"PropertyValueSpecification\",\"valueRequired\":true,\"valueName\":\"search_term_string\"}}],\"inLanguage\":\"pl-PL\"},{\"@type\":\"Organization\",\"@id\":\"https:\/\/www.mojabochnia.pl\/#organization\",\"name\":\"mojabochnia.pl - portal informacyjny\",\"url\":\"https:\/\/www.mojabochnia.pl\/\",\"logo\":{\"@type\":\"ImageObject\",\"inLanguage\":\"pl-PL\",\"@id\":\"https:\/\/www.mojabochnia.pl\/#\/schema\/logo\/image\/\",\"url\":\"https:\/\/www.mojabochnia.pl\/wp-content\/uploads\/2017\/08\/logo-mb-opt.png\",\"contentUrl\":\"https:\/\/www.mojabochnia.pl\/wp-content\/uploads\/2017\/08\/logo-mb-opt.png\",\"width\":250,\"height\":48,\"caption\":\"mojabochnia.pl - portal informacyjny\"},\"image\":{\"@id\":\"https:\/\/www.mojabochnia.pl\/#\/schema\/logo\/image\/\"},\"sameAs\":[\"https:\/\/www.facebook.com\/mojabochnia\"]},{\"@type\":\"Person\",\"@id\":\"https:\/\/www.mojabochnia.pl\/#\/schema\/person\/ea042e4724a77627963f02166828ead4\",\"name\":\"Pawe\u0142 Michalczyk\",\"url\":\"https:\/\/www.mojabochnia.pl\/?author=4\"}]}<\/script>\n<!-- \/ Yoast SEO plugin. -->","yoast_head_json":{"title":"Bocian z Majkowic uratowany - mojabochnia.pl - portal informacyjny","robots":{"index":"index","follow":"follow","max-snippet":"max-snippet:-1","max-image-preview":"max-image-preview:large","max-video-preview":"max-video-preview:-1"},"canonical":"https:\/\/www.mojabochnia.pl\/?p=4303","og_locale":"pl_PL","og_type":"article","og_title":"Bocian z Majkowic uratowany - mojabochnia.pl - portal informacyjny","og_description":"Bocian z okolic Bochni, kt\u00f3ry nie odlecia\u0142 do ciep\u0142ych kraj\u00f3w, zosta\u0142 uratowany. Przypomnijmy, ptak zimowa\u0142 w Majkowicach na posesji pani Barbary Jarosz.","og_url":"https:\/\/www.mojabochnia.pl\/?p=4303","og_site_name":"mojabochnia.pl - portal informacyjny","article_publisher":"https:\/\/www.facebook.com\/mojabochnia","article_published_time":"2009-01-09T11:42:12+00:00","author":"Pawe\u0142 Michalczyk","twitter_card":"summary_large_image","twitter_misc":{"Written by":"Pawe\u0142 Michalczyk","Est. reading time":"1 minuta"},"schema":{"@context":"https:\/\/schema.org","@graph":[{"@type":"Article","@id":"https:\/\/www.mojabochnia.pl\/?p=4303#article","isPartOf":{"@id":"https:\/\/www.mojabochnia.pl\/?p=4303"},"author":{"name":"Pawe\u0142 Michalczyk","@id":"https:\/\/www.mojabochnia.pl\/#\/schema\/person\/ea042e4724a77627963f02166828ead4"},"headline":"Bocian z Majkowic uratowany","datePublished":"2009-01-09T11:42:12+00:00","mainEntityOfPage":{"@id":"https:\/\/www.mojabochnia.pl\/?p=4303"},"wordCount":188,"commentCount":0,"publisher":{"@id":"https:\/\/www.mojabochnia.pl\/#organization"},"keywords":["Drwinia","majkowice","miros\u0142aw mroczek","ptak","raba","stanis\u0142aw odrobina","stra\u017cacy","wicew\u00f3jt","w\u00f3jt","zima"],"articleSection":["2_ostatnie"],"inLanguage":"pl-PL","potentialAction":[{"@type":"CommentAction","name":"Comment","target":["https:\/\/www.mojabochnia.pl\/?p=4303#respond"]}]},{"@type":"WebPage","@id":"https:\/\/www.mojabochnia.pl\/?p=4303","url":"https:\/\/www.mojabochnia.pl\/?p=4303","name":"Bocian z Majkowic uratowany - mojabochnia.pl - portal informacyjny","isPartOf":{"@id":"https:\/\/www.mojabochnia.pl\/#website"},"datePublished":"2009-01-09T11:42:12+00:00","breadcrumb":{"@id":"https:\/\/www.mojabochnia.pl\/?p=4303#breadcrumb"},"inLanguage":"pl-PL","potentialAction":[{"@type":"ReadAction","target":["https:\/\/www.mojabochnia.pl\/?p=4303"]}]},{"@type":"BreadcrumbList","@id":"https:\/\/www.mojabochnia.pl\/?p=4303#breadcrumb","itemListElement":[{"@type":"ListItem","position":1,"name":"Home","item":"https:\/\/www.mojabochnia.pl\/"},{"@type":"ListItem","position":2,"name":"Bocian z Majkowic uratowany"}]},{"@type":"WebSite","@id":"https:\/\/www.mojabochnia.pl\/#website","url":"https:\/\/www.mojabochnia.pl\/","name":"mojabochnia.pl - portal informacyjny","description":"mojaBochnia to portal informacyjny o Bochni. Codziennie o Bochni piszemy i pokazujemy najwa\u017cniejsze wydarzenia","publisher":{"@id":"https:\/\/www.mojabochnia.pl\/#organization"},"potentialAction":[{"@type":"SearchAction","target":{"@type":"EntryPoint","urlTemplate":"https:\/\/www.mojabochnia.pl\/?s={search_term_string}"},"query-input":{"@type":"PropertyValueSpecification","valueRequired":true,"valueName":"search_term_string"}}],"inLanguage":"pl-PL"},{"@type":"Organization","@id":"https:\/\/www.mojabochnia.pl\/#organization","name":"mojabochnia.pl - portal informacyjny","url":"https:\/\/www.mojabochnia.pl\/","logo":{"@type":"ImageObject","inLanguage":"pl-PL","@id":"https:\/\/www.mojabochnia.pl\/#\/schema\/logo\/image\/","url":"https:\/\/www.mojabochnia.pl\/wp-content\/uploads\/2017\/08\/logo-mb-opt.png","contentUrl":"https:\/\/www.mojabochnia.pl\/wp-content\/uploads\/2017\/08\/logo-mb-opt.png","width":250,"height":48,"caption":"mojabochnia.pl - portal informacyjny"},"image":{"@id":"https:\/\/www.mojabochnia.pl\/#\/schema\/logo\/image\/"},"sameAs":["https:\/\/www.facebook.com\/mojabochnia"]},{"@type":"Person","@id":"https:\/\/www.mojabochnia.pl\/#\/schema\/person\/ea042e4724a77627963f02166828ead4","name":"Pawe\u0142 Michalczyk","url":"https:\/\/www.mojabochnia.pl\/?author=4"}]}},"_links":{"self":[{"href":"https:\/\/www.mojabochnia.pl\/index.php?rest_route=\/wp\/v2\/posts\/4303","targetHints":{"allow":["GET"]}}],"collection":[{"href":"https:\/\/www.mojabochnia.pl\/index.php?rest_route=\/wp\/v2\/posts"}],"about":[{"href":"https:\/\/www.mojabochnia.pl\/index.php?rest_route=\/wp\/v2\/types\/post"}],"author":[{"embeddable":true,"href":"https:\/\/www.mojabochnia.pl\/index.php?rest_route=\/wp\/v2\/users\/4"}],"replies":[{"embeddable":true,"href":"https:\/\/www.mojabochnia.pl\/index.php?rest_route=%2Fwp%2Fv2%2Fcomments&post=4303"}],"version-history":[{"count":0,"href":"https:\/\/www.mojabochnia.pl\/index.php?rest_route=\/wp\/v2\/posts\/4303\/revisions"}],"wp:attachment":[{"href":"https:\/\/www.mojabochnia.pl\/index.php?rest_route=%2Fwp%2Fv2%2Fmedia&parent=4303"}],"wp:term":[{"taxonomy":"category","embeddable":true,"href":"https:\/\/www.mojabochnia.pl\/index.php?rest_route=%2Fwp%2Fv2%2Fcategories&post=4303"},{"taxonomy":"post_tag","embeddable":true,"href":"https:\/\/www.mojabochnia.pl\/index.php?rest_route=%2Fwp%2Fv2%2Ftags&post=4303"}],"curies":[{"name":"wp","href":"https:\/\/api.w.org\/{rel}","templated":true}]}}