{"id":42956,"date":"2011-01-26T12:52:17","date_gmt":"2011-01-26T11:52:17","guid":{"rendered":"http:\/\/www.mojabochnia.pl\/?p=42956"},"modified":"2011-01-26T13:45:53","modified_gmt":"2011-01-26T12:45:53","slug":"ef-plyta-bochenskich-krafcow-od-jutra-w-sklepach","status":"publish","type":"post","link":"https:\/\/www.mojabochnia.pl\/?p=42956","title":{"rendered":"&#8222;eF&#8221; &#8211; p\u0142yta boche\u0144skich Krafc\u00f3w od jutra na rynku"},"content":{"rendered":"<p>Debiutancka p\u0142yta Krafc\u00f3w powstawa\u0142a etapami przez sze\u015b\u0107 miesi\u0119cy w \u0142\u00f3dzkim TonnStudio. &#8211; <em>O wyborze studia nagra\u0144 zadecydowa\u0142o kilka czynnik\u00f3w: cena, jako\u015b\u0107 studia, do\u015bwiadczenie i dobra relacja z w\u0142a\u015bcicielem a jednocze\u015bnie re\u017cyserem d\u017awi\u0119ku. Poza tym chcieli\u015bmy si\u0119 wyrwa\u0107 na par\u0119 tygodni z &#8222;kombinat\u00f3w&#8221; gdzie pracujemy i mie\u0107 mo\u017cliwo\u015b\u0107 skupienia si\u0119 tylko na muzyce i wieczornych integracjach zespo\u0142u<\/em> &#8211; m\u00f3wi perkusista Krafc\u00f3w, S\u0142awek Puka.<\/p>\n<p>Efekty tej &#8222;integracji&#8221; od jutra b\u0119dzie mo\u017cna wzi\u0105\u0107 do r\u0119ki i przes\u0142ucha\u0107 na w\u0142asnym odtwarzaczu. 12 piosenek znajduj\u0105cych si\u0119 na &#8222;eF&#8221; to mieszanka smak\u00f3w muzycznych cz\u0142onk\u00f3w zespo\u0142u oscyluj\u0105cych wok\u00f3\u0142 popu, funku i rocka.<\/p>\n<p>P\u0142yt\u0119 ju\u017c od jutra b\u0119dzie mo\u017cna naby\u0107 za po\u015brednictwem wydawcy na stronie interenetowej <a onclick=\"javascript:pageTracker._trackPageview('\/outgoing\/www.megatotal.pl\/megatunes\/krafcy-ef.html');\"  href=\"http:\/\/www.megatotal.pl\/megatunes\/krafcy-ef.html \">Megatunes<\/a>. <\/p>\n<p>Kolejn\u0105 okazj\u0105 by kupi\u0107 kr\u0105\u017cek (w cenie 25 z\u0142) s\u0105 koncerty zespo\u0142u. Najbli\u017cszy &#8211; ju\u017c w niedziel\u0119 30 stycznia w krakowskim klubie Lizard King (ul. \u015awi\u0119tego Tomasz 11). &#8211; <em>Podczas koncertu zaprezentujemy wszystkie piosenki z albumu w nieco odmiennych wersjach<\/em> &#8211; zapowiadaj\u0105 Krafcy. Pocz\u0105tek o godzinie 21.00. Jak m\u00f3wi Robert Laska, gitarzysta zespo\u0142u &#8211; w planach na najbli\u017cszy czas jest r\u00f3wnie\u017c koncert zespo\u0142u w Bochni.<\/p>\n<p>Przypomnijmy jeszcze, ze \u017ce p\u0142yta Krafc\u00f3w wydana zosta\u0142a z pomoc\u0105 ca\u0142ej rzeszy inwestor\u00f3w, kt\u00f3rzy wspierali zesp\u00f3\u0142 finansowo za po\u015brednictwem portalu megatotal.pl. Gdy utwory by\u0142y ju\u017c nagrane, zesp\u00f3\u0142 postanowi\u0142 aby fani w\u0142a\u015bnie wybrali singiel promuj\u0105cy p\u0142yt\u0119. Decyzj\u0105 g\u0142osuj\u0105cych w ankiecie zwyci\u0119\u017cy\u0142a piosenka \u201eBez znieczulenia\u201d, kt\u00f3ra na kr\u0105\u017cku znalaz\u0142a si\u0119 wraz z 4 remiksami.<\/p>\n<p><a onclick=\"javascript:pageTracker._trackPageview('\/outgoing\/www.myspace.com\/krafcy\/music\/songs\/bez-znieczulenia-orginal-version-2010-79122938');\"  href=\"http:\/\/www.myspace.com\/krafcy\/music\/songs\/bez-znieczulenia-orginal-version-2010-79122938\">Pos\u0142uchaj &#8222;Bez znieczulenia&#8221;<\/a><\/p>\n","protected":false},"excerpt":{"rendered":"<p>Ju\u017c jutro premiera pierwszej p\u0142yty boche\u0144skiego zespo\u0142u Krafcy na polskim rynku muzycznym. Pierwszy koncert promuj\u0105cy nowe wydawnictwo odb\u0119dzie si\u0119 w najbli\u017csz\u0105 niedziel\u0119 w krakowskim klubie Lizard King. <\/p>\n","protected":false},"author":25,"featured_media":0,"comment_status":"open","ping_status":"closed","sticky":false,"template":"","format":"standard","meta":{"_acf_changed":false,"footnotes":""},"categories":[5,92,6250],"tags":[8274,8273,17108,17385,17135,17123,1410,8275,8276,7614,2553],"class_list":["post-42956","post","type-post","status-publish","format-standard","hentry","category-biezace-wydarzenia","category-kultura","category-tematyka","tag-bez-znieczulenia","tag-ef","tag-koncert","tag-krafcy","tag-kultura","tag-muzyka","tag-plyta","tag-robert-laska","tag-siengiel","tag-slawek-puka","tag-zespol"],"acf":[],"yoast_head":"<!-- This site is optimized with the Yoast SEO plugin v26.9 - https:\/\/yoast.com\/product\/yoast-seo-wordpress\/ -->\n<title>&quot;eF&quot; - p\u0142yta boche\u0144skich Krafc\u00f3w od jutra na rynku - mojabochnia.pl - portal informacyjny<\/title>\n<meta name=\"robots\" content=\"index, follow, max-snippet:-1, max-image-preview:large, max-video-preview:-1\" \/>\n<link rel=\"canonical\" href=\"https:\/\/www.mojabochnia.pl\/?p=42956\" \/>\n<meta property=\"og:locale\" content=\"pl_PL\" \/>\n<meta property=\"og:type\" content=\"article\" \/>\n<meta property=\"og:title\" content=\"&quot;eF&quot; - p\u0142yta boche\u0144skich Krafc\u00f3w od jutra na rynku - mojabochnia.pl - portal informacyjny\" \/>\n<meta property=\"og:description\" content=\"Ju\u017c jutro premiera pierwszej p\u0142yty boche\u0144skiego zespo\u0142u Krafcy na polskim rynku muzycznym. Pierwszy koncert promuj\u0105cy nowe wydawnictwo odb\u0119dzie si\u0119 w najbli\u017csz\u0105 niedziel\u0119 w krakowskim klubie Lizard King.\" \/>\n<meta property=\"og:url\" content=\"https:\/\/www.mojabochnia.pl\/?p=42956\" \/>\n<meta property=\"og:site_name\" content=\"mojabochnia.pl - portal informacyjny\" \/>\n<meta property=\"article:publisher\" content=\"https:\/\/www.facebook.com\/mojabochnia\" \/>\n<meta property=\"article:published_time\" content=\"2011-01-26T11:52:17+00:00\" \/>\n<meta property=\"article:modified_time\" content=\"2011-01-26T12:45:53+00:00\" \/>\n<meta name=\"author\" content=\"Weronika Kucharska\" \/>\n<meta name=\"twitter:card\" content=\"summary_large_image\" \/>\n<meta name=\"twitter:label1\" content=\"Written by\" \/>\n\t<meta name=\"twitter:data1\" content=\"Weronika Kucharska\" \/>\n\t<meta name=\"twitter:label2\" content=\"Est. reading time\" \/>\n\t<meta name=\"twitter:data2\" content=\"1 minuta\" \/>\n<script type=\"application\/ld+json\" class=\"yoast-schema-graph\">{\"@context\":\"https:\/\/schema.org\",\"@graph\":[{\"@type\":\"Article\",\"@id\":\"https:\/\/www.mojabochnia.pl\/?p=42956#article\",\"isPartOf\":{\"@id\":\"https:\/\/www.mojabochnia.pl\/?p=42956\"},\"author\":{\"name\":\"Weronika Kucharska\",\"@id\":\"https:\/\/www.mojabochnia.pl\/#\/schema\/person\/8515edb0b31efb661d6df7949969c0ff\"},\"headline\":\"&#8222;eF&#8221; &#8211; p\u0142yta boche\u0144skich Krafc\u00f3w od jutra na rynku\",\"datePublished\":\"2011-01-26T11:52:17+00:00\",\"dateModified\":\"2011-01-26T12:45:53+00:00\",\"mainEntityOfPage\":{\"@id\":\"https:\/\/www.mojabochnia.pl\/?p=42956\"},\"wordCount\":301,\"commentCount\":0,\"publisher\":{\"@id\":\"https:\/\/www.mojabochnia.pl\/#organization\"},\"keywords\":[\"bez znieczulenia\",\"eF\",\"koncert\",\"krafcy\",\"kultura\",\"muzyka\",\"p\u0142yta\",\"robert laska\",\"siengiel\",\"s\u0142awek puka\",\"zesp\u00f3\u0142\"],\"articleSection\":[\"2_ostatnie\",\"kultura\",\"tematyka\"],\"inLanguage\":\"pl-PL\",\"potentialAction\":[{\"@type\":\"CommentAction\",\"name\":\"Comment\",\"target\":[\"https:\/\/www.mojabochnia.pl\/?p=42956#respond\"]}]},{\"@type\":\"WebPage\",\"@id\":\"https:\/\/www.mojabochnia.pl\/?p=42956\",\"url\":\"https:\/\/www.mojabochnia.pl\/?p=42956\",\"name\":\"\\\"eF\\\" - p\u0142yta boche\u0144skich Krafc\u00f3w od jutra na rynku - mojabochnia.pl - portal informacyjny\",\"isPartOf\":{\"@id\":\"https:\/\/www.mojabochnia.pl\/#website\"},\"datePublished\":\"2011-01-26T11:52:17+00:00\",\"dateModified\":\"2011-01-26T12:45:53+00:00\",\"breadcrumb\":{\"@id\":\"https:\/\/www.mojabochnia.pl\/?p=42956#breadcrumb\"},\"inLanguage\":\"pl-PL\",\"potentialAction\":[{\"@type\":\"ReadAction\",\"target\":[\"https:\/\/www.mojabochnia.pl\/?p=42956\"]}]},{\"@type\":\"BreadcrumbList\",\"@id\":\"https:\/\/www.mojabochnia.pl\/?p=42956#breadcrumb\",\"itemListElement\":[{\"@type\":\"ListItem\",\"position\":1,\"name\":\"Home\",\"item\":\"https:\/\/www.mojabochnia.pl\/\"},{\"@type\":\"ListItem\",\"position\":2,\"name\":\"&#8222;eF&#8221; &#8211; p\u0142yta boche\u0144skich Krafc\u00f3w od jutra na rynku\"}]},{\"@type\":\"WebSite\",\"@id\":\"https:\/\/www.mojabochnia.pl\/#website\",\"url\":\"https:\/\/www.mojabochnia.pl\/\",\"name\":\"mojabochnia.pl - portal informacyjny\",\"description\":\"mojaBochnia to portal informacyjny o Bochni. Codziennie o Bochni piszemy i pokazujemy najwa\u017cniejsze wydarzenia\",\"publisher\":{\"@id\":\"https:\/\/www.mojabochnia.pl\/#organization\"},\"potentialAction\":[{\"@type\":\"SearchAction\",\"target\":{\"@type\":\"EntryPoint\",\"urlTemplate\":\"https:\/\/www.mojabochnia.pl\/?s={search_term_string}\"},\"query-input\":{\"@type\":\"PropertyValueSpecification\",\"valueRequired\":true,\"valueName\":\"search_term_string\"}}],\"inLanguage\":\"pl-PL\"},{\"@type\":\"Organization\",\"@id\":\"https:\/\/www.mojabochnia.pl\/#organization\",\"name\":\"mojabochnia.pl - portal informacyjny\",\"url\":\"https:\/\/www.mojabochnia.pl\/\",\"logo\":{\"@type\":\"ImageObject\",\"inLanguage\":\"pl-PL\",\"@id\":\"https:\/\/www.mojabochnia.pl\/#\/schema\/logo\/image\/\",\"url\":\"https:\/\/www.mojabochnia.pl\/wp-content\/uploads\/2017\/08\/logo-mb-opt.png\",\"contentUrl\":\"https:\/\/www.mojabochnia.pl\/wp-content\/uploads\/2017\/08\/logo-mb-opt.png\",\"width\":250,\"height\":48,\"caption\":\"mojabochnia.pl - portal informacyjny\"},\"image\":{\"@id\":\"https:\/\/www.mojabochnia.pl\/#\/schema\/logo\/image\/\"},\"sameAs\":[\"https:\/\/www.facebook.com\/mojabochnia\"]},{\"@type\":\"Person\",\"@id\":\"https:\/\/www.mojabochnia.pl\/#\/schema\/person\/8515edb0b31efb661d6df7949969c0ff\",\"name\":\"Weronika Kucharska\",\"url\":\"https:\/\/www.mojabochnia.pl\/?author=25\"}]}<\/script>\n<!-- \/ Yoast SEO plugin. -->","yoast_head_json":{"title":"\"eF\" - p\u0142yta boche\u0144skich Krafc\u00f3w od jutra na rynku - mojabochnia.pl - portal informacyjny","robots":{"index":"index","follow":"follow","max-snippet":"max-snippet:-1","max-image-preview":"max-image-preview:large","max-video-preview":"max-video-preview:-1"},"canonical":"https:\/\/www.mojabochnia.pl\/?p=42956","og_locale":"pl_PL","og_type":"article","og_title":"\"eF\" - p\u0142yta boche\u0144skich Krafc\u00f3w od jutra na rynku - mojabochnia.pl - portal informacyjny","og_description":"Ju\u017c jutro premiera pierwszej p\u0142yty boche\u0144skiego zespo\u0142u Krafcy na polskim rynku muzycznym. Pierwszy koncert promuj\u0105cy nowe wydawnictwo odb\u0119dzie si\u0119 w najbli\u017csz\u0105 niedziel\u0119 w krakowskim klubie Lizard King.","og_url":"https:\/\/www.mojabochnia.pl\/?p=42956","og_site_name":"mojabochnia.pl - portal informacyjny","article_publisher":"https:\/\/www.facebook.com\/mojabochnia","article_published_time":"2011-01-26T11:52:17+00:00","article_modified_time":"2011-01-26T12:45:53+00:00","author":"Weronika Kucharska","twitter_card":"summary_large_image","twitter_misc":{"Written by":"Weronika Kucharska","Est. reading time":"1 minuta"},"schema":{"@context":"https:\/\/schema.org","@graph":[{"@type":"Article","@id":"https:\/\/www.mojabochnia.pl\/?p=42956#article","isPartOf":{"@id":"https:\/\/www.mojabochnia.pl\/?p=42956"},"author":{"name":"Weronika Kucharska","@id":"https:\/\/www.mojabochnia.pl\/#\/schema\/person\/8515edb0b31efb661d6df7949969c0ff"},"headline":"&#8222;eF&#8221; &#8211; p\u0142yta boche\u0144skich Krafc\u00f3w od jutra na rynku","datePublished":"2011-01-26T11:52:17+00:00","dateModified":"2011-01-26T12:45:53+00:00","mainEntityOfPage":{"@id":"https:\/\/www.mojabochnia.pl\/?p=42956"},"wordCount":301,"commentCount":0,"publisher":{"@id":"https:\/\/www.mojabochnia.pl\/#organization"},"keywords":["bez znieczulenia","eF","koncert","krafcy","kultura","muzyka","p\u0142yta","robert laska","siengiel","s\u0142awek puka","zesp\u00f3\u0142"],"articleSection":["2_ostatnie","kultura","tematyka"],"inLanguage":"pl-PL","potentialAction":[{"@type":"CommentAction","name":"Comment","target":["https:\/\/www.mojabochnia.pl\/?p=42956#respond"]}]},{"@type":"WebPage","@id":"https:\/\/www.mojabochnia.pl\/?p=42956","url":"https:\/\/www.mojabochnia.pl\/?p=42956","name":"\"eF\" - p\u0142yta boche\u0144skich Krafc\u00f3w od jutra na rynku - mojabochnia.pl - portal informacyjny","isPartOf":{"@id":"https:\/\/www.mojabochnia.pl\/#website"},"datePublished":"2011-01-26T11:52:17+00:00","dateModified":"2011-01-26T12:45:53+00:00","breadcrumb":{"@id":"https:\/\/www.mojabochnia.pl\/?p=42956#breadcrumb"},"inLanguage":"pl-PL","potentialAction":[{"@type":"ReadAction","target":["https:\/\/www.mojabochnia.pl\/?p=42956"]}]},{"@type":"BreadcrumbList","@id":"https:\/\/www.mojabochnia.pl\/?p=42956#breadcrumb","itemListElement":[{"@type":"ListItem","position":1,"name":"Home","item":"https:\/\/www.mojabochnia.pl\/"},{"@type":"ListItem","position":2,"name":"&#8222;eF&#8221; &#8211; p\u0142yta boche\u0144skich Krafc\u00f3w od jutra na rynku"}]},{"@type":"WebSite","@id":"https:\/\/www.mojabochnia.pl\/#website","url":"https:\/\/www.mojabochnia.pl\/","name":"mojabochnia.pl - portal informacyjny","description":"mojaBochnia to portal informacyjny o Bochni. Codziennie o Bochni piszemy i pokazujemy najwa\u017cniejsze wydarzenia","publisher":{"@id":"https:\/\/www.mojabochnia.pl\/#organization"},"potentialAction":[{"@type":"SearchAction","target":{"@type":"EntryPoint","urlTemplate":"https:\/\/www.mojabochnia.pl\/?s={search_term_string}"},"query-input":{"@type":"PropertyValueSpecification","valueRequired":true,"valueName":"search_term_string"}}],"inLanguage":"pl-PL"},{"@type":"Organization","@id":"https:\/\/www.mojabochnia.pl\/#organization","name":"mojabochnia.pl - portal informacyjny","url":"https:\/\/www.mojabochnia.pl\/","logo":{"@type":"ImageObject","inLanguage":"pl-PL","@id":"https:\/\/www.mojabochnia.pl\/#\/schema\/logo\/image\/","url":"https:\/\/www.mojabochnia.pl\/wp-content\/uploads\/2017\/08\/logo-mb-opt.png","contentUrl":"https:\/\/www.mojabochnia.pl\/wp-content\/uploads\/2017\/08\/logo-mb-opt.png","width":250,"height":48,"caption":"mojabochnia.pl - portal informacyjny"},"image":{"@id":"https:\/\/www.mojabochnia.pl\/#\/schema\/logo\/image\/"},"sameAs":["https:\/\/www.facebook.com\/mojabochnia"]},{"@type":"Person","@id":"https:\/\/www.mojabochnia.pl\/#\/schema\/person\/8515edb0b31efb661d6df7949969c0ff","name":"Weronika Kucharska","url":"https:\/\/www.mojabochnia.pl\/?author=25"}]}},"_links":{"self":[{"href":"https:\/\/www.mojabochnia.pl\/index.php?rest_route=\/wp\/v2\/posts\/42956","targetHints":{"allow":["GET"]}}],"collection":[{"href":"https:\/\/www.mojabochnia.pl\/index.php?rest_route=\/wp\/v2\/posts"}],"about":[{"href":"https:\/\/www.mojabochnia.pl\/index.php?rest_route=\/wp\/v2\/types\/post"}],"author":[{"embeddable":true,"href":"https:\/\/www.mojabochnia.pl\/index.php?rest_route=\/wp\/v2\/users\/25"}],"replies":[{"embeddable":true,"href":"https:\/\/www.mojabochnia.pl\/index.php?rest_route=%2Fwp%2Fv2%2Fcomments&post=42956"}],"version-history":[{"count":5,"href":"https:\/\/www.mojabochnia.pl\/index.php?rest_route=\/wp\/v2\/posts\/42956\/revisions"}],"predecessor-version":[{"id":42963,"href":"https:\/\/www.mojabochnia.pl\/index.php?rest_route=\/wp\/v2\/posts\/42956\/revisions\/42963"}],"wp:attachment":[{"href":"https:\/\/www.mojabochnia.pl\/index.php?rest_route=%2Fwp%2Fv2%2Fmedia&parent=42956"}],"wp:term":[{"taxonomy":"category","embeddable":true,"href":"https:\/\/www.mojabochnia.pl\/index.php?rest_route=%2Fwp%2Fv2%2Fcategories&post=42956"},{"taxonomy":"post_tag","embeddable":true,"href":"https:\/\/www.mojabochnia.pl\/index.php?rest_route=%2Fwp%2Fv2%2Ftags&post=42956"}],"curies":[{"name":"wp","href":"https:\/\/api.w.org\/{rel}","templated":true}]}}