{"id":4295,"date":"2009-01-09T11:57:23","date_gmt":"2009-01-09T10:57:23","guid":{"rendered":"http:\/\/www.mojabochnia.pl\/?p=4295"},"modified":"2009-01-09T13:15:08","modified_gmt":"2009-01-09T12:15:08","slug":"w-laskowej-narciarze-szaleja","status":"publish","type":"post","link":"https:\/\/www.mojabochnia.pl\/?p=4295","title":{"rendered":"W Laskowej narciarze szalej\u0105&#8230;"},"content":{"rendered":"<p>Jak poinformowali nas pracownicy stacji narciarskiej Laskowa, warunki narciarskie na stoku s\u0105 bardzo dobre. Szczeg\u00f3lnie du\u017co narciarzy odwiedza stok w dni wolne od pracy oraz w godzinach wieczorno &#8211; popo\u0142udniowych. Stacja czynna codziennie od 9.00 do 21.00<\/p>\n<p>W\u0142a\u015bciciele stacji poinformowali nas tak\u017ce, i\u017c ostatnie miesi\u0105ce to okres wyt\u0119\u017conych prac nad infrastruktur\u0105 stacji. Najwi\u0119cej pracy poch\u0142on\u0119\u0142a modernizacja g\u00f3rnej cz\u0119\u015bci stoku. <\/p>\n<p>W\u0142a\u015bciciele stacji zdecydowali si\u0119 na zmodyfikowanie i przeniesienie wyci\u0105gu talerzykowego Stokfisz w miejsce Hutniczego, co pozwoli na bardziej p\u0142ynn\u0105 obs\u0142ug\u0119 najm\u0142odszych narciarzy w tej cz\u0119\u015bci stoku. Przeniesienie wyci\u0105gu Stokfisz pozwoli\u0142o tak\u017ce na zdecydowane poszerzenie trasy zjazdowej, co b\u0119dzie mia\u0142o wymierny wp\u0142yw na popraw\u0119 przepustowo\u015bci, bezpiecze\u0144stwa i komfortu jazdy po trasach narciarskich w Laskowej. <\/p>\n<p>Cz\u0119\u015b\u0107 narciarzy na pewno ucieszy fakt, i\u017c trasa zosta\u0142a r\u00f3wnie\u017c przeprofilowana w taki spos\u00f3b, aby najbardziej do\u015bwiadczeni mogli uzyska\u0107 wi\u0119ksz\u0105 pr\u0119dko\u015b\u0107 zjazdow\u0105. Warto te\u017c wspomnie\u0107 o modernizacji drogi dojazdowej stacji, kt\u00f3ra na ca\u0142ym odcinku zosta\u0142a pokryta asfaltem oraz zdecydowanym powi\u0119kszeniu parkingu za hotelem \u201eTrawers\u201d. (w sumie parking obecnie przyjmie do 800 samochod\u00f3w)<\/p>\n<p>Ceny za zjazdy nie s\u0105 wyg\u00f3rowane. Najbardziej jednak op\u0142aca si\u0119 wykupienie karnet\u00f3w czasowych (cena od 40 z\u0142) zw\u0142aszcza karnet\u00f3w wielodniowych (cena od 130 z\u0142). Warto doda\u0107, i\u017c istnieje tak\u017ce specjalna oferta karnet\u00f3w grupowych: dla grup zorganizowanych szkolnych i m\u0142odzie\u017cowych (minimum 25 os\u00f3b) cena karnet\u00f3w od 30 z\u0142.<\/p>\n<p><img decoding=\"async\" src=\"http:\/\/mojabochnia.pl\/f\/2009\/01\/laskowa_01.jpg\"\/><br \/>\n<img decoding=\"async\" src=\"http:\/\/mojabochnia.pl\/f\/2009\/01\/laskowa_02.jpg\"\/><br \/>\n<img decoding=\"async\" src=\"http:\/\/mojabochnia.pl\/f\/2009\/01\/laskowa_03.jpg\"\/><br \/>\n<img decoding=\"async\" src=\"http:\/\/mojabochnia.pl\/f\/2009\/01\/laskowa_04.jpg\"\/><br \/>\n<img decoding=\"async\" src=\"http:\/\/mojabochnia.pl\/f\/2009\/01\/laskowa_05.jpg\"\/><br \/>\n<img decoding=\"async\" src=\"http:\/\/mojabochnia.pl\/f\/2009\/01\/laskowa_07.jpg\"\/><br \/>\n<img decoding=\"async\" src=\"http:\/\/mojabochnia.pl\/f\/2009\/01\/laskowa_08.jpg\"\/><br \/>\n<img decoding=\"async\" src=\"http:\/\/mojabochnia.pl\/f\/2009\/01\/laskowa_09.jpg\"\/><br \/>\n<img decoding=\"async\" src=\"http:\/\/mojabochnia.pl\/f\/2009\/01\/laskowa_10.jpg\"\/><br \/>\n<img decoding=\"async\" src=\"http:\/\/mojabochnia.pl\/f\/2009\/01\/laskowa_11.jpg\"\/><br \/>\n<img decoding=\"async\" src=\"http:\/\/mojabochnia.pl\/f\/2009\/01\/laskowa_12.jpg\"\/><br \/>\n<img decoding=\"async\" src=\"http:\/\/mojabochnia.pl\/f\/2009\/01\/laskowa_03.jpg\"\/><\/p>\n","protected":false},"excerpt":{"rendered":"<p>Szczeg\u00f3lnie du\u017co narciarzy odwiedza stok w dni wolne od pracy oraz w godzinach wieczorno &#8211; popo\u0142udniowych. Stacja czynna codziennie od 9:00 do 21.00<\/p>\n","protected":false},"author":9,"featured_media":0,"comment_status":"open","ping_status":"closed","sticky":false,"template":"","format":"standard","meta":{"_acf_changed":false,"footnotes":""},"categories":[11,29],"tags":[17462,17461,678],"class_list":["post-4295","post","type-post","status-publish","format-standard","hentry","category-top-temat","category-sport","tag-laskowa","tag-narty","tag-wyciag-narciarski"],"acf":[],"yoast_head":"<!-- This site is optimized with the Yoast SEO plugin v26.9 - https:\/\/yoast.com\/product\/yoast-seo-wordpress\/ -->\n<title>W Laskowej narciarze szalej\u0105... - mojabochnia.pl - portal informacyjny<\/title>\n<meta name=\"robots\" content=\"index, follow, max-snippet:-1, max-image-preview:large, max-video-preview:-1\" \/>\n<link rel=\"canonical\" href=\"https:\/\/www.mojabochnia.pl\/?p=4295\" \/>\n<meta property=\"og:locale\" content=\"pl_PL\" \/>\n<meta property=\"og:type\" content=\"article\" \/>\n<meta property=\"og:title\" content=\"W Laskowej narciarze szalej\u0105... - mojabochnia.pl - portal informacyjny\" \/>\n<meta property=\"og:description\" content=\"Szczeg\u00f3lnie du\u017co narciarzy odwiedza stok w dni wolne od pracy oraz w godzinach wieczorno - popo\u0142udniowych. Stacja czynna codziennie od 9:00 do 21.00\" \/>\n<meta property=\"og:url\" content=\"https:\/\/www.mojabochnia.pl\/?p=4295\" \/>\n<meta property=\"og:site_name\" content=\"mojabochnia.pl - portal informacyjny\" \/>\n<meta property=\"article:publisher\" content=\"https:\/\/www.facebook.com\/mojabochnia\" \/>\n<meta property=\"article:published_time\" content=\"2009-01-09T10:57:23+00:00\" \/>\n<meta property=\"article:modified_time\" content=\"2009-01-09T12:15:08+00:00\" \/>\n<meta property=\"og:image\" content=\"http:\/\/mojabochnia.pl\/f\/2009\/01\/laskowa_01.jpg\" \/>\n<meta name=\"author\" content=\"Aleksander Rzepecki\" \/>\n<meta name=\"twitter:card\" content=\"summary_large_image\" \/>\n<meta name=\"twitter:label1\" content=\"Written by\" \/>\n\t<meta name=\"twitter:data1\" content=\"Aleksander Rzepecki\" \/>\n\t<meta name=\"twitter:label2\" content=\"Est. reading time\" \/>\n\t<meta name=\"twitter:data2\" content=\"1 minuta\" \/>\n<script type=\"application\/ld+json\" class=\"yoast-schema-graph\">{\"@context\":\"https:\/\/schema.org\",\"@graph\":[{\"@type\":\"Article\",\"@id\":\"https:\/\/www.mojabochnia.pl\/?p=4295#article\",\"isPartOf\":{\"@id\":\"https:\/\/www.mojabochnia.pl\/?p=4295\"},\"author\":{\"name\":\"Aleksander Rzepecki\",\"@id\":\"https:\/\/www.mojabochnia.pl\/#\/schema\/person\/6cc2563b6df80713ce6940e6ed184c6c\"},\"headline\":\"W Laskowej narciarze szalej\u0105&#8230;\",\"datePublished\":\"2009-01-09T10:57:23+00:00\",\"dateModified\":\"2009-01-09T12:15:08+00:00\",\"mainEntityOfPage\":{\"@id\":\"https:\/\/www.mojabochnia.pl\/?p=4295\"},\"wordCount\":258,\"commentCount\":6,\"publisher\":{\"@id\":\"https:\/\/www.mojabochnia.pl\/#organization\"},\"image\":{\"@id\":\"https:\/\/www.mojabochnia.pl\/?p=4295#primaryimage\"},\"thumbnailUrl\":\"http:\/\/mojabochnia.pl\/f\/2009\/01\/laskowa_01.jpg\",\"keywords\":[\"laskowa\",\"narty\",\"wyci\u0105g narciarski\"],\"articleSection\":[\"3_w centrum uwagi\",\"sport\"],\"inLanguage\":\"pl-PL\",\"potentialAction\":[{\"@type\":\"CommentAction\",\"name\":\"Comment\",\"target\":[\"https:\/\/www.mojabochnia.pl\/?p=4295#respond\"]}]},{\"@type\":\"WebPage\",\"@id\":\"https:\/\/www.mojabochnia.pl\/?p=4295\",\"url\":\"https:\/\/www.mojabochnia.pl\/?p=4295\",\"name\":\"W Laskowej narciarze szalej\u0105... - mojabochnia.pl - portal informacyjny\",\"isPartOf\":{\"@id\":\"https:\/\/www.mojabochnia.pl\/#website\"},\"primaryImageOfPage\":{\"@id\":\"https:\/\/www.mojabochnia.pl\/?p=4295#primaryimage\"},\"image\":{\"@id\":\"https:\/\/www.mojabochnia.pl\/?p=4295#primaryimage\"},\"thumbnailUrl\":\"http:\/\/mojabochnia.pl\/f\/2009\/01\/laskowa_01.jpg\",\"datePublished\":\"2009-01-09T10:57:23+00:00\",\"dateModified\":\"2009-01-09T12:15:08+00:00\",\"breadcrumb\":{\"@id\":\"https:\/\/www.mojabochnia.pl\/?p=4295#breadcrumb\"},\"inLanguage\":\"pl-PL\",\"potentialAction\":[{\"@type\":\"ReadAction\",\"target\":[\"https:\/\/www.mojabochnia.pl\/?p=4295\"]}]},{\"@type\":\"ImageObject\",\"inLanguage\":\"pl-PL\",\"@id\":\"https:\/\/www.mojabochnia.pl\/?p=4295#primaryimage\",\"url\":\"http:\/\/mojabochnia.pl\/f\/2009\/01\/laskowa_01.jpg\",\"contentUrl\":\"http:\/\/mojabochnia.pl\/f\/2009\/01\/laskowa_01.jpg\"},{\"@type\":\"BreadcrumbList\",\"@id\":\"https:\/\/www.mojabochnia.pl\/?p=4295#breadcrumb\",\"itemListElement\":[{\"@type\":\"ListItem\",\"position\":1,\"name\":\"Home\",\"item\":\"https:\/\/www.mojabochnia.pl\/\"},{\"@type\":\"ListItem\",\"position\":2,\"name\":\"W Laskowej narciarze szalej\u0105&#8230;\"}]},{\"@type\":\"WebSite\",\"@id\":\"https:\/\/www.mojabochnia.pl\/#website\",\"url\":\"https:\/\/www.mojabochnia.pl\/\",\"name\":\"mojabochnia.pl - portal informacyjny\",\"description\":\"mojaBochnia to portal informacyjny o Bochni. Codziennie o Bochni piszemy i pokazujemy najwa\u017cniejsze wydarzenia\",\"publisher\":{\"@id\":\"https:\/\/www.mojabochnia.pl\/#organization\"},\"potentialAction\":[{\"@type\":\"SearchAction\",\"target\":{\"@type\":\"EntryPoint\",\"urlTemplate\":\"https:\/\/www.mojabochnia.pl\/?s={search_term_string}\"},\"query-input\":{\"@type\":\"PropertyValueSpecification\",\"valueRequired\":true,\"valueName\":\"search_term_string\"}}],\"inLanguage\":\"pl-PL\"},{\"@type\":\"Organization\",\"@id\":\"https:\/\/www.mojabochnia.pl\/#organization\",\"name\":\"mojabochnia.pl - portal informacyjny\",\"url\":\"https:\/\/www.mojabochnia.pl\/\",\"logo\":{\"@type\":\"ImageObject\",\"inLanguage\":\"pl-PL\",\"@id\":\"https:\/\/www.mojabochnia.pl\/#\/schema\/logo\/image\/\",\"url\":\"https:\/\/www.mojabochnia.pl\/wp-content\/uploads\/2017\/08\/logo-mb-opt.png\",\"contentUrl\":\"https:\/\/www.mojabochnia.pl\/wp-content\/uploads\/2017\/08\/logo-mb-opt.png\",\"width\":250,\"height\":48,\"caption\":\"mojabochnia.pl - portal informacyjny\"},\"image\":{\"@id\":\"https:\/\/www.mojabochnia.pl\/#\/schema\/logo\/image\/\"},\"sameAs\":[\"https:\/\/www.facebook.com\/mojabochnia\"]},{\"@type\":\"Person\",\"@id\":\"https:\/\/www.mojabochnia.pl\/#\/schema\/person\/6cc2563b6df80713ce6940e6ed184c6c\",\"name\":\"Aleksander Rzepecki\",\"url\":\"https:\/\/www.mojabochnia.pl\/?author=9\"}]}<\/script>\n<!-- \/ Yoast SEO plugin. -->","yoast_head_json":{"title":"W Laskowej narciarze szalej\u0105... - mojabochnia.pl - portal informacyjny","robots":{"index":"index","follow":"follow","max-snippet":"max-snippet:-1","max-image-preview":"max-image-preview:large","max-video-preview":"max-video-preview:-1"},"canonical":"https:\/\/www.mojabochnia.pl\/?p=4295","og_locale":"pl_PL","og_type":"article","og_title":"W Laskowej narciarze szalej\u0105... - mojabochnia.pl - portal informacyjny","og_description":"Szczeg\u00f3lnie du\u017co narciarzy odwiedza stok w dni wolne od pracy oraz w godzinach wieczorno - popo\u0142udniowych. Stacja czynna codziennie od 9:00 do 21.00","og_url":"https:\/\/www.mojabochnia.pl\/?p=4295","og_site_name":"mojabochnia.pl - portal informacyjny","article_publisher":"https:\/\/www.facebook.com\/mojabochnia","article_published_time":"2009-01-09T10:57:23+00:00","article_modified_time":"2009-01-09T12:15:08+00:00","og_image":[{"url":"http:\/\/mojabochnia.pl\/f\/2009\/01\/laskowa_01.jpg","type":"","width":"","height":""}],"author":"Aleksander Rzepecki","twitter_card":"summary_large_image","twitter_misc":{"Written by":"Aleksander Rzepecki","Est. reading time":"1 minuta"},"schema":{"@context":"https:\/\/schema.org","@graph":[{"@type":"Article","@id":"https:\/\/www.mojabochnia.pl\/?p=4295#article","isPartOf":{"@id":"https:\/\/www.mojabochnia.pl\/?p=4295"},"author":{"name":"Aleksander Rzepecki","@id":"https:\/\/www.mojabochnia.pl\/#\/schema\/person\/6cc2563b6df80713ce6940e6ed184c6c"},"headline":"W Laskowej narciarze szalej\u0105&#8230;","datePublished":"2009-01-09T10:57:23+00:00","dateModified":"2009-01-09T12:15:08+00:00","mainEntityOfPage":{"@id":"https:\/\/www.mojabochnia.pl\/?p=4295"},"wordCount":258,"commentCount":6,"publisher":{"@id":"https:\/\/www.mojabochnia.pl\/#organization"},"image":{"@id":"https:\/\/www.mojabochnia.pl\/?p=4295#primaryimage"},"thumbnailUrl":"http:\/\/mojabochnia.pl\/f\/2009\/01\/laskowa_01.jpg","keywords":["laskowa","narty","wyci\u0105g narciarski"],"articleSection":["3_w centrum uwagi","sport"],"inLanguage":"pl-PL","potentialAction":[{"@type":"CommentAction","name":"Comment","target":["https:\/\/www.mojabochnia.pl\/?p=4295#respond"]}]},{"@type":"WebPage","@id":"https:\/\/www.mojabochnia.pl\/?p=4295","url":"https:\/\/www.mojabochnia.pl\/?p=4295","name":"W Laskowej narciarze szalej\u0105... - mojabochnia.pl - portal informacyjny","isPartOf":{"@id":"https:\/\/www.mojabochnia.pl\/#website"},"primaryImageOfPage":{"@id":"https:\/\/www.mojabochnia.pl\/?p=4295#primaryimage"},"image":{"@id":"https:\/\/www.mojabochnia.pl\/?p=4295#primaryimage"},"thumbnailUrl":"http:\/\/mojabochnia.pl\/f\/2009\/01\/laskowa_01.jpg","datePublished":"2009-01-09T10:57:23+00:00","dateModified":"2009-01-09T12:15:08+00:00","breadcrumb":{"@id":"https:\/\/www.mojabochnia.pl\/?p=4295#breadcrumb"},"inLanguage":"pl-PL","potentialAction":[{"@type":"ReadAction","target":["https:\/\/www.mojabochnia.pl\/?p=4295"]}]},{"@type":"ImageObject","inLanguage":"pl-PL","@id":"https:\/\/www.mojabochnia.pl\/?p=4295#primaryimage","url":"http:\/\/mojabochnia.pl\/f\/2009\/01\/laskowa_01.jpg","contentUrl":"http:\/\/mojabochnia.pl\/f\/2009\/01\/laskowa_01.jpg"},{"@type":"BreadcrumbList","@id":"https:\/\/www.mojabochnia.pl\/?p=4295#breadcrumb","itemListElement":[{"@type":"ListItem","position":1,"name":"Home","item":"https:\/\/www.mojabochnia.pl\/"},{"@type":"ListItem","position":2,"name":"W Laskowej narciarze szalej\u0105&#8230;"}]},{"@type":"WebSite","@id":"https:\/\/www.mojabochnia.pl\/#website","url":"https:\/\/www.mojabochnia.pl\/","name":"mojabochnia.pl - portal informacyjny","description":"mojaBochnia to portal informacyjny o Bochni. Codziennie o Bochni piszemy i pokazujemy najwa\u017cniejsze wydarzenia","publisher":{"@id":"https:\/\/www.mojabochnia.pl\/#organization"},"potentialAction":[{"@type":"SearchAction","target":{"@type":"EntryPoint","urlTemplate":"https:\/\/www.mojabochnia.pl\/?s={search_term_string}"},"query-input":{"@type":"PropertyValueSpecification","valueRequired":true,"valueName":"search_term_string"}}],"inLanguage":"pl-PL"},{"@type":"Organization","@id":"https:\/\/www.mojabochnia.pl\/#organization","name":"mojabochnia.pl - portal informacyjny","url":"https:\/\/www.mojabochnia.pl\/","logo":{"@type":"ImageObject","inLanguage":"pl-PL","@id":"https:\/\/www.mojabochnia.pl\/#\/schema\/logo\/image\/","url":"https:\/\/www.mojabochnia.pl\/wp-content\/uploads\/2017\/08\/logo-mb-opt.png","contentUrl":"https:\/\/www.mojabochnia.pl\/wp-content\/uploads\/2017\/08\/logo-mb-opt.png","width":250,"height":48,"caption":"mojabochnia.pl - portal informacyjny"},"image":{"@id":"https:\/\/www.mojabochnia.pl\/#\/schema\/logo\/image\/"},"sameAs":["https:\/\/www.facebook.com\/mojabochnia"]},{"@type":"Person","@id":"https:\/\/www.mojabochnia.pl\/#\/schema\/person\/6cc2563b6df80713ce6940e6ed184c6c","name":"Aleksander Rzepecki","url":"https:\/\/www.mojabochnia.pl\/?author=9"}]}},"_links":{"self":[{"href":"https:\/\/www.mojabochnia.pl\/index.php?rest_route=\/wp\/v2\/posts\/4295","targetHints":{"allow":["GET"]}}],"collection":[{"href":"https:\/\/www.mojabochnia.pl\/index.php?rest_route=\/wp\/v2\/posts"}],"about":[{"href":"https:\/\/www.mojabochnia.pl\/index.php?rest_route=\/wp\/v2\/types\/post"}],"author":[{"embeddable":true,"href":"https:\/\/www.mojabochnia.pl\/index.php?rest_route=\/wp\/v2\/users\/9"}],"replies":[{"embeddable":true,"href":"https:\/\/www.mojabochnia.pl\/index.php?rest_route=%2Fwp%2Fv2%2Fcomments&post=4295"}],"version-history":[{"count":0,"href":"https:\/\/www.mojabochnia.pl\/index.php?rest_route=\/wp\/v2\/posts\/4295\/revisions"}],"wp:attachment":[{"href":"https:\/\/www.mojabochnia.pl\/index.php?rest_route=%2Fwp%2Fv2%2Fmedia&parent=4295"}],"wp:term":[{"taxonomy":"category","embeddable":true,"href":"https:\/\/www.mojabochnia.pl\/index.php?rest_route=%2Fwp%2Fv2%2Fcategories&post=4295"},{"taxonomy":"post_tag","embeddable":true,"href":"https:\/\/www.mojabochnia.pl\/index.php?rest_route=%2Fwp%2Fv2%2Ftags&post=4295"}],"curies":[{"name":"wp","href":"https:\/\/api.w.org\/{rel}","templated":true}]}}