{"id":4272,"date":"2009-01-09T09:21:33","date_gmt":"2009-01-09T08:21:33","guid":{"rendered":"http:\/\/www.mojabochnia.pl\/?p=4272"},"modified":"2009-01-08T09:31:54","modified_gmt":"2009-01-08T08:31:54","slug":"proszowki-skarzynski-opowie-o-jimim-hendriksie","status":"publish","type":"post","link":"https:\/\/www.mojabochnia.pl\/?p=4272","title":{"rendered":"Prosz\u00f3wki: Skar\u017cy\u0144ski opowie o Jimim Hendriksie"},"content":{"rendered":"<p>&#8211; <em>Jimi by\u0142 lewor\u0119czny, ale zawsze gra\u0142 na prawor\u0119cznych gitarach odwr\u00f3conych na drug\u0105 stron\u0119, co nie by\u0142o tak niespotykan\u0105 praktyk\u0105. Pewnego popo\u0142udnia szpera\u0142em po sklepach z instrumentami na West Endzie i zobaczy\u0142em bia\u0142ego, lewostronnego startocastera &#8211; wiedziony impulsem kupi\u0142em go dla Jimiego. &#8230; Zabra\u0142em gitar\u0119 na koncert aby mu j\u0105 da\u0107, ale nie pojawi\u0142 si\u0119. Na drugi dzie\u0144 dowiedzia\u0142em si\u0119, \u017ce nie \u017cyje<\/em> &#8211; tak o Hendriksie pisa\u0142 Eric Clapton.<\/p>\n<p>Jimi Hendrix, a w\u0142a\u015bciwie James Marshall Hendrix wypracowa\u0142 szereg unikalnych, nieznanych wcze\u015bniej technik gry na gitarze elektrycznej &#8211; mi\u0119dzy innymi bardzo kreatywne wykorzystanie sprz\u0119\u017cenia zwrotnego, mocno przesterowanych wzmacniaczy oraz zastosowanie szeregu elektronicznych efekt\u00f3w gitarowych. Potrzebowa\u0142 niespe\u0142na czterech lat dzia\u0142alno\u015bci aby zrewolucjonizowa\u0107 brzmienie i technik\u0119 gry na gitarze.<\/p>\n<p>Na wyk\u0142ad po\u015bwi\u0119cony tej postaci zaprasza Gminne Centrum Kultury Czytelnictwa i Sportu w Bochni. Odb\u0119dzie si\u0119 on 16 stycznia w cafe aquarium na Krytej P\u0142ywalni w Prosz\u00f3wkach. Pocz\u0105tek zaplanowano na godz. 18.30. Tradycyjnie wyk\u0142ad poprzedzony zostanie kr\u00f3tkim koncertem unplugged. Boche\u0144scy muzycy pod batut\u0105 Piotra Lekkiego spojrz\u0105 na tw\u00f3rczo\u015b\u0107 mistrza gitary elektrycznej. <\/p>\n","protected":false},"excerpt":{"rendered":"<p>Za tydzie\u0144 w pi\u0105tek  na basenie w Prosz\u00f3wkach odb\u0119dzie si\u0119 kolejny, czwarty z cyklu &#8222;Ilustrowana muzyk\u0105 historia rocka&#8221; wyk\u0142ad red. Jerzego Skar\u017cy\u0144skiego. Tym razem us\u0142yszymy o Jimim Hendriksie.<\/p>\n","protected":false},"author":1,"featured_media":0,"comment_status":"open","ping_status":"closed","sticky":false,"template":"","format":"standard","meta":{"_acf_changed":false,"footnotes":""},"categories":[92],"tags":[17120,2125,564,1731,2124,17331,17135,17123,204,17187,123,17427,121],"class_list":["post-4272","post","type-post","status-publish","format-standard","hentry","category-kultura","tag-basen","tag-cafe-aquarium","tag-czas-wolny","tag-jerzy-skarzynski","tag-jimi-hendrix","tag-kryta-plywalnia-w-proszowkach","tag-kultura","tag-muzyka","tag-piotrek-lekki","tag-proszowki","tag-rock","tag-wyklad","tag-wypoczynek"],"acf":[],"yoast_head":"<!-- This site is optimized with the Yoast SEO plugin v26.9 - https:\/\/yoast.com\/product\/yoast-seo-wordpress\/ -->\n<title>Prosz\u00f3wki: Skar\u017cy\u0144ski opowie o Jimim Hendriksie - mojabochnia.pl - portal informacyjny<\/title>\n<meta name=\"robots\" content=\"index, follow, max-snippet:-1, max-image-preview:large, max-video-preview:-1\" \/>\n<link rel=\"canonical\" href=\"https:\/\/www.mojabochnia.pl\/?p=4272\" \/>\n<meta property=\"og:locale\" content=\"pl_PL\" \/>\n<meta property=\"og:type\" content=\"article\" \/>\n<meta property=\"og:title\" content=\"Prosz\u00f3wki: Skar\u017cy\u0144ski opowie o Jimim Hendriksie - mojabochnia.pl - portal informacyjny\" \/>\n<meta property=\"og:description\" content=\"Za tydzie\u0144 w pi\u0105tek na basenie w Prosz\u00f3wkach odb\u0119dzie si\u0119 kolejny, czwarty z cyklu &quot;Ilustrowana muzyk\u0105 historia rocka&quot; wyk\u0142ad red. Jerzego Skar\u017cy\u0144skiego. Tym razem us\u0142yszymy o Jimim Hendriksie.\" \/>\n<meta property=\"og:url\" content=\"https:\/\/www.mojabochnia.pl\/?p=4272\" \/>\n<meta property=\"og:site_name\" content=\"mojabochnia.pl - portal informacyjny\" \/>\n<meta property=\"article:publisher\" content=\"https:\/\/www.facebook.com\/mojabochnia\" \/>\n<meta property=\"article:published_time\" content=\"2009-01-09T08:21:33+00:00\" \/>\n<meta name=\"author\" content=\"administrator\" \/>\n<meta name=\"twitter:card\" content=\"summary_large_image\" \/>\n<meta name=\"twitter:label1\" content=\"Written by\" \/>\n\t<meta name=\"twitter:data1\" content=\"administrator\" \/>\n\t<meta name=\"twitter:label2\" content=\"Est. reading time\" \/>\n\t<meta name=\"twitter:data2\" content=\"1 minuta\" \/>\n<script type=\"application\/ld+json\" class=\"yoast-schema-graph\">{\"@context\":\"https:\/\/schema.org\",\"@graph\":[{\"@type\":\"Article\",\"@id\":\"https:\/\/www.mojabochnia.pl\/?p=4272#article\",\"isPartOf\":{\"@id\":\"https:\/\/www.mojabochnia.pl\/?p=4272\"},\"author\":{\"name\":\"administrator\",\"@id\":\"https:\/\/www.mojabochnia.pl\/#\/schema\/person\/c00e1f64e6fa0e6de6d410f2c340017f\"},\"headline\":\"Prosz\u00f3wki: Skar\u017cy\u0144ski opowie o Jimim Hendriksie\",\"datePublished\":\"2009-01-09T08:21:33+00:00\",\"mainEntityOfPage\":{\"@id\":\"https:\/\/www.mojabochnia.pl\/?p=4272\"},\"wordCount\":205,\"commentCount\":0,\"publisher\":{\"@id\":\"https:\/\/www.mojabochnia.pl\/#organization\"},\"keywords\":[\"basen\",\"cafe aquarium\",\"czas wolny\",\"jerzy skar\u017cy\u0144ski\",\"jimi hendrix\",\"kryta p\u0142ywalnia w prosz\u00f3wkach\",\"kultura\",\"muzyka\",\"piotrek lekki\",\"prosz\u00f3wki\",\"rock\",\"wyk\u0142ad\",\"wypoczynek\"],\"articleSection\":[\"kultura\"],\"inLanguage\":\"pl-PL\",\"potentialAction\":[{\"@type\":\"CommentAction\",\"name\":\"Comment\",\"target\":[\"https:\/\/www.mojabochnia.pl\/?p=4272#respond\"]}]},{\"@type\":\"WebPage\",\"@id\":\"https:\/\/www.mojabochnia.pl\/?p=4272\",\"url\":\"https:\/\/www.mojabochnia.pl\/?p=4272\",\"name\":\"Prosz\u00f3wki: Skar\u017cy\u0144ski opowie o Jimim Hendriksie - mojabochnia.pl - portal informacyjny\",\"isPartOf\":{\"@id\":\"https:\/\/www.mojabochnia.pl\/#website\"},\"datePublished\":\"2009-01-09T08:21:33+00:00\",\"breadcrumb\":{\"@id\":\"https:\/\/www.mojabochnia.pl\/?p=4272#breadcrumb\"},\"inLanguage\":\"pl-PL\",\"potentialAction\":[{\"@type\":\"ReadAction\",\"target\":[\"https:\/\/www.mojabochnia.pl\/?p=4272\"]}]},{\"@type\":\"BreadcrumbList\",\"@id\":\"https:\/\/www.mojabochnia.pl\/?p=4272#breadcrumb\",\"itemListElement\":[{\"@type\":\"ListItem\",\"position\":1,\"name\":\"Home\",\"item\":\"https:\/\/www.mojabochnia.pl\/\"},{\"@type\":\"ListItem\",\"position\":2,\"name\":\"Prosz\u00f3wki: Skar\u017cy\u0144ski opowie o Jimim Hendriksie\"}]},{\"@type\":\"WebSite\",\"@id\":\"https:\/\/www.mojabochnia.pl\/#website\",\"url\":\"https:\/\/www.mojabochnia.pl\/\",\"name\":\"mojabochnia.pl - portal informacyjny\",\"description\":\"mojaBochnia to portal informacyjny o Bochni. Codziennie o Bochni piszemy i pokazujemy najwa\u017cniejsze wydarzenia\",\"publisher\":{\"@id\":\"https:\/\/www.mojabochnia.pl\/#organization\"},\"potentialAction\":[{\"@type\":\"SearchAction\",\"target\":{\"@type\":\"EntryPoint\",\"urlTemplate\":\"https:\/\/www.mojabochnia.pl\/?s={search_term_string}\"},\"query-input\":{\"@type\":\"PropertyValueSpecification\",\"valueRequired\":true,\"valueName\":\"search_term_string\"}}],\"inLanguage\":\"pl-PL\"},{\"@type\":\"Organization\",\"@id\":\"https:\/\/www.mojabochnia.pl\/#organization\",\"name\":\"mojabochnia.pl - portal informacyjny\",\"url\":\"https:\/\/www.mojabochnia.pl\/\",\"logo\":{\"@type\":\"ImageObject\",\"inLanguage\":\"pl-PL\",\"@id\":\"https:\/\/www.mojabochnia.pl\/#\/schema\/logo\/image\/\",\"url\":\"https:\/\/www.mojabochnia.pl\/wp-content\/uploads\/2017\/08\/logo-mb-opt.png\",\"contentUrl\":\"https:\/\/www.mojabochnia.pl\/wp-content\/uploads\/2017\/08\/logo-mb-opt.png\",\"width\":250,\"height\":48,\"caption\":\"mojabochnia.pl - portal informacyjny\"},\"image\":{\"@id\":\"https:\/\/www.mojabochnia.pl\/#\/schema\/logo\/image\/\"},\"sameAs\":[\"https:\/\/www.facebook.com\/mojabochnia\"]},{\"@type\":\"Person\",\"@id\":\"https:\/\/www.mojabochnia.pl\/#\/schema\/person\/c00e1f64e6fa0e6de6d410f2c340017f\",\"name\":\"administrator\",\"url\":\"https:\/\/www.mojabochnia.pl\/?author=1\"}]}<\/script>\n<!-- \/ Yoast SEO plugin. -->","yoast_head_json":{"title":"Prosz\u00f3wki: Skar\u017cy\u0144ski opowie o Jimim Hendriksie - mojabochnia.pl - portal informacyjny","robots":{"index":"index","follow":"follow","max-snippet":"max-snippet:-1","max-image-preview":"max-image-preview:large","max-video-preview":"max-video-preview:-1"},"canonical":"https:\/\/www.mojabochnia.pl\/?p=4272","og_locale":"pl_PL","og_type":"article","og_title":"Prosz\u00f3wki: Skar\u017cy\u0144ski opowie o Jimim Hendriksie - mojabochnia.pl - portal informacyjny","og_description":"Za tydzie\u0144 w pi\u0105tek na basenie w Prosz\u00f3wkach odb\u0119dzie si\u0119 kolejny, czwarty z cyklu \"Ilustrowana muzyk\u0105 historia rocka\" wyk\u0142ad red. Jerzego Skar\u017cy\u0144skiego. Tym razem us\u0142yszymy o Jimim Hendriksie.","og_url":"https:\/\/www.mojabochnia.pl\/?p=4272","og_site_name":"mojabochnia.pl - portal informacyjny","article_publisher":"https:\/\/www.facebook.com\/mojabochnia","article_published_time":"2009-01-09T08:21:33+00:00","author":"administrator","twitter_card":"summary_large_image","twitter_misc":{"Written by":"administrator","Est. reading time":"1 minuta"},"schema":{"@context":"https:\/\/schema.org","@graph":[{"@type":"Article","@id":"https:\/\/www.mojabochnia.pl\/?p=4272#article","isPartOf":{"@id":"https:\/\/www.mojabochnia.pl\/?p=4272"},"author":{"name":"administrator","@id":"https:\/\/www.mojabochnia.pl\/#\/schema\/person\/c00e1f64e6fa0e6de6d410f2c340017f"},"headline":"Prosz\u00f3wki: Skar\u017cy\u0144ski opowie o Jimim Hendriksie","datePublished":"2009-01-09T08:21:33+00:00","mainEntityOfPage":{"@id":"https:\/\/www.mojabochnia.pl\/?p=4272"},"wordCount":205,"commentCount":0,"publisher":{"@id":"https:\/\/www.mojabochnia.pl\/#organization"},"keywords":["basen","cafe aquarium","czas wolny","jerzy skar\u017cy\u0144ski","jimi hendrix","kryta p\u0142ywalnia w prosz\u00f3wkach","kultura","muzyka","piotrek lekki","prosz\u00f3wki","rock","wyk\u0142ad","wypoczynek"],"articleSection":["kultura"],"inLanguage":"pl-PL","potentialAction":[{"@type":"CommentAction","name":"Comment","target":["https:\/\/www.mojabochnia.pl\/?p=4272#respond"]}]},{"@type":"WebPage","@id":"https:\/\/www.mojabochnia.pl\/?p=4272","url":"https:\/\/www.mojabochnia.pl\/?p=4272","name":"Prosz\u00f3wki: Skar\u017cy\u0144ski opowie o Jimim Hendriksie - mojabochnia.pl - portal informacyjny","isPartOf":{"@id":"https:\/\/www.mojabochnia.pl\/#website"},"datePublished":"2009-01-09T08:21:33+00:00","breadcrumb":{"@id":"https:\/\/www.mojabochnia.pl\/?p=4272#breadcrumb"},"inLanguage":"pl-PL","potentialAction":[{"@type":"ReadAction","target":["https:\/\/www.mojabochnia.pl\/?p=4272"]}]},{"@type":"BreadcrumbList","@id":"https:\/\/www.mojabochnia.pl\/?p=4272#breadcrumb","itemListElement":[{"@type":"ListItem","position":1,"name":"Home","item":"https:\/\/www.mojabochnia.pl\/"},{"@type":"ListItem","position":2,"name":"Prosz\u00f3wki: Skar\u017cy\u0144ski opowie o Jimim Hendriksie"}]},{"@type":"WebSite","@id":"https:\/\/www.mojabochnia.pl\/#website","url":"https:\/\/www.mojabochnia.pl\/","name":"mojabochnia.pl - portal informacyjny","description":"mojaBochnia to portal informacyjny o Bochni. Codziennie o Bochni piszemy i pokazujemy najwa\u017cniejsze wydarzenia","publisher":{"@id":"https:\/\/www.mojabochnia.pl\/#organization"},"potentialAction":[{"@type":"SearchAction","target":{"@type":"EntryPoint","urlTemplate":"https:\/\/www.mojabochnia.pl\/?s={search_term_string}"},"query-input":{"@type":"PropertyValueSpecification","valueRequired":true,"valueName":"search_term_string"}}],"inLanguage":"pl-PL"},{"@type":"Organization","@id":"https:\/\/www.mojabochnia.pl\/#organization","name":"mojabochnia.pl - portal informacyjny","url":"https:\/\/www.mojabochnia.pl\/","logo":{"@type":"ImageObject","inLanguage":"pl-PL","@id":"https:\/\/www.mojabochnia.pl\/#\/schema\/logo\/image\/","url":"https:\/\/www.mojabochnia.pl\/wp-content\/uploads\/2017\/08\/logo-mb-opt.png","contentUrl":"https:\/\/www.mojabochnia.pl\/wp-content\/uploads\/2017\/08\/logo-mb-opt.png","width":250,"height":48,"caption":"mojabochnia.pl - portal informacyjny"},"image":{"@id":"https:\/\/www.mojabochnia.pl\/#\/schema\/logo\/image\/"},"sameAs":["https:\/\/www.facebook.com\/mojabochnia"]},{"@type":"Person","@id":"https:\/\/www.mojabochnia.pl\/#\/schema\/person\/c00e1f64e6fa0e6de6d410f2c340017f","name":"administrator","url":"https:\/\/www.mojabochnia.pl\/?author=1"}]}},"_links":{"self":[{"href":"https:\/\/www.mojabochnia.pl\/index.php?rest_route=\/wp\/v2\/posts\/4272","targetHints":{"allow":["GET"]}}],"collection":[{"href":"https:\/\/www.mojabochnia.pl\/index.php?rest_route=\/wp\/v2\/posts"}],"about":[{"href":"https:\/\/www.mojabochnia.pl\/index.php?rest_route=\/wp\/v2\/types\/post"}],"author":[{"embeddable":true,"href":"https:\/\/www.mojabochnia.pl\/index.php?rest_route=\/wp\/v2\/users\/1"}],"replies":[{"embeddable":true,"href":"https:\/\/www.mojabochnia.pl\/index.php?rest_route=%2Fwp%2Fv2%2Fcomments&post=4272"}],"version-history":[{"count":0,"href":"https:\/\/www.mojabochnia.pl\/index.php?rest_route=\/wp\/v2\/posts\/4272\/revisions"}],"wp:attachment":[{"href":"https:\/\/www.mojabochnia.pl\/index.php?rest_route=%2Fwp%2Fv2%2Fmedia&parent=4272"}],"wp:term":[{"taxonomy":"category","embeddable":true,"href":"https:\/\/www.mojabochnia.pl\/index.php?rest_route=%2Fwp%2Fv2%2Fcategories&post=4272"},{"taxonomy":"post_tag","embeddable":true,"href":"https:\/\/www.mojabochnia.pl\/index.php?rest_route=%2Fwp%2Fv2%2Ftags&post=4272"}],"curies":[{"name":"wp","href":"https:\/\/api.w.org\/{rel}","templated":true}]}}