{"id":4265,"date":"2009-01-08T11:12:17","date_gmt":"2009-01-08T10:12:17","guid":{"rendered":"http:\/\/www.mojabochnia.pl\/?p=4265"},"modified":"2009-01-08T11:47:43","modified_gmt":"2009-01-08T10:47:43","slug":"strazacy-zrobia-slizgawke","status":"publish","type":"post","link":"https:\/\/www.mojabochnia.pl\/?p=4265","title":{"rendered":"Stra\u017cacy zrobi\u0105 \u015blizgawk\u0119!"},"content":{"rendered":"<p>Jedn\u0105 z prowadzonych akcji b\u0119dzie inicjatywa &#8222;Bezpieczne zimowisko &#8211; otwarte stra\u017cnice&#8221;. Akcja podczas kt\u00f3rej stra\u017cacy umo\u017cliwi\u0105 zwiedzanie remizy, poka\u017c\u0105 jak wygl\u0105da alarm w stra\u017cy po\u017carnej, zaprezentuj\u0105 sprz\u0119t ga\u015bniczy oraz przeprowadz\u0105 pogadanki na temat szeroko rozumianego bezpiecze\u0144stwa odbywa\u0107 si\u0119 b\u0119dzie od 19 stycznia do 28 lutego. <\/p>\n<p>Wizyta w jednostce stra\u017cy po\u017carnej b\u0119dzie mo\u017cliwa od poniedzia\u0142ku do pi\u0105tku w godzinach od 10.00 do 13.00. Przyjmowane b\u0119d\u0105 zorganizowane grupy sk\u0142adaj\u0105ce si\u0119 maksymalnie z 25 os\u00f3b.<\/p>\n<p>Druga z prowadzonych akcji to &#8222;Bezpieczna \u015blizgawka&#8221;. Podobnie jak w ubieg\u0142ych latach Pa\u0144stwowa Stra\u017c Po\u017carna udziela pomocy w zakresie budowy lodowisk i \u015blizgawek. Stra\u017cacy deklaruj\u0105 pomoc w zakresie transportu wody i wykonania tafli lodu na wyznaczonych, odpowiednio przygotowanych placach, boiskach sportowych itp. <\/p>\n<p>Warunkiem wykonania lodowisk s\u0105 sprzyjaj\u0105ce warunki atmosferyczne oraz zabezpieczenie przez zainteresowane podmioty odpowiedniej ilo\u015bci wody ze \u015brodk\u00f3w w\u0142asnych lub pozyskanie sponsor\u00f3w na ten cel. Jak zaznaczaj\u0105 stra\u017cacy Pa\u0144stwowa Stra\u017c Po\u017carna nie dysponuje \u015brodkami finansowymi umo\u017cliwiaj\u0105cymi pokrycie koszt\u00f3w zu\u017cytej wody.<\/p>\n<p>Termin zwiedzania remizy lub wykonania tafli lodowej nale\u017cy ustali\u0107 z st. kpt. Maciejem Wolakiem lub st.kpt. Grzegorz Cie\u015bla &#8211; tel. 014 611 60 97 wew. 38.<\/p>\n","protected":false},"excerpt":{"rendered":"<p>Maj\u0105c na uwadze bezpieczny wypoczynek dla dzieci i m\u0142odzie\u017cy, Komenda Powiatowa Pa\u0144stwowej Stra\u017cy Po\u017carnej w Bochni w okresie ferii zimowych organizuje kilka akcji. <\/p>\n","protected":false},"author":1,"featured_media":0,"comment_status":"open","ping_status":"closed","sticky":false,"template":"","format":"standard","meta":{"_acf_changed":false,"footnotes":""},"categories":[5],"tags":[17326,2122,17330,2118,2143,2123,17141,17387,795],"class_list":["post-4265","post","type-post","status-publish","format-standard","hentry","category-biezace-wydarzenia","tag-dzieci","tag-ferie-zimowe","tag-lodowisko","tag-mroz","tag-ochotnicza-straz-pozarna","tag-remiza-strazacka","tag-straz-pozarna","tag-zima","tag-zwiedzanie"],"acf":[],"yoast_head":"<!-- This site is optimized with the Yoast SEO plugin v26.9 - https:\/\/yoast.com\/product\/yoast-seo-wordpress\/ -->\n<title>Stra\u017cacy zrobi\u0105 \u015blizgawk\u0119! - mojabochnia.pl - portal informacyjny<\/title>\n<meta name=\"robots\" content=\"index, follow, max-snippet:-1, max-image-preview:large, max-video-preview:-1\" \/>\n<link rel=\"canonical\" href=\"https:\/\/www.mojabochnia.pl\/?p=4265\" \/>\n<meta property=\"og:locale\" content=\"pl_PL\" \/>\n<meta property=\"og:type\" content=\"article\" \/>\n<meta property=\"og:title\" content=\"Stra\u017cacy zrobi\u0105 \u015blizgawk\u0119! - mojabochnia.pl - portal informacyjny\" \/>\n<meta property=\"og:description\" content=\"Maj\u0105c na uwadze bezpieczny wypoczynek dla dzieci i m\u0142odzie\u017cy, Komenda Powiatowa Pa\u0144stwowej Stra\u017cy Po\u017carnej w Bochni w okresie ferii zimowych organizuje kilka akcji.\" \/>\n<meta property=\"og:url\" content=\"https:\/\/www.mojabochnia.pl\/?p=4265\" \/>\n<meta property=\"og:site_name\" content=\"mojabochnia.pl - portal informacyjny\" \/>\n<meta property=\"article:publisher\" content=\"https:\/\/www.facebook.com\/mojabochnia\" \/>\n<meta property=\"article:published_time\" content=\"2009-01-08T10:12:17+00:00\" \/>\n<meta property=\"article:modified_time\" content=\"2009-01-08T10:47:43+00:00\" \/>\n<meta name=\"author\" content=\"administrator\" \/>\n<meta name=\"twitter:card\" content=\"summary_large_image\" \/>\n<meta name=\"twitter:label1\" content=\"Written by\" \/>\n\t<meta name=\"twitter:data1\" content=\"administrator\" \/>\n\t<meta name=\"twitter:label2\" content=\"Est. reading time\" \/>\n\t<meta name=\"twitter:data2\" content=\"1 minuta\" \/>\n<script type=\"application\/ld+json\" class=\"yoast-schema-graph\">{\"@context\":\"https:\/\/schema.org\",\"@graph\":[{\"@type\":\"Article\",\"@id\":\"https:\/\/www.mojabochnia.pl\/?p=4265#article\",\"isPartOf\":{\"@id\":\"https:\/\/www.mojabochnia.pl\/?p=4265\"},\"author\":{\"name\":\"administrator\",\"@id\":\"https:\/\/www.mojabochnia.pl\/#\/schema\/person\/c00e1f64e6fa0e6de6d410f2c340017f\"},\"headline\":\"Stra\u017cacy zrobi\u0105 \u015blizgawk\u0119!\",\"datePublished\":\"2009-01-08T10:12:17+00:00\",\"dateModified\":\"2009-01-08T10:47:43+00:00\",\"mainEntityOfPage\":{\"@id\":\"https:\/\/www.mojabochnia.pl\/?p=4265\"},\"wordCount\":214,\"commentCount\":1,\"publisher\":{\"@id\":\"https:\/\/www.mojabochnia.pl\/#organization\"},\"keywords\":[\"dzieci\",\"ferie zimowe\",\"lodowisko\",\"mr\u00f3z\",\"ochotnicza stra\u017c po\u017carna\",\"remiza stra\u017cacka\",\"stra\u017c po\u017carna\",\"zima\",\"zwiedzanie\"],\"articleSection\":[\"2_ostatnie\"],\"inLanguage\":\"pl-PL\",\"potentialAction\":[{\"@type\":\"CommentAction\",\"name\":\"Comment\",\"target\":[\"https:\/\/www.mojabochnia.pl\/?p=4265#respond\"]}]},{\"@type\":\"WebPage\",\"@id\":\"https:\/\/www.mojabochnia.pl\/?p=4265\",\"url\":\"https:\/\/www.mojabochnia.pl\/?p=4265\",\"name\":\"Stra\u017cacy zrobi\u0105 \u015blizgawk\u0119! - mojabochnia.pl - portal informacyjny\",\"isPartOf\":{\"@id\":\"https:\/\/www.mojabochnia.pl\/#website\"},\"datePublished\":\"2009-01-08T10:12:17+00:00\",\"dateModified\":\"2009-01-08T10:47:43+00:00\",\"breadcrumb\":{\"@id\":\"https:\/\/www.mojabochnia.pl\/?p=4265#breadcrumb\"},\"inLanguage\":\"pl-PL\",\"potentialAction\":[{\"@type\":\"ReadAction\",\"target\":[\"https:\/\/www.mojabochnia.pl\/?p=4265\"]}]},{\"@type\":\"BreadcrumbList\",\"@id\":\"https:\/\/www.mojabochnia.pl\/?p=4265#breadcrumb\",\"itemListElement\":[{\"@type\":\"ListItem\",\"position\":1,\"name\":\"Home\",\"item\":\"https:\/\/www.mojabochnia.pl\/\"},{\"@type\":\"ListItem\",\"position\":2,\"name\":\"Stra\u017cacy zrobi\u0105 \u015blizgawk\u0119!\"}]},{\"@type\":\"WebSite\",\"@id\":\"https:\/\/www.mojabochnia.pl\/#website\",\"url\":\"https:\/\/www.mojabochnia.pl\/\",\"name\":\"mojabochnia.pl - portal informacyjny\",\"description\":\"mojaBochnia to portal informacyjny o Bochni. Codziennie o Bochni piszemy i pokazujemy najwa\u017cniejsze wydarzenia\",\"publisher\":{\"@id\":\"https:\/\/www.mojabochnia.pl\/#organization\"},\"potentialAction\":[{\"@type\":\"SearchAction\",\"target\":{\"@type\":\"EntryPoint\",\"urlTemplate\":\"https:\/\/www.mojabochnia.pl\/?s={search_term_string}\"},\"query-input\":{\"@type\":\"PropertyValueSpecification\",\"valueRequired\":true,\"valueName\":\"search_term_string\"}}],\"inLanguage\":\"pl-PL\"},{\"@type\":\"Organization\",\"@id\":\"https:\/\/www.mojabochnia.pl\/#organization\",\"name\":\"mojabochnia.pl - portal informacyjny\",\"url\":\"https:\/\/www.mojabochnia.pl\/\",\"logo\":{\"@type\":\"ImageObject\",\"inLanguage\":\"pl-PL\",\"@id\":\"https:\/\/www.mojabochnia.pl\/#\/schema\/logo\/image\/\",\"url\":\"https:\/\/www.mojabochnia.pl\/wp-content\/uploads\/2017\/08\/logo-mb-opt.png\",\"contentUrl\":\"https:\/\/www.mojabochnia.pl\/wp-content\/uploads\/2017\/08\/logo-mb-opt.png\",\"width\":250,\"height\":48,\"caption\":\"mojabochnia.pl - portal informacyjny\"},\"image\":{\"@id\":\"https:\/\/www.mojabochnia.pl\/#\/schema\/logo\/image\/\"},\"sameAs\":[\"https:\/\/www.facebook.com\/mojabochnia\"]},{\"@type\":\"Person\",\"@id\":\"https:\/\/www.mojabochnia.pl\/#\/schema\/person\/c00e1f64e6fa0e6de6d410f2c340017f\",\"name\":\"administrator\",\"url\":\"https:\/\/www.mojabochnia.pl\/?author=1\"}]}<\/script>\n<!-- \/ Yoast SEO plugin. -->","yoast_head_json":{"title":"Stra\u017cacy zrobi\u0105 \u015blizgawk\u0119! - mojabochnia.pl - portal informacyjny","robots":{"index":"index","follow":"follow","max-snippet":"max-snippet:-1","max-image-preview":"max-image-preview:large","max-video-preview":"max-video-preview:-1"},"canonical":"https:\/\/www.mojabochnia.pl\/?p=4265","og_locale":"pl_PL","og_type":"article","og_title":"Stra\u017cacy zrobi\u0105 \u015blizgawk\u0119! - mojabochnia.pl - portal informacyjny","og_description":"Maj\u0105c na uwadze bezpieczny wypoczynek dla dzieci i m\u0142odzie\u017cy, Komenda Powiatowa Pa\u0144stwowej Stra\u017cy Po\u017carnej w Bochni w okresie ferii zimowych organizuje kilka akcji.","og_url":"https:\/\/www.mojabochnia.pl\/?p=4265","og_site_name":"mojabochnia.pl - portal informacyjny","article_publisher":"https:\/\/www.facebook.com\/mojabochnia","article_published_time":"2009-01-08T10:12:17+00:00","article_modified_time":"2009-01-08T10:47:43+00:00","author":"administrator","twitter_card":"summary_large_image","twitter_misc":{"Written by":"administrator","Est. reading time":"1 minuta"},"schema":{"@context":"https:\/\/schema.org","@graph":[{"@type":"Article","@id":"https:\/\/www.mojabochnia.pl\/?p=4265#article","isPartOf":{"@id":"https:\/\/www.mojabochnia.pl\/?p=4265"},"author":{"name":"administrator","@id":"https:\/\/www.mojabochnia.pl\/#\/schema\/person\/c00e1f64e6fa0e6de6d410f2c340017f"},"headline":"Stra\u017cacy zrobi\u0105 \u015blizgawk\u0119!","datePublished":"2009-01-08T10:12:17+00:00","dateModified":"2009-01-08T10:47:43+00:00","mainEntityOfPage":{"@id":"https:\/\/www.mojabochnia.pl\/?p=4265"},"wordCount":214,"commentCount":1,"publisher":{"@id":"https:\/\/www.mojabochnia.pl\/#organization"},"keywords":["dzieci","ferie zimowe","lodowisko","mr\u00f3z","ochotnicza stra\u017c po\u017carna","remiza stra\u017cacka","stra\u017c po\u017carna","zima","zwiedzanie"],"articleSection":["2_ostatnie"],"inLanguage":"pl-PL","potentialAction":[{"@type":"CommentAction","name":"Comment","target":["https:\/\/www.mojabochnia.pl\/?p=4265#respond"]}]},{"@type":"WebPage","@id":"https:\/\/www.mojabochnia.pl\/?p=4265","url":"https:\/\/www.mojabochnia.pl\/?p=4265","name":"Stra\u017cacy zrobi\u0105 \u015blizgawk\u0119! - mojabochnia.pl - portal informacyjny","isPartOf":{"@id":"https:\/\/www.mojabochnia.pl\/#website"},"datePublished":"2009-01-08T10:12:17+00:00","dateModified":"2009-01-08T10:47:43+00:00","breadcrumb":{"@id":"https:\/\/www.mojabochnia.pl\/?p=4265#breadcrumb"},"inLanguage":"pl-PL","potentialAction":[{"@type":"ReadAction","target":["https:\/\/www.mojabochnia.pl\/?p=4265"]}]},{"@type":"BreadcrumbList","@id":"https:\/\/www.mojabochnia.pl\/?p=4265#breadcrumb","itemListElement":[{"@type":"ListItem","position":1,"name":"Home","item":"https:\/\/www.mojabochnia.pl\/"},{"@type":"ListItem","position":2,"name":"Stra\u017cacy zrobi\u0105 \u015blizgawk\u0119!"}]},{"@type":"WebSite","@id":"https:\/\/www.mojabochnia.pl\/#website","url":"https:\/\/www.mojabochnia.pl\/","name":"mojabochnia.pl - portal informacyjny","description":"mojaBochnia to portal informacyjny o Bochni. Codziennie o Bochni piszemy i pokazujemy najwa\u017cniejsze wydarzenia","publisher":{"@id":"https:\/\/www.mojabochnia.pl\/#organization"},"potentialAction":[{"@type":"SearchAction","target":{"@type":"EntryPoint","urlTemplate":"https:\/\/www.mojabochnia.pl\/?s={search_term_string}"},"query-input":{"@type":"PropertyValueSpecification","valueRequired":true,"valueName":"search_term_string"}}],"inLanguage":"pl-PL"},{"@type":"Organization","@id":"https:\/\/www.mojabochnia.pl\/#organization","name":"mojabochnia.pl - portal informacyjny","url":"https:\/\/www.mojabochnia.pl\/","logo":{"@type":"ImageObject","inLanguage":"pl-PL","@id":"https:\/\/www.mojabochnia.pl\/#\/schema\/logo\/image\/","url":"https:\/\/www.mojabochnia.pl\/wp-content\/uploads\/2017\/08\/logo-mb-opt.png","contentUrl":"https:\/\/www.mojabochnia.pl\/wp-content\/uploads\/2017\/08\/logo-mb-opt.png","width":250,"height":48,"caption":"mojabochnia.pl - portal informacyjny"},"image":{"@id":"https:\/\/www.mojabochnia.pl\/#\/schema\/logo\/image\/"},"sameAs":["https:\/\/www.facebook.com\/mojabochnia"]},{"@type":"Person","@id":"https:\/\/www.mojabochnia.pl\/#\/schema\/person\/c00e1f64e6fa0e6de6d410f2c340017f","name":"administrator","url":"https:\/\/www.mojabochnia.pl\/?author=1"}]}},"_links":{"self":[{"href":"https:\/\/www.mojabochnia.pl\/index.php?rest_route=\/wp\/v2\/posts\/4265","targetHints":{"allow":["GET"]}}],"collection":[{"href":"https:\/\/www.mojabochnia.pl\/index.php?rest_route=\/wp\/v2\/posts"}],"about":[{"href":"https:\/\/www.mojabochnia.pl\/index.php?rest_route=\/wp\/v2\/types\/post"}],"author":[{"embeddable":true,"href":"https:\/\/www.mojabochnia.pl\/index.php?rest_route=\/wp\/v2\/users\/1"}],"replies":[{"embeddable":true,"href":"https:\/\/www.mojabochnia.pl\/index.php?rest_route=%2Fwp%2Fv2%2Fcomments&post=4265"}],"version-history":[{"count":0,"href":"https:\/\/www.mojabochnia.pl\/index.php?rest_route=\/wp\/v2\/posts\/4265\/revisions"}],"wp:attachment":[{"href":"https:\/\/www.mojabochnia.pl\/index.php?rest_route=%2Fwp%2Fv2%2Fmedia&parent=4265"}],"wp:term":[{"taxonomy":"category","embeddable":true,"href":"https:\/\/www.mojabochnia.pl\/index.php?rest_route=%2Fwp%2Fv2%2Fcategories&post=4265"},{"taxonomy":"post_tag","embeddable":true,"href":"https:\/\/www.mojabochnia.pl\/index.php?rest_route=%2Fwp%2Fv2%2Ftags&post=4265"}],"curies":[{"name":"wp","href":"https:\/\/api.w.org\/{rel}","templated":true}]}}