{"id":4259,"date":"2009-01-07T13:15:31","date_gmt":"2009-01-07T12:15:31","guid":{"rendered":"http:\/\/www.mojabochnia.pl\/?p=4259"},"modified":"2009-01-07T13:36:12","modified_gmt":"2009-01-07T12:36:12","slug":"leszek-sztremer-do-wojta-lipnicy","status":"publish","type":"post","link":"https:\/\/www.mojabochnia.pl\/?p=4259","title":{"rendered":"Leszek Sztremer do w\u00f3jta Lipnicy"},"content":{"rendered":"<p><strong>Oto pe\u0142na tre\u015b\u0107 pisma Leszka Sztremera do w\u00f3jta Lipnicy Murowanej Tadeusza Klimka:<\/strong><\/p>\n<p>Sztremer Leszek<br \/>\nLipnica Murowana 156<\/p>\n<p>Pan Tadeusz Klimek<br \/>\nW\u00f3jt Gminy Lipnica Murowana<\/p>\n<p>02.01.2009.                  <\/p>\n<p><em>My\u015bla\u0142em, \u017ce Pan w spos\u00f3b merytoryczny ustosunkuje si\u0119 do zarzut\u00f3w, jakie przedstawi\u0142em Panu w moim li\u015bcie. Tak powinna post\u0105pi\u0107 osoba publiczna, a tak\u0105 niew\u0105tpliwie Pan jest w naszej gminie. Odpowiedzi\u0105 Pana by\u0142a lakoniczna informacja Urz\u0119du Gminy zamieszczona na stronach internetowych www.mojabochnia.pl oraz www.lipnicamurowana.pl. Wynika z tego, \u017ce nie jestem mieszka\u0144cem Lipnicy, gdy\u017c nie jestem w niej zameldowany i nie uczestnicz\u0119 w \u017cyciu politycznym i gospodarczym Gminy. Jest to informacja wprowadzaj\u0105ca w b\u0142\u0105d opini\u0119 publiczn\u0105, gdy\u017c nie ma takiego aktu prawnego, kt\u00f3ry uzale\u017cnia bycie mieszka\u0144cem od spe\u0142nienia tych trzech warunk\u00f3w.<\/p>\n<p>W Lipnicy Murowanej, razem z moj\u0105 \u017con\u0105 Krystyn\u0105 wybudowali\u015bmy w latach 1967-69 dom (nr ew. 156). Do dnia dzisiejszego jeste\u015bmy w\u0142a\u015bcicielami tej nieruchomo\u015bci. R\u00f3wnie\u017c do dnia dzisiejszego p\u0142acimy w Urz\u0119dzie Gminy podatki z tego tytu\u0142u. Od ponad dwudziestu lat wi\u0119ksz\u0105 cz\u0119\u015b\u0107 roku mieszkamy w tym domu (od wczesnej wiosny do p\u00f3\u017anej jesieni). Od kilkunastu lat nasze nazwisko figuruje na listach wyborc\u00f3w Lipnicy Murowanej i zawsze uczestniczymy w wyborach (r\u00f3wnie\u017c w 2006r) spe\u0142niaj\u0105c obywatelski obowi\u0105zek.<\/p>\n<p>Nie uczestnicz\u0119 w \u017cyciu gospodarczym Lipnicy poniewa\u017c od ponad 20 lat jestem na emeryturze. Nie jestem czynny zawodowo, a tylko w ten spos\u00f3b mo\u017cna w tym \u017cyciu uczestniczy\u0107.<\/p>\n<p>Nie uczestnicz\u0119 w \u017cyciu politycznym, bo nie nale\u017c\u0119 do \u017cadnego ugrupowania politycznego. Uczestnicz\u0119 natomiast w \u017cyciu kulturalno \u2013 spo\u0142ecznym Lipnicy. Od kilku lat pe\u0142ni\u0119 spo\u0142ecznie funkcj\u0119 opiekuna i przewodnika po Ko\u015bciele \u015bw. Leonarda. Na prac\u0119 spo\u0142eczn\u0105 po\u015bwi\u0119cam ka\u017cd\u0105 sobot\u0119 i niedziel\u0119 w okresie w kt\u00f3rym mieszkam w Lipnicy. Jakie znaczenie w promocji Lipnicy ma umo\u017cliwienie turystom zwiedzanie tego obiektu, nie musz\u0119 Panu t\u0142umaczy\u0107.<\/p>\n<p>Mimo faktu \u017ce nie jestem zameldowany w Lipnicy to czuj\u0119 si\u0119 jej mieszka\u0144cem i dobro tego miasteczka  le\u017cy mi na sercu.<\/p>\n<p><strong>P.S. <\/strong>List ten stanowi sprostowanie do informacji Urz\u0119du Gminy dotycz\u0105cej mojej osoby, dlatego prosz\u0119 o umieszczenie na stronach www.lipnicamurowana.pl. Obowi\u0105zek umieszczenia sprostowania przewiduje prawo prasowe.<\/em><\/p>\n","protected":false},"excerpt":{"rendered":"<p><em>My\u015bla\u0142em, \u017ce Pan w spos\u00f3b merytoryczny ustosunkuje si\u0119 do zarzut\u00f3w, jakie przedstawi\u0142em Panu w moim li\u015bcie<\/em> &#8211; pisze do w\u00f3jta Leszek Sztremer.<\/p>\n","protected":false},"author":4,"featured_media":0,"comment_status":"open","ping_status":"closed","sticky":false,"template":"","format":"standard","meta":{"_acf_changed":false,"footnotes":""},"categories":[5],"tags":[17197,1940,254,907,908,75,506,17474,17493],"class_list":["post-4259","post","type-post","status-publish","format-standard","hentry","category-biezace-wydarzenia","tag-ks-zbigniew-kras","tag-leszek-sztremer","tag-lipnia-murowana","tag-maria-palka","tag-rada-gminy","tag-sw-szymon","tag-tadeusz-klimek","tag-tomasz-gromala","tag-wojt"],"acf":[],"yoast_head":"<!-- This site is optimized with the Yoast SEO plugin v26.9 - https:\/\/yoast.com\/product\/yoast-seo-wordpress\/ -->\n<title>Leszek Sztremer do w\u00f3jta Lipnicy - mojabochnia.pl - portal informacyjny<\/title>\n<meta name=\"robots\" content=\"index, follow, max-snippet:-1, max-image-preview:large, max-video-preview:-1\" \/>\n<link rel=\"canonical\" href=\"https:\/\/www.mojabochnia.pl\/?p=4259\" \/>\n<meta property=\"og:locale\" content=\"pl_PL\" \/>\n<meta property=\"og:type\" content=\"article\" \/>\n<meta property=\"og:title\" content=\"Leszek Sztremer do w\u00f3jta Lipnicy - mojabochnia.pl - portal informacyjny\" \/>\n<meta property=\"og:description\" content=\"My\u015bla\u0142em, \u017ce Pan w spos\u00f3b merytoryczny ustosunkuje si\u0119 do zarzut\u00f3w, jakie przedstawi\u0142em Panu w moim li\u015bcie - pisze do w\u00f3jta Leszek Sztremer.\" \/>\n<meta property=\"og:url\" content=\"https:\/\/www.mojabochnia.pl\/?p=4259\" \/>\n<meta property=\"og:site_name\" content=\"mojabochnia.pl - portal informacyjny\" \/>\n<meta property=\"article:publisher\" content=\"https:\/\/www.facebook.com\/mojabochnia\" \/>\n<meta property=\"article:published_time\" content=\"2009-01-07T12:15:31+00:00\" \/>\n<meta property=\"article:modified_time\" content=\"2009-01-07T12:36:12+00:00\" \/>\n<meta name=\"author\" content=\"Pawe\u0142 Michalczyk\" \/>\n<meta name=\"twitter:card\" content=\"summary_large_image\" \/>\n<meta name=\"twitter:label1\" content=\"Written by\" \/>\n\t<meta name=\"twitter:data1\" content=\"Pawe\u0142 Michalczyk\" \/>\n\t<meta name=\"twitter:label2\" content=\"Est. reading time\" \/>\n\t<meta name=\"twitter:data2\" content=\"2 minuty\" \/>\n<script type=\"application\/ld+json\" class=\"yoast-schema-graph\">{\"@context\":\"https:\/\/schema.org\",\"@graph\":[{\"@type\":\"Article\",\"@id\":\"https:\/\/www.mojabochnia.pl\/?p=4259#article\",\"isPartOf\":{\"@id\":\"https:\/\/www.mojabochnia.pl\/?p=4259\"},\"author\":{\"name\":\"Pawe\u0142 Michalczyk\",\"@id\":\"https:\/\/www.mojabochnia.pl\/#\/schema\/person\/ea042e4724a77627963f02166828ead4\"},\"headline\":\"Leszek Sztremer do w\u00f3jta Lipnicy\",\"datePublished\":\"2009-01-07T12:15:31+00:00\",\"dateModified\":\"2009-01-07T12:36:12+00:00\",\"mainEntityOfPage\":{\"@id\":\"https:\/\/www.mojabochnia.pl\/?p=4259\"},\"wordCount\":388,\"commentCount\":11,\"publisher\":{\"@id\":\"https:\/\/www.mojabochnia.pl\/#organization\"},\"keywords\":[\"ks. zbigniew kras\",\"Leszek Sztremer\",\"lipnia murowana\",\"maria pa\u0142ka\",\"rada gminy\",\"\u015bw. szymon\",\"tadeusz klimek\",\"tomasz gromala\",\"w\u00f3jt\"],\"articleSection\":[\"2_ostatnie\"],\"inLanguage\":\"pl-PL\",\"potentialAction\":[{\"@type\":\"CommentAction\",\"name\":\"Comment\",\"target\":[\"https:\/\/www.mojabochnia.pl\/?p=4259#respond\"]}]},{\"@type\":\"WebPage\",\"@id\":\"https:\/\/www.mojabochnia.pl\/?p=4259\",\"url\":\"https:\/\/www.mojabochnia.pl\/?p=4259\",\"name\":\"Leszek Sztremer do w\u00f3jta Lipnicy - mojabochnia.pl - portal informacyjny\",\"isPartOf\":{\"@id\":\"https:\/\/www.mojabochnia.pl\/#website\"},\"datePublished\":\"2009-01-07T12:15:31+00:00\",\"dateModified\":\"2009-01-07T12:36:12+00:00\",\"breadcrumb\":{\"@id\":\"https:\/\/www.mojabochnia.pl\/?p=4259#breadcrumb\"},\"inLanguage\":\"pl-PL\",\"potentialAction\":[{\"@type\":\"ReadAction\",\"target\":[\"https:\/\/www.mojabochnia.pl\/?p=4259\"]}]},{\"@type\":\"BreadcrumbList\",\"@id\":\"https:\/\/www.mojabochnia.pl\/?p=4259#breadcrumb\",\"itemListElement\":[{\"@type\":\"ListItem\",\"position\":1,\"name\":\"Home\",\"item\":\"https:\/\/www.mojabochnia.pl\/\"},{\"@type\":\"ListItem\",\"position\":2,\"name\":\"Leszek Sztremer do w\u00f3jta Lipnicy\"}]},{\"@type\":\"WebSite\",\"@id\":\"https:\/\/www.mojabochnia.pl\/#website\",\"url\":\"https:\/\/www.mojabochnia.pl\/\",\"name\":\"mojabochnia.pl - portal informacyjny\",\"description\":\"mojaBochnia to portal informacyjny o Bochni. Codziennie o Bochni piszemy i pokazujemy najwa\u017cniejsze wydarzenia\",\"publisher\":{\"@id\":\"https:\/\/www.mojabochnia.pl\/#organization\"},\"potentialAction\":[{\"@type\":\"SearchAction\",\"target\":{\"@type\":\"EntryPoint\",\"urlTemplate\":\"https:\/\/www.mojabochnia.pl\/?s={search_term_string}\"},\"query-input\":{\"@type\":\"PropertyValueSpecification\",\"valueRequired\":true,\"valueName\":\"search_term_string\"}}],\"inLanguage\":\"pl-PL\"},{\"@type\":\"Organization\",\"@id\":\"https:\/\/www.mojabochnia.pl\/#organization\",\"name\":\"mojabochnia.pl - portal informacyjny\",\"url\":\"https:\/\/www.mojabochnia.pl\/\",\"logo\":{\"@type\":\"ImageObject\",\"inLanguage\":\"pl-PL\",\"@id\":\"https:\/\/www.mojabochnia.pl\/#\/schema\/logo\/image\/\",\"url\":\"https:\/\/www.mojabochnia.pl\/wp-content\/uploads\/2017\/08\/logo-mb-opt.png\",\"contentUrl\":\"https:\/\/www.mojabochnia.pl\/wp-content\/uploads\/2017\/08\/logo-mb-opt.png\",\"width\":250,\"height\":48,\"caption\":\"mojabochnia.pl - portal informacyjny\"},\"image\":{\"@id\":\"https:\/\/www.mojabochnia.pl\/#\/schema\/logo\/image\/\"},\"sameAs\":[\"https:\/\/www.facebook.com\/mojabochnia\"]},{\"@type\":\"Person\",\"@id\":\"https:\/\/www.mojabochnia.pl\/#\/schema\/person\/ea042e4724a77627963f02166828ead4\",\"name\":\"Pawe\u0142 Michalczyk\",\"url\":\"https:\/\/www.mojabochnia.pl\/?author=4\"}]}<\/script>\n<!-- \/ Yoast SEO plugin. -->","yoast_head_json":{"title":"Leszek Sztremer do w\u00f3jta Lipnicy - mojabochnia.pl - portal informacyjny","robots":{"index":"index","follow":"follow","max-snippet":"max-snippet:-1","max-image-preview":"max-image-preview:large","max-video-preview":"max-video-preview:-1"},"canonical":"https:\/\/www.mojabochnia.pl\/?p=4259","og_locale":"pl_PL","og_type":"article","og_title":"Leszek Sztremer do w\u00f3jta Lipnicy - mojabochnia.pl - portal informacyjny","og_description":"My\u015bla\u0142em, \u017ce Pan w spos\u00f3b merytoryczny ustosunkuje si\u0119 do zarzut\u00f3w, jakie przedstawi\u0142em Panu w moim li\u015bcie - pisze do w\u00f3jta Leszek Sztremer.","og_url":"https:\/\/www.mojabochnia.pl\/?p=4259","og_site_name":"mojabochnia.pl - portal informacyjny","article_publisher":"https:\/\/www.facebook.com\/mojabochnia","article_published_time":"2009-01-07T12:15:31+00:00","article_modified_time":"2009-01-07T12:36:12+00:00","author":"Pawe\u0142 Michalczyk","twitter_card":"summary_large_image","twitter_misc":{"Written by":"Pawe\u0142 Michalczyk","Est. reading time":"2 minuty"},"schema":{"@context":"https:\/\/schema.org","@graph":[{"@type":"Article","@id":"https:\/\/www.mojabochnia.pl\/?p=4259#article","isPartOf":{"@id":"https:\/\/www.mojabochnia.pl\/?p=4259"},"author":{"name":"Pawe\u0142 Michalczyk","@id":"https:\/\/www.mojabochnia.pl\/#\/schema\/person\/ea042e4724a77627963f02166828ead4"},"headline":"Leszek Sztremer do w\u00f3jta Lipnicy","datePublished":"2009-01-07T12:15:31+00:00","dateModified":"2009-01-07T12:36:12+00:00","mainEntityOfPage":{"@id":"https:\/\/www.mojabochnia.pl\/?p=4259"},"wordCount":388,"commentCount":11,"publisher":{"@id":"https:\/\/www.mojabochnia.pl\/#organization"},"keywords":["ks. zbigniew kras","Leszek Sztremer","lipnia murowana","maria pa\u0142ka","rada gminy","\u015bw. szymon","tadeusz klimek","tomasz gromala","w\u00f3jt"],"articleSection":["2_ostatnie"],"inLanguage":"pl-PL","potentialAction":[{"@type":"CommentAction","name":"Comment","target":["https:\/\/www.mojabochnia.pl\/?p=4259#respond"]}]},{"@type":"WebPage","@id":"https:\/\/www.mojabochnia.pl\/?p=4259","url":"https:\/\/www.mojabochnia.pl\/?p=4259","name":"Leszek Sztremer do w\u00f3jta Lipnicy - mojabochnia.pl - portal informacyjny","isPartOf":{"@id":"https:\/\/www.mojabochnia.pl\/#website"},"datePublished":"2009-01-07T12:15:31+00:00","dateModified":"2009-01-07T12:36:12+00:00","breadcrumb":{"@id":"https:\/\/www.mojabochnia.pl\/?p=4259#breadcrumb"},"inLanguage":"pl-PL","potentialAction":[{"@type":"ReadAction","target":["https:\/\/www.mojabochnia.pl\/?p=4259"]}]},{"@type":"BreadcrumbList","@id":"https:\/\/www.mojabochnia.pl\/?p=4259#breadcrumb","itemListElement":[{"@type":"ListItem","position":1,"name":"Home","item":"https:\/\/www.mojabochnia.pl\/"},{"@type":"ListItem","position":2,"name":"Leszek Sztremer do w\u00f3jta Lipnicy"}]},{"@type":"WebSite","@id":"https:\/\/www.mojabochnia.pl\/#website","url":"https:\/\/www.mojabochnia.pl\/","name":"mojabochnia.pl - portal informacyjny","description":"mojaBochnia to portal informacyjny o Bochni. Codziennie o Bochni piszemy i pokazujemy najwa\u017cniejsze wydarzenia","publisher":{"@id":"https:\/\/www.mojabochnia.pl\/#organization"},"potentialAction":[{"@type":"SearchAction","target":{"@type":"EntryPoint","urlTemplate":"https:\/\/www.mojabochnia.pl\/?s={search_term_string}"},"query-input":{"@type":"PropertyValueSpecification","valueRequired":true,"valueName":"search_term_string"}}],"inLanguage":"pl-PL"},{"@type":"Organization","@id":"https:\/\/www.mojabochnia.pl\/#organization","name":"mojabochnia.pl - portal informacyjny","url":"https:\/\/www.mojabochnia.pl\/","logo":{"@type":"ImageObject","inLanguage":"pl-PL","@id":"https:\/\/www.mojabochnia.pl\/#\/schema\/logo\/image\/","url":"https:\/\/www.mojabochnia.pl\/wp-content\/uploads\/2017\/08\/logo-mb-opt.png","contentUrl":"https:\/\/www.mojabochnia.pl\/wp-content\/uploads\/2017\/08\/logo-mb-opt.png","width":250,"height":48,"caption":"mojabochnia.pl - portal informacyjny"},"image":{"@id":"https:\/\/www.mojabochnia.pl\/#\/schema\/logo\/image\/"},"sameAs":["https:\/\/www.facebook.com\/mojabochnia"]},{"@type":"Person","@id":"https:\/\/www.mojabochnia.pl\/#\/schema\/person\/ea042e4724a77627963f02166828ead4","name":"Pawe\u0142 Michalczyk","url":"https:\/\/www.mojabochnia.pl\/?author=4"}]}},"_links":{"self":[{"href":"https:\/\/www.mojabochnia.pl\/index.php?rest_route=\/wp\/v2\/posts\/4259","targetHints":{"allow":["GET"]}}],"collection":[{"href":"https:\/\/www.mojabochnia.pl\/index.php?rest_route=\/wp\/v2\/posts"}],"about":[{"href":"https:\/\/www.mojabochnia.pl\/index.php?rest_route=\/wp\/v2\/types\/post"}],"author":[{"embeddable":true,"href":"https:\/\/www.mojabochnia.pl\/index.php?rest_route=\/wp\/v2\/users\/4"}],"replies":[{"embeddable":true,"href":"https:\/\/www.mojabochnia.pl\/index.php?rest_route=%2Fwp%2Fv2%2Fcomments&post=4259"}],"version-history":[{"count":0,"href":"https:\/\/www.mojabochnia.pl\/index.php?rest_route=\/wp\/v2\/posts\/4259\/revisions"}],"wp:attachment":[{"href":"https:\/\/www.mojabochnia.pl\/index.php?rest_route=%2Fwp%2Fv2%2Fmedia&parent=4259"}],"wp:term":[{"taxonomy":"category","embeddable":true,"href":"https:\/\/www.mojabochnia.pl\/index.php?rest_route=%2Fwp%2Fv2%2Fcategories&post=4259"},{"taxonomy":"post_tag","embeddable":true,"href":"https:\/\/www.mojabochnia.pl\/index.php?rest_route=%2Fwp%2Fv2%2Ftags&post=4259"}],"curies":[{"name":"wp","href":"https:\/\/api.w.org\/{rel}","templated":true}]}}