{"id":42548,"date":"2011-01-21T07:03:02","date_gmt":"2011-01-21T06:03:02","guid":{"rendered":"http:\/\/www.mojabochnia.pl\/?p=42548"},"modified":"2011-01-20T18:28:58","modified_gmt":"2011-01-20T17:28:58","slug":"burmistrz-koryguje-projekt-budzetu-swojego-poprzednika","status":"publish","type":"post","link":"https:\/\/www.mojabochnia.pl\/?p=42548","title":{"rendered":"Burmistrz Stefan Kolawi\u0144ski koryguje projekt bud\u017cetu swojego poprzednika"},"content":{"rendered":"<p>Burmistrz Stefan Kolawi\u0144ski uwa\u017ca, \u017ce wszystkie zadania zaplanowane przez jego poprzednika powinny zosta\u0107 wykonane. Dokonuje jednak pewnych modyfikacji w wydatkach maj\u0105tkowych. <\/p>\n<p>\u2013 <em>Nast\u0105pi\u0142y pewne przesuni\u0119cia dotycz\u0105ce kwot, zakresu wykonywanych zada\u0144, natomiast pojawi\u0142y si\u0119 w bud\u017cecie i inne pilne, bardzo potrzebne zadania, kt\u00f3re w moim przekonaniu poprawi\u0105 komfort mieszka\u0144c\u00f3w r\u00f3\u017cnych rejon\u00f3w Bochni<\/em> \u2013 m\u00f3wi burmistrz.<\/p>\n<p>Zdaniem burmistrza remont rynku nale\u017cy wykona\u0107 w ca\u0142o\u015bci, a nie etapami, st\u0105d 200 tys. z\u0142 zaplanowane w tym roku na remont wschodniej pierzei rynku zostanie przeznaczone na inny cel. Remont ul. Urbana wed\u0142ug kosztorysu opiewa\u0142by na 1,3 mln z\u0142, dlatego zaplanowane na ten rok 300 tys. z\u0142 burmistrze r\u00f3wnie\u017c zdecydowa\u0142 si\u0119 przenie\u015b\u0107 na inne zadanie, a pe\u0142ny remont ma zamiar wykona\u0107 w roku 2012. <\/p>\n<p>R\u00f3wnie\u017c nie b\u0119dzie w tym roku remontu ul. Rejtana za 200 tys. z\u0142, modyfikacje zastosowano r\u00f3wnie\u017c w zaplanowanych wydatkach na remont ul. D\u0119bnik. Oszcz\u0119dno\u015bci maj\u0105 zosta\u0107 przeznaczone na remont ul. Trudnej. \u2013 <em>W miar\u0119 mo\u017cliwo\u015bci b\u0119dzie si\u0119 wykonywa\u0142o wszystkie te rzeczy, na kt\u00f3re wystarczy pieni\u0119dzy<\/em>.<\/p>\n<p>Bud\u017cet Bochni na 2011 r. ma by\u0107 przyj\u0119ty przez radnych w najbli\u017cszy czwartek.<\/p>\n","protected":false},"excerpt":{"rendered":"<p>200 tys. z\u0142 zaplanowane na remont wschodniej pierzei rynku zostanie zdj\u0119te z tego zadania. Podobnie nie b\u0119dzie w tym roku wykonywany remont ul. Urbana, na kt\u00f3ry Bogdan Kosturkiewicz zaplanowa\u0142 300 tys. z\u0142.<\/p>\n","protected":false},"author":4,"featured_media":0,"comment_status":"open","ping_status":"closed","sticky":false,"template":"","format":"standard","meta":{"_acf_changed":false,"footnotes":""},"categories":[5,11,6251,6250],"tags":[17171,17336,8253,17287,17300,17348,7781],"class_list":["post-42548","post","type-post","status-publish","format-standard","hentry","category-biezace-wydarzenia","category-top-temat","category-polityka-i-wydarzenia","category-tematyka","tag-bogdan-kosturkiewicz","tag-budzet","tag-pierzeja","tag-projekt","tag-remont","tag-rynek","tag-stefan-kolawinski"],"acf":[],"yoast_head":"<!-- This site is optimized with the Yoast SEO plugin v26.9 - https:\/\/yoast.com\/product\/yoast-seo-wordpress\/ -->\n<title>Burmistrz Stefan Kolawi\u0144ski koryguje projekt bud\u017cetu swojego poprzednika - mojabochnia.pl - portal informacyjny<\/title>\n<meta name=\"robots\" content=\"index, follow, max-snippet:-1, max-image-preview:large, max-video-preview:-1\" \/>\n<link rel=\"canonical\" href=\"https:\/\/www.mojabochnia.pl\/?p=42548\" \/>\n<meta property=\"og:locale\" content=\"pl_PL\" \/>\n<meta property=\"og:type\" content=\"article\" \/>\n<meta property=\"og:title\" content=\"Burmistrz Stefan Kolawi\u0144ski koryguje projekt bud\u017cetu swojego poprzednika - mojabochnia.pl - portal informacyjny\" \/>\n<meta property=\"og:description\" content=\"200 tys. z\u0142 zaplanowane na remont wschodniej pierzei rynku zostanie zdj\u0119te z tego zadania. Podobnie nie b\u0119dzie w tym roku wykonywany remont ul. Urbana, na kt\u00f3ry Bogdan Kosturkiewicz zaplanowa\u0142 300 tys. z\u0142.\" \/>\n<meta property=\"og:url\" content=\"https:\/\/www.mojabochnia.pl\/?p=42548\" \/>\n<meta property=\"og:site_name\" content=\"mojabochnia.pl - portal informacyjny\" \/>\n<meta property=\"article:publisher\" content=\"https:\/\/www.facebook.com\/mojabochnia\" \/>\n<meta property=\"article:published_time\" content=\"2011-01-21T06:03:02+00:00\" \/>\n<meta name=\"author\" content=\"Pawe\u0142 Michalczyk\" \/>\n<meta name=\"twitter:card\" content=\"summary_large_image\" \/>\n<meta name=\"twitter:label1\" content=\"Written by\" \/>\n\t<meta name=\"twitter:data1\" content=\"Pawe\u0142 Michalczyk\" \/>\n\t<meta name=\"twitter:label2\" content=\"Est. reading time\" \/>\n\t<meta name=\"twitter:data2\" content=\"1 minuta\" \/>\n<script type=\"application\/ld+json\" class=\"yoast-schema-graph\">{\"@context\":\"https:\/\/schema.org\",\"@graph\":[{\"@type\":\"Article\",\"@id\":\"https:\/\/www.mojabochnia.pl\/?p=42548#article\",\"isPartOf\":{\"@id\":\"https:\/\/www.mojabochnia.pl\/?p=42548\"},\"author\":{\"name\":\"Pawe\u0142 Michalczyk\",\"@id\":\"https:\/\/www.mojabochnia.pl\/#\/schema\/person\/ea042e4724a77627963f02166828ead4\"},\"headline\":\"Burmistrz Stefan Kolawi\u0144ski koryguje projekt bud\u017cetu swojego poprzednika\",\"datePublished\":\"2011-01-21T06:03:02+00:00\",\"mainEntityOfPage\":{\"@id\":\"https:\/\/www.mojabochnia.pl\/?p=42548\"},\"wordCount\":215,\"commentCount\":0,\"publisher\":{\"@id\":\"https:\/\/www.mojabochnia.pl\/#organization\"},\"keywords\":[\"bogdan kosturkiewicz\",\"bud\u017cet\",\"pierzeja\",\"projekt\",\"remont\",\"rynek\",\"stefan kolawi\u0144ski\"],\"articleSection\":[\"2_ostatnie\",\"3_w centrum uwagi\",\"polityka i wydarzenia\",\"tematyka\"],\"inLanguage\":\"pl-PL\",\"potentialAction\":[{\"@type\":\"CommentAction\",\"name\":\"Comment\",\"target\":[\"https:\/\/www.mojabochnia.pl\/?p=42548#respond\"]}]},{\"@type\":\"WebPage\",\"@id\":\"https:\/\/www.mojabochnia.pl\/?p=42548\",\"url\":\"https:\/\/www.mojabochnia.pl\/?p=42548\",\"name\":\"Burmistrz Stefan Kolawi\u0144ski koryguje projekt bud\u017cetu swojego poprzednika - mojabochnia.pl - portal informacyjny\",\"isPartOf\":{\"@id\":\"https:\/\/www.mojabochnia.pl\/#website\"},\"datePublished\":\"2011-01-21T06:03:02+00:00\",\"breadcrumb\":{\"@id\":\"https:\/\/www.mojabochnia.pl\/?p=42548#breadcrumb\"},\"inLanguage\":\"pl-PL\",\"potentialAction\":[{\"@type\":\"ReadAction\",\"target\":[\"https:\/\/www.mojabochnia.pl\/?p=42548\"]}]},{\"@type\":\"BreadcrumbList\",\"@id\":\"https:\/\/www.mojabochnia.pl\/?p=42548#breadcrumb\",\"itemListElement\":[{\"@type\":\"ListItem\",\"position\":1,\"name\":\"Home\",\"item\":\"https:\/\/www.mojabochnia.pl\/\"},{\"@type\":\"ListItem\",\"position\":2,\"name\":\"Burmistrz Stefan Kolawi\u0144ski koryguje projekt bud\u017cetu swojego poprzednika\"}]},{\"@type\":\"WebSite\",\"@id\":\"https:\/\/www.mojabochnia.pl\/#website\",\"url\":\"https:\/\/www.mojabochnia.pl\/\",\"name\":\"mojabochnia.pl - portal informacyjny\",\"description\":\"mojaBochnia to portal informacyjny o Bochni. Codziennie o Bochni piszemy i pokazujemy najwa\u017cniejsze wydarzenia\",\"publisher\":{\"@id\":\"https:\/\/www.mojabochnia.pl\/#organization\"},\"potentialAction\":[{\"@type\":\"SearchAction\",\"target\":{\"@type\":\"EntryPoint\",\"urlTemplate\":\"https:\/\/www.mojabochnia.pl\/?s={search_term_string}\"},\"query-input\":{\"@type\":\"PropertyValueSpecification\",\"valueRequired\":true,\"valueName\":\"search_term_string\"}}],\"inLanguage\":\"pl-PL\"},{\"@type\":\"Organization\",\"@id\":\"https:\/\/www.mojabochnia.pl\/#organization\",\"name\":\"mojabochnia.pl - portal informacyjny\",\"url\":\"https:\/\/www.mojabochnia.pl\/\",\"logo\":{\"@type\":\"ImageObject\",\"inLanguage\":\"pl-PL\",\"@id\":\"https:\/\/www.mojabochnia.pl\/#\/schema\/logo\/image\/\",\"url\":\"https:\/\/www.mojabochnia.pl\/wp-content\/uploads\/2017\/08\/logo-mb-opt.png\",\"contentUrl\":\"https:\/\/www.mojabochnia.pl\/wp-content\/uploads\/2017\/08\/logo-mb-opt.png\",\"width\":250,\"height\":48,\"caption\":\"mojabochnia.pl - portal informacyjny\"},\"image\":{\"@id\":\"https:\/\/www.mojabochnia.pl\/#\/schema\/logo\/image\/\"},\"sameAs\":[\"https:\/\/www.facebook.com\/mojabochnia\"]},{\"@type\":\"Person\",\"@id\":\"https:\/\/www.mojabochnia.pl\/#\/schema\/person\/ea042e4724a77627963f02166828ead4\",\"name\":\"Pawe\u0142 Michalczyk\",\"url\":\"https:\/\/www.mojabochnia.pl\/?author=4\"}]}<\/script>\n<!-- \/ Yoast SEO plugin. -->","yoast_head_json":{"title":"Burmistrz Stefan Kolawi\u0144ski koryguje projekt bud\u017cetu swojego poprzednika - mojabochnia.pl - portal informacyjny","robots":{"index":"index","follow":"follow","max-snippet":"max-snippet:-1","max-image-preview":"max-image-preview:large","max-video-preview":"max-video-preview:-1"},"canonical":"https:\/\/www.mojabochnia.pl\/?p=42548","og_locale":"pl_PL","og_type":"article","og_title":"Burmistrz Stefan Kolawi\u0144ski koryguje projekt bud\u017cetu swojego poprzednika - mojabochnia.pl - portal informacyjny","og_description":"200 tys. z\u0142 zaplanowane na remont wschodniej pierzei rynku zostanie zdj\u0119te z tego zadania. Podobnie nie b\u0119dzie w tym roku wykonywany remont ul. Urbana, na kt\u00f3ry Bogdan Kosturkiewicz zaplanowa\u0142 300 tys. z\u0142.","og_url":"https:\/\/www.mojabochnia.pl\/?p=42548","og_site_name":"mojabochnia.pl - portal informacyjny","article_publisher":"https:\/\/www.facebook.com\/mojabochnia","article_published_time":"2011-01-21T06:03:02+00:00","author":"Pawe\u0142 Michalczyk","twitter_card":"summary_large_image","twitter_misc":{"Written by":"Pawe\u0142 Michalczyk","Est. reading time":"1 minuta"},"schema":{"@context":"https:\/\/schema.org","@graph":[{"@type":"Article","@id":"https:\/\/www.mojabochnia.pl\/?p=42548#article","isPartOf":{"@id":"https:\/\/www.mojabochnia.pl\/?p=42548"},"author":{"name":"Pawe\u0142 Michalczyk","@id":"https:\/\/www.mojabochnia.pl\/#\/schema\/person\/ea042e4724a77627963f02166828ead4"},"headline":"Burmistrz Stefan Kolawi\u0144ski koryguje projekt bud\u017cetu swojego poprzednika","datePublished":"2011-01-21T06:03:02+00:00","mainEntityOfPage":{"@id":"https:\/\/www.mojabochnia.pl\/?p=42548"},"wordCount":215,"commentCount":0,"publisher":{"@id":"https:\/\/www.mojabochnia.pl\/#organization"},"keywords":["bogdan kosturkiewicz","bud\u017cet","pierzeja","projekt","remont","rynek","stefan kolawi\u0144ski"],"articleSection":["2_ostatnie","3_w centrum uwagi","polityka i wydarzenia","tematyka"],"inLanguage":"pl-PL","potentialAction":[{"@type":"CommentAction","name":"Comment","target":["https:\/\/www.mojabochnia.pl\/?p=42548#respond"]}]},{"@type":"WebPage","@id":"https:\/\/www.mojabochnia.pl\/?p=42548","url":"https:\/\/www.mojabochnia.pl\/?p=42548","name":"Burmistrz Stefan Kolawi\u0144ski koryguje projekt bud\u017cetu swojego poprzednika - mojabochnia.pl - portal informacyjny","isPartOf":{"@id":"https:\/\/www.mojabochnia.pl\/#website"},"datePublished":"2011-01-21T06:03:02+00:00","breadcrumb":{"@id":"https:\/\/www.mojabochnia.pl\/?p=42548#breadcrumb"},"inLanguage":"pl-PL","potentialAction":[{"@type":"ReadAction","target":["https:\/\/www.mojabochnia.pl\/?p=42548"]}]},{"@type":"BreadcrumbList","@id":"https:\/\/www.mojabochnia.pl\/?p=42548#breadcrumb","itemListElement":[{"@type":"ListItem","position":1,"name":"Home","item":"https:\/\/www.mojabochnia.pl\/"},{"@type":"ListItem","position":2,"name":"Burmistrz Stefan Kolawi\u0144ski koryguje projekt bud\u017cetu swojego poprzednika"}]},{"@type":"WebSite","@id":"https:\/\/www.mojabochnia.pl\/#website","url":"https:\/\/www.mojabochnia.pl\/","name":"mojabochnia.pl - portal informacyjny","description":"mojaBochnia to portal informacyjny o Bochni. Codziennie o Bochni piszemy i pokazujemy najwa\u017cniejsze wydarzenia","publisher":{"@id":"https:\/\/www.mojabochnia.pl\/#organization"},"potentialAction":[{"@type":"SearchAction","target":{"@type":"EntryPoint","urlTemplate":"https:\/\/www.mojabochnia.pl\/?s={search_term_string}"},"query-input":{"@type":"PropertyValueSpecification","valueRequired":true,"valueName":"search_term_string"}}],"inLanguage":"pl-PL"},{"@type":"Organization","@id":"https:\/\/www.mojabochnia.pl\/#organization","name":"mojabochnia.pl - portal informacyjny","url":"https:\/\/www.mojabochnia.pl\/","logo":{"@type":"ImageObject","inLanguage":"pl-PL","@id":"https:\/\/www.mojabochnia.pl\/#\/schema\/logo\/image\/","url":"https:\/\/www.mojabochnia.pl\/wp-content\/uploads\/2017\/08\/logo-mb-opt.png","contentUrl":"https:\/\/www.mojabochnia.pl\/wp-content\/uploads\/2017\/08\/logo-mb-opt.png","width":250,"height":48,"caption":"mojabochnia.pl - portal informacyjny"},"image":{"@id":"https:\/\/www.mojabochnia.pl\/#\/schema\/logo\/image\/"},"sameAs":["https:\/\/www.facebook.com\/mojabochnia"]},{"@type":"Person","@id":"https:\/\/www.mojabochnia.pl\/#\/schema\/person\/ea042e4724a77627963f02166828ead4","name":"Pawe\u0142 Michalczyk","url":"https:\/\/www.mojabochnia.pl\/?author=4"}]}},"_links":{"self":[{"href":"https:\/\/www.mojabochnia.pl\/index.php?rest_route=\/wp\/v2\/posts\/42548","targetHints":{"allow":["GET"]}}],"collection":[{"href":"https:\/\/www.mojabochnia.pl\/index.php?rest_route=\/wp\/v2\/posts"}],"about":[{"href":"https:\/\/www.mojabochnia.pl\/index.php?rest_route=\/wp\/v2\/types\/post"}],"author":[{"embeddable":true,"href":"https:\/\/www.mojabochnia.pl\/index.php?rest_route=\/wp\/v2\/users\/4"}],"replies":[{"embeddable":true,"href":"https:\/\/www.mojabochnia.pl\/index.php?rest_route=%2Fwp%2Fv2%2Fcomments&post=42548"}],"version-history":[{"count":6,"href":"https:\/\/www.mojabochnia.pl\/index.php?rest_route=\/wp\/v2\/posts\/42548\/revisions"}],"predecessor-version":[{"id":42550,"href":"https:\/\/www.mojabochnia.pl\/index.php?rest_route=\/wp\/v2\/posts\/42548\/revisions\/42550"}],"wp:attachment":[{"href":"https:\/\/www.mojabochnia.pl\/index.php?rest_route=%2Fwp%2Fv2%2Fmedia&parent=42548"}],"wp:term":[{"taxonomy":"category","embeddable":true,"href":"https:\/\/www.mojabochnia.pl\/index.php?rest_route=%2Fwp%2Fv2%2Fcategories&post=42548"},{"taxonomy":"post_tag","embeddable":true,"href":"https:\/\/www.mojabochnia.pl\/index.php?rest_route=%2Fwp%2Fv2%2Ftags&post=42548"}],"curies":[{"name":"wp","href":"https:\/\/api.w.org\/{rel}","templated":true}]}}