{"id":4253,"date":"2009-01-08T13:31:56","date_gmt":"2009-01-08T12:31:56","guid":{"rendered":"http:\/\/www.mojabochnia.pl\/?p=4253"},"modified":"2009-01-07T14:15:19","modified_gmt":"2009-01-07T13:15:19","slug":"wakacyjna-wolnosc-wisnickich-plastykow","status":"publish","type":"post","link":"https:\/\/www.mojabochnia.pl\/?p=4253","title":{"rendered":"Wakacyjna wolno\u015b\u0107 wi\u015bnickich plastyk\u00f3w"},"content":{"rendered":"<p>Podobnie jak w ubieg\u0142ych latach w Liceum Plastycznym w Nowym Wi\u015bniczu zorganizowano we wrze\u015bniu konkurs malarsko &#8211; rysunkowy &#8222;Praca wakacyjna&#8221;.<\/p>\n<p>M\u0142odzi plastycy maj\u0105c pe\u0142n\u0105 swobod\u0119 wyboru tematu, techniki czy skali realizacji wykonywa\u0142a swoje prace podczas wakacji. <\/p>\n<p>Jury konkursu, w sk\u0142ad kt\u00f3rego wchodzili arty\u015bci plastycy ucz\u0105cy w liceum wy\u0142onili pi\u0119cioro laureat\u00f3w. Nagrody uzyskali &#8211; I nagroda &#8211; Mateusz Kukla, II nagroda &#8211; Barbara Pospischil, wyr\u00f3\u017cnienia &#8211; Urszula Wro\u0144ska, Paulina Babiuch i Kamil Kotarba.<\/p>\n<p>Wystawa pokonkursowa &#8222;Wakacyjna wolno\u015b\u0107 m\u0142odego artysty&#8221; prezentowana w Miejskim Domu Kultury jak zaznacza dyrektor &#8222;plastyka&#8221; El\u017cbieta Kucyba\u0142a pozwoli szerszej publiczno\u015bci pozna\u0107 swobodn\u0105 tw\u00f3rczo\u015b\u0107 m\u0142odych adept\u00f3w sztuki. <\/p>\n<p>Wernisa\u017c wystawy odb\u0119dzie si\u0119 dzisiaj o godz. 17.30 w MDK.<\/p>\n","protected":false},"excerpt":{"rendered":"<p>Dzisiaj w Miejskim Domu Kultury odb\u0119dzie si\u0119 wernisa\u017c wystawy &#8222;Wakacyjna wolno\u015b\u0107 m\u0142odego artysty&#8221;. Autorami prac s\u0105 uczniowie wi\u015bnickiego Liceum Sztuk Plastycznych. <\/p>\n","protected":false},"author":1,"featured_media":0,"comment_status":"open","ping_status":"closed","sticky":false,"template":"","format":"standard","meta":{"_acf_changed":false,"footnotes":""},"categories":[92],"tags":[63,833,17122,17555,726,17166,17159,17157],"class_list":["post-4253","post","type-post","status-publish","format-standard","hentry","category-kultura","tag-dom-kultury","tag-elzbieta-kucybala","tag-konkurs","tag-liceum-plastyczne","tag-obrazy","tag-wakacje","tag-wernisaz","tag-wystawa"],"acf":[],"yoast_head":"<!-- This site is optimized with the Yoast SEO plugin v26.9 - https:\/\/yoast.com\/product\/yoast-seo-wordpress\/ -->\n<title>Wakacyjna wolno\u015b\u0107 wi\u015bnickich plastyk\u00f3w - mojabochnia.pl - portal informacyjny<\/title>\n<meta name=\"robots\" content=\"index, follow, max-snippet:-1, max-image-preview:large, max-video-preview:-1\" \/>\n<link rel=\"canonical\" href=\"https:\/\/www.mojabochnia.pl\/?p=4253\" \/>\n<meta property=\"og:locale\" content=\"pl_PL\" \/>\n<meta property=\"og:type\" content=\"article\" \/>\n<meta property=\"og:title\" content=\"Wakacyjna wolno\u015b\u0107 wi\u015bnickich plastyk\u00f3w - mojabochnia.pl - portal informacyjny\" \/>\n<meta property=\"og:description\" content=\"Dzisiaj w Miejskim Domu Kultury odb\u0119dzie si\u0119 wernisa\u017c wystawy &quot;Wakacyjna wolno\u015b\u0107 m\u0142odego artysty&quot;. Autorami prac s\u0105 uczniowie wi\u015bnickiego Liceum Sztuk Plastycznych.\" \/>\n<meta property=\"og:url\" content=\"https:\/\/www.mojabochnia.pl\/?p=4253\" \/>\n<meta property=\"og:site_name\" content=\"mojabochnia.pl - portal informacyjny\" \/>\n<meta property=\"article:publisher\" content=\"https:\/\/www.facebook.com\/mojabochnia\" \/>\n<meta property=\"article:published_time\" content=\"2009-01-08T12:31:56+00:00\" \/>\n<meta name=\"author\" content=\"administrator\" \/>\n<meta name=\"twitter:card\" content=\"summary_large_image\" \/>\n<meta name=\"twitter:label1\" content=\"Written by\" \/>\n\t<meta name=\"twitter:data1\" content=\"administrator\" \/>\n\t<meta name=\"twitter:label2\" content=\"Est. reading time\" \/>\n\t<meta name=\"twitter:data2\" content=\"1 minuta\" \/>\n<script type=\"application\/ld+json\" class=\"yoast-schema-graph\">{\"@context\":\"https:\/\/schema.org\",\"@graph\":[{\"@type\":\"Article\",\"@id\":\"https:\/\/www.mojabochnia.pl\/?p=4253#article\",\"isPartOf\":{\"@id\":\"https:\/\/www.mojabochnia.pl\/?p=4253\"},\"author\":{\"name\":\"administrator\",\"@id\":\"https:\/\/www.mojabochnia.pl\/#\/schema\/person\/c00e1f64e6fa0e6de6d410f2c340017f\"},\"headline\":\"Wakacyjna wolno\u015b\u0107 wi\u015bnickich plastyk\u00f3w\",\"datePublished\":\"2009-01-08T12:31:56+00:00\",\"mainEntityOfPage\":{\"@id\":\"https:\/\/www.mojabochnia.pl\/?p=4253\"},\"wordCount\":137,\"commentCount\":0,\"publisher\":{\"@id\":\"https:\/\/www.mojabochnia.pl\/#organization\"},\"keywords\":[\"dom kultury\",\"el\u017cbieta kucyba\u0142a\",\"konkurs\",\"liceum plastyczne\",\"obrazy\",\"wakacje\",\"wernisa\u017c\",\"wystawa\"],\"articleSection\":[\"kultura\"],\"inLanguage\":\"pl-PL\",\"potentialAction\":[{\"@type\":\"CommentAction\",\"name\":\"Comment\",\"target\":[\"https:\/\/www.mojabochnia.pl\/?p=4253#respond\"]}]},{\"@type\":\"WebPage\",\"@id\":\"https:\/\/www.mojabochnia.pl\/?p=4253\",\"url\":\"https:\/\/www.mojabochnia.pl\/?p=4253\",\"name\":\"Wakacyjna wolno\u015b\u0107 wi\u015bnickich plastyk\u00f3w - mojabochnia.pl - portal informacyjny\",\"isPartOf\":{\"@id\":\"https:\/\/www.mojabochnia.pl\/#website\"},\"datePublished\":\"2009-01-08T12:31:56+00:00\",\"breadcrumb\":{\"@id\":\"https:\/\/www.mojabochnia.pl\/?p=4253#breadcrumb\"},\"inLanguage\":\"pl-PL\",\"potentialAction\":[{\"@type\":\"ReadAction\",\"target\":[\"https:\/\/www.mojabochnia.pl\/?p=4253\"]}]},{\"@type\":\"BreadcrumbList\",\"@id\":\"https:\/\/www.mojabochnia.pl\/?p=4253#breadcrumb\",\"itemListElement\":[{\"@type\":\"ListItem\",\"position\":1,\"name\":\"Home\",\"item\":\"https:\/\/www.mojabochnia.pl\/\"},{\"@type\":\"ListItem\",\"position\":2,\"name\":\"Wakacyjna wolno\u015b\u0107 wi\u015bnickich plastyk\u00f3w\"}]},{\"@type\":\"WebSite\",\"@id\":\"https:\/\/www.mojabochnia.pl\/#website\",\"url\":\"https:\/\/www.mojabochnia.pl\/\",\"name\":\"mojabochnia.pl - portal informacyjny\",\"description\":\"mojaBochnia to portal informacyjny o Bochni. Codziennie o Bochni piszemy i pokazujemy najwa\u017cniejsze wydarzenia\",\"publisher\":{\"@id\":\"https:\/\/www.mojabochnia.pl\/#organization\"},\"potentialAction\":[{\"@type\":\"SearchAction\",\"target\":{\"@type\":\"EntryPoint\",\"urlTemplate\":\"https:\/\/www.mojabochnia.pl\/?s={search_term_string}\"},\"query-input\":{\"@type\":\"PropertyValueSpecification\",\"valueRequired\":true,\"valueName\":\"search_term_string\"}}],\"inLanguage\":\"pl-PL\"},{\"@type\":\"Organization\",\"@id\":\"https:\/\/www.mojabochnia.pl\/#organization\",\"name\":\"mojabochnia.pl - portal informacyjny\",\"url\":\"https:\/\/www.mojabochnia.pl\/\",\"logo\":{\"@type\":\"ImageObject\",\"inLanguage\":\"pl-PL\",\"@id\":\"https:\/\/www.mojabochnia.pl\/#\/schema\/logo\/image\/\",\"url\":\"https:\/\/www.mojabochnia.pl\/wp-content\/uploads\/2017\/08\/logo-mb-opt.png\",\"contentUrl\":\"https:\/\/www.mojabochnia.pl\/wp-content\/uploads\/2017\/08\/logo-mb-opt.png\",\"width\":250,\"height\":48,\"caption\":\"mojabochnia.pl - portal informacyjny\"},\"image\":{\"@id\":\"https:\/\/www.mojabochnia.pl\/#\/schema\/logo\/image\/\"},\"sameAs\":[\"https:\/\/www.facebook.com\/mojabochnia\"]},{\"@type\":\"Person\",\"@id\":\"https:\/\/www.mojabochnia.pl\/#\/schema\/person\/c00e1f64e6fa0e6de6d410f2c340017f\",\"name\":\"administrator\",\"url\":\"https:\/\/www.mojabochnia.pl\/?author=1\"}]}<\/script>\n<!-- \/ Yoast SEO plugin. -->","yoast_head_json":{"title":"Wakacyjna wolno\u015b\u0107 wi\u015bnickich plastyk\u00f3w - mojabochnia.pl - portal informacyjny","robots":{"index":"index","follow":"follow","max-snippet":"max-snippet:-1","max-image-preview":"max-image-preview:large","max-video-preview":"max-video-preview:-1"},"canonical":"https:\/\/www.mojabochnia.pl\/?p=4253","og_locale":"pl_PL","og_type":"article","og_title":"Wakacyjna wolno\u015b\u0107 wi\u015bnickich plastyk\u00f3w - mojabochnia.pl - portal informacyjny","og_description":"Dzisiaj w Miejskim Domu Kultury odb\u0119dzie si\u0119 wernisa\u017c wystawy \"Wakacyjna wolno\u015b\u0107 m\u0142odego artysty\". Autorami prac s\u0105 uczniowie wi\u015bnickiego Liceum Sztuk Plastycznych.","og_url":"https:\/\/www.mojabochnia.pl\/?p=4253","og_site_name":"mojabochnia.pl - portal informacyjny","article_publisher":"https:\/\/www.facebook.com\/mojabochnia","article_published_time":"2009-01-08T12:31:56+00:00","author":"administrator","twitter_card":"summary_large_image","twitter_misc":{"Written by":"administrator","Est. reading time":"1 minuta"},"schema":{"@context":"https:\/\/schema.org","@graph":[{"@type":"Article","@id":"https:\/\/www.mojabochnia.pl\/?p=4253#article","isPartOf":{"@id":"https:\/\/www.mojabochnia.pl\/?p=4253"},"author":{"name":"administrator","@id":"https:\/\/www.mojabochnia.pl\/#\/schema\/person\/c00e1f64e6fa0e6de6d410f2c340017f"},"headline":"Wakacyjna wolno\u015b\u0107 wi\u015bnickich plastyk\u00f3w","datePublished":"2009-01-08T12:31:56+00:00","mainEntityOfPage":{"@id":"https:\/\/www.mojabochnia.pl\/?p=4253"},"wordCount":137,"commentCount":0,"publisher":{"@id":"https:\/\/www.mojabochnia.pl\/#organization"},"keywords":["dom kultury","el\u017cbieta kucyba\u0142a","konkurs","liceum plastyczne","obrazy","wakacje","wernisa\u017c","wystawa"],"articleSection":["kultura"],"inLanguage":"pl-PL","potentialAction":[{"@type":"CommentAction","name":"Comment","target":["https:\/\/www.mojabochnia.pl\/?p=4253#respond"]}]},{"@type":"WebPage","@id":"https:\/\/www.mojabochnia.pl\/?p=4253","url":"https:\/\/www.mojabochnia.pl\/?p=4253","name":"Wakacyjna wolno\u015b\u0107 wi\u015bnickich plastyk\u00f3w - mojabochnia.pl - portal informacyjny","isPartOf":{"@id":"https:\/\/www.mojabochnia.pl\/#website"},"datePublished":"2009-01-08T12:31:56+00:00","breadcrumb":{"@id":"https:\/\/www.mojabochnia.pl\/?p=4253#breadcrumb"},"inLanguage":"pl-PL","potentialAction":[{"@type":"ReadAction","target":["https:\/\/www.mojabochnia.pl\/?p=4253"]}]},{"@type":"BreadcrumbList","@id":"https:\/\/www.mojabochnia.pl\/?p=4253#breadcrumb","itemListElement":[{"@type":"ListItem","position":1,"name":"Home","item":"https:\/\/www.mojabochnia.pl\/"},{"@type":"ListItem","position":2,"name":"Wakacyjna wolno\u015b\u0107 wi\u015bnickich plastyk\u00f3w"}]},{"@type":"WebSite","@id":"https:\/\/www.mojabochnia.pl\/#website","url":"https:\/\/www.mojabochnia.pl\/","name":"mojabochnia.pl - portal informacyjny","description":"mojaBochnia to portal informacyjny o Bochni. Codziennie o Bochni piszemy i pokazujemy najwa\u017cniejsze wydarzenia","publisher":{"@id":"https:\/\/www.mojabochnia.pl\/#organization"},"potentialAction":[{"@type":"SearchAction","target":{"@type":"EntryPoint","urlTemplate":"https:\/\/www.mojabochnia.pl\/?s={search_term_string}"},"query-input":{"@type":"PropertyValueSpecification","valueRequired":true,"valueName":"search_term_string"}}],"inLanguage":"pl-PL"},{"@type":"Organization","@id":"https:\/\/www.mojabochnia.pl\/#organization","name":"mojabochnia.pl - portal informacyjny","url":"https:\/\/www.mojabochnia.pl\/","logo":{"@type":"ImageObject","inLanguage":"pl-PL","@id":"https:\/\/www.mojabochnia.pl\/#\/schema\/logo\/image\/","url":"https:\/\/www.mojabochnia.pl\/wp-content\/uploads\/2017\/08\/logo-mb-opt.png","contentUrl":"https:\/\/www.mojabochnia.pl\/wp-content\/uploads\/2017\/08\/logo-mb-opt.png","width":250,"height":48,"caption":"mojabochnia.pl - portal informacyjny"},"image":{"@id":"https:\/\/www.mojabochnia.pl\/#\/schema\/logo\/image\/"},"sameAs":["https:\/\/www.facebook.com\/mojabochnia"]},{"@type":"Person","@id":"https:\/\/www.mojabochnia.pl\/#\/schema\/person\/c00e1f64e6fa0e6de6d410f2c340017f","name":"administrator","url":"https:\/\/www.mojabochnia.pl\/?author=1"}]}},"_links":{"self":[{"href":"https:\/\/www.mojabochnia.pl\/index.php?rest_route=\/wp\/v2\/posts\/4253","targetHints":{"allow":["GET"]}}],"collection":[{"href":"https:\/\/www.mojabochnia.pl\/index.php?rest_route=\/wp\/v2\/posts"}],"about":[{"href":"https:\/\/www.mojabochnia.pl\/index.php?rest_route=\/wp\/v2\/types\/post"}],"author":[{"embeddable":true,"href":"https:\/\/www.mojabochnia.pl\/index.php?rest_route=\/wp\/v2\/users\/1"}],"replies":[{"embeddable":true,"href":"https:\/\/www.mojabochnia.pl\/index.php?rest_route=%2Fwp%2Fv2%2Fcomments&post=4253"}],"version-history":[{"count":0,"href":"https:\/\/www.mojabochnia.pl\/index.php?rest_route=\/wp\/v2\/posts\/4253\/revisions"}],"wp:attachment":[{"href":"https:\/\/www.mojabochnia.pl\/index.php?rest_route=%2Fwp%2Fv2%2Fmedia&parent=4253"}],"wp:term":[{"taxonomy":"category","embeddable":true,"href":"https:\/\/www.mojabochnia.pl\/index.php?rest_route=%2Fwp%2Fv2%2Fcategories&post=4253"},{"taxonomy":"post_tag","embeddable":true,"href":"https:\/\/www.mojabochnia.pl\/index.php?rest_route=%2Fwp%2Fv2%2Ftags&post=4253"}],"curies":[{"name":"wp","href":"https:\/\/api.w.org\/{rel}","templated":true}]}}