{"id":4238,"date":"2009-01-08T08:43:42","date_gmt":"2009-01-08T07:43:42","guid":{"rendered":"http:\/\/www.mojabochnia.pl\/?p=4238"},"modified":"2009-01-07T12:12:19","modified_gmt":"2009-01-07T11:12:19","slug":"5-zl-za-10-zjazdow-w-woli-nieszkowskiej","status":"publish","type":"post","link":"https:\/\/www.mojabochnia.pl\/?p=4238","title":{"rendered":"5 z\u0142 za 10 zjazd\u00f3w w Woli Nieszkowskiej"},"content":{"rendered":"<p>12 kilometr\u00f3w od Bochni funkcjonuje wyci\u0105g w Woli Nieszkowskiej, kt\u00f3ry tylko czeka\u0142 na \u015bnieg i na narciarzy. W\u0142a\u015bcicielem wyci\u0105gu jest gmina Bochnia. <\/p>\n<p>10 wykorzystanych karnet\u00f3w jest zarazem przepustk\u0105 na kryt\u0105 p\u0142ywalni\u0119 w Prosz\u00f3wkach.<br \/>\nObok wyci\u0105gu w Woli Nieszkowskiej funkcjonuje r\u00f3wnie\u017c schronisko, w kt\u00f3rym mo\u017cna wypi\u0107 i zje\u015b\u0107 co\u015b ciep\u0142ego.<\/p>\n<p>&#8211; <em>Dojazd z centrum Bochni jest mo\u017cliwy autobusem RPK linii nr 2, a czas przejazdu to ok. 15 minut. Do Woli Nieszkowskiej dojecha\u0107 te\u017c mo\u017cna w\u0142asnym pojazdem, s\u0105 tu dwa bezp\u0142atne parkingi: przy schronisku (P1) oraz pod wyci\u0105giem (P2). Wyci\u0105g czynny jest codziennie od poniedzia\u0142ku do pi\u0105tku w godz. od 14:00 do 21:00, a w soboty i niedziele w godz. od 10:00 do 21:00. Stok jest o\u015bwietlony i zradiofonizowany. Na stoku oraz w schronisku \u201eWola\u201d mo\u017cna zam\u00f3wi\u0107 gor\u0105ce napoje i posi\u0142ki<\/em> &#8211; informuje urz\u0105d gminy Bochnia.<\/p>\n","protected":false},"excerpt":{"rendered":"<p>Pogoda zaserwowa\u0142a nam zimowy krajobraz. Dla mi\u0142o\u015bnik\u00f3w bia\u0142ego szale\u0144stwa jest to szansa, aby poszusowa\u0107 na nartach. <\/p>\n","protected":false},"author":4,"featured_media":0,"comment_status":"open","ping_status":"closed","sticky":false,"template":"","format":"standard","meta":{"_acf_changed":false,"footnotes":""},"categories":[5],"tags":[564,17579,17215,17331,2118,17388,17493,163,2117,678,17387,2119],"class_list":["post-4238","post","type-post","status-publish","format-standard","hentry","category-biezace-wydarzenia","tag-czas-wolny","tag-ferie","tag-jerzy-lysy","tag-kryta-plywalnia-w-proszowkach","tag-mroz","tag-snieg","tag-wojt","tag-wojt-gminy-bochnia","tag-wola-nieszkowska","tag-wyciag-narciarski","tag-zima","tag-zimowe-szalenstwo"],"acf":[],"yoast_head":"<!-- This site is optimized with the Yoast SEO plugin v26.9 - https:\/\/yoast.com\/product\/yoast-seo-wordpress\/ -->\n<title>5 z\u0142 za 10 zjazd\u00f3w w Woli Nieszkowskiej - mojabochnia.pl - portal informacyjny<\/title>\n<meta name=\"robots\" content=\"index, follow, max-snippet:-1, max-image-preview:large, max-video-preview:-1\" \/>\n<link rel=\"canonical\" href=\"https:\/\/www.mojabochnia.pl\/?p=4238\" \/>\n<meta property=\"og:locale\" content=\"pl_PL\" \/>\n<meta property=\"og:type\" content=\"article\" \/>\n<meta property=\"og:title\" content=\"5 z\u0142 za 10 zjazd\u00f3w w Woli Nieszkowskiej - mojabochnia.pl - portal informacyjny\" \/>\n<meta property=\"og:description\" content=\"Pogoda zaserwowa\u0142a nam zimowy krajobraz. Dla mi\u0142o\u015bnik\u00f3w bia\u0142ego szale\u0144stwa jest to szansa, aby poszusowa\u0107 na nartach.\" \/>\n<meta property=\"og:url\" content=\"https:\/\/www.mojabochnia.pl\/?p=4238\" \/>\n<meta property=\"og:site_name\" content=\"mojabochnia.pl - portal informacyjny\" \/>\n<meta property=\"article:publisher\" content=\"https:\/\/www.facebook.com\/mojabochnia\" \/>\n<meta property=\"article:published_time\" content=\"2009-01-08T07:43:42+00:00\" \/>\n<meta name=\"author\" content=\"Pawe\u0142 Michalczyk\" \/>\n<meta name=\"twitter:card\" content=\"summary_large_image\" \/>\n<meta name=\"twitter:label1\" content=\"Written by\" \/>\n\t<meta name=\"twitter:data1\" content=\"Pawe\u0142 Michalczyk\" \/>\n\t<meta name=\"twitter:label2\" content=\"Est. reading time\" \/>\n\t<meta name=\"twitter:data2\" content=\"1 minuta\" \/>\n<script type=\"application\/ld+json\" class=\"yoast-schema-graph\">{\"@context\":\"https:\/\/schema.org\",\"@graph\":[{\"@type\":\"Article\",\"@id\":\"https:\/\/www.mojabochnia.pl\/?p=4238#article\",\"isPartOf\":{\"@id\":\"https:\/\/www.mojabochnia.pl\/?p=4238\"},\"author\":{\"name\":\"Pawe\u0142 Michalczyk\",\"@id\":\"https:\/\/www.mojabochnia.pl\/#\/schema\/person\/ea042e4724a77627963f02166828ead4\"},\"headline\":\"5 z\u0142 za 10 zjazd\u00f3w w Woli Nieszkowskiej\",\"datePublished\":\"2009-01-08T07:43:42+00:00\",\"mainEntityOfPage\":{\"@id\":\"https:\/\/www.mojabochnia.pl\/?p=4238\"},\"wordCount\":162,\"commentCount\":3,\"publisher\":{\"@id\":\"https:\/\/www.mojabochnia.pl\/#organization\"},\"keywords\":[\"czas wolny\",\"ferie\",\"jerzy lysy\",\"kryta p\u0142ywalnia w prosz\u00f3wkach\",\"mr\u00f3z\",\"\u015bnieg\",\"w\u00f3jt\",\"w\u00f3jt gminy bochnia\",\"wola nieszkowska\",\"wyci\u0105g narciarski\",\"zima\",\"zimowe szale\u0144stwo\"],\"articleSection\":[\"2_ostatnie\"],\"inLanguage\":\"pl-PL\",\"potentialAction\":[{\"@type\":\"CommentAction\",\"name\":\"Comment\",\"target\":[\"https:\/\/www.mojabochnia.pl\/?p=4238#respond\"]}]},{\"@type\":\"WebPage\",\"@id\":\"https:\/\/www.mojabochnia.pl\/?p=4238\",\"url\":\"https:\/\/www.mojabochnia.pl\/?p=4238\",\"name\":\"5 z\u0142 za 10 zjazd\u00f3w w Woli Nieszkowskiej - mojabochnia.pl - portal informacyjny\",\"isPartOf\":{\"@id\":\"https:\/\/www.mojabochnia.pl\/#website\"},\"datePublished\":\"2009-01-08T07:43:42+00:00\",\"breadcrumb\":{\"@id\":\"https:\/\/www.mojabochnia.pl\/?p=4238#breadcrumb\"},\"inLanguage\":\"pl-PL\",\"potentialAction\":[{\"@type\":\"ReadAction\",\"target\":[\"https:\/\/www.mojabochnia.pl\/?p=4238\"]}]},{\"@type\":\"BreadcrumbList\",\"@id\":\"https:\/\/www.mojabochnia.pl\/?p=4238#breadcrumb\",\"itemListElement\":[{\"@type\":\"ListItem\",\"position\":1,\"name\":\"Home\",\"item\":\"https:\/\/www.mojabochnia.pl\/\"},{\"@type\":\"ListItem\",\"position\":2,\"name\":\"5 z\u0142 za 10 zjazd\u00f3w w Woli Nieszkowskiej\"}]},{\"@type\":\"WebSite\",\"@id\":\"https:\/\/www.mojabochnia.pl\/#website\",\"url\":\"https:\/\/www.mojabochnia.pl\/\",\"name\":\"mojabochnia.pl - portal informacyjny\",\"description\":\"mojaBochnia to portal informacyjny o Bochni. Codziennie o Bochni piszemy i pokazujemy najwa\u017cniejsze wydarzenia\",\"publisher\":{\"@id\":\"https:\/\/www.mojabochnia.pl\/#organization\"},\"potentialAction\":[{\"@type\":\"SearchAction\",\"target\":{\"@type\":\"EntryPoint\",\"urlTemplate\":\"https:\/\/www.mojabochnia.pl\/?s={search_term_string}\"},\"query-input\":{\"@type\":\"PropertyValueSpecification\",\"valueRequired\":true,\"valueName\":\"search_term_string\"}}],\"inLanguage\":\"pl-PL\"},{\"@type\":\"Organization\",\"@id\":\"https:\/\/www.mojabochnia.pl\/#organization\",\"name\":\"mojabochnia.pl - portal informacyjny\",\"url\":\"https:\/\/www.mojabochnia.pl\/\",\"logo\":{\"@type\":\"ImageObject\",\"inLanguage\":\"pl-PL\",\"@id\":\"https:\/\/www.mojabochnia.pl\/#\/schema\/logo\/image\/\",\"url\":\"https:\/\/www.mojabochnia.pl\/wp-content\/uploads\/2017\/08\/logo-mb-opt.png\",\"contentUrl\":\"https:\/\/www.mojabochnia.pl\/wp-content\/uploads\/2017\/08\/logo-mb-opt.png\",\"width\":250,\"height\":48,\"caption\":\"mojabochnia.pl - portal informacyjny\"},\"image\":{\"@id\":\"https:\/\/www.mojabochnia.pl\/#\/schema\/logo\/image\/\"},\"sameAs\":[\"https:\/\/www.facebook.com\/mojabochnia\"]},{\"@type\":\"Person\",\"@id\":\"https:\/\/www.mojabochnia.pl\/#\/schema\/person\/ea042e4724a77627963f02166828ead4\",\"name\":\"Pawe\u0142 Michalczyk\",\"url\":\"https:\/\/www.mojabochnia.pl\/?author=4\"}]}<\/script>\n<!-- \/ Yoast SEO plugin. -->","yoast_head_json":{"title":"5 z\u0142 za 10 zjazd\u00f3w w Woli Nieszkowskiej - mojabochnia.pl - portal informacyjny","robots":{"index":"index","follow":"follow","max-snippet":"max-snippet:-1","max-image-preview":"max-image-preview:large","max-video-preview":"max-video-preview:-1"},"canonical":"https:\/\/www.mojabochnia.pl\/?p=4238","og_locale":"pl_PL","og_type":"article","og_title":"5 z\u0142 za 10 zjazd\u00f3w w Woli Nieszkowskiej - mojabochnia.pl - portal informacyjny","og_description":"Pogoda zaserwowa\u0142a nam zimowy krajobraz. Dla mi\u0142o\u015bnik\u00f3w bia\u0142ego szale\u0144stwa jest to szansa, aby poszusowa\u0107 na nartach.","og_url":"https:\/\/www.mojabochnia.pl\/?p=4238","og_site_name":"mojabochnia.pl - portal informacyjny","article_publisher":"https:\/\/www.facebook.com\/mojabochnia","article_published_time":"2009-01-08T07:43:42+00:00","author":"Pawe\u0142 Michalczyk","twitter_card":"summary_large_image","twitter_misc":{"Written by":"Pawe\u0142 Michalczyk","Est. reading time":"1 minuta"},"schema":{"@context":"https:\/\/schema.org","@graph":[{"@type":"Article","@id":"https:\/\/www.mojabochnia.pl\/?p=4238#article","isPartOf":{"@id":"https:\/\/www.mojabochnia.pl\/?p=4238"},"author":{"name":"Pawe\u0142 Michalczyk","@id":"https:\/\/www.mojabochnia.pl\/#\/schema\/person\/ea042e4724a77627963f02166828ead4"},"headline":"5 z\u0142 za 10 zjazd\u00f3w w Woli Nieszkowskiej","datePublished":"2009-01-08T07:43:42+00:00","mainEntityOfPage":{"@id":"https:\/\/www.mojabochnia.pl\/?p=4238"},"wordCount":162,"commentCount":3,"publisher":{"@id":"https:\/\/www.mojabochnia.pl\/#organization"},"keywords":["czas wolny","ferie","jerzy lysy","kryta p\u0142ywalnia w prosz\u00f3wkach","mr\u00f3z","\u015bnieg","w\u00f3jt","w\u00f3jt gminy bochnia","wola nieszkowska","wyci\u0105g narciarski","zima","zimowe szale\u0144stwo"],"articleSection":["2_ostatnie"],"inLanguage":"pl-PL","potentialAction":[{"@type":"CommentAction","name":"Comment","target":["https:\/\/www.mojabochnia.pl\/?p=4238#respond"]}]},{"@type":"WebPage","@id":"https:\/\/www.mojabochnia.pl\/?p=4238","url":"https:\/\/www.mojabochnia.pl\/?p=4238","name":"5 z\u0142 za 10 zjazd\u00f3w w Woli Nieszkowskiej - mojabochnia.pl - portal informacyjny","isPartOf":{"@id":"https:\/\/www.mojabochnia.pl\/#website"},"datePublished":"2009-01-08T07:43:42+00:00","breadcrumb":{"@id":"https:\/\/www.mojabochnia.pl\/?p=4238#breadcrumb"},"inLanguage":"pl-PL","potentialAction":[{"@type":"ReadAction","target":["https:\/\/www.mojabochnia.pl\/?p=4238"]}]},{"@type":"BreadcrumbList","@id":"https:\/\/www.mojabochnia.pl\/?p=4238#breadcrumb","itemListElement":[{"@type":"ListItem","position":1,"name":"Home","item":"https:\/\/www.mojabochnia.pl\/"},{"@type":"ListItem","position":2,"name":"5 z\u0142 za 10 zjazd\u00f3w w Woli Nieszkowskiej"}]},{"@type":"WebSite","@id":"https:\/\/www.mojabochnia.pl\/#website","url":"https:\/\/www.mojabochnia.pl\/","name":"mojabochnia.pl - portal informacyjny","description":"mojaBochnia to portal informacyjny o Bochni. Codziennie o Bochni piszemy i pokazujemy najwa\u017cniejsze wydarzenia","publisher":{"@id":"https:\/\/www.mojabochnia.pl\/#organization"},"potentialAction":[{"@type":"SearchAction","target":{"@type":"EntryPoint","urlTemplate":"https:\/\/www.mojabochnia.pl\/?s={search_term_string}"},"query-input":{"@type":"PropertyValueSpecification","valueRequired":true,"valueName":"search_term_string"}}],"inLanguage":"pl-PL"},{"@type":"Organization","@id":"https:\/\/www.mojabochnia.pl\/#organization","name":"mojabochnia.pl - portal informacyjny","url":"https:\/\/www.mojabochnia.pl\/","logo":{"@type":"ImageObject","inLanguage":"pl-PL","@id":"https:\/\/www.mojabochnia.pl\/#\/schema\/logo\/image\/","url":"https:\/\/www.mojabochnia.pl\/wp-content\/uploads\/2017\/08\/logo-mb-opt.png","contentUrl":"https:\/\/www.mojabochnia.pl\/wp-content\/uploads\/2017\/08\/logo-mb-opt.png","width":250,"height":48,"caption":"mojabochnia.pl - portal informacyjny"},"image":{"@id":"https:\/\/www.mojabochnia.pl\/#\/schema\/logo\/image\/"},"sameAs":["https:\/\/www.facebook.com\/mojabochnia"]},{"@type":"Person","@id":"https:\/\/www.mojabochnia.pl\/#\/schema\/person\/ea042e4724a77627963f02166828ead4","name":"Pawe\u0142 Michalczyk","url":"https:\/\/www.mojabochnia.pl\/?author=4"}]}},"_links":{"self":[{"href":"https:\/\/www.mojabochnia.pl\/index.php?rest_route=\/wp\/v2\/posts\/4238","targetHints":{"allow":["GET"]}}],"collection":[{"href":"https:\/\/www.mojabochnia.pl\/index.php?rest_route=\/wp\/v2\/posts"}],"about":[{"href":"https:\/\/www.mojabochnia.pl\/index.php?rest_route=\/wp\/v2\/types\/post"}],"author":[{"embeddable":true,"href":"https:\/\/www.mojabochnia.pl\/index.php?rest_route=\/wp\/v2\/users\/4"}],"replies":[{"embeddable":true,"href":"https:\/\/www.mojabochnia.pl\/index.php?rest_route=%2Fwp%2Fv2%2Fcomments&post=4238"}],"version-history":[{"count":0,"href":"https:\/\/www.mojabochnia.pl\/index.php?rest_route=\/wp\/v2\/posts\/4238\/revisions"}],"wp:attachment":[{"href":"https:\/\/www.mojabochnia.pl\/index.php?rest_route=%2Fwp%2Fv2%2Fmedia&parent=4238"}],"wp:term":[{"taxonomy":"category","embeddable":true,"href":"https:\/\/www.mojabochnia.pl\/index.php?rest_route=%2Fwp%2Fv2%2Fcategories&post=4238"},{"taxonomy":"post_tag","embeddable":true,"href":"https:\/\/www.mojabochnia.pl\/index.php?rest_route=%2Fwp%2Fv2%2Ftags&post=4238"}],"curies":[{"name":"wp","href":"https:\/\/api.w.org\/{rel}","templated":true}]}}