{"id":4215,"date":"2009-01-07T12:12:04","date_gmt":"2009-01-07T11:12:04","guid":{"rendered":"http:\/\/www.mojabochnia.pl\/?p=4215"},"modified":"2011-07-26T11:40:37","modified_gmt":"2011-07-26T09:40:37","slug":"trzciana-ma-nowy-radiowoz","status":"publish","type":"post","link":"https:\/\/www.mojabochnia.pl\/?p=4215","title":{"rendered":"Trzciana ma nowy radiow\u00f3z"},"content":{"rendered":"<p>W \u015awi\u0119to Trzech Kr\u00f3li w Gimnazjum Publicznym w Trzcianie na zaproszenie W\u00f3jta Gminy Trzciana J\u00f3zefa Nowaka oraz Przewodnicz\u0105cego Rady Gminy Ryszarda \u015aliwy na spotkanie Noworoczno &#8211; Op\u0142atkowe przyby\u0142o wielu szacownych go\u015bci, przedstawicieli samorz\u0105du oraz wa\u017cnych instytucji, organizacji i lokalnych przedsi\u0119biorc\u00f3w. W uroczysto\u015bci wzi\u0119li udzia\u0142 m.in. Ma\u0142opolski Komendant Wojew\u00f3dzki Policji m\u0142. insp. Andrzej Rokita, Starosta Boche\u0144ski Jacek Paj\u0105k i wicestarosta Tomasz Ca\u0142ka. Komend\u0119 Powiatow\u0105 Policji w Bochni reprezentowali Komendant m\u0142. insp. Marek Rudnik wraz z zast\u0119pcami nadkom. Mariuszem Dymur\u0105 i podinsp. Jerzym Bierzychudkiem. <\/p>\n<p>Spotkanie poprzedzi\u0142a uroczysto\u015b\u0107 po\u015bwi\u0119cenia i oddania do u\u017cytku mostu w  Uje\u017adzie oraz po\u015bwi\u0119cenie nowego radiowozu KIA Sorento, wsp\u00f3\u0142finansowanego przez samorz\u0105d Trzciany. Aktu po\u015bwi\u0119cenia dokona\u0142 Proboszcz Parafii w Trzcianie ks. W\u0142adys\u0142aw Midura. Kluczyki z r\u0105k W\u00f3jta i Komendant\u00f3w odebra\u0142 kierownik Posterunku Policji w Trzcianie asp. Jacek Trzeciak. Radiow\u00f3z b\u0119dzie s\u0142u\u017cy\u0142 policjantom do patrolowania gminy Trzciana i gmin s\u0105siaduj\u0105cych; \u0141apanowa i \u017begociny.<\/p>\n<p>Podczas spotkania po okoliczno\u015bciowym przedstawieniu przygotowanym przez uczni\u00f3w szko\u0142y podstawowej i gimnazjum g\u0142os zabrali kolejno W\u00f3jt Trzciany, Komendant Powiatowy, Starosta oraz Komendant Ma\u0142opolski. <\/p>\n<p>Gospodarzem uroczysto\u015bci by\u0142o Gimnazjum Publiczne w Trzcianie, kt\u00f3re w minionym ju\u017c roku jako jedyne w powiecie odebra\u0142o w Komendzie Wojew\u00f3dzkiej Policji w Krakowie certyfikat \u201eSzko\u0142a promuj\u0105ca bezpiecze\u0144stwo\u201d. W plac\u00f3wce tej realizowany jest projekt \u201eZintegrowana Polityka Bezpiecze\u0144stwa \u2013 Bezpieczne Gimnazjum\u201d.<\/p>\n<p>Policyjna KIA Sorento ma 2,5-litrowy silnik TDi o mocy 170 KM, nap\u0119d na cztery ko\u0142a. Jest wyposa\u017cona w klimatyzacj\u0119, niezale\u017cne ogrzewanie postojowe, \u0142a\u0144cuchy przeciw\u015bnie\u017cne i tzw. p\u00f3\u0142metrow\u0105 wysoko\u015b\u0107 brodzenia. Auto warte jest 160 tysi\u0119cy z\u0142otych, a zosta\u0142y zakupione ze \u015brodk\u00f3w bud\u017cetowych policji i UG w Trzcianie, kt\u00f3ra przekaza\u0142a 37 ty\u015b. z\u0142. Kia ma mi\u0119dzy innymi specjalne o\u015bwietlenie zewn\u0119trzne pomagaj\u0105ce policjantom podczas nocnej pracy w terenie. Jest wyposa\u017cona tak\u017ce we specjaln\u0105 wci\u0105gark\u0119, kt\u00f3ra przyda si\u0119 w g\u00f3rzystym rejonie tamtejszych gmin.<\/p>\n<p><img decoding=\"async\" src=\"\/f\/2009\/01\/090107_xx_Po\u015bwi\u0119cenie-KIA2.jpg\" alt=\"null\" \/><br \/>\n<img decoding=\"async\" src=\"\/f\/2009\/01\/090107_xx_Po\u015bwi\u0119cenie-KIA3.jpg\" alt=\"null\" \/><br \/>\n<img decoding=\"async\" src=\"\/f\/2009\/01\/090107_xx_Po\u015bwi\u0119cenie-KIA4.jpg\" alt=\"null\" \/><\/p>\n","protected":false},"excerpt":{"rendered":"<p>Wczoraj w Gimnazjum Publicznym w Trzcianie odby\u0142o si\u0119 spotkanie Noworoczno \u2013 Op\u0142atkowe, podczas kt\u00f3rego po\u015bwi\u0119cono nowy radiow\u00f3z oraz oddano do u\u017cytku most w Uje\u017adzie.<\/p>\n","protected":false},"author":1,"featured_media":0,"comment_status":"open","ping_status":"closed","sticky":false,"template":"","format":"standard","meta":{"_acf_changed":false,"footnotes":""},"categories":[5],"tags":[17423,17136,397,17235,1801,17155,1039,2112,17494,17249,17145,17347,17169],"class_list":["post-4215","post","type-post","status-publish","format-standard","hentry","category-biezace-wydarzenia","tag-gimnazjum","tag-jacek-pajak","tag-jozef-nowak","tag-marek-rudnik","tag-mariusz-dymura","tag-policja","tag-radiowoz","tag-ryszard-sliwa","tag-starosta","tag-szkola","tag-szkoly-srednie","tag-tomasz-calka","tag-trzciana","main_tag-trzciana"],"acf":[],"yoast_head":"<!-- This site is optimized with the Yoast SEO plugin v26.9 - https:\/\/yoast.com\/product\/yoast-seo-wordpress\/ -->\n<title>Trzciana ma nowy radiow\u00f3z - mojabochnia.pl - portal informacyjny<\/title>\n<meta name=\"robots\" content=\"index, follow, max-snippet:-1, max-image-preview:large, max-video-preview:-1\" \/>\n<link rel=\"canonical\" href=\"https:\/\/www.mojabochnia.pl\/?p=4215\" \/>\n<meta property=\"og:locale\" content=\"pl_PL\" \/>\n<meta property=\"og:type\" content=\"article\" \/>\n<meta property=\"og:title\" content=\"Trzciana ma nowy radiow\u00f3z - mojabochnia.pl - portal informacyjny\" \/>\n<meta property=\"og:description\" content=\"Wczoraj w Gimnazjum Publicznym w Trzcianie odby\u0142o si\u0119 spotkanie Noworoczno \u2013 Op\u0142atkowe, podczas kt\u00f3rego po\u015bwi\u0119cono nowy radiow\u00f3z oraz oddano do u\u017cytku most w Uje\u017adzie.\" \/>\n<meta property=\"og:url\" content=\"https:\/\/www.mojabochnia.pl\/?p=4215\" \/>\n<meta property=\"og:site_name\" content=\"mojabochnia.pl - portal informacyjny\" \/>\n<meta property=\"article:publisher\" content=\"https:\/\/www.facebook.com\/mojabochnia\" \/>\n<meta property=\"article:published_time\" content=\"2009-01-07T11:12:04+00:00\" \/>\n<meta property=\"article:modified_time\" content=\"2011-07-26T09:40:37+00:00\" \/>\n<meta name=\"author\" content=\"administrator\" \/>\n<meta name=\"twitter:card\" content=\"summary_large_image\" \/>\n<meta name=\"twitter:label1\" content=\"Written by\" \/>\n\t<meta name=\"twitter:data1\" content=\"administrator\" \/>\n\t<meta name=\"twitter:label2\" content=\"Est. reading time\" \/>\n\t<meta name=\"twitter:data2\" content=\"2 minuty\" \/>\n<script type=\"application\/ld+json\" class=\"yoast-schema-graph\">{\"@context\":\"https:\/\/schema.org\",\"@graph\":[{\"@type\":\"Article\",\"@id\":\"https:\/\/www.mojabochnia.pl\/?p=4215#article\",\"isPartOf\":{\"@id\":\"https:\/\/www.mojabochnia.pl\/?p=4215\"},\"author\":{\"name\":\"administrator\",\"@id\":\"https:\/\/www.mojabochnia.pl\/#\/schema\/person\/c00e1f64e6fa0e6de6d410f2c340017f\"},\"headline\":\"Trzciana ma nowy radiow\u00f3z\",\"datePublished\":\"2009-01-07T11:12:04+00:00\",\"dateModified\":\"2011-07-26T09:40:37+00:00\",\"mainEntityOfPage\":{\"@id\":\"https:\/\/www.mojabochnia.pl\/?p=4215\"},\"wordCount\":367,\"commentCount\":0,\"publisher\":{\"@id\":\"https:\/\/www.mojabochnia.pl\/#organization\"},\"keywords\":[\"gimnazjum\",\"jacek paj\u0105k\",\"j\u00f3zef nowak\",\"marek rudnik\",\"mariusz dymura\",\"policja\",\"radiow\u00f3z\",\"ryszard \u015bliwa\",\"starosta\",\"szko\u0142a\",\"szko\u0142y \u015brednie\",\"tomasz ca\u0142ka\",\"Trzciana\"],\"articleSection\":[\"2_ostatnie\"],\"inLanguage\":\"pl-PL\",\"potentialAction\":[{\"@type\":\"CommentAction\",\"name\":\"Comment\",\"target\":[\"https:\/\/www.mojabochnia.pl\/?p=4215#respond\"]}]},{\"@type\":\"WebPage\",\"@id\":\"https:\/\/www.mojabochnia.pl\/?p=4215\",\"url\":\"https:\/\/www.mojabochnia.pl\/?p=4215\",\"name\":\"Trzciana ma nowy radiow\u00f3z - mojabochnia.pl - portal informacyjny\",\"isPartOf\":{\"@id\":\"https:\/\/www.mojabochnia.pl\/#website\"},\"datePublished\":\"2009-01-07T11:12:04+00:00\",\"dateModified\":\"2011-07-26T09:40:37+00:00\",\"breadcrumb\":{\"@id\":\"https:\/\/www.mojabochnia.pl\/?p=4215#breadcrumb\"},\"inLanguage\":\"pl-PL\",\"potentialAction\":[{\"@type\":\"ReadAction\",\"target\":[\"https:\/\/www.mojabochnia.pl\/?p=4215\"]}]},{\"@type\":\"BreadcrumbList\",\"@id\":\"https:\/\/www.mojabochnia.pl\/?p=4215#breadcrumb\",\"itemListElement\":[{\"@type\":\"ListItem\",\"position\":1,\"name\":\"Home\",\"item\":\"https:\/\/www.mojabochnia.pl\/\"},{\"@type\":\"ListItem\",\"position\":2,\"name\":\"Trzciana ma nowy radiow\u00f3z\"}]},{\"@type\":\"WebSite\",\"@id\":\"https:\/\/www.mojabochnia.pl\/#website\",\"url\":\"https:\/\/www.mojabochnia.pl\/\",\"name\":\"mojabochnia.pl - portal informacyjny\",\"description\":\"mojaBochnia to portal informacyjny o Bochni. Codziennie o Bochni piszemy i pokazujemy najwa\u017cniejsze wydarzenia\",\"publisher\":{\"@id\":\"https:\/\/www.mojabochnia.pl\/#organization\"},\"potentialAction\":[{\"@type\":\"SearchAction\",\"target\":{\"@type\":\"EntryPoint\",\"urlTemplate\":\"https:\/\/www.mojabochnia.pl\/?s={search_term_string}\"},\"query-input\":{\"@type\":\"PropertyValueSpecification\",\"valueRequired\":true,\"valueName\":\"search_term_string\"}}],\"inLanguage\":\"pl-PL\"},{\"@type\":\"Organization\",\"@id\":\"https:\/\/www.mojabochnia.pl\/#organization\",\"name\":\"mojabochnia.pl - portal informacyjny\",\"url\":\"https:\/\/www.mojabochnia.pl\/\",\"logo\":{\"@type\":\"ImageObject\",\"inLanguage\":\"pl-PL\",\"@id\":\"https:\/\/www.mojabochnia.pl\/#\/schema\/logo\/image\/\",\"url\":\"https:\/\/www.mojabochnia.pl\/wp-content\/uploads\/2017\/08\/logo-mb-opt.png\",\"contentUrl\":\"https:\/\/www.mojabochnia.pl\/wp-content\/uploads\/2017\/08\/logo-mb-opt.png\",\"width\":250,\"height\":48,\"caption\":\"mojabochnia.pl - portal informacyjny\"},\"image\":{\"@id\":\"https:\/\/www.mojabochnia.pl\/#\/schema\/logo\/image\/\"},\"sameAs\":[\"https:\/\/www.facebook.com\/mojabochnia\"]},{\"@type\":\"Person\",\"@id\":\"https:\/\/www.mojabochnia.pl\/#\/schema\/person\/c00e1f64e6fa0e6de6d410f2c340017f\",\"name\":\"administrator\",\"url\":\"https:\/\/www.mojabochnia.pl\/?author=1\"}]}<\/script>\n<!-- \/ Yoast SEO plugin. -->","yoast_head_json":{"title":"Trzciana ma nowy radiow\u00f3z - mojabochnia.pl - portal informacyjny","robots":{"index":"index","follow":"follow","max-snippet":"max-snippet:-1","max-image-preview":"max-image-preview:large","max-video-preview":"max-video-preview:-1"},"canonical":"https:\/\/www.mojabochnia.pl\/?p=4215","og_locale":"pl_PL","og_type":"article","og_title":"Trzciana ma nowy radiow\u00f3z - mojabochnia.pl - portal informacyjny","og_description":"Wczoraj w Gimnazjum Publicznym w Trzcianie odby\u0142o si\u0119 spotkanie Noworoczno \u2013 Op\u0142atkowe, podczas kt\u00f3rego po\u015bwi\u0119cono nowy radiow\u00f3z oraz oddano do u\u017cytku most w Uje\u017adzie.","og_url":"https:\/\/www.mojabochnia.pl\/?p=4215","og_site_name":"mojabochnia.pl - portal informacyjny","article_publisher":"https:\/\/www.facebook.com\/mojabochnia","article_published_time":"2009-01-07T11:12:04+00:00","article_modified_time":"2011-07-26T09:40:37+00:00","author":"administrator","twitter_card":"summary_large_image","twitter_misc":{"Written by":"administrator","Est. reading time":"2 minuty"},"schema":{"@context":"https:\/\/schema.org","@graph":[{"@type":"Article","@id":"https:\/\/www.mojabochnia.pl\/?p=4215#article","isPartOf":{"@id":"https:\/\/www.mojabochnia.pl\/?p=4215"},"author":{"name":"administrator","@id":"https:\/\/www.mojabochnia.pl\/#\/schema\/person\/c00e1f64e6fa0e6de6d410f2c340017f"},"headline":"Trzciana ma nowy radiow\u00f3z","datePublished":"2009-01-07T11:12:04+00:00","dateModified":"2011-07-26T09:40:37+00:00","mainEntityOfPage":{"@id":"https:\/\/www.mojabochnia.pl\/?p=4215"},"wordCount":367,"commentCount":0,"publisher":{"@id":"https:\/\/www.mojabochnia.pl\/#organization"},"keywords":["gimnazjum","jacek paj\u0105k","j\u00f3zef nowak","marek rudnik","mariusz dymura","policja","radiow\u00f3z","ryszard \u015bliwa","starosta","szko\u0142a","szko\u0142y \u015brednie","tomasz ca\u0142ka","Trzciana"],"articleSection":["2_ostatnie"],"inLanguage":"pl-PL","potentialAction":[{"@type":"CommentAction","name":"Comment","target":["https:\/\/www.mojabochnia.pl\/?p=4215#respond"]}]},{"@type":"WebPage","@id":"https:\/\/www.mojabochnia.pl\/?p=4215","url":"https:\/\/www.mojabochnia.pl\/?p=4215","name":"Trzciana ma nowy radiow\u00f3z - mojabochnia.pl - portal informacyjny","isPartOf":{"@id":"https:\/\/www.mojabochnia.pl\/#website"},"datePublished":"2009-01-07T11:12:04+00:00","dateModified":"2011-07-26T09:40:37+00:00","breadcrumb":{"@id":"https:\/\/www.mojabochnia.pl\/?p=4215#breadcrumb"},"inLanguage":"pl-PL","potentialAction":[{"@type":"ReadAction","target":["https:\/\/www.mojabochnia.pl\/?p=4215"]}]},{"@type":"BreadcrumbList","@id":"https:\/\/www.mojabochnia.pl\/?p=4215#breadcrumb","itemListElement":[{"@type":"ListItem","position":1,"name":"Home","item":"https:\/\/www.mojabochnia.pl\/"},{"@type":"ListItem","position":2,"name":"Trzciana ma nowy radiow\u00f3z"}]},{"@type":"WebSite","@id":"https:\/\/www.mojabochnia.pl\/#website","url":"https:\/\/www.mojabochnia.pl\/","name":"mojabochnia.pl - portal informacyjny","description":"mojaBochnia to portal informacyjny o Bochni. Codziennie o Bochni piszemy i pokazujemy najwa\u017cniejsze wydarzenia","publisher":{"@id":"https:\/\/www.mojabochnia.pl\/#organization"},"potentialAction":[{"@type":"SearchAction","target":{"@type":"EntryPoint","urlTemplate":"https:\/\/www.mojabochnia.pl\/?s={search_term_string}"},"query-input":{"@type":"PropertyValueSpecification","valueRequired":true,"valueName":"search_term_string"}}],"inLanguage":"pl-PL"},{"@type":"Organization","@id":"https:\/\/www.mojabochnia.pl\/#organization","name":"mojabochnia.pl - portal informacyjny","url":"https:\/\/www.mojabochnia.pl\/","logo":{"@type":"ImageObject","inLanguage":"pl-PL","@id":"https:\/\/www.mojabochnia.pl\/#\/schema\/logo\/image\/","url":"https:\/\/www.mojabochnia.pl\/wp-content\/uploads\/2017\/08\/logo-mb-opt.png","contentUrl":"https:\/\/www.mojabochnia.pl\/wp-content\/uploads\/2017\/08\/logo-mb-opt.png","width":250,"height":48,"caption":"mojabochnia.pl - portal informacyjny"},"image":{"@id":"https:\/\/www.mojabochnia.pl\/#\/schema\/logo\/image\/"},"sameAs":["https:\/\/www.facebook.com\/mojabochnia"]},{"@type":"Person","@id":"https:\/\/www.mojabochnia.pl\/#\/schema\/person\/c00e1f64e6fa0e6de6d410f2c340017f","name":"administrator","url":"https:\/\/www.mojabochnia.pl\/?author=1"}]}},"_links":{"self":[{"href":"https:\/\/www.mojabochnia.pl\/index.php?rest_route=\/wp\/v2\/posts\/4215","targetHints":{"allow":["GET"]}}],"collection":[{"href":"https:\/\/www.mojabochnia.pl\/index.php?rest_route=\/wp\/v2\/posts"}],"about":[{"href":"https:\/\/www.mojabochnia.pl\/index.php?rest_route=\/wp\/v2\/types\/post"}],"author":[{"embeddable":true,"href":"https:\/\/www.mojabochnia.pl\/index.php?rest_route=\/wp\/v2\/users\/1"}],"replies":[{"embeddable":true,"href":"https:\/\/www.mojabochnia.pl\/index.php?rest_route=%2Fwp%2Fv2%2Fcomments&post=4215"}],"version-history":[{"count":2,"href":"https:\/\/www.mojabochnia.pl\/index.php?rest_route=\/wp\/v2\/posts\/4215\/revisions"}],"predecessor-version":[{"id":56160,"href":"https:\/\/www.mojabochnia.pl\/index.php?rest_route=\/wp\/v2\/posts\/4215\/revisions\/56160"}],"wp:attachment":[{"href":"https:\/\/www.mojabochnia.pl\/index.php?rest_route=%2Fwp%2Fv2%2Fmedia&parent=4215"}],"wp:term":[{"taxonomy":"category","embeddable":true,"href":"https:\/\/www.mojabochnia.pl\/index.php?rest_route=%2Fwp%2Fv2%2Fcategories&post=4215"},{"taxonomy":"post_tag","embeddable":true,"href":"https:\/\/www.mojabochnia.pl\/index.php?rest_route=%2Fwp%2Fv2%2Ftags&post=4215"}],"curies":[{"name":"wp","href":"https:\/\/api.w.org\/{rel}","templated":true}]}}