{"id":41772,"date":"2011-01-04T14:19:34","date_gmt":"2011-01-04T13:19:34","guid":{"rendered":"http:\/\/www.mojabochnia.pl\/?p=41772"},"modified":"2011-01-04T14:22:26","modified_gmt":"2011-01-04T13:22:26","slug":"wojewoda-rozstrzygnal-r-rozenbajgier-mial-zwolac-pierwsza-sesje-rady-powiatu","status":"publish","type":"post","link":"https:\/\/www.mojabochnia.pl\/?p=41772","title":{"rendered":"Wojewoda rozstrzygn\u0105\u0142: R. Rozenbajgier mia\u0142 zwo\u0142a\u0107 pierwsz\u0105 sesj\u0119 rady powiatu"},"content":{"rendered":"<p>W\u0105tpliwo\u015b\u0107 zrodzi\u0142a si\u0119 u radnego seniora Mieczys\u0142awa Trojana, kt\u00f3ry prowadzi\u0142 pierwsz\u0105 sesj\u0119, po tym jak na jego r\u0119ce wp\u0142yn\u0119\u0142o pismo od by\u0142ej przewodnicz\u0105cej poprzedniej kadencji Joanny Solak. Podnosi\u0142a ona, \u017ce to ona, a nie jej nast\u0119pca Ryszard Rozenbajgier, powinna by\u0142a sesj\u0119 zwo\u0142a\u0107.  <\/p>\n<p>\u2013 <em>Opinie, kt\u00f3re zosta\u0142y przedstawione nie s\u0105 jednoznaczne, nie jestem prawnikiem, nie mog\u0119 jednoznacznie oceni\u0107, potrzebujemy oddechu<\/em> \u2013 m\u00f3wi\u0142 w rozmowie z nami 30 listopada radny senior Mieczys\u0142aw Trojan.<\/p>\n<p>Jak powiedzia\u0142 nam Aleksander Rzepecki, przewodnicz\u0105cy rady powiatu obecnej kadencji, opinia wojewody w tej kwestii jest jednoznaczna. \u2013 <em>Gdyby radny senior czyta\u0142 ze zrozumieniem opini\u0119 prawn\u0105, kt\u00f3r\u0105 otrzyma\u0142, nie by\u0142oby w og\u00f3le tego problemu, nie przerywa\u0142by sesji<\/em>. <\/p>\n<p>Wci\u0105\u017c nie zosta\u0142o jeszcze rozstrzygni\u0119te, czy wi\u0119kszo\u015b\u0107 radnych, kt\u00f3ra kontynuowa\u0142a obrady po og\u0142oszeniu przerwy przez radnego seniora, dzia\u0142a\u0142a zgodnie z prawem. Nie wiadomo zatem, czy wyb\u00f3r przewodnicz\u0105cego, wiceprzewodnicz\u0105cych, starosty oraz wicestarosty jest wa\u017cny. T\u0119 spraw\u0119 ma rozstrzygn\u0105\u0107 szef MSWiA.<\/p>\n","protected":false},"excerpt":{"rendered":"<p>Pierwsz\u0105 sesj\u0119 rady powiatu w Bochni zwo\u0142a\u0142a w\u0142a\u015bciwa osoba \u2013 taka jest opinia wydzia\u0142u prawnego wojewody. Wci\u0105\u017c nie zosta\u0142o jeszcze rozstrzygni\u0119te, czy wi\u0119kszo\u015b\u0107 radnych, kt\u00f3ra kontynuowa\u0142a obrady po og\u0142oszeniu przerwy przez radnego seniora, dzia\u0142a\u0142a zgodnie z prawem. <\/p>\n","protected":false},"author":4,"featured_media":0,"comment_status":"open","ping_status":"closed","sticky":false,"template":"","format":"standard","meta":{"_acf_changed":false,"footnotes":""},"categories":[5,6251,6250],"tags":[605,7958,1225,17480,17451,17698,8188],"class_list":["post-41772","post","type-post","status-publish","format-standard","hentry","category-biezace-wydarzenia","category-polityka-i-wydarzenia","category-tematyka","tag-aleksander-rzepecki","tag-mieczyslaw-trojan","tag-miroslaw-chrapusta","tag-radny","tag-sesja-rady-powiatu","tag-wojewoda","tag-wydzial-prawny"],"acf":[],"yoast_head":"<!-- This site is optimized with the Yoast SEO plugin v26.9 - https:\/\/yoast.com\/product\/yoast-seo-wordpress\/ -->\n<title>Wojewoda rozstrzygn\u0105\u0142: R. Rozenbajgier mia\u0142 zwo\u0142a\u0107 pierwsz\u0105 sesj\u0119 rady powiatu - mojabochnia.pl - portal informacyjny<\/title>\n<meta name=\"robots\" content=\"index, follow, max-snippet:-1, max-image-preview:large, max-video-preview:-1\" \/>\n<link rel=\"canonical\" href=\"https:\/\/www.mojabochnia.pl\/?p=41772\" \/>\n<meta property=\"og:locale\" content=\"pl_PL\" \/>\n<meta property=\"og:type\" content=\"article\" \/>\n<meta property=\"og:title\" content=\"Wojewoda rozstrzygn\u0105\u0142: R. Rozenbajgier mia\u0142 zwo\u0142a\u0107 pierwsz\u0105 sesj\u0119 rady powiatu - mojabochnia.pl - portal informacyjny\" \/>\n<meta property=\"og:description\" content=\"Pierwsz\u0105 sesj\u0119 rady powiatu w Bochni zwo\u0142a\u0142a w\u0142a\u015bciwa osoba \u2013 taka jest opinia wydzia\u0142u prawnego wojewody. Wci\u0105\u017c nie zosta\u0142o jeszcze rozstrzygni\u0119te, czy wi\u0119kszo\u015b\u0107 radnych, kt\u00f3ra kontynuowa\u0142a obrady po og\u0142oszeniu przerwy przez radnego seniora, dzia\u0142a\u0142a zgodnie z prawem.\" \/>\n<meta property=\"og:url\" content=\"https:\/\/www.mojabochnia.pl\/?p=41772\" \/>\n<meta property=\"og:site_name\" content=\"mojabochnia.pl - portal informacyjny\" \/>\n<meta property=\"article:publisher\" content=\"https:\/\/www.facebook.com\/mojabochnia\" \/>\n<meta property=\"article:published_time\" content=\"2011-01-04T13:19:34+00:00\" \/>\n<meta property=\"article:modified_time\" content=\"2011-01-04T13:22:26+00:00\" \/>\n<meta name=\"author\" content=\"Pawe\u0142 Michalczyk\" \/>\n<meta name=\"twitter:card\" content=\"summary_large_image\" \/>\n<meta name=\"twitter:label1\" content=\"Written by\" \/>\n\t<meta name=\"twitter:data1\" content=\"Pawe\u0142 Michalczyk\" \/>\n\t<meta name=\"twitter:label2\" content=\"Est. reading time\" \/>\n\t<meta name=\"twitter:data2\" content=\"1 minuta\" \/>\n<script type=\"application\/ld+json\" class=\"yoast-schema-graph\">{\"@context\":\"https:\/\/schema.org\",\"@graph\":[{\"@type\":\"Article\",\"@id\":\"https:\/\/www.mojabochnia.pl\/?p=41772#article\",\"isPartOf\":{\"@id\":\"https:\/\/www.mojabochnia.pl\/?p=41772\"},\"author\":{\"name\":\"Pawe\u0142 Michalczyk\",\"@id\":\"https:\/\/www.mojabochnia.pl\/#\/schema\/person\/ea042e4724a77627963f02166828ead4\"},\"headline\":\"Wojewoda rozstrzygn\u0105\u0142: R. Rozenbajgier mia\u0142 zwo\u0142a\u0107 pierwsz\u0105 sesj\u0119 rady powiatu\",\"datePublished\":\"2011-01-04T13:19:34+00:00\",\"dateModified\":\"2011-01-04T13:22:26+00:00\",\"mainEntityOfPage\":{\"@id\":\"https:\/\/www.mojabochnia.pl\/?p=41772\"},\"wordCount\":188,\"commentCount\":0,\"publisher\":{\"@id\":\"https:\/\/www.mojabochnia.pl\/#organization\"},\"keywords\":[\"aleksander rzepecki\",\"mieczys\u0142aw trojan\",\"miros\u0142aw chrapusta\",\"radny\",\"sesja rady powiatu\",\"wojewoda\",\"wydzia\u0142 prawny\"],\"articleSection\":[\"2_ostatnie\",\"polityka i wydarzenia\",\"tematyka\"],\"inLanguage\":\"pl-PL\",\"potentialAction\":[{\"@type\":\"CommentAction\",\"name\":\"Comment\",\"target\":[\"https:\/\/www.mojabochnia.pl\/?p=41772#respond\"]}]},{\"@type\":\"WebPage\",\"@id\":\"https:\/\/www.mojabochnia.pl\/?p=41772\",\"url\":\"https:\/\/www.mojabochnia.pl\/?p=41772\",\"name\":\"Wojewoda rozstrzygn\u0105\u0142: R. Rozenbajgier mia\u0142 zwo\u0142a\u0107 pierwsz\u0105 sesj\u0119 rady powiatu - mojabochnia.pl - portal informacyjny\",\"isPartOf\":{\"@id\":\"https:\/\/www.mojabochnia.pl\/#website\"},\"datePublished\":\"2011-01-04T13:19:34+00:00\",\"dateModified\":\"2011-01-04T13:22:26+00:00\",\"breadcrumb\":{\"@id\":\"https:\/\/www.mojabochnia.pl\/?p=41772#breadcrumb\"},\"inLanguage\":\"pl-PL\",\"potentialAction\":[{\"@type\":\"ReadAction\",\"target\":[\"https:\/\/www.mojabochnia.pl\/?p=41772\"]}]},{\"@type\":\"BreadcrumbList\",\"@id\":\"https:\/\/www.mojabochnia.pl\/?p=41772#breadcrumb\",\"itemListElement\":[{\"@type\":\"ListItem\",\"position\":1,\"name\":\"Home\",\"item\":\"https:\/\/www.mojabochnia.pl\/\"},{\"@type\":\"ListItem\",\"position\":2,\"name\":\"Wojewoda rozstrzygn\u0105\u0142: R. Rozenbajgier mia\u0142 zwo\u0142a\u0107 pierwsz\u0105 sesj\u0119 rady powiatu\"}]},{\"@type\":\"WebSite\",\"@id\":\"https:\/\/www.mojabochnia.pl\/#website\",\"url\":\"https:\/\/www.mojabochnia.pl\/\",\"name\":\"mojabochnia.pl - portal informacyjny\",\"description\":\"mojaBochnia to portal informacyjny o Bochni. Codziennie o Bochni piszemy i pokazujemy najwa\u017cniejsze wydarzenia\",\"publisher\":{\"@id\":\"https:\/\/www.mojabochnia.pl\/#organization\"},\"potentialAction\":[{\"@type\":\"SearchAction\",\"target\":{\"@type\":\"EntryPoint\",\"urlTemplate\":\"https:\/\/www.mojabochnia.pl\/?s={search_term_string}\"},\"query-input\":{\"@type\":\"PropertyValueSpecification\",\"valueRequired\":true,\"valueName\":\"search_term_string\"}}],\"inLanguage\":\"pl-PL\"},{\"@type\":\"Organization\",\"@id\":\"https:\/\/www.mojabochnia.pl\/#organization\",\"name\":\"mojabochnia.pl - portal informacyjny\",\"url\":\"https:\/\/www.mojabochnia.pl\/\",\"logo\":{\"@type\":\"ImageObject\",\"inLanguage\":\"pl-PL\",\"@id\":\"https:\/\/www.mojabochnia.pl\/#\/schema\/logo\/image\/\",\"url\":\"https:\/\/www.mojabochnia.pl\/wp-content\/uploads\/2017\/08\/logo-mb-opt.png\",\"contentUrl\":\"https:\/\/www.mojabochnia.pl\/wp-content\/uploads\/2017\/08\/logo-mb-opt.png\",\"width\":250,\"height\":48,\"caption\":\"mojabochnia.pl - portal informacyjny\"},\"image\":{\"@id\":\"https:\/\/www.mojabochnia.pl\/#\/schema\/logo\/image\/\"},\"sameAs\":[\"https:\/\/www.facebook.com\/mojabochnia\"]},{\"@type\":\"Person\",\"@id\":\"https:\/\/www.mojabochnia.pl\/#\/schema\/person\/ea042e4724a77627963f02166828ead4\",\"name\":\"Pawe\u0142 Michalczyk\",\"url\":\"https:\/\/www.mojabochnia.pl\/?author=4\"}]}<\/script>\n<!-- \/ Yoast SEO plugin. -->","yoast_head_json":{"title":"Wojewoda rozstrzygn\u0105\u0142: R. Rozenbajgier mia\u0142 zwo\u0142a\u0107 pierwsz\u0105 sesj\u0119 rady powiatu - mojabochnia.pl - portal informacyjny","robots":{"index":"index","follow":"follow","max-snippet":"max-snippet:-1","max-image-preview":"max-image-preview:large","max-video-preview":"max-video-preview:-1"},"canonical":"https:\/\/www.mojabochnia.pl\/?p=41772","og_locale":"pl_PL","og_type":"article","og_title":"Wojewoda rozstrzygn\u0105\u0142: R. Rozenbajgier mia\u0142 zwo\u0142a\u0107 pierwsz\u0105 sesj\u0119 rady powiatu - mojabochnia.pl - portal informacyjny","og_description":"Pierwsz\u0105 sesj\u0119 rady powiatu w Bochni zwo\u0142a\u0142a w\u0142a\u015bciwa osoba \u2013 taka jest opinia wydzia\u0142u prawnego wojewody. Wci\u0105\u017c nie zosta\u0142o jeszcze rozstrzygni\u0119te, czy wi\u0119kszo\u015b\u0107 radnych, kt\u00f3ra kontynuowa\u0142a obrady po og\u0142oszeniu przerwy przez radnego seniora, dzia\u0142a\u0142a zgodnie z prawem.","og_url":"https:\/\/www.mojabochnia.pl\/?p=41772","og_site_name":"mojabochnia.pl - portal informacyjny","article_publisher":"https:\/\/www.facebook.com\/mojabochnia","article_published_time":"2011-01-04T13:19:34+00:00","article_modified_time":"2011-01-04T13:22:26+00:00","author":"Pawe\u0142 Michalczyk","twitter_card":"summary_large_image","twitter_misc":{"Written by":"Pawe\u0142 Michalczyk","Est. reading time":"1 minuta"},"schema":{"@context":"https:\/\/schema.org","@graph":[{"@type":"Article","@id":"https:\/\/www.mojabochnia.pl\/?p=41772#article","isPartOf":{"@id":"https:\/\/www.mojabochnia.pl\/?p=41772"},"author":{"name":"Pawe\u0142 Michalczyk","@id":"https:\/\/www.mojabochnia.pl\/#\/schema\/person\/ea042e4724a77627963f02166828ead4"},"headline":"Wojewoda rozstrzygn\u0105\u0142: R. Rozenbajgier mia\u0142 zwo\u0142a\u0107 pierwsz\u0105 sesj\u0119 rady powiatu","datePublished":"2011-01-04T13:19:34+00:00","dateModified":"2011-01-04T13:22:26+00:00","mainEntityOfPage":{"@id":"https:\/\/www.mojabochnia.pl\/?p=41772"},"wordCount":188,"commentCount":0,"publisher":{"@id":"https:\/\/www.mojabochnia.pl\/#organization"},"keywords":["aleksander rzepecki","mieczys\u0142aw trojan","miros\u0142aw chrapusta","radny","sesja rady powiatu","wojewoda","wydzia\u0142 prawny"],"articleSection":["2_ostatnie","polityka i wydarzenia","tematyka"],"inLanguage":"pl-PL","potentialAction":[{"@type":"CommentAction","name":"Comment","target":["https:\/\/www.mojabochnia.pl\/?p=41772#respond"]}]},{"@type":"WebPage","@id":"https:\/\/www.mojabochnia.pl\/?p=41772","url":"https:\/\/www.mojabochnia.pl\/?p=41772","name":"Wojewoda rozstrzygn\u0105\u0142: R. Rozenbajgier mia\u0142 zwo\u0142a\u0107 pierwsz\u0105 sesj\u0119 rady powiatu - mojabochnia.pl - portal informacyjny","isPartOf":{"@id":"https:\/\/www.mojabochnia.pl\/#website"},"datePublished":"2011-01-04T13:19:34+00:00","dateModified":"2011-01-04T13:22:26+00:00","breadcrumb":{"@id":"https:\/\/www.mojabochnia.pl\/?p=41772#breadcrumb"},"inLanguage":"pl-PL","potentialAction":[{"@type":"ReadAction","target":["https:\/\/www.mojabochnia.pl\/?p=41772"]}]},{"@type":"BreadcrumbList","@id":"https:\/\/www.mojabochnia.pl\/?p=41772#breadcrumb","itemListElement":[{"@type":"ListItem","position":1,"name":"Home","item":"https:\/\/www.mojabochnia.pl\/"},{"@type":"ListItem","position":2,"name":"Wojewoda rozstrzygn\u0105\u0142: R. Rozenbajgier mia\u0142 zwo\u0142a\u0107 pierwsz\u0105 sesj\u0119 rady powiatu"}]},{"@type":"WebSite","@id":"https:\/\/www.mojabochnia.pl\/#website","url":"https:\/\/www.mojabochnia.pl\/","name":"mojabochnia.pl - portal informacyjny","description":"mojaBochnia to portal informacyjny o Bochni. Codziennie o Bochni piszemy i pokazujemy najwa\u017cniejsze wydarzenia","publisher":{"@id":"https:\/\/www.mojabochnia.pl\/#organization"},"potentialAction":[{"@type":"SearchAction","target":{"@type":"EntryPoint","urlTemplate":"https:\/\/www.mojabochnia.pl\/?s={search_term_string}"},"query-input":{"@type":"PropertyValueSpecification","valueRequired":true,"valueName":"search_term_string"}}],"inLanguage":"pl-PL"},{"@type":"Organization","@id":"https:\/\/www.mojabochnia.pl\/#organization","name":"mojabochnia.pl - portal informacyjny","url":"https:\/\/www.mojabochnia.pl\/","logo":{"@type":"ImageObject","inLanguage":"pl-PL","@id":"https:\/\/www.mojabochnia.pl\/#\/schema\/logo\/image\/","url":"https:\/\/www.mojabochnia.pl\/wp-content\/uploads\/2017\/08\/logo-mb-opt.png","contentUrl":"https:\/\/www.mojabochnia.pl\/wp-content\/uploads\/2017\/08\/logo-mb-opt.png","width":250,"height":48,"caption":"mojabochnia.pl - portal informacyjny"},"image":{"@id":"https:\/\/www.mojabochnia.pl\/#\/schema\/logo\/image\/"},"sameAs":["https:\/\/www.facebook.com\/mojabochnia"]},{"@type":"Person","@id":"https:\/\/www.mojabochnia.pl\/#\/schema\/person\/ea042e4724a77627963f02166828ead4","name":"Pawe\u0142 Michalczyk","url":"https:\/\/www.mojabochnia.pl\/?author=4"}]}},"_links":{"self":[{"href":"https:\/\/www.mojabochnia.pl\/index.php?rest_route=\/wp\/v2\/posts\/41772","targetHints":{"allow":["GET"]}}],"collection":[{"href":"https:\/\/www.mojabochnia.pl\/index.php?rest_route=\/wp\/v2\/posts"}],"about":[{"href":"https:\/\/www.mojabochnia.pl\/index.php?rest_route=\/wp\/v2\/types\/post"}],"author":[{"embeddable":true,"href":"https:\/\/www.mojabochnia.pl\/index.php?rest_route=\/wp\/v2\/users\/4"}],"replies":[{"embeddable":true,"href":"https:\/\/www.mojabochnia.pl\/index.php?rest_route=%2Fwp%2Fv2%2Fcomments&post=41772"}],"version-history":[{"count":5,"href":"https:\/\/www.mojabochnia.pl\/index.php?rest_route=\/wp\/v2\/posts\/41772\/revisions"}],"predecessor-version":[{"id":41781,"href":"https:\/\/www.mojabochnia.pl\/index.php?rest_route=\/wp\/v2\/posts\/41772\/revisions\/41781"}],"wp:attachment":[{"href":"https:\/\/www.mojabochnia.pl\/index.php?rest_route=%2Fwp%2Fv2%2Fmedia&parent=41772"}],"wp:term":[{"taxonomy":"category","embeddable":true,"href":"https:\/\/www.mojabochnia.pl\/index.php?rest_route=%2Fwp%2Fv2%2Fcategories&post=41772"},{"taxonomy":"post_tag","embeddable":true,"href":"https:\/\/www.mojabochnia.pl\/index.php?rest_route=%2Fwp%2Fv2%2Ftags&post=41772"}],"curies":[{"name":"wp","href":"https:\/\/api.w.org\/{rel}","templated":true}]}}