{"id":41650,"date":"2010-12-29T10:45:51","date_gmt":"2010-12-29T09:45:51","guid":{"rendered":"http:\/\/www.mojabochnia.pl\/?p=41650"},"modified":"2010-12-30T16:17:07","modified_gmt":"2010-12-30T15:17:07","slug":"mlodziez-z-iilo-pomoze-kolejnej-chorej-osobie","status":"publish","type":"post","link":"https:\/\/www.mojabochnia.pl\/?p=41650","title":{"rendered":"M\u0142odzie\u017c z IILO pomo\u017ce kolejnej chorej osobie"},"content":{"rendered":"<p>Czteroletni Filipek niedawno przeszed\u0142 operacj\u0119 serca w klinice w Monachium, ch\u0142opiec wci\u0105\u017c b\u0119dzie obj\u0119ty opiek\u0105 m\u0142odych ludzi. Kolejn\u0105 osob\u0105, kt\u00f3r\u0105 m\u0142odzi ludzie obejm\u0105 swoj\u0105 pomoc\u0105, jest m\u0142oda dziewczyna. <\/p>\n<p>&#8211;<em> Jest to Ula, kt\u00f3ra zda\u0142a matur\u0119 w maju 2010 r., jest absolwentk\u0105 naszej szko\u0142y. Nasza szko\u0142a nie zostawia nikogo bez potrzeby, nie zostawi ich nawet na \u015brodku morza, tylko zagarnie pod swoje skrzyd\u0142a<\/em> \u2013 m\u00f3wi Zuzanna Zaj\u0105c, nawi\u0105zuj\u0105c do patrona IILO, kt\u00f3rym jest Orze\u0142 Bia\u0142y. <\/p>\n<p>\u2013 <em>Orze\u0142 Bia\u0142y zagarnie wszystkie orl\u0105tka pod swoje skrzyd\u0142a, wi\u0119c na pewno nikt nie zostanie bez pomocy, je\u015bli jest naszym absolwentem czy te\u017c jest ma\u0142ym dzieckiem<\/em> \u2013 dodaje uczennica.<\/p>\n<p>Zuzanna Zaj\u0105c dodaje, \u017ce wkr\u00f3tce w Bochni odb\u0119dzie si\u0119 koncert charytatywny na rzecz pomocy Filipkowi. <\/p>\n","protected":false},"excerpt":{"rendered":"<p>W Bochni odb\u0119dzie si\u0119 kolejna zbi\u00f3rka pieni\u0119dzy na rzecz chorej osoby. M\u0142odzie\u017c z II Liceum Og\u00f3lnokszta\u0142c\u0105cego wspiera 4-letniego Filipka Jugowca, jednak niedawno stwierdzono stwardnienie rozsiane u m\u0142odej dziewczyny z Bochni.<\/p>\n","protected":false},"author":4,"featured_media":0,"comment_status":"open","ping_status":"closed","sticky":false,"template":"","format":"standard","meta":{"_acf_changed":false,"footnotes":""},"categories":[5,6251,6250],"tags":[7690,17935,17564,17104,17391,8179,8172],"class_list":["post-41650","post","type-post","status-publish","format-standard","hentry","category-biezace-wydarzenia","category-polityka-i-wydarzenia","category-tematyka","tag-filip-jugowiec","tag-iilo","tag-kiermasz","tag-kwesta","tag-mlodziez","tag-stwardnienie-rozsiane","tag-zuzanna-zajac"],"acf":[],"yoast_head":"<!-- This site is optimized with the Yoast SEO plugin v26.9 - https:\/\/yoast.com\/product\/yoast-seo-wordpress\/ -->\n<title>M\u0142odzie\u017c z IILO pomo\u017ce kolejnej chorej osobie - mojabochnia.pl - portal informacyjny<\/title>\n<meta name=\"robots\" content=\"index, follow, max-snippet:-1, max-image-preview:large, max-video-preview:-1\" \/>\n<link rel=\"canonical\" href=\"https:\/\/www.mojabochnia.pl\/?p=41650\" \/>\n<meta property=\"og:locale\" content=\"pl_PL\" \/>\n<meta property=\"og:type\" content=\"article\" \/>\n<meta property=\"og:title\" content=\"M\u0142odzie\u017c z IILO pomo\u017ce kolejnej chorej osobie - mojabochnia.pl - portal informacyjny\" \/>\n<meta property=\"og:description\" content=\"W Bochni odb\u0119dzie si\u0119 kolejna zbi\u00f3rka pieni\u0119dzy na rzecz chorej osoby. M\u0142odzie\u017c z II Liceum Og\u00f3lnokszta\u0142c\u0105cego wspiera 4-letniego Filipka Jugowca, jednak niedawno stwierdzono stwardnienie rozsiane u m\u0142odej dziewczyny z Bochni.\" \/>\n<meta property=\"og:url\" content=\"https:\/\/www.mojabochnia.pl\/?p=41650\" \/>\n<meta property=\"og:site_name\" content=\"mojabochnia.pl - portal informacyjny\" \/>\n<meta property=\"article:publisher\" content=\"https:\/\/www.facebook.com\/mojabochnia\" \/>\n<meta property=\"article:published_time\" content=\"2010-12-29T09:45:51+00:00\" \/>\n<meta property=\"article:modified_time\" content=\"2010-12-30T15:17:07+00:00\" \/>\n<meta name=\"author\" content=\"Pawe\u0142 Michalczyk\" \/>\n<meta name=\"twitter:card\" content=\"summary_large_image\" \/>\n<meta name=\"twitter:label1\" content=\"Written by\" \/>\n\t<meta name=\"twitter:data1\" content=\"Pawe\u0142 Michalczyk\" \/>\n\t<meta name=\"twitter:label2\" content=\"Est. reading time\" \/>\n\t<meta name=\"twitter:data2\" content=\"1 minuta\" \/>\n<script type=\"application\/ld+json\" class=\"yoast-schema-graph\">{\"@context\":\"https:\/\/schema.org\",\"@graph\":[{\"@type\":\"Article\",\"@id\":\"https:\/\/www.mojabochnia.pl\/?p=41650#article\",\"isPartOf\":{\"@id\":\"https:\/\/www.mojabochnia.pl\/?p=41650\"},\"author\":{\"name\":\"Pawe\u0142 Michalczyk\",\"@id\":\"https:\/\/www.mojabochnia.pl\/#\/schema\/person\/ea042e4724a77627963f02166828ead4\"},\"headline\":\"M\u0142odzie\u017c z IILO pomo\u017ce kolejnej chorej osobie\",\"datePublished\":\"2010-12-29T09:45:51+00:00\",\"dateModified\":\"2010-12-30T15:17:07+00:00\",\"mainEntityOfPage\":{\"@id\":\"https:\/\/www.mojabochnia.pl\/?p=41650\"},\"wordCount\":150,\"commentCount\":0,\"publisher\":{\"@id\":\"https:\/\/www.mojabochnia.pl\/#organization\"},\"keywords\":[\"filip jugowiec\",\"iilo\",\"kiermasz\",\"kwesta\",\"m\u0142odzie\u017c\",\"stwardnienie rozsiane\",\"zuzanna zaj\u0105c\"],\"articleSection\":[\"2_ostatnie\",\"polityka i wydarzenia\",\"tematyka\"],\"inLanguage\":\"pl-PL\",\"potentialAction\":[{\"@type\":\"CommentAction\",\"name\":\"Comment\",\"target\":[\"https:\/\/www.mojabochnia.pl\/?p=41650#respond\"]}]},{\"@type\":\"WebPage\",\"@id\":\"https:\/\/www.mojabochnia.pl\/?p=41650\",\"url\":\"https:\/\/www.mojabochnia.pl\/?p=41650\",\"name\":\"M\u0142odzie\u017c z IILO pomo\u017ce kolejnej chorej osobie - mojabochnia.pl - portal informacyjny\",\"isPartOf\":{\"@id\":\"https:\/\/www.mojabochnia.pl\/#website\"},\"datePublished\":\"2010-12-29T09:45:51+00:00\",\"dateModified\":\"2010-12-30T15:17:07+00:00\",\"breadcrumb\":{\"@id\":\"https:\/\/www.mojabochnia.pl\/?p=41650#breadcrumb\"},\"inLanguage\":\"pl-PL\",\"potentialAction\":[{\"@type\":\"ReadAction\",\"target\":[\"https:\/\/www.mojabochnia.pl\/?p=41650\"]}]},{\"@type\":\"BreadcrumbList\",\"@id\":\"https:\/\/www.mojabochnia.pl\/?p=41650#breadcrumb\",\"itemListElement\":[{\"@type\":\"ListItem\",\"position\":1,\"name\":\"Home\",\"item\":\"https:\/\/www.mojabochnia.pl\/\"},{\"@type\":\"ListItem\",\"position\":2,\"name\":\"M\u0142odzie\u017c z IILO pomo\u017ce kolejnej chorej osobie\"}]},{\"@type\":\"WebSite\",\"@id\":\"https:\/\/www.mojabochnia.pl\/#website\",\"url\":\"https:\/\/www.mojabochnia.pl\/\",\"name\":\"mojabochnia.pl - portal informacyjny\",\"description\":\"mojaBochnia to portal informacyjny o Bochni. Codziennie o Bochni piszemy i pokazujemy najwa\u017cniejsze wydarzenia\",\"publisher\":{\"@id\":\"https:\/\/www.mojabochnia.pl\/#organization\"},\"potentialAction\":[{\"@type\":\"SearchAction\",\"target\":{\"@type\":\"EntryPoint\",\"urlTemplate\":\"https:\/\/www.mojabochnia.pl\/?s={search_term_string}\"},\"query-input\":{\"@type\":\"PropertyValueSpecification\",\"valueRequired\":true,\"valueName\":\"search_term_string\"}}],\"inLanguage\":\"pl-PL\"},{\"@type\":\"Organization\",\"@id\":\"https:\/\/www.mojabochnia.pl\/#organization\",\"name\":\"mojabochnia.pl - portal informacyjny\",\"url\":\"https:\/\/www.mojabochnia.pl\/\",\"logo\":{\"@type\":\"ImageObject\",\"inLanguage\":\"pl-PL\",\"@id\":\"https:\/\/www.mojabochnia.pl\/#\/schema\/logo\/image\/\",\"url\":\"https:\/\/www.mojabochnia.pl\/wp-content\/uploads\/2017\/08\/logo-mb-opt.png\",\"contentUrl\":\"https:\/\/www.mojabochnia.pl\/wp-content\/uploads\/2017\/08\/logo-mb-opt.png\",\"width\":250,\"height\":48,\"caption\":\"mojabochnia.pl - portal informacyjny\"},\"image\":{\"@id\":\"https:\/\/www.mojabochnia.pl\/#\/schema\/logo\/image\/\"},\"sameAs\":[\"https:\/\/www.facebook.com\/mojabochnia\"]},{\"@type\":\"Person\",\"@id\":\"https:\/\/www.mojabochnia.pl\/#\/schema\/person\/ea042e4724a77627963f02166828ead4\",\"name\":\"Pawe\u0142 Michalczyk\",\"url\":\"https:\/\/www.mojabochnia.pl\/?author=4\"}]}<\/script>\n<!-- \/ Yoast SEO plugin. -->","yoast_head_json":{"title":"M\u0142odzie\u017c z IILO pomo\u017ce kolejnej chorej osobie - mojabochnia.pl - portal informacyjny","robots":{"index":"index","follow":"follow","max-snippet":"max-snippet:-1","max-image-preview":"max-image-preview:large","max-video-preview":"max-video-preview:-1"},"canonical":"https:\/\/www.mojabochnia.pl\/?p=41650","og_locale":"pl_PL","og_type":"article","og_title":"M\u0142odzie\u017c z IILO pomo\u017ce kolejnej chorej osobie - mojabochnia.pl - portal informacyjny","og_description":"W Bochni odb\u0119dzie si\u0119 kolejna zbi\u00f3rka pieni\u0119dzy na rzecz chorej osoby. M\u0142odzie\u017c z II Liceum Og\u00f3lnokszta\u0142c\u0105cego wspiera 4-letniego Filipka Jugowca, jednak niedawno stwierdzono stwardnienie rozsiane u m\u0142odej dziewczyny z Bochni.","og_url":"https:\/\/www.mojabochnia.pl\/?p=41650","og_site_name":"mojabochnia.pl - portal informacyjny","article_publisher":"https:\/\/www.facebook.com\/mojabochnia","article_published_time":"2010-12-29T09:45:51+00:00","article_modified_time":"2010-12-30T15:17:07+00:00","author":"Pawe\u0142 Michalczyk","twitter_card":"summary_large_image","twitter_misc":{"Written by":"Pawe\u0142 Michalczyk","Est. reading time":"1 minuta"},"schema":{"@context":"https:\/\/schema.org","@graph":[{"@type":"Article","@id":"https:\/\/www.mojabochnia.pl\/?p=41650#article","isPartOf":{"@id":"https:\/\/www.mojabochnia.pl\/?p=41650"},"author":{"name":"Pawe\u0142 Michalczyk","@id":"https:\/\/www.mojabochnia.pl\/#\/schema\/person\/ea042e4724a77627963f02166828ead4"},"headline":"M\u0142odzie\u017c z IILO pomo\u017ce kolejnej chorej osobie","datePublished":"2010-12-29T09:45:51+00:00","dateModified":"2010-12-30T15:17:07+00:00","mainEntityOfPage":{"@id":"https:\/\/www.mojabochnia.pl\/?p=41650"},"wordCount":150,"commentCount":0,"publisher":{"@id":"https:\/\/www.mojabochnia.pl\/#organization"},"keywords":["filip jugowiec","iilo","kiermasz","kwesta","m\u0142odzie\u017c","stwardnienie rozsiane","zuzanna zaj\u0105c"],"articleSection":["2_ostatnie","polityka i wydarzenia","tematyka"],"inLanguage":"pl-PL","potentialAction":[{"@type":"CommentAction","name":"Comment","target":["https:\/\/www.mojabochnia.pl\/?p=41650#respond"]}]},{"@type":"WebPage","@id":"https:\/\/www.mojabochnia.pl\/?p=41650","url":"https:\/\/www.mojabochnia.pl\/?p=41650","name":"M\u0142odzie\u017c z IILO pomo\u017ce kolejnej chorej osobie - mojabochnia.pl - portal informacyjny","isPartOf":{"@id":"https:\/\/www.mojabochnia.pl\/#website"},"datePublished":"2010-12-29T09:45:51+00:00","dateModified":"2010-12-30T15:17:07+00:00","breadcrumb":{"@id":"https:\/\/www.mojabochnia.pl\/?p=41650#breadcrumb"},"inLanguage":"pl-PL","potentialAction":[{"@type":"ReadAction","target":["https:\/\/www.mojabochnia.pl\/?p=41650"]}]},{"@type":"BreadcrumbList","@id":"https:\/\/www.mojabochnia.pl\/?p=41650#breadcrumb","itemListElement":[{"@type":"ListItem","position":1,"name":"Home","item":"https:\/\/www.mojabochnia.pl\/"},{"@type":"ListItem","position":2,"name":"M\u0142odzie\u017c z IILO pomo\u017ce kolejnej chorej osobie"}]},{"@type":"WebSite","@id":"https:\/\/www.mojabochnia.pl\/#website","url":"https:\/\/www.mojabochnia.pl\/","name":"mojabochnia.pl - portal informacyjny","description":"mojaBochnia to portal informacyjny o Bochni. Codziennie o Bochni piszemy i pokazujemy najwa\u017cniejsze wydarzenia","publisher":{"@id":"https:\/\/www.mojabochnia.pl\/#organization"},"potentialAction":[{"@type":"SearchAction","target":{"@type":"EntryPoint","urlTemplate":"https:\/\/www.mojabochnia.pl\/?s={search_term_string}"},"query-input":{"@type":"PropertyValueSpecification","valueRequired":true,"valueName":"search_term_string"}}],"inLanguage":"pl-PL"},{"@type":"Organization","@id":"https:\/\/www.mojabochnia.pl\/#organization","name":"mojabochnia.pl - portal informacyjny","url":"https:\/\/www.mojabochnia.pl\/","logo":{"@type":"ImageObject","inLanguage":"pl-PL","@id":"https:\/\/www.mojabochnia.pl\/#\/schema\/logo\/image\/","url":"https:\/\/www.mojabochnia.pl\/wp-content\/uploads\/2017\/08\/logo-mb-opt.png","contentUrl":"https:\/\/www.mojabochnia.pl\/wp-content\/uploads\/2017\/08\/logo-mb-opt.png","width":250,"height":48,"caption":"mojabochnia.pl - portal informacyjny"},"image":{"@id":"https:\/\/www.mojabochnia.pl\/#\/schema\/logo\/image\/"},"sameAs":["https:\/\/www.facebook.com\/mojabochnia"]},{"@type":"Person","@id":"https:\/\/www.mojabochnia.pl\/#\/schema\/person\/ea042e4724a77627963f02166828ead4","name":"Pawe\u0142 Michalczyk","url":"https:\/\/www.mojabochnia.pl\/?author=4"}]}},"_links":{"self":[{"href":"https:\/\/www.mojabochnia.pl\/index.php?rest_route=\/wp\/v2\/posts\/41650","targetHints":{"allow":["GET"]}}],"collection":[{"href":"https:\/\/www.mojabochnia.pl\/index.php?rest_route=\/wp\/v2\/posts"}],"about":[{"href":"https:\/\/www.mojabochnia.pl\/index.php?rest_route=\/wp\/v2\/types\/post"}],"author":[{"embeddable":true,"href":"https:\/\/www.mojabochnia.pl\/index.php?rest_route=\/wp\/v2\/users\/4"}],"replies":[{"embeddable":true,"href":"https:\/\/www.mojabochnia.pl\/index.php?rest_route=%2Fwp%2Fv2%2Fcomments&post=41650"}],"version-history":[{"count":0,"href":"https:\/\/www.mojabochnia.pl\/index.php?rest_route=\/wp\/v2\/posts\/41650\/revisions"}],"wp:attachment":[{"href":"https:\/\/www.mojabochnia.pl\/index.php?rest_route=%2Fwp%2Fv2%2Fmedia&parent=41650"}],"wp:term":[{"taxonomy":"category","embeddable":true,"href":"https:\/\/www.mojabochnia.pl\/index.php?rest_route=%2Fwp%2Fv2%2Fcategories&post=41650"},{"taxonomy":"post_tag","embeddable":true,"href":"https:\/\/www.mojabochnia.pl\/index.php?rest_route=%2Fwp%2Fv2%2Ftags&post=41650"}],"curies":[{"name":"wp","href":"https:\/\/api.w.org\/{rel}","templated":true}]}}