{"id":41490,"date":"2010-12-22T13:20:52","date_gmt":"2010-12-22T12:20:52","guid":{"rendered":"http:\/\/www.mojabochnia.pl\/?p=41490"},"modified":"2010-12-22T13:23:15","modified_gmt":"2010-12-22T12:23:15","slug":"%e2%80%9ebudowlanka%e2%80%9d-po-raz-kolejny-w-czolowce-polski","status":"publish","type":"post","link":"https:\/\/www.mojabochnia.pl\/?p=41490","title":{"rendered":"\u201eBudowlanka\u201d po raz kolejny w czo\u0142\u00f3wce Polski"},"content":{"rendered":"<p>Rok temu boche\u0144ska \u201ebudowlanka\u201d zdoby\u0142a w tym konkursie III i IV miejsce. Tym razem sukces sta\u0142 si\u0119 udzia\u0142em Rados\u0142awa Nabielca z klasy IV e Technikum Urz\u0105dze\u0144 Sanitarnych, kt\u00f3ry pobi\u0142 sw\u00f3j ubieg\u0142oroczny wynik i wywalczy\u0142 II miejsce. <\/p>\n<p>W tym roku ucze\u0144 najpierw zaprezentowa\u0142 prac\u0119 na temat: \u201d<em>Wyeksponowanie nowoczesnych technologii oczyszczania mechaniczno-biologicznego dla \u015bciek\u00f3w bytowo-gospodarczych z tunelami rozs\u0105czaj\u0105cymi na przyk\u0142adzie budynku jednorodzinnego w miejscowo\u015bci Olchawa w powiecie boche\u0144skim<\/em>\u201d. Nast\u0119pnie odpowiada\u0142 na wiele pyta\u0144 zadawanych przez jury.<\/p>\n<p>\u201e<em>Aby dotrze\u0107 do \u015bcis\u0142ych fina\u0142\u00f3w nale\u017ca\u0142o w\u0142o\u017cy\u0107 wiele pracy. Najpierw szukanie ciekawego tematu i innowacyjnego rozwi\u0105zania opartego na konkretnym przyk\u0142adzie wraz z  mo\u017cliwo\u015bci\u0105 zastosowania w polskich warunkach. P\u00f3\u017aniej stworzenie prezentacji wraz z przedstawieniem aspekt\u00f3w ekologicznych i ekonomicznych, a nast\u0119pnie solidne przygotowanie si\u0119 z zakresu wiedzy instalacyjnej. W ko\u0144cu prezentacja przed komisj\u0105 konkursow\u0105 sk\u0142adaj\u0105c\u0105 si\u0119 z nauczycieli akademickich Uniwersytetu Techniczno-Przyrodniczego w Bydgoszczy, przedstawicieli du\u017cych firm instalacyjnych z ca\u0142ej Polski oraz organ\u00f3w zarz\u0105dzaj\u0105cych w tym mie\u015bcie. Nast\u0119pnie to co najtrudniejsze, mianowicie \u015bcis\u0142e fina\u0142y. Tu znalaz\u0142o si\u0119 ju\u017c tylko 6 najlepszych uczni\u00f3w z r\u00f3\u017cnych stron Polski. Wszyscy stan\u0119li pod ostrza\u0142em pyta\u0144\u2026 i na podium weszli najlepsi<\/em>\u201d \u2013 czytamy w informacji prasowej, rozes\u0142anej do medi\u00f3w.<\/p>\n<p>Uczniowi podczas pisania pracy i przygotowywania si\u0119 do konkursu pomaga\u0142a mgr in\u017c. Ma\u0142gorzata Szulewska, nauczyciel przedmiot\u00f3w instalacyjnych z ZS nr 2 w Bochni.<\/p>\n\t  \r\n\t\r\n\t    <div class=\"mb-gallery\">\r\n\t    <a href=\"https:\/\/www.mojabochnia.pl\/?attachment_id=41492\" class=\"\"><img loading=\"lazy\" decoding=\"async\" width=\"100\" height=\"56\" src=\"https:\/\/www.mojabochnia.pl\/wp-content\/uploads\/2010\/12\/IMG_0235-120x67.jpg\" class=\"attachment-100x100 size-100x100\" alt=\"\" srcset=\"https:\/\/www.mojabochnia.pl\/wp-content\/uploads\/2010\/12\/IMG_0235-120x67.jpg 120w, https:\/\/www.mojabochnia.pl\/wp-content\/uploads\/2010\/12\/IMG_0235-468x263.jpg 468w, https:\/\/www.mojabochnia.pl\/wp-content\/uploads\/2010\/12\/IMG_0235-660x371.jpg 660w, https:\/\/www.mojabochnia.pl\/wp-content\/uploads\/2010\/12\/IMG_0235.jpg 800w\" sizes=\"auto, (max-width: 100px) 100vw, 100px\" \/><\/a><a href=\"https:\/\/www.mojabochnia.pl\/?attachment_id=41493\" class=\"\"><img loading=\"lazy\" decoding=\"async\" width=\"100\" height=\"56\" src=\"https:\/\/www.mojabochnia.pl\/wp-content\/uploads\/2010\/12\/IMG_0249-120x67.jpg\" class=\"attachment-100x100 size-100x100\" alt=\"\" srcset=\"https:\/\/www.mojabochnia.pl\/wp-content\/uploads\/2010\/12\/IMG_0249-120x67.jpg 120w, https:\/\/www.mojabochnia.pl\/wp-content\/uploads\/2010\/12\/IMG_0249-468x263.jpg 468w, https:\/\/www.mojabochnia.pl\/wp-content\/uploads\/2010\/12\/IMG_0249-660x371.jpg 660w, https:\/\/www.mojabochnia.pl\/wp-content\/uploads\/2010\/12\/IMG_0249.jpg 800w\" sizes=\"auto, (max-width: 100px) 100vw, 100px\" \/><\/a><a href=\"https:\/\/www.mojabochnia.pl\/?attachment_id=41494\" class=\"\"><img loading=\"lazy\" decoding=\"async\" width=\"100\" height=\"56\" src=\"https:\/\/www.mojabochnia.pl\/wp-content\/uploads\/2010\/12\/IMG_0250-120x67.jpg\" class=\"attachment-100x100 size-100x100\" alt=\"\" srcset=\"https:\/\/www.mojabochnia.pl\/wp-content\/uploads\/2010\/12\/IMG_0250-120x67.jpg 120w, https:\/\/www.mojabochnia.pl\/wp-content\/uploads\/2010\/12\/IMG_0250-468x263.jpg 468w, https:\/\/www.mojabochnia.pl\/wp-content\/uploads\/2010\/12\/IMG_0250-660x372.jpg 660w, https:\/\/www.mojabochnia.pl\/wp-content\/uploads\/2010\/12\/IMG_0250.jpg 800w\" sizes=\"auto, (max-width: 100px) 100vw, 100px\" \/><\/a><a href=\"https:\/\/www.mojabochnia.pl\/?attachment_id=41495\" class=\"\"><img loading=\"lazy\" decoding=\"async\" width=\"100\" height=\"56\" src=\"https:\/\/www.mojabochnia.pl\/wp-content\/uploads\/2010\/12\/IMG_0253-120x67.jpg\" class=\"attachment-100x100 size-100x100\" alt=\"\" srcset=\"https:\/\/www.mojabochnia.pl\/wp-content\/uploads\/2010\/12\/IMG_0253-120x67.jpg 120w, https:\/\/www.mojabochnia.pl\/wp-content\/uploads\/2010\/12\/IMG_0253-468x263.jpg 468w, https:\/\/www.mojabochnia.pl\/wp-content\/uploads\/2010\/12\/IMG_0253-660x372.jpg 660w, https:\/\/www.mojabochnia.pl\/wp-content\/uploads\/2010\/12\/IMG_0253.jpg 800w\" sizes=\"auto, (max-width: 100px) 100vw, 100px\" \/><\/a>\t    <\/div>\r\n\t    ","protected":false},"excerpt":{"rendered":"<p>II miejsce dla Zespo\u0142u Szk\u00f3\u0142 nr 2 w Polsce w Konkursie Wiedzy Instalacyjnej. Odby\u0142 si\u0119 on 14 grudnia w Bydgoszczy w ramach VI Og\u00f3lnopolskiego Forum Instalacyjnego.<\/p>\n","protected":false},"author":4,"featured_media":0,"comment_status":"open","ping_status":"closed","sticky":false,"template":"","format":"standard","meta":{"_acf_changed":false,"footnotes":""},"categories":[5,6251,6250],"tags":[17683,17122,8155,6061,8154,4816],"class_list":["post-41490","post","type-post","status-publish","format-standard","hentry","category-biezace-wydarzenia","category-polityka-i-wydarzenia","category-tematyka","tag-budowlanka","tag-konkurs","tag-malgorzata-szulewska","tag-radoslaw-kawecki","tag-radoslaw-nabielec","tag-zs-nr-2"],"acf":[],"yoast_head":"<!-- This site is optimized with the Yoast SEO plugin v26.9 - https:\/\/yoast.com\/product\/yoast-seo-wordpress\/ -->\n<title>\u201eBudowlanka\u201d po raz kolejny w czo\u0142\u00f3wce Polski - mojabochnia.pl - portal informacyjny<\/title>\n<meta name=\"robots\" content=\"index, follow, max-snippet:-1, max-image-preview:large, max-video-preview:-1\" \/>\n<link rel=\"canonical\" href=\"https:\/\/www.mojabochnia.pl\/?p=41490\" \/>\n<meta property=\"og:locale\" content=\"pl_PL\" \/>\n<meta property=\"og:type\" content=\"article\" \/>\n<meta property=\"og:title\" content=\"\u201eBudowlanka\u201d po raz kolejny w czo\u0142\u00f3wce Polski - mojabochnia.pl - portal informacyjny\" \/>\n<meta property=\"og:description\" content=\"II miejsce dla Zespo\u0142u Szk\u00f3\u0142 nr 2 w Polsce w Konkursie Wiedzy Instalacyjnej. Odby\u0142 si\u0119 on 14 grudnia w Bydgoszczy w ramach VI Og\u00f3lnopolskiego Forum Instalacyjnego.\" \/>\n<meta property=\"og:url\" content=\"https:\/\/www.mojabochnia.pl\/?p=41490\" \/>\n<meta property=\"og:site_name\" content=\"mojabochnia.pl - portal informacyjny\" \/>\n<meta property=\"article:publisher\" content=\"https:\/\/www.facebook.com\/mojabochnia\" \/>\n<meta property=\"article:published_time\" content=\"2010-12-22T12:20:52+00:00\" \/>\n<meta property=\"article:modified_time\" content=\"2010-12-22T12:23:15+00:00\" \/>\n<meta name=\"author\" content=\"Pawe\u0142 Michalczyk\" \/>\n<meta name=\"twitter:card\" content=\"summary_large_image\" \/>\n<meta name=\"twitter:label1\" content=\"Written by\" \/>\n\t<meta name=\"twitter:data1\" content=\"Pawe\u0142 Michalczyk\" \/>\n\t<meta name=\"twitter:label2\" content=\"Est. reading time\" \/>\n\t<meta name=\"twitter:data2\" content=\"1 minuta\" \/>\n<script type=\"application\/ld+json\" class=\"yoast-schema-graph\">{\"@context\":\"https:\/\/schema.org\",\"@graph\":[{\"@type\":\"Article\",\"@id\":\"https:\/\/www.mojabochnia.pl\/?p=41490#article\",\"isPartOf\":{\"@id\":\"https:\/\/www.mojabochnia.pl\/?p=41490\"},\"author\":{\"name\":\"Pawe\u0142 Michalczyk\",\"@id\":\"https:\/\/www.mojabochnia.pl\/#\/schema\/person\/ea042e4724a77627963f02166828ead4\"},\"headline\":\"\u201eBudowlanka\u201d po raz kolejny w czo\u0142\u00f3wce Polski\",\"datePublished\":\"2010-12-22T12:20:52+00:00\",\"dateModified\":\"2010-12-22T12:23:15+00:00\",\"mainEntityOfPage\":{\"@id\":\"https:\/\/www.mojabochnia.pl\/?p=41490\"},\"wordCount\":263,\"commentCount\":0,\"publisher\":{\"@id\":\"https:\/\/www.mojabochnia.pl\/#organization\"},\"keywords\":[\"budowlanka\",\"konkurs\",\"ma\u0142gorzata szulewska\",\"rados\u0142aw kaw\u0119cki\",\"rados\u0142aw nabielec\",\"zs nr 2\"],\"articleSection\":[\"2_ostatnie\",\"polityka i wydarzenia\",\"tematyka\"],\"inLanguage\":\"pl-PL\",\"potentialAction\":[{\"@type\":\"CommentAction\",\"name\":\"Comment\",\"target\":[\"https:\/\/www.mojabochnia.pl\/?p=41490#respond\"]}]},{\"@type\":\"WebPage\",\"@id\":\"https:\/\/www.mojabochnia.pl\/?p=41490\",\"url\":\"https:\/\/www.mojabochnia.pl\/?p=41490\",\"name\":\"\u201eBudowlanka\u201d po raz kolejny w czo\u0142\u00f3wce Polski - mojabochnia.pl - portal informacyjny\",\"isPartOf\":{\"@id\":\"https:\/\/www.mojabochnia.pl\/#website\"},\"datePublished\":\"2010-12-22T12:20:52+00:00\",\"dateModified\":\"2010-12-22T12:23:15+00:00\",\"breadcrumb\":{\"@id\":\"https:\/\/www.mojabochnia.pl\/?p=41490#breadcrumb\"},\"inLanguage\":\"pl-PL\",\"potentialAction\":[{\"@type\":\"ReadAction\",\"target\":[\"https:\/\/www.mojabochnia.pl\/?p=41490\"]}]},{\"@type\":\"BreadcrumbList\",\"@id\":\"https:\/\/www.mojabochnia.pl\/?p=41490#breadcrumb\",\"itemListElement\":[{\"@type\":\"ListItem\",\"position\":1,\"name\":\"Home\",\"item\":\"https:\/\/www.mojabochnia.pl\/\"},{\"@type\":\"ListItem\",\"position\":2,\"name\":\"\u201eBudowlanka\u201d po raz kolejny w czo\u0142\u00f3wce Polski\"}]},{\"@type\":\"WebSite\",\"@id\":\"https:\/\/www.mojabochnia.pl\/#website\",\"url\":\"https:\/\/www.mojabochnia.pl\/\",\"name\":\"mojabochnia.pl - portal informacyjny\",\"description\":\"mojaBochnia to portal informacyjny o Bochni. Codziennie o Bochni piszemy i pokazujemy najwa\u017cniejsze wydarzenia\",\"publisher\":{\"@id\":\"https:\/\/www.mojabochnia.pl\/#organization\"},\"potentialAction\":[{\"@type\":\"SearchAction\",\"target\":{\"@type\":\"EntryPoint\",\"urlTemplate\":\"https:\/\/www.mojabochnia.pl\/?s={search_term_string}\"},\"query-input\":{\"@type\":\"PropertyValueSpecification\",\"valueRequired\":true,\"valueName\":\"search_term_string\"}}],\"inLanguage\":\"pl-PL\"},{\"@type\":\"Organization\",\"@id\":\"https:\/\/www.mojabochnia.pl\/#organization\",\"name\":\"mojabochnia.pl - portal informacyjny\",\"url\":\"https:\/\/www.mojabochnia.pl\/\",\"logo\":{\"@type\":\"ImageObject\",\"inLanguage\":\"pl-PL\",\"@id\":\"https:\/\/www.mojabochnia.pl\/#\/schema\/logo\/image\/\",\"url\":\"https:\/\/www.mojabochnia.pl\/wp-content\/uploads\/2017\/08\/logo-mb-opt.png\",\"contentUrl\":\"https:\/\/www.mojabochnia.pl\/wp-content\/uploads\/2017\/08\/logo-mb-opt.png\",\"width\":250,\"height\":48,\"caption\":\"mojabochnia.pl - portal informacyjny\"},\"image\":{\"@id\":\"https:\/\/www.mojabochnia.pl\/#\/schema\/logo\/image\/\"},\"sameAs\":[\"https:\/\/www.facebook.com\/mojabochnia\"]},{\"@type\":\"Person\",\"@id\":\"https:\/\/www.mojabochnia.pl\/#\/schema\/person\/ea042e4724a77627963f02166828ead4\",\"name\":\"Pawe\u0142 Michalczyk\",\"url\":\"https:\/\/www.mojabochnia.pl\/?author=4\"}]}<\/script>\n<!-- \/ Yoast SEO plugin. -->","yoast_head_json":{"title":"\u201eBudowlanka\u201d po raz kolejny w czo\u0142\u00f3wce Polski - mojabochnia.pl - portal informacyjny","robots":{"index":"index","follow":"follow","max-snippet":"max-snippet:-1","max-image-preview":"max-image-preview:large","max-video-preview":"max-video-preview:-1"},"canonical":"https:\/\/www.mojabochnia.pl\/?p=41490","og_locale":"pl_PL","og_type":"article","og_title":"\u201eBudowlanka\u201d po raz kolejny w czo\u0142\u00f3wce Polski - mojabochnia.pl - portal informacyjny","og_description":"II miejsce dla Zespo\u0142u Szk\u00f3\u0142 nr 2 w Polsce w Konkursie Wiedzy Instalacyjnej. Odby\u0142 si\u0119 on 14 grudnia w Bydgoszczy w ramach VI Og\u00f3lnopolskiego Forum Instalacyjnego.","og_url":"https:\/\/www.mojabochnia.pl\/?p=41490","og_site_name":"mojabochnia.pl - portal informacyjny","article_publisher":"https:\/\/www.facebook.com\/mojabochnia","article_published_time":"2010-12-22T12:20:52+00:00","article_modified_time":"2010-12-22T12:23:15+00:00","author":"Pawe\u0142 Michalczyk","twitter_card":"summary_large_image","twitter_misc":{"Written by":"Pawe\u0142 Michalczyk","Est. reading time":"1 minuta"},"schema":{"@context":"https:\/\/schema.org","@graph":[{"@type":"Article","@id":"https:\/\/www.mojabochnia.pl\/?p=41490#article","isPartOf":{"@id":"https:\/\/www.mojabochnia.pl\/?p=41490"},"author":{"name":"Pawe\u0142 Michalczyk","@id":"https:\/\/www.mojabochnia.pl\/#\/schema\/person\/ea042e4724a77627963f02166828ead4"},"headline":"\u201eBudowlanka\u201d po raz kolejny w czo\u0142\u00f3wce Polski","datePublished":"2010-12-22T12:20:52+00:00","dateModified":"2010-12-22T12:23:15+00:00","mainEntityOfPage":{"@id":"https:\/\/www.mojabochnia.pl\/?p=41490"},"wordCount":263,"commentCount":0,"publisher":{"@id":"https:\/\/www.mojabochnia.pl\/#organization"},"keywords":["budowlanka","konkurs","ma\u0142gorzata szulewska","rados\u0142aw kaw\u0119cki","rados\u0142aw nabielec","zs nr 2"],"articleSection":["2_ostatnie","polityka i wydarzenia","tematyka"],"inLanguage":"pl-PL","potentialAction":[{"@type":"CommentAction","name":"Comment","target":["https:\/\/www.mojabochnia.pl\/?p=41490#respond"]}]},{"@type":"WebPage","@id":"https:\/\/www.mojabochnia.pl\/?p=41490","url":"https:\/\/www.mojabochnia.pl\/?p=41490","name":"\u201eBudowlanka\u201d po raz kolejny w czo\u0142\u00f3wce Polski - mojabochnia.pl - portal informacyjny","isPartOf":{"@id":"https:\/\/www.mojabochnia.pl\/#website"},"datePublished":"2010-12-22T12:20:52+00:00","dateModified":"2010-12-22T12:23:15+00:00","breadcrumb":{"@id":"https:\/\/www.mojabochnia.pl\/?p=41490#breadcrumb"},"inLanguage":"pl-PL","potentialAction":[{"@type":"ReadAction","target":["https:\/\/www.mojabochnia.pl\/?p=41490"]}]},{"@type":"BreadcrumbList","@id":"https:\/\/www.mojabochnia.pl\/?p=41490#breadcrumb","itemListElement":[{"@type":"ListItem","position":1,"name":"Home","item":"https:\/\/www.mojabochnia.pl\/"},{"@type":"ListItem","position":2,"name":"\u201eBudowlanka\u201d po raz kolejny w czo\u0142\u00f3wce Polski"}]},{"@type":"WebSite","@id":"https:\/\/www.mojabochnia.pl\/#website","url":"https:\/\/www.mojabochnia.pl\/","name":"mojabochnia.pl - portal informacyjny","description":"mojaBochnia to portal informacyjny o Bochni. Codziennie o Bochni piszemy i pokazujemy najwa\u017cniejsze wydarzenia","publisher":{"@id":"https:\/\/www.mojabochnia.pl\/#organization"},"potentialAction":[{"@type":"SearchAction","target":{"@type":"EntryPoint","urlTemplate":"https:\/\/www.mojabochnia.pl\/?s={search_term_string}"},"query-input":{"@type":"PropertyValueSpecification","valueRequired":true,"valueName":"search_term_string"}}],"inLanguage":"pl-PL"},{"@type":"Organization","@id":"https:\/\/www.mojabochnia.pl\/#organization","name":"mojabochnia.pl - portal informacyjny","url":"https:\/\/www.mojabochnia.pl\/","logo":{"@type":"ImageObject","inLanguage":"pl-PL","@id":"https:\/\/www.mojabochnia.pl\/#\/schema\/logo\/image\/","url":"https:\/\/www.mojabochnia.pl\/wp-content\/uploads\/2017\/08\/logo-mb-opt.png","contentUrl":"https:\/\/www.mojabochnia.pl\/wp-content\/uploads\/2017\/08\/logo-mb-opt.png","width":250,"height":48,"caption":"mojabochnia.pl - portal informacyjny"},"image":{"@id":"https:\/\/www.mojabochnia.pl\/#\/schema\/logo\/image\/"},"sameAs":["https:\/\/www.facebook.com\/mojabochnia"]},{"@type":"Person","@id":"https:\/\/www.mojabochnia.pl\/#\/schema\/person\/ea042e4724a77627963f02166828ead4","name":"Pawe\u0142 Michalczyk","url":"https:\/\/www.mojabochnia.pl\/?author=4"}]}},"_links":{"self":[{"href":"https:\/\/www.mojabochnia.pl\/index.php?rest_route=\/wp\/v2\/posts\/41490","targetHints":{"allow":["GET"]}}],"collection":[{"href":"https:\/\/www.mojabochnia.pl\/index.php?rest_route=\/wp\/v2\/posts"}],"about":[{"href":"https:\/\/www.mojabochnia.pl\/index.php?rest_route=\/wp\/v2\/types\/post"}],"author":[{"embeddable":true,"href":"https:\/\/www.mojabochnia.pl\/index.php?rest_route=\/wp\/v2\/users\/4"}],"replies":[{"embeddable":true,"href":"https:\/\/www.mojabochnia.pl\/index.php?rest_route=%2Fwp%2Fv2%2Fcomments&post=41490"}],"version-history":[{"count":0,"href":"https:\/\/www.mojabochnia.pl\/index.php?rest_route=\/wp\/v2\/posts\/41490\/revisions"}],"wp:attachment":[{"href":"https:\/\/www.mojabochnia.pl\/index.php?rest_route=%2Fwp%2Fv2%2Fmedia&parent=41490"}],"wp:term":[{"taxonomy":"category","embeddable":true,"href":"https:\/\/www.mojabochnia.pl\/index.php?rest_route=%2Fwp%2Fv2%2Fcategories&post=41490"},{"taxonomy":"post_tag","embeddable":true,"href":"https:\/\/www.mojabochnia.pl\/index.php?rest_route=%2Fwp%2Fv2%2Ftags&post=41490"}],"curies":[{"name":"wp","href":"https:\/\/api.w.org\/{rel}","templated":true}]}}