{"id":41484,"date":"2010-12-22T12:02:51","date_gmt":"2010-12-22T11:02:51","guid":{"rendered":"http:\/\/www.mojabochnia.pl\/?p=41484"},"modified":"2010-12-22T12:44:32","modified_gmt":"2010-12-22T11:44:32","slug":"12-latek-zadzwonil-na-986-i-uratowal-dom-od-zalania","status":"publish","type":"post","link":"https:\/\/www.mojabochnia.pl\/?p=41484","title":{"rendered":"12-latek zadzwoni\u0142 na 986 i uratowa\u0142 dom od zalania"},"content":{"rendered":"<p>&#8211; <em>Bardzo prosz\u0119 przyjecha\u0107 bo jest du\u017co wody w piwnicy i chyba uszkodzony jest kurek<\/em> \u2013 takie s\u0142owa us\u0142ysza\u0142a dy\u017curna Stra\u017cy Miejskiej, kt\u00f3ra 21 grudnia oko\u0142o godziny 15.45 odebra\u0142a telefon. Okaza\u0142o si\u0119, \u017ce 12-latek by\u0142 sam w domu. W trakcie rozmowy ch\u0142opiec stwierdzi\u0142, i\u017c dzwoni do Stra\u017cy Miejskiej bo zapami\u0119ta\u0142 numer alarmowy 986 z prelekcji kt\u00f3re odbywa\u0142y si\u0119 w jego szkole i wie \u017ce mo\u017ce tu znale\u017a\u0107 pomoc.<\/p>\n<p>Ch\u0142opiec wskaza\u0142 adres zamieszkania, pod kt\u00f3ry dy\u017curna Stra\u017cy Miejskiej wys\u0142a\u0142a patrol oraz wezwa\u0142a pod wskazane miejsce Stra\u017c Po\u017carn\u0105. W trakcie czynno\u015bci wypompowywania wody do domu przyjecha\u0142a mama 12 letniego Jakuba.<\/p>\n<p>Jak m\u00f3wi Krzysztof Tomasik, komendant Stra\u017cy Miejskiej w Bochni &#8211; coraz cz\u0119\u015bciej pojawiaj\u0105 si\u0119 informacje o dzieciach ratuj\u0105cych doros\u0142ych, gdy\u017c podczas wyj\u0105tkowo trudnych chwil s\u0105 opanowane i pami\u0119taj\u0105 numery alarmowe pod kt\u00f3re mo\u017cna zadzwoni\u0107 w razie potrzeby.<\/p>\n<p>Stra\u017c Miejska Miasta Bochni w szko\u0142ach podstawowych na terenie miasta wdro\u017cy\u0142a program \u201eBezpieczne Miasteczko\u201d \u2013 gr\u0119 edukacyjn\u0105, kt\u00f3ra uczy zasad odpowiedniego zachowania si\u0119 w obliczu r\u00f3\u017cnych zagro\u017ce\u0144.<\/p>\n","protected":false},"excerpt":{"rendered":"<p>12 letni Jakub zadzwoni\u0142 do Stra\u017cy Miejskiej zg\u0142aszaj\u0105c o zalaniu piwnicy. Dzi\u0119ki jego interwencji na miejsce wys\u0142ano niezb\u0119dne do opanowania sytuacji s\u0142u\u017cby.<\/p>\n","protected":false},"author":25,"featured_media":0,"comment_status":"open","ping_status":"closed","sticky":false,"template":"","format":"standard","meta":{"_acf_changed":false,"footnotes":""},"categories":[5,6251,6250],"tags":[17326,280,656,8153,17255,17141],"class_list":["post-41484","post","type-post","status-publish","format-standard","hentry","category-biezace-wydarzenia","category-polityka-i-wydarzenia","category-tematyka","tag-dzieci","tag-interwencja","tag-krzysztof-tomasik","tag-numery-alarmowe","tag-straz-miejska","tag-straz-pozarna"],"acf":[],"yoast_head":"<!-- This site is optimized with the Yoast SEO plugin v26.9 - https:\/\/yoast.com\/product\/yoast-seo-wordpress\/ -->\n<title>12-latek zadzwoni\u0142 na 986 i uratowa\u0142 dom od zalania - mojabochnia.pl - portal informacyjny<\/title>\n<meta name=\"robots\" content=\"index, follow, max-snippet:-1, max-image-preview:large, max-video-preview:-1\" \/>\n<link rel=\"canonical\" href=\"https:\/\/www.mojabochnia.pl\/?p=41484\" \/>\n<meta property=\"og:locale\" content=\"pl_PL\" \/>\n<meta property=\"og:type\" content=\"article\" \/>\n<meta property=\"og:title\" content=\"12-latek zadzwoni\u0142 na 986 i uratowa\u0142 dom od zalania - mojabochnia.pl - portal informacyjny\" \/>\n<meta property=\"og:description\" content=\"12 letni Jakub zadzwoni\u0142 do Stra\u017cy Miejskiej zg\u0142aszaj\u0105c o zalaniu piwnicy. Dzi\u0119ki jego interwencji na miejsce wys\u0142ano niezb\u0119dne do opanowania sytuacji s\u0142u\u017cby.\" \/>\n<meta property=\"og:url\" content=\"https:\/\/www.mojabochnia.pl\/?p=41484\" \/>\n<meta property=\"og:site_name\" content=\"mojabochnia.pl - portal informacyjny\" \/>\n<meta property=\"article:publisher\" content=\"https:\/\/www.facebook.com\/mojabochnia\" \/>\n<meta property=\"article:published_time\" content=\"2010-12-22T11:02:51+00:00\" \/>\n<meta property=\"article:modified_time\" content=\"2010-12-22T11:44:32+00:00\" \/>\n<meta name=\"author\" content=\"Weronika Kucharska\" \/>\n<meta name=\"twitter:card\" content=\"summary_large_image\" \/>\n<meta name=\"twitter:label1\" content=\"Written by\" \/>\n\t<meta name=\"twitter:data1\" content=\"Weronika Kucharska\" \/>\n\t<meta name=\"twitter:label2\" content=\"Est. reading time\" \/>\n\t<meta name=\"twitter:data2\" content=\"1 minuta\" \/>\n<script type=\"application\/ld+json\" class=\"yoast-schema-graph\">{\"@context\":\"https:\/\/schema.org\",\"@graph\":[{\"@type\":\"Article\",\"@id\":\"https:\/\/www.mojabochnia.pl\/?p=41484#article\",\"isPartOf\":{\"@id\":\"https:\/\/www.mojabochnia.pl\/?p=41484\"},\"author\":{\"name\":\"Weronika Kucharska\",\"@id\":\"https:\/\/www.mojabochnia.pl\/#\/schema\/person\/8515edb0b31efb661d6df7949969c0ff\"},\"headline\":\"12-latek zadzwoni\u0142 na 986 i uratowa\u0142 dom od zalania\",\"datePublished\":\"2010-12-22T11:02:51+00:00\",\"dateModified\":\"2010-12-22T11:44:32+00:00\",\"mainEntityOfPage\":{\"@id\":\"https:\/\/www.mojabochnia.pl\/?p=41484\"},\"wordCount\":205,\"commentCount\":0,\"publisher\":{\"@id\":\"https:\/\/www.mojabochnia.pl\/#organization\"},\"keywords\":[\"dzieci\",\"interwencja\",\"krzysztof tomasik\",\"numery alarmowe\",\"stra\u017c miejska\",\"stra\u017c po\u017carna\"],\"articleSection\":[\"2_ostatnie\",\"polityka i wydarzenia\",\"tematyka\"],\"inLanguage\":\"pl-PL\",\"potentialAction\":[{\"@type\":\"CommentAction\",\"name\":\"Comment\",\"target\":[\"https:\/\/www.mojabochnia.pl\/?p=41484#respond\"]}]},{\"@type\":\"WebPage\",\"@id\":\"https:\/\/www.mojabochnia.pl\/?p=41484\",\"url\":\"https:\/\/www.mojabochnia.pl\/?p=41484\",\"name\":\"12-latek zadzwoni\u0142 na 986 i uratowa\u0142 dom od zalania - mojabochnia.pl - portal informacyjny\",\"isPartOf\":{\"@id\":\"https:\/\/www.mojabochnia.pl\/#website\"},\"datePublished\":\"2010-12-22T11:02:51+00:00\",\"dateModified\":\"2010-12-22T11:44:32+00:00\",\"breadcrumb\":{\"@id\":\"https:\/\/www.mojabochnia.pl\/?p=41484#breadcrumb\"},\"inLanguage\":\"pl-PL\",\"potentialAction\":[{\"@type\":\"ReadAction\",\"target\":[\"https:\/\/www.mojabochnia.pl\/?p=41484\"]}]},{\"@type\":\"BreadcrumbList\",\"@id\":\"https:\/\/www.mojabochnia.pl\/?p=41484#breadcrumb\",\"itemListElement\":[{\"@type\":\"ListItem\",\"position\":1,\"name\":\"Home\",\"item\":\"https:\/\/www.mojabochnia.pl\/\"},{\"@type\":\"ListItem\",\"position\":2,\"name\":\"12-latek zadzwoni\u0142 na 986 i uratowa\u0142 dom od zalania\"}]},{\"@type\":\"WebSite\",\"@id\":\"https:\/\/www.mojabochnia.pl\/#website\",\"url\":\"https:\/\/www.mojabochnia.pl\/\",\"name\":\"mojabochnia.pl - portal informacyjny\",\"description\":\"mojaBochnia to portal informacyjny o Bochni. Codziennie o Bochni piszemy i pokazujemy najwa\u017cniejsze wydarzenia\",\"publisher\":{\"@id\":\"https:\/\/www.mojabochnia.pl\/#organization\"},\"potentialAction\":[{\"@type\":\"SearchAction\",\"target\":{\"@type\":\"EntryPoint\",\"urlTemplate\":\"https:\/\/www.mojabochnia.pl\/?s={search_term_string}\"},\"query-input\":{\"@type\":\"PropertyValueSpecification\",\"valueRequired\":true,\"valueName\":\"search_term_string\"}}],\"inLanguage\":\"pl-PL\"},{\"@type\":\"Organization\",\"@id\":\"https:\/\/www.mojabochnia.pl\/#organization\",\"name\":\"mojabochnia.pl - portal informacyjny\",\"url\":\"https:\/\/www.mojabochnia.pl\/\",\"logo\":{\"@type\":\"ImageObject\",\"inLanguage\":\"pl-PL\",\"@id\":\"https:\/\/www.mojabochnia.pl\/#\/schema\/logo\/image\/\",\"url\":\"https:\/\/www.mojabochnia.pl\/wp-content\/uploads\/2017\/08\/logo-mb-opt.png\",\"contentUrl\":\"https:\/\/www.mojabochnia.pl\/wp-content\/uploads\/2017\/08\/logo-mb-opt.png\",\"width\":250,\"height\":48,\"caption\":\"mojabochnia.pl - portal informacyjny\"},\"image\":{\"@id\":\"https:\/\/www.mojabochnia.pl\/#\/schema\/logo\/image\/\"},\"sameAs\":[\"https:\/\/www.facebook.com\/mojabochnia\"]},{\"@type\":\"Person\",\"@id\":\"https:\/\/www.mojabochnia.pl\/#\/schema\/person\/8515edb0b31efb661d6df7949969c0ff\",\"name\":\"Weronika Kucharska\",\"url\":\"https:\/\/www.mojabochnia.pl\/?author=25\"}]}<\/script>\n<!-- \/ Yoast SEO plugin. -->","yoast_head_json":{"title":"12-latek zadzwoni\u0142 na 986 i uratowa\u0142 dom od zalania - mojabochnia.pl - portal informacyjny","robots":{"index":"index","follow":"follow","max-snippet":"max-snippet:-1","max-image-preview":"max-image-preview:large","max-video-preview":"max-video-preview:-1"},"canonical":"https:\/\/www.mojabochnia.pl\/?p=41484","og_locale":"pl_PL","og_type":"article","og_title":"12-latek zadzwoni\u0142 na 986 i uratowa\u0142 dom od zalania - mojabochnia.pl - portal informacyjny","og_description":"12 letni Jakub zadzwoni\u0142 do Stra\u017cy Miejskiej zg\u0142aszaj\u0105c o zalaniu piwnicy. Dzi\u0119ki jego interwencji na miejsce wys\u0142ano niezb\u0119dne do opanowania sytuacji s\u0142u\u017cby.","og_url":"https:\/\/www.mojabochnia.pl\/?p=41484","og_site_name":"mojabochnia.pl - portal informacyjny","article_publisher":"https:\/\/www.facebook.com\/mojabochnia","article_published_time":"2010-12-22T11:02:51+00:00","article_modified_time":"2010-12-22T11:44:32+00:00","author":"Weronika Kucharska","twitter_card":"summary_large_image","twitter_misc":{"Written by":"Weronika Kucharska","Est. reading time":"1 minuta"},"schema":{"@context":"https:\/\/schema.org","@graph":[{"@type":"Article","@id":"https:\/\/www.mojabochnia.pl\/?p=41484#article","isPartOf":{"@id":"https:\/\/www.mojabochnia.pl\/?p=41484"},"author":{"name":"Weronika Kucharska","@id":"https:\/\/www.mojabochnia.pl\/#\/schema\/person\/8515edb0b31efb661d6df7949969c0ff"},"headline":"12-latek zadzwoni\u0142 na 986 i uratowa\u0142 dom od zalania","datePublished":"2010-12-22T11:02:51+00:00","dateModified":"2010-12-22T11:44:32+00:00","mainEntityOfPage":{"@id":"https:\/\/www.mojabochnia.pl\/?p=41484"},"wordCount":205,"commentCount":0,"publisher":{"@id":"https:\/\/www.mojabochnia.pl\/#organization"},"keywords":["dzieci","interwencja","krzysztof tomasik","numery alarmowe","stra\u017c miejska","stra\u017c po\u017carna"],"articleSection":["2_ostatnie","polityka i wydarzenia","tematyka"],"inLanguage":"pl-PL","potentialAction":[{"@type":"CommentAction","name":"Comment","target":["https:\/\/www.mojabochnia.pl\/?p=41484#respond"]}]},{"@type":"WebPage","@id":"https:\/\/www.mojabochnia.pl\/?p=41484","url":"https:\/\/www.mojabochnia.pl\/?p=41484","name":"12-latek zadzwoni\u0142 na 986 i uratowa\u0142 dom od zalania - mojabochnia.pl - portal informacyjny","isPartOf":{"@id":"https:\/\/www.mojabochnia.pl\/#website"},"datePublished":"2010-12-22T11:02:51+00:00","dateModified":"2010-12-22T11:44:32+00:00","breadcrumb":{"@id":"https:\/\/www.mojabochnia.pl\/?p=41484#breadcrumb"},"inLanguage":"pl-PL","potentialAction":[{"@type":"ReadAction","target":["https:\/\/www.mojabochnia.pl\/?p=41484"]}]},{"@type":"BreadcrumbList","@id":"https:\/\/www.mojabochnia.pl\/?p=41484#breadcrumb","itemListElement":[{"@type":"ListItem","position":1,"name":"Home","item":"https:\/\/www.mojabochnia.pl\/"},{"@type":"ListItem","position":2,"name":"12-latek zadzwoni\u0142 na 986 i uratowa\u0142 dom od zalania"}]},{"@type":"WebSite","@id":"https:\/\/www.mojabochnia.pl\/#website","url":"https:\/\/www.mojabochnia.pl\/","name":"mojabochnia.pl - portal informacyjny","description":"mojaBochnia to portal informacyjny o Bochni. Codziennie o Bochni piszemy i pokazujemy najwa\u017cniejsze wydarzenia","publisher":{"@id":"https:\/\/www.mojabochnia.pl\/#organization"},"potentialAction":[{"@type":"SearchAction","target":{"@type":"EntryPoint","urlTemplate":"https:\/\/www.mojabochnia.pl\/?s={search_term_string}"},"query-input":{"@type":"PropertyValueSpecification","valueRequired":true,"valueName":"search_term_string"}}],"inLanguage":"pl-PL"},{"@type":"Organization","@id":"https:\/\/www.mojabochnia.pl\/#organization","name":"mojabochnia.pl - portal informacyjny","url":"https:\/\/www.mojabochnia.pl\/","logo":{"@type":"ImageObject","inLanguage":"pl-PL","@id":"https:\/\/www.mojabochnia.pl\/#\/schema\/logo\/image\/","url":"https:\/\/www.mojabochnia.pl\/wp-content\/uploads\/2017\/08\/logo-mb-opt.png","contentUrl":"https:\/\/www.mojabochnia.pl\/wp-content\/uploads\/2017\/08\/logo-mb-opt.png","width":250,"height":48,"caption":"mojabochnia.pl - portal informacyjny"},"image":{"@id":"https:\/\/www.mojabochnia.pl\/#\/schema\/logo\/image\/"},"sameAs":["https:\/\/www.facebook.com\/mojabochnia"]},{"@type":"Person","@id":"https:\/\/www.mojabochnia.pl\/#\/schema\/person\/8515edb0b31efb661d6df7949969c0ff","name":"Weronika Kucharska","url":"https:\/\/www.mojabochnia.pl\/?author=25"}]}},"_links":{"self":[{"href":"https:\/\/www.mojabochnia.pl\/index.php?rest_route=\/wp\/v2\/posts\/41484","targetHints":{"allow":["GET"]}}],"collection":[{"href":"https:\/\/www.mojabochnia.pl\/index.php?rest_route=\/wp\/v2\/posts"}],"about":[{"href":"https:\/\/www.mojabochnia.pl\/index.php?rest_route=\/wp\/v2\/types\/post"}],"author":[{"embeddable":true,"href":"https:\/\/www.mojabochnia.pl\/index.php?rest_route=\/wp\/v2\/users\/25"}],"replies":[{"embeddable":true,"href":"https:\/\/www.mojabochnia.pl\/index.php?rest_route=%2Fwp%2Fv2%2Fcomments&post=41484"}],"version-history":[{"count":0,"href":"https:\/\/www.mojabochnia.pl\/index.php?rest_route=\/wp\/v2\/posts\/41484\/revisions"}],"wp:attachment":[{"href":"https:\/\/www.mojabochnia.pl\/index.php?rest_route=%2Fwp%2Fv2%2Fmedia&parent=41484"}],"wp:term":[{"taxonomy":"category","embeddable":true,"href":"https:\/\/www.mojabochnia.pl\/index.php?rest_route=%2Fwp%2Fv2%2Fcategories&post=41484"},{"taxonomy":"post_tag","embeddable":true,"href":"https:\/\/www.mojabochnia.pl\/index.php?rest_route=%2Fwp%2Fv2%2Ftags&post=41484"}],"curies":[{"name":"wp","href":"https:\/\/api.w.org\/{rel}","templated":true}]}}