{"id":4102,"date":"2009-01-02T12:00:35","date_gmt":"2009-01-02T11:00:35","guid":{"rendered":"http:\/\/www.mojabochnia.pl\/?p=4102"},"modified":"2009-01-02T12:03:43","modified_gmt":"2009-01-02T11:03:43","slug":"zaczadzenie-4-osoby-trafily7-do-szpitala","status":"publish","type":"post","link":"https:\/\/www.mojabochnia.pl\/?p=4102","title":{"rendered":"Zaczadzenie: 4 osoby trafi\u0142y do szpitala"},"content":{"rendered":"<p>Do zdarzenia dosz\u0142o 1 stycznia w mieszkaniu przy ul. Langera, gdzie zatruciu tlenkiem w\u0119gla uleg\u0142y 3 osoby. Wszyscy trafili do szpitala. Do podobnego zdarzenia dosz\u0142o r\u00f3wnie\u017c 26 grudnia przy ul. Legion\u00f3w Polskich, gdzie w jednym z mieszka\u0144 w trakcie k\u0105pieli zas\u0142ab\u0142a kobieta w wieku 27 lat. R\u00f3wnie\u017c ona trafi\u0142a do szpitala.<\/p>\n<p>Wed\u0142ug ustale\u0144 policji, prawdopodobn\u0105 przyczyn\u0105 zatrucia w obydwu przypadkach by\u0142o tzw. cofni\u0119cie si\u0119 spalin z przewod\u00f3w wentylacyjnych. &#8211; <em>Do takiego zjawiska dochodzi w wyniku niekorzystnych warunk\u00f3w atmosferycznych lub te\u017c w wyniku d\u0142ugotrwa\u0142ego u\u017cytkowania piecyka gazowego, kiedy to w zamkni\u0119tym pomieszczeniu brakuje tlenu niezb\u0119dnego w procesie spalania gazu. W\u00f3wczas praca piecyka powoduje zasysanie powietrza przez &#8211; dzia\u0142aj\u0105cy wcze\u015bniej prawid\u0142owo &#8211; ci\u0105g wentylacyjny. Tlenek w\u0119gla powsta\u0142y w wyniku spalania gazu wydostaje si\u0119 do \u015brodka pomieszczenia (najcz\u0119\u015bciej \u0142azienki) zamiast do wentylacji i mo\u017ce doj\u015b\u0107 do zatrucia znajduj\u0105cych si\u0119 w nim os\u00f3b. Policja apeluje w zwi\u0105zku z tym o bardzo ostro\u017cne u\u017cytkowanie piecyk\u00f3w \u0142azienkowych typu \u201ejunkers\u201d nie zamykanie szczelnie drzwi i zapewnienie dop\u0142ywu powietrza do pomieszcze\u0144 gdzie  tego typu piecyki s\u0105 u\u017cytkowane<\/em> \u2013 informuje Robert Dudek, naczelnik sekcji kryminalnej boche\u0144skiej policji.<\/p>\n","protected":false},"excerpt":{"rendered":"<p>4 osoby z Bochni uleg\u0142y zaczadzeniu. Policja apeluje o umiej\u0119tne korzystanie z urz\u0105dze\u0144 grzewczych oraz dobre wietrzenie mieszka\u0144.<\/p>\n","protected":false},"author":4,"featured_media":0,"comment_status":"open","ping_status":"closed","sticky":false,"template":"","format":"standard","meta":{"_acf_changed":false,"footnotes":""},"categories":[5],"tags":[17535,1728,17155,2080,2081,17324,398,17534,1744],"class_list":["post-4102","post","type-post","status-publish","format-standard","hentry","category-biezace-wydarzenia","tag-czad","tag-komenda-powiatowa-policji","tag-policja","tag-robert-dudek","tag-sekcja-kryminalna","tag-szpital","tag-szpital-powiatowy","tag-tlenek-wegla","tag-zaczadzenie"],"acf":[],"yoast_head":"<!-- This site is optimized with the Yoast SEO plugin v26.9 - https:\/\/yoast.com\/product\/yoast-seo-wordpress\/ -->\n<title>Zaczadzenie: 4 osoby trafi\u0142y do szpitala - mojabochnia.pl - portal informacyjny<\/title>\n<meta name=\"robots\" content=\"index, follow, max-snippet:-1, max-image-preview:large, max-video-preview:-1\" \/>\n<link rel=\"canonical\" href=\"https:\/\/www.mojabochnia.pl\/?p=4102\" \/>\n<meta property=\"og:locale\" content=\"pl_PL\" \/>\n<meta property=\"og:type\" content=\"article\" \/>\n<meta property=\"og:title\" content=\"Zaczadzenie: 4 osoby trafi\u0142y do szpitala - mojabochnia.pl - portal informacyjny\" \/>\n<meta property=\"og:description\" content=\"4 osoby z Bochni uleg\u0142y zaczadzeniu. Policja apeluje o umiej\u0119tne korzystanie z urz\u0105dze\u0144 grzewczych oraz dobre wietrzenie mieszka\u0144.\" \/>\n<meta property=\"og:url\" content=\"https:\/\/www.mojabochnia.pl\/?p=4102\" \/>\n<meta property=\"og:site_name\" content=\"mojabochnia.pl - portal informacyjny\" \/>\n<meta property=\"article:publisher\" content=\"https:\/\/www.facebook.com\/mojabochnia\" \/>\n<meta property=\"article:published_time\" content=\"2009-01-02T11:00:35+00:00\" \/>\n<meta property=\"article:modified_time\" content=\"2009-01-02T11:03:43+00:00\" \/>\n<meta name=\"author\" content=\"Pawe\u0142 Michalczyk\" \/>\n<meta name=\"twitter:card\" content=\"summary_large_image\" \/>\n<meta name=\"twitter:label1\" content=\"Written by\" \/>\n\t<meta name=\"twitter:data1\" content=\"Pawe\u0142 Michalczyk\" \/>\n\t<meta name=\"twitter:label2\" content=\"Est. reading time\" \/>\n\t<meta name=\"twitter:data2\" content=\"1 minuta\" \/>\n<script type=\"application\/ld+json\" class=\"yoast-schema-graph\">{\"@context\":\"https:\/\/schema.org\",\"@graph\":[{\"@type\":\"Article\",\"@id\":\"https:\/\/www.mojabochnia.pl\/?p=4102#article\",\"isPartOf\":{\"@id\":\"https:\/\/www.mojabochnia.pl\/?p=4102\"},\"author\":{\"name\":\"Pawe\u0142 Michalczyk\",\"@id\":\"https:\/\/www.mojabochnia.pl\/#\/schema\/person\/ea042e4724a77627963f02166828ead4\"},\"headline\":\"Zaczadzenie: 4 osoby trafi\u0142y do szpitala\",\"datePublished\":\"2009-01-02T11:00:35+00:00\",\"dateModified\":\"2009-01-02T11:03:43+00:00\",\"mainEntityOfPage\":{\"@id\":\"https:\/\/www.mojabochnia.pl\/?p=4102\"},\"wordCount\":219,\"commentCount\":1,\"publisher\":{\"@id\":\"https:\/\/www.mojabochnia.pl\/#organization\"},\"keywords\":[\"czad\",\"komenda powiatowa policji\",\"policja\",\"robert dudek\",\"sekcja kryminalna\",\"szpital\",\"szpital powiatowy\",\"tlenek w\u0119gla\",\"zaczadzenie\"],\"articleSection\":[\"2_ostatnie\"],\"inLanguage\":\"pl-PL\",\"potentialAction\":[{\"@type\":\"CommentAction\",\"name\":\"Comment\",\"target\":[\"https:\/\/www.mojabochnia.pl\/?p=4102#respond\"]}]},{\"@type\":\"WebPage\",\"@id\":\"https:\/\/www.mojabochnia.pl\/?p=4102\",\"url\":\"https:\/\/www.mojabochnia.pl\/?p=4102\",\"name\":\"Zaczadzenie: 4 osoby trafi\u0142y do szpitala - mojabochnia.pl - portal informacyjny\",\"isPartOf\":{\"@id\":\"https:\/\/www.mojabochnia.pl\/#website\"},\"datePublished\":\"2009-01-02T11:00:35+00:00\",\"dateModified\":\"2009-01-02T11:03:43+00:00\",\"breadcrumb\":{\"@id\":\"https:\/\/www.mojabochnia.pl\/?p=4102#breadcrumb\"},\"inLanguage\":\"pl-PL\",\"potentialAction\":[{\"@type\":\"ReadAction\",\"target\":[\"https:\/\/www.mojabochnia.pl\/?p=4102\"]}]},{\"@type\":\"BreadcrumbList\",\"@id\":\"https:\/\/www.mojabochnia.pl\/?p=4102#breadcrumb\",\"itemListElement\":[{\"@type\":\"ListItem\",\"position\":1,\"name\":\"Home\",\"item\":\"https:\/\/www.mojabochnia.pl\/\"},{\"@type\":\"ListItem\",\"position\":2,\"name\":\"Zaczadzenie: 4 osoby trafi\u0142y do szpitala\"}]},{\"@type\":\"WebSite\",\"@id\":\"https:\/\/www.mojabochnia.pl\/#website\",\"url\":\"https:\/\/www.mojabochnia.pl\/\",\"name\":\"mojabochnia.pl - portal informacyjny\",\"description\":\"mojaBochnia to portal informacyjny o Bochni. Codziennie o Bochni piszemy i pokazujemy najwa\u017cniejsze wydarzenia\",\"publisher\":{\"@id\":\"https:\/\/www.mojabochnia.pl\/#organization\"},\"potentialAction\":[{\"@type\":\"SearchAction\",\"target\":{\"@type\":\"EntryPoint\",\"urlTemplate\":\"https:\/\/www.mojabochnia.pl\/?s={search_term_string}\"},\"query-input\":{\"@type\":\"PropertyValueSpecification\",\"valueRequired\":true,\"valueName\":\"search_term_string\"}}],\"inLanguage\":\"pl-PL\"},{\"@type\":\"Organization\",\"@id\":\"https:\/\/www.mojabochnia.pl\/#organization\",\"name\":\"mojabochnia.pl - portal informacyjny\",\"url\":\"https:\/\/www.mojabochnia.pl\/\",\"logo\":{\"@type\":\"ImageObject\",\"inLanguage\":\"pl-PL\",\"@id\":\"https:\/\/www.mojabochnia.pl\/#\/schema\/logo\/image\/\",\"url\":\"https:\/\/www.mojabochnia.pl\/wp-content\/uploads\/2017\/08\/logo-mb-opt.png\",\"contentUrl\":\"https:\/\/www.mojabochnia.pl\/wp-content\/uploads\/2017\/08\/logo-mb-opt.png\",\"width\":250,\"height\":48,\"caption\":\"mojabochnia.pl - portal informacyjny\"},\"image\":{\"@id\":\"https:\/\/www.mojabochnia.pl\/#\/schema\/logo\/image\/\"},\"sameAs\":[\"https:\/\/www.facebook.com\/mojabochnia\"]},{\"@type\":\"Person\",\"@id\":\"https:\/\/www.mojabochnia.pl\/#\/schema\/person\/ea042e4724a77627963f02166828ead4\",\"name\":\"Pawe\u0142 Michalczyk\",\"url\":\"https:\/\/www.mojabochnia.pl\/?author=4\"}]}<\/script>\n<!-- \/ Yoast SEO plugin. -->","yoast_head_json":{"title":"Zaczadzenie: 4 osoby trafi\u0142y do szpitala - mojabochnia.pl - portal informacyjny","robots":{"index":"index","follow":"follow","max-snippet":"max-snippet:-1","max-image-preview":"max-image-preview:large","max-video-preview":"max-video-preview:-1"},"canonical":"https:\/\/www.mojabochnia.pl\/?p=4102","og_locale":"pl_PL","og_type":"article","og_title":"Zaczadzenie: 4 osoby trafi\u0142y do szpitala - mojabochnia.pl - portal informacyjny","og_description":"4 osoby z Bochni uleg\u0142y zaczadzeniu. Policja apeluje o umiej\u0119tne korzystanie z urz\u0105dze\u0144 grzewczych oraz dobre wietrzenie mieszka\u0144.","og_url":"https:\/\/www.mojabochnia.pl\/?p=4102","og_site_name":"mojabochnia.pl - portal informacyjny","article_publisher":"https:\/\/www.facebook.com\/mojabochnia","article_published_time":"2009-01-02T11:00:35+00:00","article_modified_time":"2009-01-02T11:03:43+00:00","author":"Pawe\u0142 Michalczyk","twitter_card":"summary_large_image","twitter_misc":{"Written by":"Pawe\u0142 Michalczyk","Est. reading time":"1 minuta"},"schema":{"@context":"https:\/\/schema.org","@graph":[{"@type":"Article","@id":"https:\/\/www.mojabochnia.pl\/?p=4102#article","isPartOf":{"@id":"https:\/\/www.mojabochnia.pl\/?p=4102"},"author":{"name":"Pawe\u0142 Michalczyk","@id":"https:\/\/www.mojabochnia.pl\/#\/schema\/person\/ea042e4724a77627963f02166828ead4"},"headline":"Zaczadzenie: 4 osoby trafi\u0142y do szpitala","datePublished":"2009-01-02T11:00:35+00:00","dateModified":"2009-01-02T11:03:43+00:00","mainEntityOfPage":{"@id":"https:\/\/www.mojabochnia.pl\/?p=4102"},"wordCount":219,"commentCount":1,"publisher":{"@id":"https:\/\/www.mojabochnia.pl\/#organization"},"keywords":["czad","komenda powiatowa policji","policja","robert dudek","sekcja kryminalna","szpital","szpital powiatowy","tlenek w\u0119gla","zaczadzenie"],"articleSection":["2_ostatnie"],"inLanguage":"pl-PL","potentialAction":[{"@type":"CommentAction","name":"Comment","target":["https:\/\/www.mojabochnia.pl\/?p=4102#respond"]}]},{"@type":"WebPage","@id":"https:\/\/www.mojabochnia.pl\/?p=4102","url":"https:\/\/www.mojabochnia.pl\/?p=4102","name":"Zaczadzenie: 4 osoby trafi\u0142y do szpitala - mojabochnia.pl - portal informacyjny","isPartOf":{"@id":"https:\/\/www.mojabochnia.pl\/#website"},"datePublished":"2009-01-02T11:00:35+00:00","dateModified":"2009-01-02T11:03:43+00:00","breadcrumb":{"@id":"https:\/\/www.mojabochnia.pl\/?p=4102#breadcrumb"},"inLanguage":"pl-PL","potentialAction":[{"@type":"ReadAction","target":["https:\/\/www.mojabochnia.pl\/?p=4102"]}]},{"@type":"BreadcrumbList","@id":"https:\/\/www.mojabochnia.pl\/?p=4102#breadcrumb","itemListElement":[{"@type":"ListItem","position":1,"name":"Home","item":"https:\/\/www.mojabochnia.pl\/"},{"@type":"ListItem","position":2,"name":"Zaczadzenie: 4 osoby trafi\u0142y do szpitala"}]},{"@type":"WebSite","@id":"https:\/\/www.mojabochnia.pl\/#website","url":"https:\/\/www.mojabochnia.pl\/","name":"mojabochnia.pl - portal informacyjny","description":"mojaBochnia to portal informacyjny o Bochni. Codziennie o Bochni piszemy i pokazujemy najwa\u017cniejsze wydarzenia","publisher":{"@id":"https:\/\/www.mojabochnia.pl\/#organization"},"potentialAction":[{"@type":"SearchAction","target":{"@type":"EntryPoint","urlTemplate":"https:\/\/www.mojabochnia.pl\/?s={search_term_string}"},"query-input":{"@type":"PropertyValueSpecification","valueRequired":true,"valueName":"search_term_string"}}],"inLanguage":"pl-PL"},{"@type":"Organization","@id":"https:\/\/www.mojabochnia.pl\/#organization","name":"mojabochnia.pl - portal informacyjny","url":"https:\/\/www.mojabochnia.pl\/","logo":{"@type":"ImageObject","inLanguage":"pl-PL","@id":"https:\/\/www.mojabochnia.pl\/#\/schema\/logo\/image\/","url":"https:\/\/www.mojabochnia.pl\/wp-content\/uploads\/2017\/08\/logo-mb-opt.png","contentUrl":"https:\/\/www.mojabochnia.pl\/wp-content\/uploads\/2017\/08\/logo-mb-opt.png","width":250,"height":48,"caption":"mojabochnia.pl - portal informacyjny"},"image":{"@id":"https:\/\/www.mojabochnia.pl\/#\/schema\/logo\/image\/"},"sameAs":["https:\/\/www.facebook.com\/mojabochnia"]},{"@type":"Person","@id":"https:\/\/www.mojabochnia.pl\/#\/schema\/person\/ea042e4724a77627963f02166828ead4","name":"Pawe\u0142 Michalczyk","url":"https:\/\/www.mojabochnia.pl\/?author=4"}]}},"_links":{"self":[{"href":"https:\/\/www.mojabochnia.pl\/index.php?rest_route=\/wp\/v2\/posts\/4102","targetHints":{"allow":["GET"]}}],"collection":[{"href":"https:\/\/www.mojabochnia.pl\/index.php?rest_route=\/wp\/v2\/posts"}],"about":[{"href":"https:\/\/www.mojabochnia.pl\/index.php?rest_route=\/wp\/v2\/types\/post"}],"author":[{"embeddable":true,"href":"https:\/\/www.mojabochnia.pl\/index.php?rest_route=\/wp\/v2\/users\/4"}],"replies":[{"embeddable":true,"href":"https:\/\/www.mojabochnia.pl\/index.php?rest_route=%2Fwp%2Fv2%2Fcomments&post=4102"}],"version-history":[{"count":0,"href":"https:\/\/www.mojabochnia.pl\/index.php?rest_route=\/wp\/v2\/posts\/4102\/revisions"}],"wp:attachment":[{"href":"https:\/\/www.mojabochnia.pl\/index.php?rest_route=%2Fwp%2Fv2%2Fmedia&parent=4102"}],"wp:term":[{"taxonomy":"category","embeddable":true,"href":"https:\/\/www.mojabochnia.pl\/index.php?rest_route=%2Fwp%2Fv2%2Fcategories&post=4102"},{"taxonomy":"post_tag","embeddable":true,"href":"https:\/\/www.mojabochnia.pl\/index.php?rest_route=%2Fwp%2Fv2%2Ftags&post=4102"}],"curies":[{"name":"wp","href":"https:\/\/api.w.org\/{rel}","templated":true}]}}