{"id":4087,"date":"2009-01-03T10:53:07","date_gmt":"2009-01-03T09:53:07","guid":{"rendered":"http:\/\/www.mojabochnia.pl\/?p=4087"},"modified":"2009-01-02T09:06:40","modified_gmt":"2009-01-02T08:06:40","slug":"wisnicz-w-holdzie-ofiarom-stanu-wojennego","status":"publish","type":"post","link":"https:\/\/www.mojabochnia.pl\/?p=4087","title":{"rendered":"Wi\u015bnicz: W ho\u0142dzie ofiarom stanu wojennego"},"content":{"rendered":"<p>Program uroczysto\u015bci zaplanowano nast\u0119puj\u0105co: <\/p>\n<p>godz. 13.45 \u2013 Ratusz<br \/>\n&#8211; Spotkanie w Galerii Fakt w Ratuszu Miejskim w Nowym Wi\u015bniczu.<br \/>\n&#8211; Powitanie zaproszonych go\u015bci przez Burmistrza Nowego Wi\u015bnicza i Kustosz Muzeum Ziemi Wi\u015bnickiej.<br \/>\n&#8211; Powitanie przez Przewodnicz\u0105cego Zarz\u0105du Regionu Ma\u0142opolska NSZZ \u201eSolidarno\u015b\u0107\u201d.<\/p>\n<p>godz. 14.10 \u2013 Ratusz<br \/>\n&#8211; Wyk\u0142ad historyczny \u2013 Pracownik IPN-u.<\/p>\n<p>godz. 15.00 \u2013 16.00 \u2013 Ko\u015bci\u00f3\u0142 Parafialny w Nowym Wi\u015bniczu.<br \/>\n&#8211; Msza \u015awi\u0119ta w intencji Ojczyzny oraz represjonowanych walcz\u0105cych o jej wolno\u015b\u0107.<\/p>\n<p>godz. 16.00 \u2013 Pomnik Pami\u0119ci na Wzg\u00f3rzu Zamkowym.<br \/>\n&#8211; Przej\u015bcie pod Pomnik Pami\u0119ci na Wzg\u00f3rzu Zamkowym, modlitwa wiernych, przem\u00f3wienia.<\/p>\n<p>Przej\u015bcie do Ratusza Miejskiego, spotkanie po latach.<\/p>\n<p>Na uroczysto\u015b\u0107 zapraszaj\u0105 Zarz\u0105d Regionu Ma\u0142opolska NSZZ \u201eSolidarno\u015b\u0107\u201d, Burmistrz Nowego Wi\u015bnicza oraz Muzeum Ziemi Wi\u015bnickiej.<\/p>\n","protected":false},"excerpt":{"rendered":"<p>W sobot\u0119 24 stycznia w Nowym Wi\u015bniczu odb\u0119dzie si\u0119 uroczysto\u015b\u0107 po\u015bwi\u0119cona ofiarom stanu wojennego oraz internowanym w wi\u015bnickim wi\u0119zieniu. <\/p>\n","protected":false},"author":1,"featured_media":0,"comment_status":"open","ping_status":"closed","sticky":false,"template":"","format":"standard","meta":{"_acf_changed":false,"footnotes":""},"categories":[5],"tags":[381,1428,17118,1676,1193,99,17539,17138,17427,2079,17213],"class_list":["post-4087","post","type-post","status-publish","format-standard","hentry","category-biezace-wydarzenia","tag-galeria-fakt","tag-msza-sw","tag-wisnicz","tag-nszz-solidarnosc","tag-ratusz","tag-renata-jonak","tag-stan-wojenny","tag-stanislaw-gaworczyk","tag-wyklad","tag-wzgorze-zamkowe","tag-zaklad-karny"],"acf":[],"yoast_head":"<!-- This site is optimized with the Yoast SEO plugin v26.9 - https:\/\/yoast.com\/product\/yoast-seo-wordpress\/ -->\n<title>Wi\u015bnicz: W ho\u0142dzie ofiarom stanu wojennego - mojabochnia.pl - portal informacyjny<\/title>\n<meta name=\"robots\" content=\"index, follow, max-snippet:-1, max-image-preview:large, max-video-preview:-1\" \/>\n<link rel=\"canonical\" href=\"https:\/\/www.mojabochnia.pl\/?p=4087\" \/>\n<meta property=\"og:locale\" content=\"pl_PL\" \/>\n<meta property=\"og:type\" content=\"article\" \/>\n<meta property=\"og:title\" content=\"Wi\u015bnicz: W ho\u0142dzie ofiarom stanu wojennego - mojabochnia.pl - portal informacyjny\" \/>\n<meta property=\"og:description\" content=\"W sobot\u0119 24 stycznia w Nowym Wi\u015bniczu odb\u0119dzie si\u0119 uroczysto\u015b\u0107 po\u015bwi\u0119cona ofiarom stanu wojennego oraz internowanym w wi\u015bnickim wi\u0119zieniu.\" \/>\n<meta property=\"og:url\" content=\"https:\/\/www.mojabochnia.pl\/?p=4087\" \/>\n<meta property=\"og:site_name\" content=\"mojabochnia.pl - portal informacyjny\" \/>\n<meta property=\"article:publisher\" content=\"https:\/\/www.facebook.com\/mojabochnia\" \/>\n<meta property=\"article:published_time\" content=\"2009-01-03T09:53:07+00:00\" \/>\n<meta name=\"author\" content=\"administrator\" \/>\n<meta name=\"twitter:card\" content=\"summary_large_image\" \/>\n<meta name=\"twitter:label1\" content=\"Written by\" \/>\n\t<meta name=\"twitter:data1\" content=\"administrator\" \/>\n\t<meta name=\"twitter:label2\" content=\"Est. reading time\" \/>\n\t<meta name=\"twitter:data2\" content=\"1 minuta\" \/>\n<script type=\"application\/ld+json\" class=\"yoast-schema-graph\">{\"@context\":\"https:\/\/schema.org\",\"@graph\":[{\"@type\":\"Article\",\"@id\":\"https:\/\/www.mojabochnia.pl\/?p=4087#article\",\"isPartOf\":{\"@id\":\"https:\/\/www.mojabochnia.pl\/?p=4087\"},\"author\":{\"name\":\"administrator\",\"@id\":\"https:\/\/www.mojabochnia.pl\/#\/schema\/person\/c00e1f64e6fa0e6de6d410f2c340017f\"},\"headline\":\"Wi\u015bnicz: W ho\u0142dzie ofiarom stanu wojennego\",\"datePublished\":\"2009-01-03T09:53:07+00:00\",\"mainEntityOfPage\":{\"@id\":\"https:\/\/www.mojabochnia.pl\/?p=4087\"},\"wordCount\":137,\"commentCount\":18,\"publisher\":{\"@id\":\"https:\/\/www.mojabochnia.pl\/#organization\"},\"keywords\":[\"galeria fakt\",\"msza \u015bw.\",\"Nowy Wi\u015bnicz\",\"nszz solidarno\u015b\u0107\",\"ratusz\",\"renata jonak\",\"stan wojenny\",\"stanis\u0142aw gaworczyk\",\"wyk\u0142ad\",\"wzg\u00f3rze zamkowe\",\"zak\u0142ad karny\"],\"articleSection\":[\"2_ostatnie\"],\"inLanguage\":\"pl-PL\",\"potentialAction\":[{\"@type\":\"CommentAction\",\"name\":\"Comment\",\"target\":[\"https:\/\/www.mojabochnia.pl\/?p=4087#respond\"]}]},{\"@type\":\"WebPage\",\"@id\":\"https:\/\/www.mojabochnia.pl\/?p=4087\",\"url\":\"https:\/\/www.mojabochnia.pl\/?p=4087\",\"name\":\"Wi\u015bnicz: W ho\u0142dzie ofiarom stanu wojennego - mojabochnia.pl - portal informacyjny\",\"isPartOf\":{\"@id\":\"https:\/\/www.mojabochnia.pl\/#website\"},\"datePublished\":\"2009-01-03T09:53:07+00:00\",\"breadcrumb\":{\"@id\":\"https:\/\/www.mojabochnia.pl\/?p=4087#breadcrumb\"},\"inLanguage\":\"pl-PL\",\"potentialAction\":[{\"@type\":\"ReadAction\",\"target\":[\"https:\/\/www.mojabochnia.pl\/?p=4087\"]}]},{\"@type\":\"BreadcrumbList\",\"@id\":\"https:\/\/www.mojabochnia.pl\/?p=4087#breadcrumb\",\"itemListElement\":[{\"@type\":\"ListItem\",\"position\":1,\"name\":\"Home\",\"item\":\"https:\/\/www.mojabochnia.pl\/\"},{\"@type\":\"ListItem\",\"position\":2,\"name\":\"Wi\u015bnicz: W ho\u0142dzie ofiarom stanu wojennego\"}]},{\"@type\":\"WebSite\",\"@id\":\"https:\/\/www.mojabochnia.pl\/#website\",\"url\":\"https:\/\/www.mojabochnia.pl\/\",\"name\":\"mojabochnia.pl - portal informacyjny\",\"description\":\"mojaBochnia to portal informacyjny o Bochni. Codziennie o Bochni piszemy i pokazujemy najwa\u017cniejsze wydarzenia\",\"publisher\":{\"@id\":\"https:\/\/www.mojabochnia.pl\/#organization\"},\"potentialAction\":[{\"@type\":\"SearchAction\",\"target\":{\"@type\":\"EntryPoint\",\"urlTemplate\":\"https:\/\/www.mojabochnia.pl\/?s={search_term_string}\"},\"query-input\":{\"@type\":\"PropertyValueSpecification\",\"valueRequired\":true,\"valueName\":\"search_term_string\"}}],\"inLanguage\":\"pl-PL\"},{\"@type\":\"Organization\",\"@id\":\"https:\/\/www.mojabochnia.pl\/#organization\",\"name\":\"mojabochnia.pl - portal informacyjny\",\"url\":\"https:\/\/www.mojabochnia.pl\/\",\"logo\":{\"@type\":\"ImageObject\",\"inLanguage\":\"pl-PL\",\"@id\":\"https:\/\/www.mojabochnia.pl\/#\/schema\/logo\/image\/\",\"url\":\"https:\/\/www.mojabochnia.pl\/wp-content\/uploads\/2017\/08\/logo-mb-opt.png\",\"contentUrl\":\"https:\/\/www.mojabochnia.pl\/wp-content\/uploads\/2017\/08\/logo-mb-opt.png\",\"width\":250,\"height\":48,\"caption\":\"mojabochnia.pl - portal informacyjny\"},\"image\":{\"@id\":\"https:\/\/www.mojabochnia.pl\/#\/schema\/logo\/image\/\"},\"sameAs\":[\"https:\/\/www.facebook.com\/mojabochnia\"]},{\"@type\":\"Person\",\"@id\":\"https:\/\/www.mojabochnia.pl\/#\/schema\/person\/c00e1f64e6fa0e6de6d410f2c340017f\",\"name\":\"administrator\",\"url\":\"https:\/\/www.mojabochnia.pl\/?author=1\"}]}<\/script>\n<!-- \/ Yoast SEO plugin. -->","yoast_head_json":{"title":"Wi\u015bnicz: W ho\u0142dzie ofiarom stanu wojennego - mojabochnia.pl - portal informacyjny","robots":{"index":"index","follow":"follow","max-snippet":"max-snippet:-1","max-image-preview":"max-image-preview:large","max-video-preview":"max-video-preview:-1"},"canonical":"https:\/\/www.mojabochnia.pl\/?p=4087","og_locale":"pl_PL","og_type":"article","og_title":"Wi\u015bnicz: W ho\u0142dzie ofiarom stanu wojennego - mojabochnia.pl - portal informacyjny","og_description":"W sobot\u0119 24 stycznia w Nowym Wi\u015bniczu odb\u0119dzie si\u0119 uroczysto\u015b\u0107 po\u015bwi\u0119cona ofiarom stanu wojennego oraz internowanym w wi\u015bnickim wi\u0119zieniu.","og_url":"https:\/\/www.mojabochnia.pl\/?p=4087","og_site_name":"mojabochnia.pl - portal informacyjny","article_publisher":"https:\/\/www.facebook.com\/mojabochnia","article_published_time":"2009-01-03T09:53:07+00:00","author":"administrator","twitter_card":"summary_large_image","twitter_misc":{"Written by":"administrator","Est. reading time":"1 minuta"},"schema":{"@context":"https:\/\/schema.org","@graph":[{"@type":"Article","@id":"https:\/\/www.mojabochnia.pl\/?p=4087#article","isPartOf":{"@id":"https:\/\/www.mojabochnia.pl\/?p=4087"},"author":{"name":"administrator","@id":"https:\/\/www.mojabochnia.pl\/#\/schema\/person\/c00e1f64e6fa0e6de6d410f2c340017f"},"headline":"Wi\u015bnicz: W ho\u0142dzie ofiarom stanu wojennego","datePublished":"2009-01-03T09:53:07+00:00","mainEntityOfPage":{"@id":"https:\/\/www.mojabochnia.pl\/?p=4087"},"wordCount":137,"commentCount":18,"publisher":{"@id":"https:\/\/www.mojabochnia.pl\/#organization"},"keywords":["galeria fakt","msza \u015bw.","Nowy Wi\u015bnicz","nszz solidarno\u015b\u0107","ratusz","renata jonak","stan wojenny","stanis\u0142aw gaworczyk","wyk\u0142ad","wzg\u00f3rze zamkowe","zak\u0142ad karny"],"articleSection":["2_ostatnie"],"inLanguage":"pl-PL","potentialAction":[{"@type":"CommentAction","name":"Comment","target":["https:\/\/www.mojabochnia.pl\/?p=4087#respond"]}]},{"@type":"WebPage","@id":"https:\/\/www.mojabochnia.pl\/?p=4087","url":"https:\/\/www.mojabochnia.pl\/?p=4087","name":"Wi\u015bnicz: W ho\u0142dzie ofiarom stanu wojennego - mojabochnia.pl - portal informacyjny","isPartOf":{"@id":"https:\/\/www.mojabochnia.pl\/#website"},"datePublished":"2009-01-03T09:53:07+00:00","breadcrumb":{"@id":"https:\/\/www.mojabochnia.pl\/?p=4087#breadcrumb"},"inLanguage":"pl-PL","potentialAction":[{"@type":"ReadAction","target":["https:\/\/www.mojabochnia.pl\/?p=4087"]}]},{"@type":"BreadcrumbList","@id":"https:\/\/www.mojabochnia.pl\/?p=4087#breadcrumb","itemListElement":[{"@type":"ListItem","position":1,"name":"Home","item":"https:\/\/www.mojabochnia.pl\/"},{"@type":"ListItem","position":2,"name":"Wi\u015bnicz: W ho\u0142dzie ofiarom stanu wojennego"}]},{"@type":"WebSite","@id":"https:\/\/www.mojabochnia.pl\/#website","url":"https:\/\/www.mojabochnia.pl\/","name":"mojabochnia.pl - portal informacyjny","description":"mojaBochnia to portal informacyjny o Bochni. Codziennie o Bochni piszemy i pokazujemy najwa\u017cniejsze wydarzenia","publisher":{"@id":"https:\/\/www.mojabochnia.pl\/#organization"},"potentialAction":[{"@type":"SearchAction","target":{"@type":"EntryPoint","urlTemplate":"https:\/\/www.mojabochnia.pl\/?s={search_term_string}"},"query-input":{"@type":"PropertyValueSpecification","valueRequired":true,"valueName":"search_term_string"}}],"inLanguage":"pl-PL"},{"@type":"Organization","@id":"https:\/\/www.mojabochnia.pl\/#organization","name":"mojabochnia.pl - portal informacyjny","url":"https:\/\/www.mojabochnia.pl\/","logo":{"@type":"ImageObject","inLanguage":"pl-PL","@id":"https:\/\/www.mojabochnia.pl\/#\/schema\/logo\/image\/","url":"https:\/\/www.mojabochnia.pl\/wp-content\/uploads\/2017\/08\/logo-mb-opt.png","contentUrl":"https:\/\/www.mojabochnia.pl\/wp-content\/uploads\/2017\/08\/logo-mb-opt.png","width":250,"height":48,"caption":"mojabochnia.pl - portal informacyjny"},"image":{"@id":"https:\/\/www.mojabochnia.pl\/#\/schema\/logo\/image\/"},"sameAs":["https:\/\/www.facebook.com\/mojabochnia"]},{"@type":"Person","@id":"https:\/\/www.mojabochnia.pl\/#\/schema\/person\/c00e1f64e6fa0e6de6d410f2c340017f","name":"administrator","url":"https:\/\/www.mojabochnia.pl\/?author=1"}]}},"_links":{"self":[{"href":"https:\/\/www.mojabochnia.pl\/index.php?rest_route=\/wp\/v2\/posts\/4087","targetHints":{"allow":["GET"]}}],"collection":[{"href":"https:\/\/www.mojabochnia.pl\/index.php?rest_route=\/wp\/v2\/posts"}],"about":[{"href":"https:\/\/www.mojabochnia.pl\/index.php?rest_route=\/wp\/v2\/types\/post"}],"author":[{"embeddable":true,"href":"https:\/\/www.mojabochnia.pl\/index.php?rest_route=\/wp\/v2\/users\/1"}],"replies":[{"embeddable":true,"href":"https:\/\/www.mojabochnia.pl\/index.php?rest_route=%2Fwp%2Fv2%2Fcomments&post=4087"}],"version-history":[{"count":0,"href":"https:\/\/www.mojabochnia.pl\/index.php?rest_route=\/wp\/v2\/posts\/4087\/revisions"}],"wp:attachment":[{"href":"https:\/\/www.mojabochnia.pl\/index.php?rest_route=%2Fwp%2Fv2%2Fmedia&parent=4087"}],"wp:term":[{"taxonomy":"category","embeddable":true,"href":"https:\/\/www.mojabochnia.pl\/index.php?rest_route=%2Fwp%2Fv2%2Fcategories&post=4087"},{"taxonomy":"post_tag","embeddable":true,"href":"https:\/\/www.mojabochnia.pl\/index.php?rest_route=%2Fwp%2Fv2%2Ftags&post=4087"}],"curies":[{"name":"wp","href":"https:\/\/api.w.org\/{rel}","templated":true}]}}