{"id":40776,"date":"2010-12-10T14:13:55","date_gmt":"2010-12-10T13:13:55","guid":{"rendered":"http:\/\/www.mojabochnia.pl\/?p=40776"},"modified":"2010-12-10T14:26:34","modified_gmt":"2010-12-10T13:26:34","slug":"sublim-i-lee-monday-dzis-w-malej-czarnej","status":"publish","type":"post","link":"https:\/\/www.mojabochnia.pl\/?p=40776","title":{"rendered":"Sublim i Lee Monday dzi\u015b w Ma\u0142ej Czarnej"},"content":{"rendered":"<p><strong>Sublim<\/strong> powsta\u0142 &#8211; jak twierdz\u0105 muzycy &#8222;z niedoko\u0144czonych w\u0105tk\u00f3w, niewygas\u0142ych uczu\u0107 i pragnie\u0144, jakie zosta\u0142y poddane procesowi muzycznej sublim-acji&#8221;. Sta\u0142o si\u0119 to w 2006 roku w \u017bywcu. Rok p\u00f3\u017aniej zesp\u00f3\u0142 mogli\u015bmy us\u0142ysze\u0107 podczas festiwalu Rock&#8217;Autostrada w Prosz\u00f3wkach.<\/p>\n<p>W 2008 roku nagrali EP-k\u0119 &#8211; Summertime, na kt\u00f3rej znalaz\u0142y si\u0119 cztery utwory. W marcu 2010 natomiast na \u015bwiat wysz\u0142a ich d\u0142ugograj\u0105ca p\u0142yta &#8211; Summerends. Jak podsumowuj\u0105 muzycy jest ona kr\u00f3tk\u0105 opowie\u015bci\u0105 o wieku dorastania oraz tych wszystkich emocjach, l\u0119kach i pragnieniach, jakie si\u0119 z nim wi\u0105\u017c\u0105.<\/p>\n<p>Wi\u0119cej o Sublim na <a onclick=\"javascript:pageTracker._trackPageview('\/outgoing\/www.sublim.pl\/');\"  href=\"http:\/\/www.sublim.pl\/\">sublim.pl<\/a>.<\/p>\n<p>Zesp\u00f3\u0142 <strong>Lee Monday<\/strong> za\u0142o\u017cony zosta\u0142 w sierpniu 2010 roku. &#8211; <em>Gramy muzyk\u0119 gdzie\u015b z pogranicza postrocka, britu i grunge&#8217;u. Powodem tej r\u00f3znorodno\u015bci jest niech\u0119\u0107 szufladkowania si\u0119 wok\u00f3\u0142 jednego konkretnego stylu. Inspiracje czerpiemy praktycznie z ka\u017cdej strony poniewa\u017c ka\u017cdy z nas s\u0142ucha tak naprawd\u0119 zupe\u0142nie innej muzyki<\/em> &#8211; m\u00f3wi\u0105 o sobie.<\/p>\n<p>Wi\u0119cej o Lee Monday na <a onclick=\"javascript:pageTracker._trackPageview('\/outgoing\/www.myspace.com\/leemonday');\"  href=\"http:\/\/www.myspace.com\/leemonday\">myspace.com<\/a>.<\/p>\n<p><strong>Start: 10.12.2010, godz. 21.30, Ma\u0142a Czarna<\/strong><\/p>\n","protected":false},"excerpt":{"rendered":"<p>Dzi\u015b wieczorem kolejny i niestety ostatni w tym roku koncert w Klubie Ma\u0142a Czarna. Tym razem przed publik\u0105 pojawi\u0105 si\u0119 dwie kapele rodem z \u017bywca: Sublim i Lee Monday. Pocz\u0105tek o godz. 21.30, wst\u0119p wolny. <\/p>\n","protected":false},"author":25,"featured_media":0,"comment_status":"open","ping_status":"closed","sticky":false,"template":"","format":"standard","meta":{"_acf_changed":false,"footnotes":""},"categories":[5,92,6250],"tags":[17645,17108,17135,8074,17842,17123,123,8073],"class_list":["post-40776","post","type-post","status-publish","format-standard","hentry","category-biezace-wydarzenia","category-kultura","category-tematyka","tag-klub","tag-koncert","tag-kultura","tag-lee-monday","tag-mala-czarna","tag-muzyka","tag-rock","tag-sublim"],"acf":[],"yoast_head":"<!-- This site is optimized with the Yoast SEO plugin v26.9 - https:\/\/yoast.com\/product\/yoast-seo-wordpress\/ -->\n<title>Sublim i Lee Monday dzi\u015b w Ma\u0142ej Czarnej - mojabochnia.pl - portal informacyjny<\/title>\n<meta name=\"robots\" content=\"index, follow, max-snippet:-1, max-image-preview:large, max-video-preview:-1\" \/>\n<link rel=\"canonical\" href=\"https:\/\/www.mojabochnia.pl\/?p=40776\" \/>\n<meta property=\"og:locale\" content=\"pl_PL\" \/>\n<meta property=\"og:type\" content=\"article\" \/>\n<meta property=\"og:title\" content=\"Sublim i Lee Monday dzi\u015b w Ma\u0142ej Czarnej - mojabochnia.pl - portal informacyjny\" \/>\n<meta property=\"og:description\" content=\"Dzi\u015b wieczorem kolejny i niestety ostatni w tym roku koncert w Klubie Ma\u0142a Czarna. Tym razem przed publik\u0105 pojawi\u0105 si\u0119 dwie kapele rodem z \u017bywca: Sublim i Lee Monday. Pocz\u0105tek o godz. 21.30, wst\u0119p wolny.\" \/>\n<meta property=\"og:url\" content=\"https:\/\/www.mojabochnia.pl\/?p=40776\" \/>\n<meta property=\"og:site_name\" content=\"mojabochnia.pl - portal informacyjny\" \/>\n<meta property=\"article:publisher\" content=\"https:\/\/www.facebook.com\/mojabochnia\" \/>\n<meta property=\"article:published_time\" content=\"2010-12-10T13:13:55+00:00\" \/>\n<meta property=\"article:modified_time\" content=\"2010-12-10T13:26:34+00:00\" \/>\n<meta name=\"author\" content=\"Weronika Kucharska\" \/>\n<meta name=\"twitter:card\" content=\"summary_large_image\" \/>\n<meta name=\"twitter:label1\" content=\"Written by\" \/>\n\t<meta name=\"twitter:data1\" content=\"Weronika Kucharska\" \/>\n\t<meta name=\"twitter:label2\" content=\"Est. reading time\" \/>\n\t<meta name=\"twitter:data2\" content=\"1 minuta\" \/>\n<script type=\"application\/ld+json\" class=\"yoast-schema-graph\">{\"@context\":\"https:\/\/schema.org\",\"@graph\":[{\"@type\":\"Article\",\"@id\":\"https:\/\/www.mojabochnia.pl\/?p=40776#article\",\"isPartOf\":{\"@id\":\"https:\/\/www.mojabochnia.pl\/?p=40776\"},\"author\":{\"name\":\"Weronika Kucharska\",\"@id\":\"https:\/\/www.mojabochnia.pl\/#\/schema\/person\/8515edb0b31efb661d6df7949969c0ff\"},\"headline\":\"Sublim i Lee Monday dzi\u015b w Ma\u0142ej Czarnej\",\"datePublished\":\"2010-12-10T13:13:55+00:00\",\"dateModified\":\"2010-12-10T13:26:34+00:00\",\"mainEntityOfPage\":{\"@id\":\"https:\/\/www.mojabochnia.pl\/?p=40776\"},\"wordCount\":187,\"commentCount\":0,\"publisher\":{\"@id\":\"https:\/\/www.mojabochnia.pl\/#organization\"},\"keywords\":[\"klub\",\"koncert\",\"kultura\",\"lee monday\",\"ma\u0142a czarna\",\"muzyka\",\"rock\",\"sublim\"],\"articleSection\":[\"2_ostatnie\",\"kultura\",\"tematyka\"],\"inLanguage\":\"pl-PL\",\"potentialAction\":[{\"@type\":\"CommentAction\",\"name\":\"Comment\",\"target\":[\"https:\/\/www.mojabochnia.pl\/?p=40776#respond\"]}]},{\"@type\":\"WebPage\",\"@id\":\"https:\/\/www.mojabochnia.pl\/?p=40776\",\"url\":\"https:\/\/www.mojabochnia.pl\/?p=40776\",\"name\":\"Sublim i Lee Monday dzi\u015b w Ma\u0142ej Czarnej - mojabochnia.pl - portal informacyjny\",\"isPartOf\":{\"@id\":\"https:\/\/www.mojabochnia.pl\/#website\"},\"datePublished\":\"2010-12-10T13:13:55+00:00\",\"dateModified\":\"2010-12-10T13:26:34+00:00\",\"breadcrumb\":{\"@id\":\"https:\/\/www.mojabochnia.pl\/?p=40776#breadcrumb\"},\"inLanguage\":\"pl-PL\",\"potentialAction\":[{\"@type\":\"ReadAction\",\"target\":[\"https:\/\/www.mojabochnia.pl\/?p=40776\"]}]},{\"@type\":\"BreadcrumbList\",\"@id\":\"https:\/\/www.mojabochnia.pl\/?p=40776#breadcrumb\",\"itemListElement\":[{\"@type\":\"ListItem\",\"position\":1,\"name\":\"Home\",\"item\":\"https:\/\/www.mojabochnia.pl\/\"},{\"@type\":\"ListItem\",\"position\":2,\"name\":\"Sublim i Lee Monday dzi\u015b w Ma\u0142ej Czarnej\"}]},{\"@type\":\"WebSite\",\"@id\":\"https:\/\/www.mojabochnia.pl\/#website\",\"url\":\"https:\/\/www.mojabochnia.pl\/\",\"name\":\"mojabochnia.pl - portal informacyjny\",\"description\":\"mojaBochnia to portal informacyjny o Bochni. Codziennie o Bochni piszemy i pokazujemy najwa\u017cniejsze wydarzenia\",\"publisher\":{\"@id\":\"https:\/\/www.mojabochnia.pl\/#organization\"},\"potentialAction\":[{\"@type\":\"SearchAction\",\"target\":{\"@type\":\"EntryPoint\",\"urlTemplate\":\"https:\/\/www.mojabochnia.pl\/?s={search_term_string}\"},\"query-input\":{\"@type\":\"PropertyValueSpecification\",\"valueRequired\":true,\"valueName\":\"search_term_string\"}}],\"inLanguage\":\"pl-PL\"},{\"@type\":\"Organization\",\"@id\":\"https:\/\/www.mojabochnia.pl\/#organization\",\"name\":\"mojabochnia.pl - portal informacyjny\",\"url\":\"https:\/\/www.mojabochnia.pl\/\",\"logo\":{\"@type\":\"ImageObject\",\"inLanguage\":\"pl-PL\",\"@id\":\"https:\/\/www.mojabochnia.pl\/#\/schema\/logo\/image\/\",\"url\":\"https:\/\/www.mojabochnia.pl\/wp-content\/uploads\/2017\/08\/logo-mb-opt.png\",\"contentUrl\":\"https:\/\/www.mojabochnia.pl\/wp-content\/uploads\/2017\/08\/logo-mb-opt.png\",\"width\":250,\"height\":48,\"caption\":\"mojabochnia.pl - portal informacyjny\"},\"image\":{\"@id\":\"https:\/\/www.mojabochnia.pl\/#\/schema\/logo\/image\/\"},\"sameAs\":[\"https:\/\/www.facebook.com\/mojabochnia\"]},{\"@type\":\"Person\",\"@id\":\"https:\/\/www.mojabochnia.pl\/#\/schema\/person\/8515edb0b31efb661d6df7949969c0ff\",\"name\":\"Weronika Kucharska\",\"url\":\"https:\/\/www.mojabochnia.pl\/?author=25\"}]}<\/script>\n<!-- \/ Yoast SEO plugin. -->","yoast_head_json":{"title":"Sublim i Lee Monday dzi\u015b w Ma\u0142ej Czarnej - mojabochnia.pl - portal informacyjny","robots":{"index":"index","follow":"follow","max-snippet":"max-snippet:-1","max-image-preview":"max-image-preview:large","max-video-preview":"max-video-preview:-1"},"canonical":"https:\/\/www.mojabochnia.pl\/?p=40776","og_locale":"pl_PL","og_type":"article","og_title":"Sublim i Lee Monday dzi\u015b w Ma\u0142ej Czarnej - mojabochnia.pl - portal informacyjny","og_description":"Dzi\u015b wieczorem kolejny i niestety ostatni w tym roku koncert w Klubie Ma\u0142a Czarna. Tym razem przed publik\u0105 pojawi\u0105 si\u0119 dwie kapele rodem z \u017bywca: Sublim i Lee Monday. Pocz\u0105tek o godz. 21.30, wst\u0119p wolny.","og_url":"https:\/\/www.mojabochnia.pl\/?p=40776","og_site_name":"mojabochnia.pl - portal informacyjny","article_publisher":"https:\/\/www.facebook.com\/mojabochnia","article_published_time":"2010-12-10T13:13:55+00:00","article_modified_time":"2010-12-10T13:26:34+00:00","author":"Weronika Kucharska","twitter_card":"summary_large_image","twitter_misc":{"Written by":"Weronika Kucharska","Est. reading time":"1 minuta"},"schema":{"@context":"https:\/\/schema.org","@graph":[{"@type":"Article","@id":"https:\/\/www.mojabochnia.pl\/?p=40776#article","isPartOf":{"@id":"https:\/\/www.mojabochnia.pl\/?p=40776"},"author":{"name":"Weronika Kucharska","@id":"https:\/\/www.mojabochnia.pl\/#\/schema\/person\/8515edb0b31efb661d6df7949969c0ff"},"headline":"Sublim i Lee Monday dzi\u015b w Ma\u0142ej Czarnej","datePublished":"2010-12-10T13:13:55+00:00","dateModified":"2010-12-10T13:26:34+00:00","mainEntityOfPage":{"@id":"https:\/\/www.mojabochnia.pl\/?p=40776"},"wordCount":187,"commentCount":0,"publisher":{"@id":"https:\/\/www.mojabochnia.pl\/#organization"},"keywords":["klub","koncert","kultura","lee monday","ma\u0142a czarna","muzyka","rock","sublim"],"articleSection":["2_ostatnie","kultura","tematyka"],"inLanguage":"pl-PL","potentialAction":[{"@type":"CommentAction","name":"Comment","target":["https:\/\/www.mojabochnia.pl\/?p=40776#respond"]}]},{"@type":"WebPage","@id":"https:\/\/www.mojabochnia.pl\/?p=40776","url":"https:\/\/www.mojabochnia.pl\/?p=40776","name":"Sublim i Lee Monday dzi\u015b w Ma\u0142ej Czarnej - mojabochnia.pl - portal informacyjny","isPartOf":{"@id":"https:\/\/www.mojabochnia.pl\/#website"},"datePublished":"2010-12-10T13:13:55+00:00","dateModified":"2010-12-10T13:26:34+00:00","breadcrumb":{"@id":"https:\/\/www.mojabochnia.pl\/?p=40776#breadcrumb"},"inLanguage":"pl-PL","potentialAction":[{"@type":"ReadAction","target":["https:\/\/www.mojabochnia.pl\/?p=40776"]}]},{"@type":"BreadcrumbList","@id":"https:\/\/www.mojabochnia.pl\/?p=40776#breadcrumb","itemListElement":[{"@type":"ListItem","position":1,"name":"Home","item":"https:\/\/www.mojabochnia.pl\/"},{"@type":"ListItem","position":2,"name":"Sublim i Lee Monday dzi\u015b w Ma\u0142ej Czarnej"}]},{"@type":"WebSite","@id":"https:\/\/www.mojabochnia.pl\/#website","url":"https:\/\/www.mojabochnia.pl\/","name":"mojabochnia.pl - portal informacyjny","description":"mojaBochnia to portal informacyjny o Bochni. Codziennie o Bochni piszemy i pokazujemy najwa\u017cniejsze wydarzenia","publisher":{"@id":"https:\/\/www.mojabochnia.pl\/#organization"},"potentialAction":[{"@type":"SearchAction","target":{"@type":"EntryPoint","urlTemplate":"https:\/\/www.mojabochnia.pl\/?s={search_term_string}"},"query-input":{"@type":"PropertyValueSpecification","valueRequired":true,"valueName":"search_term_string"}}],"inLanguage":"pl-PL"},{"@type":"Organization","@id":"https:\/\/www.mojabochnia.pl\/#organization","name":"mojabochnia.pl - portal informacyjny","url":"https:\/\/www.mojabochnia.pl\/","logo":{"@type":"ImageObject","inLanguage":"pl-PL","@id":"https:\/\/www.mojabochnia.pl\/#\/schema\/logo\/image\/","url":"https:\/\/www.mojabochnia.pl\/wp-content\/uploads\/2017\/08\/logo-mb-opt.png","contentUrl":"https:\/\/www.mojabochnia.pl\/wp-content\/uploads\/2017\/08\/logo-mb-opt.png","width":250,"height":48,"caption":"mojabochnia.pl - portal informacyjny"},"image":{"@id":"https:\/\/www.mojabochnia.pl\/#\/schema\/logo\/image\/"},"sameAs":["https:\/\/www.facebook.com\/mojabochnia"]},{"@type":"Person","@id":"https:\/\/www.mojabochnia.pl\/#\/schema\/person\/8515edb0b31efb661d6df7949969c0ff","name":"Weronika Kucharska","url":"https:\/\/www.mojabochnia.pl\/?author=25"}]}},"_links":{"self":[{"href":"https:\/\/www.mojabochnia.pl\/index.php?rest_route=\/wp\/v2\/posts\/40776","targetHints":{"allow":["GET"]}}],"collection":[{"href":"https:\/\/www.mojabochnia.pl\/index.php?rest_route=\/wp\/v2\/posts"}],"about":[{"href":"https:\/\/www.mojabochnia.pl\/index.php?rest_route=\/wp\/v2\/types\/post"}],"author":[{"embeddable":true,"href":"https:\/\/www.mojabochnia.pl\/index.php?rest_route=\/wp\/v2\/users\/25"}],"replies":[{"embeddable":true,"href":"https:\/\/www.mojabochnia.pl\/index.php?rest_route=%2Fwp%2Fv2%2Fcomments&post=40776"}],"version-history":[{"count":0,"href":"https:\/\/www.mojabochnia.pl\/index.php?rest_route=\/wp\/v2\/posts\/40776\/revisions"}],"wp:attachment":[{"href":"https:\/\/www.mojabochnia.pl\/index.php?rest_route=%2Fwp%2Fv2%2Fmedia&parent=40776"}],"wp:term":[{"taxonomy":"category","embeddable":true,"href":"https:\/\/www.mojabochnia.pl\/index.php?rest_route=%2Fwp%2Fv2%2Fcategories&post=40776"},{"taxonomy":"post_tag","embeddable":true,"href":"https:\/\/www.mojabochnia.pl\/index.php?rest_route=%2Fwp%2Fv2%2Ftags&post=40776"}],"curies":[{"name":"wp","href":"https:\/\/api.w.org\/{rel}","templated":true}]}}