{"id":40775,"date":"2010-12-10T15:23:20","date_gmt":"2010-12-10T14:23:20","guid":{"rendered":"http:\/\/www.mojabochnia.pl\/?p=40775"},"modified":"2010-12-10T14:35:43","modified_gmt":"2010-12-10T13:35:43","slug":"zs-nr-2-mlodziez-prowadzi-kampanie-nt-raka","status":"publish","type":"post","link":"https:\/\/www.mojabochnia.pl\/?p=40775","title":{"rendered":"ZS nr 2: m\u0142odzie\u017c prowadzi kampani\u0119 nt. raka"},"content":{"rendered":"<p>Uczniowie anga\u017cuj\u0105 si\u0119 w kampani\u0119 \u201eMam haka na raka\u201d, wzi\u0119li te\u017c udzia\u0142 w konkursie \u201eSzko\u0142a promuj\u0105ca zalecenia Europejskiego kodeksu walki z rakiem\u201d. &#8211; <em>Aby m\u00f3c dotrze\u0107 do jak najwi\u0119kszej liczby os\u00f3b, uczniowie przygotowali plakaty i ulotki informuj\u0105ce, kt\u00f3re rozdawali swoim r\u00f3wie\u015bnikom na terenie szko\u0142y. Nie zapomnieli o rodzicach i nauczycielach, kt\u00f3rym r\u00f3wnie\u017c przekazali informacj\u0119 na temat profilaktyki nowotworowej<\/em> &#8211; m\u00f3wi Anna Francuz, pedagog szkolny. <\/p>\n<p>M\u0142odzi ludzie przeprowadzili r\u00f3wnie\u017c happening na ulicach Bochni, rozklejali plakaty, rozmawiali z mieszka\u0144cami na temat zasad zdrowego stylu \u017cycia. W trakcie konkursu opiek\u0119 nad uczniami sprawowa\u0142y: Anna Francuz, pedagog szkolny, oraz Renata Czarnota i Agnieszka Micha\u0142owska, nauczycielki.<\/p>\n<p>W my\u015bl Europejskiego kodeksu walki z rakiem: kobiety po 25. roku \u017cycia powinny uczestniczy\u0107 w badaniach w kierunku raka szyjki macicy, w kierunku raka piersi kobiety po 50. roku \u017cycia powinny, za\u015b m\u0119\u017cczy\u017ani i kobiety po 50. roku \u017cycia powinni si\u0119 bada\u0107 pod k\u0105tem raka jelita grubego.<\/p>\n<p><strong>Europejski kodeks walki z rakiem:<\/strong><\/p>\n<p>1.\tNie pal<br \/>\n2.\tWystrzegaj si\u0119 oty\u0142o\u015bci<br \/>\n3.\tB\u0105d\u017a codziennie aktywny ruchowo<br \/>\n4.\tSpo\u017cywaj wi\u0119cej warzyw i owoc\u00f3w<br \/>\n5.\tOgranicz spo\u017cycie alkoholu<br \/>\n6.\tUnikaj nadmiernej ekspozycji na s\u0142o\u0144ce<br \/>\n7.\tUnikaj substancji rakotw\u00f3rczych<br \/>\n8.\tZaszczep si\u0119 przeciwko wirusowemu zapaleniu w\u0105troby (WZW) typu B<\/p>\n","protected":false},"excerpt":{"rendered":"<p>M\u0142odzie\u017c z Zespo\u0142u Szk\u00f3\u0142 nr 2 w Bochni u\u015bwiadamia swoich r\u00f3wie\u015bnik\u00f3w o zagro\u017ceniach zwi\u0105zanych z chorobami nowotworowymi. <\/p>\n","protected":false},"author":4,"featured_media":0,"comment_status":"open","ping_status":"closed","sticky":false,"template":"","format":"standard","meta":{"_acf_changed":false,"footnotes":""},"categories":[5,6251,6250],"tags":[17319,17122,17391,17399,17876,4816],"class_list":["post-40775","post","type-post","status-publish","format-standard","hentry","category-biezace-wydarzenia","category-polityka-i-wydarzenia","category-tematyka","tag-kampania","tag-konkurs","tag-mlodziez","tag-nowotwor","tag-rak","tag-zs-nr-2"],"acf":[],"yoast_head":"<!-- This site is optimized with the Yoast SEO plugin v26.9 - https:\/\/yoast.com\/product\/yoast-seo-wordpress\/ -->\n<title>ZS nr 2: m\u0142odzie\u017c prowadzi kampani\u0119 nt. raka - mojabochnia.pl - portal informacyjny<\/title>\n<meta name=\"robots\" content=\"index, follow, max-snippet:-1, max-image-preview:large, max-video-preview:-1\" \/>\n<link rel=\"canonical\" href=\"https:\/\/www.mojabochnia.pl\/?p=40775\" \/>\n<meta property=\"og:locale\" content=\"pl_PL\" \/>\n<meta property=\"og:type\" content=\"article\" \/>\n<meta property=\"og:title\" content=\"ZS nr 2: m\u0142odzie\u017c prowadzi kampani\u0119 nt. raka - mojabochnia.pl - portal informacyjny\" \/>\n<meta property=\"og:description\" content=\"M\u0142odzie\u017c z Zespo\u0142u Szk\u00f3\u0142 nr 2 w Bochni u\u015bwiadamia swoich r\u00f3wie\u015bnik\u00f3w o zagro\u017ceniach zwi\u0105zanych z chorobami nowotworowymi.\" \/>\n<meta property=\"og:url\" content=\"https:\/\/www.mojabochnia.pl\/?p=40775\" \/>\n<meta property=\"og:site_name\" content=\"mojabochnia.pl - portal informacyjny\" \/>\n<meta property=\"article:publisher\" content=\"https:\/\/www.facebook.com\/mojabochnia\" \/>\n<meta property=\"article:published_time\" content=\"2010-12-10T14:23:20+00:00\" \/>\n<meta name=\"author\" content=\"Pawe\u0142 Michalczyk\" \/>\n<meta name=\"twitter:card\" content=\"summary_large_image\" \/>\n<meta name=\"twitter:label1\" content=\"Written by\" \/>\n\t<meta name=\"twitter:data1\" content=\"Pawe\u0142 Michalczyk\" \/>\n\t<meta name=\"twitter:label2\" content=\"Est. reading time\" \/>\n\t<meta name=\"twitter:data2\" content=\"1 minuta\" \/>\n<script type=\"application\/ld+json\" class=\"yoast-schema-graph\">{\"@context\":\"https:\/\/schema.org\",\"@graph\":[{\"@type\":\"Article\",\"@id\":\"https:\/\/www.mojabochnia.pl\/?p=40775#article\",\"isPartOf\":{\"@id\":\"https:\/\/www.mojabochnia.pl\/?p=40775\"},\"author\":{\"name\":\"Pawe\u0142 Michalczyk\",\"@id\":\"https:\/\/www.mojabochnia.pl\/#\/schema\/person\/ea042e4724a77627963f02166828ead4\"},\"headline\":\"ZS nr 2: m\u0142odzie\u017c prowadzi kampani\u0119 nt. raka\",\"datePublished\":\"2010-12-10T14:23:20+00:00\",\"mainEntityOfPage\":{\"@id\":\"https:\/\/www.mojabochnia.pl\/?p=40775\"},\"wordCount\":227,\"commentCount\":0,\"publisher\":{\"@id\":\"https:\/\/www.mojabochnia.pl\/#organization\"},\"keywords\":[\"kampania\",\"konkurs\",\"m\u0142odzie\u017c\",\"nowotw\u00f3r\",\"rak\",\"zs nr 2\"],\"articleSection\":[\"2_ostatnie\",\"polityka i wydarzenia\",\"tematyka\"],\"inLanguage\":\"pl-PL\",\"potentialAction\":[{\"@type\":\"CommentAction\",\"name\":\"Comment\",\"target\":[\"https:\/\/www.mojabochnia.pl\/?p=40775#respond\"]}]},{\"@type\":\"WebPage\",\"@id\":\"https:\/\/www.mojabochnia.pl\/?p=40775\",\"url\":\"https:\/\/www.mojabochnia.pl\/?p=40775\",\"name\":\"ZS nr 2: m\u0142odzie\u017c prowadzi kampani\u0119 nt. raka - mojabochnia.pl - portal informacyjny\",\"isPartOf\":{\"@id\":\"https:\/\/www.mojabochnia.pl\/#website\"},\"datePublished\":\"2010-12-10T14:23:20+00:00\",\"breadcrumb\":{\"@id\":\"https:\/\/www.mojabochnia.pl\/?p=40775#breadcrumb\"},\"inLanguage\":\"pl-PL\",\"potentialAction\":[{\"@type\":\"ReadAction\",\"target\":[\"https:\/\/www.mojabochnia.pl\/?p=40775\"]}]},{\"@type\":\"BreadcrumbList\",\"@id\":\"https:\/\/www.mojabochnia.pl\/?p=40775#breadcrumb\",\"itemListElement\":[{\"@type\":\"ListItem\",\"position\":1,\"name\":\"Home\",\"item\":\"https:\/\/www.mojabochnia.pl\/\"},{\"@type\":\"ListItem\",\"position\":2,\"name\":\"ZS nr 2: m\u0142odzie\u017c prowadzi kampani\u0119 nt. raka\"}]},{\"@type\":\"WebSite\",\"@id\":\"https:\/\/www.mojabochnia.pl\/#website\",\"url\":\"https:\/\/www.mojabochnia.pl\/\",\"name\":\"mojabochnia.pl - portal informacyjny\",\"description\":\"mojaBochnia to portal informacyjny o Bochni. Codziennie o Bochni piszemy i pokazujemy najwa\u017cniejsze wydarzenia\",\"publisher\":{\"@id\":\"https:\/\/www.mojabochnia.pl\/#organization\"},\"potentialAction\":[{\"@type\":\"SearchAction\",\"target\":{\"@type\":\"EntryPoint\",\"urlTemplate\":\"https:\/\/www.mojabochnia.pl\/?s={search_term_string}\"},\"query-input\":{\"@type\":\"PropertyValueSpecification\",\"valueRequired\":true,\"valueName\":\"search_term_string\"}}],\"inLanguage\":\"pl-PL\"},{\"@type\":\"Organization\",\"@id\":\"https:\/\/www.mojabochnia.pl\/#organization\",\"name\":\"mojabochnia.pl - portal informacyjny\",\"url\":\"https:\/\/www.mojabochnia.pl\/\",\"logo\":{\"@type\":\"ImageObject\",\"inLanguage\":\"pl-PL\",\"@id\":\"https:\/\/www.mojabochnia.pl\/#\/schema\/logo\/image\/\",\"url\":\"https:\/\/www.mojabochnia.pl\/wp-content\/uploads\/2017\/08\/logo-mb-opt.png\",\"contentUrl\":\"https:\/\/www.mojabochnia.pl\/wp-content\/uploads\/2017\/08\/logo-mb-opt.png\",\"width\":250,\"height\":48,\"caption\":\"mojabochnia.pl - portal informacyjny\"},\"image\":{\"@id\":\"https:\/\/www.mojabochnia.pl\/#\/schema\/logo\/image\/\"},\"sameAs\":[\"https:\/\/www.facebook.com\/mojabochnia\"]},{\"@type\":\"Person\",\"@id\":\"https:\/\/www.mojabochnia.pl\/#\/schema\/person\/ea042e4724a77627963f02166828ead4\",\"name\":\"Pawe\u0142 Michalczyk\",\"url\":\"https:\/\/www.mojabochnia.pl\/?author=4\"}]}<\/script>\n<!-- \/ Yoast SEO plugin. -->","yoast_head_json":{"title":"ZS nr 2: m\u0142odzie\u017c prowadzi kampani\u0119 nt. raka - mojabochnia.pl - portal informacyjny","robots":{"index":"index","follow":"follow","max-snippet":"max-snippet:-1","max-image-preview":"max-image-preview:large","max-video-preview":"max-video-preview:-1"},"canonical":"https:\/\/www.mojabochnia.pl\/?p=40775","og_locale":"pl_PL","og_type":"article","og_title":"ZS nr 2: m\u0142odzie\u017c prowadzi kampani\u0119 nt. raka - mojabochnia.pl - portal informacyjny","og_description":"M\u0142odzie\u017c z Zespo\u0142u Szk\u00f3\u0142 nr 2 w Bochni u\u015bwiadamia swoich r\u00f3wie\u015bnik\u00f3w o zagro\u017ceniach zwi\u0105zanych z chorobami nowotworowymi.","og_url":"https:\/\/www.mojabochnia.pl\/?p=40775","og_site_name":"mojabochnia.pl - portal informacyjny","article_publisher":"https:\/\/www.facebook.com\/mojabochnia","article_published_time":"2010-12-10T14:23:20+00:00","author":"Pawe\u0142 Michalczyk","twitter_card":"summary_large_image","twitter_misc":{"Written by":"Pawe\u0142 Michalczyk","Est. reading time":"1 minuta"},"schema":{"@context":"https:\/\/schema.org","@graph":[{"@type":"Article","@id":"https:\/\/www.mojabochnia.pl\/?p=40775#article","isPartOf":{"@id":"https:\/\/www.mojabochnia.pl\/?p=40775"},"author":{"name":"Pawe\u0142 Michalczyk","@id":"https:\/\/www.mojabochnia.pl\/#\/schema\/person\/ea042e4724a77627963f02166828ead4"},"headline":"ZS nr 2: m\u0142odzie\u017c prowadzi kampani\u0119 nt. raka","datePublished":"2010-12-10T14:23:20+00:00","mainEntityOfPage":{"@id":"https:\/\/www.mojabochnia.pl\/?p=40775"},"wordCount":227,"commentCount":0,"publisher":{"@id":"https:\/\/www.mojabochnia.pl\/#organization"},"keywords":["kampania","konkurs","m\u0142odzie\u017c","nowotw\u00f3r","rak","zs nr 2"],"articleSection":["2_ostatnie","polityka i wydarzenia","tematyka"],"inLanguage":"pl-PL","potentialAction":[{"@type":"CommentAction","name":"Comment","target":["https:\/\/www.mojabochnia.pl\/?p=40775#respond"]}]},{"@type":"WebPage","@id":"https:\/\/www.mojabochnia.pl\/?p=40775","url":"https:\/\/www.mojabochnia.pl\/?p=40775","name":"ZS nr 2: m\u0142odzie\u017c prowadzi kampani\u0119 nt. raka - mojabochnia.pl - portal informacyjny","isPartOf":{"@id":"https:\/\/www.mojabochnia.pl\/#website"},"datePublished":"2010-12-10T14:23:20+00:00","breadcrumb":{"@id":"https:\/\/www.mojabochnia.pl\/?p=40775#breadcrumb"},"inLanguage":"pl-PL","potentialAction":[{"@type":"ReadAction","target":["https:\/\/www.mojabochnia.pl\/?p=40775"]}]},{"@type":"BreadcrumbList","@id":"https:\/\/www.mojabochnia.pl\/?p=40775#breadcrumb","itemListElement":[{"@type":"ListItem","position":1,"name":"Home","item":"https:\/\/www.mojabochnia.pl\/"},{"@type":"ListItem","position":2,"name":"ZS nr 2: m\u0142odzie\u017c prowadzi kampani\u0119 nt. raka"}]},{"@type":"WebSite","@id":"https:\/\/www.mojabochnia.pl\/#website","url":"https:\/\/www.mojabochnia.pl\/","name":"mojabochnia.pl - portal informacyjny","description":"mojaBochnia to portal informacyjny o Bochni. Codziennie o Bochni piszemy i pokazujemy najwa\u017cniejsze wydarzenia","publisher":{"@id":"https:\/\/www.mojabochnia.pl\/#organization"},"potentialAction":[{"@type":"SearchAction","target":{"@type":"EntryPoint","urlTemplate":"https:\/\/www.mojabochnia.pl\/?s={search_term_string}"},"query-input":{"@type":"PropertyValueSpecification","valueRequired":true,"valueName":"search_term_string"}}],"inLanguage":"pl-PL"},{"@type":"Organization","@id":"https:\/\/www.mojabochnia.pl\/#organization","name":"mojabochnia.pl - portal informacyjny","url":"https:\/\/www.mojabochnia.pl\/","logo":{"@type":"ImageObject","inLanguage":"pl-PL","@id":"https:\/\/www.mojabochnia.pl\/#\/schema\/logo\/image\/","url":"https:\/\/www.mojabochnia.pl\/wp-content\/uploads\/2017\/08\/logo-mb-opt.png","contentUrl":"https:\/\/www.mojabochnia.pl\/wp-content\/uploads\/2017\/08\/logo-mb-opt.png","width":250,"height":48,"caption":"mojabochnia.pl - portal informacyjny"},"image":{"@id":"https:\/\/www.mojabochnia.pl\/#\/schema\/logo\/image\/"},"sameAs":["https:\/\/www.facebook.com\/mojabochnia"]},{"@type":"Person","@id":"https:\/\/www.mojabochnia.pl\/#\/schema\/person\/ea042e4724a77627963f02166828ead4","name":"Pawe\u0142 Michalczyk","url":"https:\/\/www.mojabochnia.pl\/?author=4"}]}},"_links":{"self":[{"href":"https:\/\/www.mojabochnia.pl\/index.php?rest_route=\/wp\/v2\/posts\/40775","targetHints":{"allow":["GET"]}}],"collection":[{"href":"https:\/\/www.mojabochnia.pl\/index.php?rest_route=\/wp\/v2\/posts"}],"about":[{"href":"https:\/\/www.mojabochnia.pl\/index.php?rest_route=\/wp\/v2\/types\/post"}],"author":[{"embeddable":true,"href":"https:\/\/www.mojabochnia.pl\/index.php?rest_route=\/wp\/v2\/users\/4"}],"replies":[{"embeddable":true,"href":"https:\/\/www.mojabochnia.pl\/index.php?rest_route=%2Fwp%2Fv2%2Fcomments&post=40775"}],"version-history":[{"count":0,"href":"https:\/\/www.mojabochnia.pl\/index.php?rest_route=\/wp\/v2\/posts\/40775\/revisions"}],"wp:attachment":[{"href":"https:\/\/www.mojabochnia.pl\/index.php?rest_route=%2Fwp%2Fv2%2Fmedia&parent=40775"}],"wp:term":[{"taxonomy":"category","embeddable":true,"href":"https:\/\/www.mojabochnia.pl\/index.php?rest_route=%2Fwp%2Fv2%2Fcategories&post=40775"},{"taxonomy":"post_tag","embeddable":true,"href":"https:\/\/www.mojabochnia.pl\/index.php?rest_route=%2Fwp%2Fv2%2Ftags&post=40775"}],"curies":[{"name":"wp","href":"https:\/\/api.w.org\/{rel}","templated":true}]}}