{"id":40419,"date":"2010-12-05T11:26:04","date_gmt":"2010-12-05T10:26:04","guid":{"rendered":"http:\/\/www.mojabochnia.pl\/?p=40419"},"modified":"2010-12-05T11:28:22","modified_gmt":"2010-12-05T10:28:22","slug":"refleksje-na-niedziele-nawracajmy-sie-poki-mamy-czas","status":"publish","type":"post","link":"https:\/\/www.mojabochnia.pl\/?p=40419","title":{"rendered":"Refleksje na niedziel\u0119: Nawracajmy si\u0119 p\u00f3ki mamy czas!"},"content":{"rendered":"<p>Bo tylko pustynia, czyli chwile samotno\u015bci sprzyjaj\u0105 modlitwie, obcowaniu z Bogiem i refleksji nad naszym \u017cyciem, kt\u00f3re ci\u0105gle wymaga korekty, bo ka\u017cdy z nas nieustannie wzywany jest do nawr\u00f3cenia. Je\u015bli uwa\u017camy, \u017ce nie potrzebujemy nawracania si\u0119, to \u017cyjemy w b\u0142\u0119dzie! Nikt z nas nie jest na tyle doskona\u0142y, by nie mia\u0142 si\u0119 z czego nawraca\u0107! Pustynia jest najlepszym miejscem do oczyszczenia i przemiany cz\u0142owieka. <\/p>\n<p><strong>\u201ePrzygotujcie drog\u0119 Panu, dla Niego prostujcie \u015bcie\u017cki\u201d. <\/strong>Wielu spo\u015br\u00f3d nas zagubi\u0142o si\u0119 na drodze \u017cycia. Ka\u017cdy grzech sprawia, \u017ce schodzimy z w\u0142a\u015bciwej drogi, tej drogi, kt\u00f3rej celem tutaj jest \u015bwi\u0119to\u015b\u0107, a w ostateczno\u015bci nasze zbawienie. Przygotowa\u0107 drog\u0119, to znale\u017a\u0107 czas na modlitw\u0119, a w tym adwentowym czasie to znale\u017a\u0107 czas cho\u0107by na roraty, podczas kt\u00f3rych pytamy si\u0119, co zrobi\u0107, aby dobrze przygotowa\u0107 si\u0119 na powt\u00f3rne przyj\u015bcie Chrystusa. Nie pozw\u00f3lmy sobie wm\u00f3wi\u0107, \u017ce On nie przyjdzie. Jezus przyjdzie wcze\u015bniej ni\u017c si\u0119 spodziewamy. Czasem m\u00f3wimy sobie: ju\u017c dwa tysi\u0105ce lat min\u0119\u0142o od wo\u0142ania Jana Chrzciciela, a On nie przychodzi. Ale co b\u0119dzie, gdy nagle Jezus przyjdzie? Czy wtedy oka\u017ce si\u0119, \u017ce idziemy po w\u0142a\u015bciwej drodze? Czy ju\u017c nasze drogi s\u0105 autostradami do nieba?<\/p>\n<p><strong>\u201ePlemi\u0119 \u017cmijowe, kto wam pokaza\u0142, jak uciec przed nadchodz\u0105cym gniewem? Wydajcie wi\u0119c godny owoc nawr\u00f3cenia \u2026\u201d<\/strong> Niewiele jest w Pi\u015bmie \u015awi\u0119tym takich ostrych s\u0142\u00f3w, kt\u00f3re tak jasno i wyra\u017anie wzywaj\u0105 nas do nawr\u00f3cenia. Nie mo\u017cemy ci\u0105gle ucieka\u0107 przed nadchodz\u0105cym gniewem. Musimy zmieni\u0107 nasze \u017cycie, aby ten Bo\u017cy gniew nas nie \u201edopad\u0142\u201d. \u201eNawr\u00f3\u0107cie si\u0119\u201d to tyle samo co \u201ezakochajcie si\u0119 w Bogu\u201d. Gdy ludzkie serce wype\u0142ni mi\u0142o\u015b\u0107 do Boga, wtedy cz\u0142owiekowi o wiele \u0142atwiej przyj\u015b\u0107 Bo\u017ce wymagania i pod\u0105\u017ca\u0107 za Nim w swoim \u017cyciu. <\/p>\n<p><strong>\u201eTen, kt\u00f3ry idzie za mn\u0105, mocniejszy jest ode mnie \u2026 Ma On wiejad\u0142o w r\u0119ku i oczy\u015bci sw\u00f3j om\u0142ot: pszenic\u0119 zbierze do spichlerza, a plewy spali w ogniu nieugaszonym\u201d.<\/strong> Nikogo z nas nie ominie chwila s\u0105du, kiedy na jaw wyjd\u0105 zamys\u0142y naszych serce i wszystkie nasze czyny. Czy w tym decyduj\u0105cym momencie oka\u017cemy si\u0119 pszenic\u0105 czy plewami? Ju\u017c teraz warto pomy\u015ble\u0107 nad tym pytaniem. Od tego, kim si\u0119 oka\u017cemy, zale\u017ce\u0107 b\u0119dzie nasza wieczno\u015b\u0107. Nikt, kto wierzy, nie mo\u017ce by\u0107 na ten fakt oboj\u0119tny. Nawracajmy si\u0119 p\u00f3ki mamy czas! Jak czytamy w jednym z psalm\u00f3w \u2013 tylko g\u0142upi m\u00f3wi, \u017ce nie ma Boga. Je\u015bli naprawd\u0119 wierzysz, \u017ce B\u00f3g jest, je\u015bli naprawd\u0119 wierzysz, \u017ce kiedy\u015b staniesz przed Nim na s\u0105dzie, to od dzi\u015b zacznij proces nawr\u00f3cenia, by ju\u017c ani jednej chwili swego \u017cycia nie zmarnowa\u0107. Czy ju\u017c zakocha\u0142e\u015b si\u0119 w Bogu? Tak jak mi\u0142o\u015b\u0107 odmienia ludzkie relacje (na przyk\u0142ad, gdy dwoje m\u0142odych ludzi \u201ezakocha si\u0119\u201d), tak samo mi\u0142o\u015b\u0107 cz\u0142owieka do Boga sprawia, \u017ce cz\u0142owiek zaczyna \u017cy\u0107 innym \u017cyciem, zaczyna inaczej my\u015ble\u0107, a wymagania przestaj\u0105 by\u0107 ci\u0119\u017carem, ale staj\u0105 si\u0119 okazj\u0105 do potwierdzania \u201edowod\u00f3w mi\u0142o\u015bci\u201d. <\/p>\n<p><strong>\u201eJu\u017c siekiera do korzenia drzew jest przy\u0142o\u017cona. Ka\u017cde wi\u0119c drzewo, kt\u00f3re nie wydaje dobrego owocu, b\u0119dzie wyci\u0119te i w ogie\u0144 wrzucone\u201d.<\/strong> Czy wobec takich s\u0142\u00f3w, mo\u017cna pozosta\u0107 oboj\u0119tnym?<\/p>\n<p>Duszpasterz<\/p>\n","protected":false},"excerpt":{"rendered":"<p>\u201eNawracajcie si\u0119, bo bliskie jest kr\u00f3lestwo niebieskie\u201d. Te s\u0142owa wypowiedzia\u0142 Jan Chrzciciel na pustyni. Trzeba tak\u017ce i nam wyj\u015b\u0107 na pustyni\u0119, mimo panuj\u0105cego wok\u00f3\u0142 nas gwaru i szumu.<\/p>\n","protected":false},"author":9,"featured_media":0,"comment_status":"open","ping_status":"closed","sticky":false,"template":"","format":"standard","meta":{"_acf_changed":false,"footnotes":""},"categories":[5,6251,6250],"tags":[1624,3182,17934],"class_list":["post-40419","post","type-post","status-publish","format-standard","hentry","category-biezace-wydarzenia","category-polityka-i-wydarzenia","category-tematyka","tag-jezus-chrystus","tag-niedziela","tag-refleksje-na-niedziele"],"acf":[],"yoast_head":"<!-- This site is optimized with the Yoast SEO plugin v26.9 - https:\/\/yoast.com\/product\/yoast-seo-wordpress\/ -->\n<title>Refleksje na niedziel\u0119: Nawracajmy si\u0119 p\u00f3ki mamy czas! - mojabochnia.pl - portal informacyjny<\/title>\n<meta name=\"robots\" content=\"index, follow, max-snippet:-1, max-image-preview:large, max-video-preview:-1\" \/>\n<link rel=\"canonical\" href=\"https:\/\/www.mojabochnia.pl\/?p=40419\" \/>\n<meta property=\"og:locale\" content=\"pl_PL\" \/>\n<meta property=\"og:type\" content=\"article\" \/>\n<meta property=\"og:title\" content=\"Refleksje na niedziel\u0119: Nawracajmy si\u0119 p\u00f3ki mamy czas! - mojabochnia.pl - portal informacyjny\" \/>\n<meta property=\"og:description\" content=\"\u201eNawracajcie si\u0119, bo bliskie jest kr\u00f3lestwo niebieskie\u201d. Te s\u0142owa wypowiedzia\u0142 Jan Chrzciciel na pustyni. Trzeba tak\u017ce i nam wyj\u015b\u0107 na pustyni\u0119, mimo panuj\u0105cego wok\u00f3\u0142 nas gwaru i szumu.\" \/>\n<meta property=\"og:url\" content=\"https:\/\/www.mojabochnia.pl\/?p=40419\" \/>\n<meta property=\"og:site_name\" content=\"mojabochnia.pl - portal informacyjny\" \/>\n<meta property=\"article:publisher\" content=\"https:\/\/www.facebook.com\/mojabochnia\" \/>\n<meta property=\"article:published_time\" content=\"2010-12-05T10:26:04+00:00\" \/>\n<meta property=\"article:modified_time\" content=\"2010-12-05T10:28:22+00:00\" \/>\n<meta name=\"author\" content=\"Aleksander Rzepecki\" \/>\n<meta name=\"twitter:card\" content=\"summary_large_image\" \/>\n<meta name=\"twitter:label1\" content=\"Written by\" \/>\n\t<meta name=\"twitter:data1\" content=\"Aleksander Rzepecki\" \/>\n\t<meta name=\"twitter:label2\" content=\"Est. reading time\" \/>\n\t<meta name=\"twitter:data2\" content=\"3 minuty\" \/>\n<script type=\"application\/ld+json\" class=\"yoast-schema-graph\">{\"@context\":\"https:\/\/schema.org\",\"@graph\":[{\"@type\":\"Article\",\"@id\":\"https:\/\/www.mojabochnia.pl\/?p=40419#article\",\"isPartOf\":{\"@id\":\"https:\/\/www.mojabochnia.pl\/?p=40419\"},\"author\":{\"name\":\"Aleksander Rzepecki\",\"@id\":\"https:\/\/www.mojabochnia.pl\/#\/schema\/person\/6cc2563b6df80713ce6940e6ed184c6c\"},\"headline\":\"Refleksje na niedziel\u0119: Nawracajmy si\u0119 p\u00f3ki mamy czas!\",\"datePublished\":\"2010-12-05T10:26:04+00:00\",\"dateModified\":\"2010-12-05T10:28:22+00:00\",\"mainEntityOfPage\":{\"@id\":\"https:\/\/www.mojabochnia.pl\/?p=40419\"},\"wordCount\":586,\"commentCount\":0,\"publisher\":{\"@id\":\"https:\/\/www.mojabochnia.pl\/#organization\"},\"keywords\":[\"jezus chrystus\",\"niedziela\",\"refleksje na niedziel\u0119\"],\"articleSection\":[\"2_ostatnie\",\"polityka i wydarzenia\",\"tematyka\"],\"inLanguage\":\"pl-PL\",\"potentialAction\":[{\"@type\":\"CommentAction\",\"name\":\"Comment\",\"target\":[\"https:\/\/www.mojabochnia.pl\/?p=40419#respond\"]}]},{\"@type\":\"WebPage\",\"@id\":\"https:\/\/www.mojabochnia.pl\/?p=40419\",\"url\":\"https:\/\/www.mojabochnia.pl\/?p=40419\",\"name\":\"Refleksje na niedziel\u0119: Nawracajmy si\u0119 p\u00f3ki mamy czas! - mojabochnia.pl - portal informacyjny\",\"isPartOf\":{\"@id\":\"https:\/\/www.mojabochnia.pl\/#website\"},\"datePublished\":\"2010-12-05T10:26:04+00:00\",\"dateModified\":\"2010-12-05T10:28:22+00:00\",\"breadcrumb\":{\"@id\":\"https:\/\/www.mojabochnia.pl\/?p=40419#breadcrumb\"},\"inLanguage\":\"pl-PL\",\"potentialAction\":[{\"@type\":\"ReadAction\",\"target\":[\"https:\/\/www.mojabochnia.pl\/?p=40419\"]}]},{\"@type\":\"BreadcrumbList\",\"@id\":\"https:\/\/www.mojabochnia.pl\/?p=40419#breadcrumb\",\"itemListElement\":[{\"@type\":\"ListItem\",\"position\":1,\"name\":\"Home\",\"item\":\"https:\/\/www.mojabochnia.pl\/\"},{\"@type\":\"ListItem\",\"position\":2,\"name\":\"Refleksje na niedziel\u0119: Nawracajmy si\u0119 p\u00f3ki mamy czas!\"}]},{\"@type\":\"WebSite\",\"@id\":\"https:\/\/www.mojabochnia.pl\/#website\",\"url\":\"https:\/\/www.mojabochnia.pl\/\",\"name\":\"mojabochnia.pl - portal informacyjny\",\"description\":\"mojaBochnia to portal informacyjny o Bochni. Codziennie o Bochni piszemy i pokazujemy najwa\u017cniejsze wydarzenia\",\"publisher\":{\"@id\":\"https:\/\/www.mojabochnia.pl\/#organization\"},\"potentialAction\":[{\"@type\":\"SearchAction\",\"target\":{\"@type\":\"EntryPoint\",\"urlTemplate\":\"https:\/\/www.mojabochnia.pl\/?s={search_term_string}\"},\"query-input\":{\"@type\":\"PropertyValueSpecification\",\"valueRequired\":true,\"valueName\":\"search_term_string\"}}],\"inLanguage\":\"pl-PL\"},{\"@type\":\"Organization\",\"@id\":\"https:\/\/www.mojabochnia.pl\/#organization\",\"name\":\"mojabochnia.pl - portal informacyjny\",\"url\":\"https:\/\/www.mojabochnia.pl\/\",\"logo\":{\"@type\":\"ImageObject\",\"inLanguage\":\"pl-PL\",\"@id\":\"https:\/\/www.mojabochnia.pl\/#\/schema\/logo\/image\/\",\"url\":\"https:\/\/www.mojabochnia.pl\/wp-content\/uploads\/2017\/08\/logo-mb-opt.png\",\"contentUrl\":\"https:\/\/www.mojabochnia.pl\/wp-content\/uploads\/2017\/08\/logo-mb-opt.png\",\"width\":250,\"height\":48,\"caption\":\"mojabochnia.pl - portal informacyjny\"},\"image\":{\"@id\":\"https:\/\/www.mojabochnia.pl\/#\/schema\/logo\/image\/\"},\"sameAs\":[\"https:\/\/www.facebook.com\/mojabochnia\"]},{\"@type\":\"Person\",\"@id\":\"https:\/\/www.mojabochnia.pl\/#\/schema\/person\/6cc2563b6df80713ce6940e6ed184c6c\",\"name\":\"Aleksander Rzepecki\",\"url\":\"https:\/\/www.mojabochnia.pl\/?author=9\"}]}<\/script>\n<!-- \/ Yoast SEO plugin. -->","yoast_head_json":{"title":"Refleksje na niedziel\u0119: Nawracajmy si\u0119 p\u00f3ki mamy czas! - mojabochnia.pl - portal informacyjny","robots":{"index":"index","follow":"follow","max-snippet":"max-snippet:-1","max-image-preview":"max-image-preview:large","max-video-preview":"max-video-preview:-1"},"canonical":"https:\/\/www.mojabochnia.pl\/?p=40419","og_locale":"pl_PL","og_type":"article","og_title":"Refleksje na niedziel\u0119: Nawracajmy si\u0119 p\u00f3ki mamy czas! - mojabochnia.pl - portal informacyjny","og_description":"\u201eNawracajcie si\u0119, bo bliskie jest kr\u00f3lestwo niebieskie\u201d. Te s\u0142owa wypowiedzia\u0142 Jan Chrzciciel na pustyni. Trzeba tak\u017ce i nam wyj\u015b\u0107 na pustyni\u0119, mimo panuj\u0105cego wok\u00f3\u0142 nas gwaru i szumu.","og_url":"https:\/\/www.mojabochnia.pl\/?p=40419","og_site_name":"mojabochnia.pl - portal informacyjny","article_publisher":"https:\/\/www.facebook.com\/mojabochnia","article_published_time":"2010-12-05T10:26:04+00:00","article_modified_time":"2010-12-05T10:28:22+00:00","author":"Aleksander Rzepecki","twitter_card":"summary_large_image","twitter_misc":{"Written by":"Aleksander Rzepecki","Est. reading time":"3 minuty"},"schema":{"@context":"https:\/\/schema.org","@graph":[{"@type":"Article","@id":"https:\/\/www.mojabochnia.pl\/?p=40419#article","isPartOf":{"@id":"https:\/\/www.mojabochnia.pl\/?p=40419"},"author":{"name":"Aleksander Rzepecki","@id":"https:\/\/www.mojabochnia.pl\/#\/schema\/person\/6cc2563b6df80713ce6940e6ed184c6c"},"headline":"Refleksje na niedziel\u0119: Nawracajmy si\u0119 p\u00f3ki mamy czas!","datePublished":"2010-12-05T10:26:04+00:00","dateModified":"2010-12-05T10:28:22+00:00","mainEntityOfPage":{"@id":"https:\/\/www.mojabochnia.pl\/?p=40419"},"wordCount":586,"commentCount":0,"publisher":{"@id":"https:\/\/www.mojabochnia.pl\/#organization"},"keywords":["jezus chrystus","niedziela","refleksje na niedziel\u0119"],"articleSection":["2_ostatnie","polityka i wydarzenia","tematyka"],"inLanguage":"pl-PL","potentialAction":[{"@type":"CommentAction","name":"Comment","target":["https:\/\/www.mojabochnia.pl\/?p=40419#respond"]}]},{"@type":"WebPage","@id":"https:\/\/www.mojabochnia.pl\/?p=40419","url":"https:\/\/www.mojabochnia.pl\/?p=40419","name":"Refleksje na niedziel\u0119: Nawracajmy si\u0119 p\u00f3ki mamy czas! - mojabochnia.pl - portal informacyjny","isPartOf":{"@id":"https:\/\/www.mojabochnia.pl\/#website"},"datePublished":"2010-12-05T10:26:04+00:00","dateModified":"2010-12-05T10:28:22+00:00","breadcrumb":{"@id":"https:\/\/www.mojabochnia.pl\/?p=40419#breadcrumb"},"inLanguage":"pl-PL","potentialAction":[{"@type":"ReadAction","target":["https:\/\/www.mojabochnia.pl\/?p=40419"]}]},{"@type":"BreadcrumbList","@id":"https:\/\/www.mojabochnia.pl\/?p=40419#breadcrumb","itemListElement":[{"@type":"ListItem","position":1,"name":"Home","item":"https:\/\/www.mojabochnia.pl\/"},{"@type":"ListItem","position":2,"name":"Refleksje na niedziel\u0119: Nawracajmy si\u0119 p\u00f3ki mamy czas!"}]},{"@type":"WebSite","@id":"https:\/\/www.mojabochnia.pl\/#website","url":"https:\/\/www.mojabochnia.pl\/","name":"mojabochnia.pl - portal informacyjny","description":"mojaBochnia to portal informacyjny o Bochni. Codziennie o Bochni piszemy i pokazujemy najwa\u017cniejsze wydarzenia","publisher":{"@id":"https:\/\/www.mojabochnia.pl\/#organization"},"potentialAction":[{"@type":"SearchAction","target":{"@type":"EntryPoint","urlTemplate":"https:\/\/www.mojabochnia.pl\/?s={search_term_string}"},"query-input":{"@type":"PropertyValueSpecification","valueRequired":true,"valueName":"search_term_string"}}],"inLanguage":"pl-PL"},{"@type":"Organization","@id":"https:\/\/www.mojabochnia.pl\/#organization","name":"mojabochnia.pl - portal informacyjny","url":"https:\/\/www.mojabochnia.pl\/","logo":{"@type":"ImageObject","inLanguage":"pl-PL","@id":"https:\/\/www.mojabochnia.pl\/#\/schema\/logo\/image\/","url":"https:\/\/www.mojabochnia.pl\/wp-content\/uploads\/2017\/08\/logo-mb-opt.png","contentUrl":"https:\/\/www.mojabochnia.pl\/wp-content\/uploads\/2017\/08\/logo-mb-opt.png","width":250,"height":48,"caption":"mojabochnia.pl - portal informacyjny"},"image":{"@id":"https:\/\/www.mojabochnia.pl\/#\/schema\/logo\/image\/"},"sameAs":["https:\/\/www.facebook.com\/mojabochnia"]},{"@type":"Person","@id":"https:\/\/www.mojabochnia.pl\/#\/schema\/person\/6cc2563b6df80713ce6940e6ed184c6c","name":"Aleksander Rzepecki","url":"https:\/\/www.mojabochnia.pl\/?author=9"}]}},"_links":{"self":[{"href":"https:\/\/www.mojabochnia.pl\/index.php?rest_route=\/wp\/v2\/posts\/40419","targetHints":{"allow":["GET"]}}],"collection":[{"href":"https:\/\/www.mojabochnia.pl\/index.php?rest_route=\/wp\/v2\/posts"}],"about":[{"href":"https:\/\/www.mojabochnia.pl\/index.php?rest_route=\/wp\/v2\/types\/post"}],"author":[{"embeddable":true,"href":"https:\/\/www.mojabochnia.pl\/index.php?rest_route=\/wp\/v2\/users\/9"}],"replies":[{"embeddable":true,"href":"https:\/\/www.mojabochnia.pl\/index.php?rest_route=%2Fwp%2Fv2%2Fcomments&post=40419"}],"version-history":[{"count":0,"href":"https:\/\/www.mojabochnia.pl\/index.php?rest_route=\/wp\/v2\/posts\/40419\/revisions"}],"wp:attachment":[{"href":"https:\/\/www.mojabochnia.pl\/index.php?rest_route=%2Fwp%2Fv2%2Fmedia&parent=40419"}],"wp:term":[{"taxonomy":"category","embeddable":true,"href":"https:\/\/www.mojabochnia.pl\/index.php?rest_route=%2Fwp%2Fv2%2Fcategories&post=40419"},{"taxonomy":"post_tag","embeddable":true,"href":"https:\/\/www.mojabochnia.pl\/index.php?rest_route=%2Fwp%2Fv2%2Ftags&post=40419"}],"curies":[{"name":"wp","href":"https:\/\/api.w.org\/{rel}","templated":true}]}}