{"id":39816,"date":"2010-11-26T15:39:08","date_gmt":"2010-11-26T14:39:08","guid":{"rendered":"http:\/\/www.mojabochnia.pl\/?p=39816"},"modified":"2011-08-01T09:45:28","modified_gmt":"2011-08-01T07:45:28","slug":"7-ton-zakretek-dla-dominiki-kolejny-final-zakretkowej-akcji-za-nami","status":"publish","type":"post","link":"https:\/\/www.mojabochnia.pl\/?p=39816","title":{"rendered":"Ponad 7 ton zakr\u0119tek dla Dominiki! &#8211; kolejny fina\u0142 zakr\u0119tkowej akcji za nami"},"content":{"rendered":"<p>Z przyjemno\u015bci\u0105 informujemy, \u017ce kolejny &#8211; trzeci ju\u017c fina\u0142 zakr\u0119tkowej akcji zosta\u0142 zako\u0144czony. Dzisiaj z posesji pa\u0144stwa Klimk\u00f3w przy ul. Proszowskiej ci\u0119\u017car\u00f3wk\u0105 do My\u015blenic odjecha\u0142o oko\u0142o 7 ton plastikowych zakr\u0119tek. <\/p>\n<p>Skala tej akcji to efekt w\u0142\u0105czenia si\u0119 w ni\u0105 wielu szk\u00f3\u0142 z powiatu boche\u0144skiego i brzeskiego. Zbierano w szko\u0142ach i w domach. Przez 3 miesi\u0105ce gromadzili\u015bcie je we wskazanym miejscu w Bochni. St\u0105d trafi\u0142y do skupu.<\/p>\n<p>Pozyskane w ten spos\u00f3b pieni\u0105dz\u0119 &#8211; szacunkowo b\u0119dzie to oko\u0142o 7 tysi\u0119cy z\u0142otych &#8211; trafi\u0105 na konto Dominiki Mocia z Bochni. Umo\u017cliwi\u0105 jej udzia\u0142 w rehabilitacji, kt\u00f3ra by\u0107 mo\u017ce pozwoli jej rozwin\u0105\u0107 sprawno\u015b\u0107 ruchow\u0105. Wszystkim, kt\u00f3rzy zaanga\u017cowali si\u0119 w nasz\u0105 akcj\u0119 &#8211; w imieniu Dominiki &#8211; serdecznie dzi\u0119kujemy!<\/p>\n<p>Kolejny fina\u0142 zakr\u0119tkowy &#8211; prawdopodobnie na wiosn\u0119, a wi\u0119c zbieramy dalej!<\/p>\n","protected":false},"excerpt":{"rendered":"<p>Dzi\u015b przed po\u0142udniem 7 ton zakr\u0119tek zebranych przez mieszka\u0144c\u00f3w powiat\u00f3w boche\u0144skiego i brzeskiego na rzez ma\u0142ej Dominiki zosta\u0142o przetransportowanych do My\u015blenic. Kolejny fina\u0142 zakr\u0119tkowej akcji zako\u0144czony! Zobacz w materiale TV jak wygl\u0105da za\u0142adunek morza plastikowych zakr\u0119tek!<\/p>\n","protected":false},"author":25,"featured_media":0,"comment_status":"open","ping_status":"closed","sticky":false,"template":"","format":"standard","meta":{"_acf_changed":false,"footnotes":""},"categories":[5,6246,6251,6250,3633,3276],"tags":[7502,3092,17643,17436,802,7503,7985],"class_list":["post-39816","post","type-post","status-publish","format-standard","hentry","category-biezace-wydarzenia","category-medium","category-polityka-i-wydarzenia","category-tematyka","category-tv","category-tv-flesz","tag-dominika-mocia","tag-final","tag-nakretki","tag-pomoc","tag-rehabilitacja","tag-zakretki","tag-zaladunek","main_tag-zakretki-2"],"acf":[],"yoast_head":"<!-- This site is optimized with the Yoast SEO plugin v26.9 - https:\/\/yoast.com\/product\/yoast-seo-wordpress\/ -->\n<title>Ponad 7 ton zakr\u0119tek dla Dominiki! - kolejny fina\u0142 zakr\u0119tkowej akcji za nami - mojabochnia.pl - portal informacyjny<\/title>\n<meta name=\"robots\" content=\"index, follow, max-snippet:-1, max-image-preview:large, max-video-preview:-1\" \/>\n<link rel=\"canonical\" href=\"https:\/\/www.mojabochnia.pl\/?p=39816\" \/>\n<meta property=\"og:locale\" content=\"pl_PL\" \/>\n<meta property=\"og:type\" content=\"article\" \/>\n<meta property=\"og:title\" content=\"Ponad 7 ton zakr\u0119tek dla Dominiki! - kolejny fina\u0142 zakr\u0119tkowej akcji za nami - mojabochnia.pl - portal informacyjny\" \/>\n<meta property=\"og:description\" content=\"Dzi\u015b przed po\u0142udniem 7 ton zakr\u0119tek zebranych przez mieszka\u0144c\u00f3w powiat\u00f3w boche\u0144skiego i brzeskiego na rzez ma\u0142ej Dominiki zosta\u0142o przetransportowanych do My\u015blenic. Kolejny fina\u0142 zakr\u0119tkowej akcji zako\u0144czony! Zobacz w materiale TV jak wygl\u0105da za\u0142adunek morza plastikowych zakr\u0119tek!\" \/>\n<meta property=\"og:url\" content=\"https:\/\/www.mojabochnia.pl\/?p=39816\" \/>\n<meta property=\"og:site_name\" content=\"mojabochnia.pl - portal informacyjny\" \/>\n<meta property=\"article:publisher\" content=\"https:\/\/www.facebook.com\/mojabochnia\" \/>\n<meta property=\"article:published_time\" content=\"2010-11-26T14:39:08+00:00\" \/>\n<meta property=\"article:modified_time\" content=\"2011-08-01T07:45:28+00:00\" \/>\n<meta name=\"author\" content=\"Weronika Kucharska\" \/>\n<meta name=\"twitter:card\" content=\"summary_large_image\" \/>\n<meta name=\"twitter:label1\" content=\"Written by\" \/>\n\t<meta name=\"twitter:data1\" content=\"Weronika Kucharska\" \/>\n\t<meta name=\"twitter:label2\" content=\"Est. reading time\" \/>\n\t<meta name=\"twitter:data2\" content=\"1 minuta\" \/>\n<script type=\"application\/ld+json\" class=\"yoast-schema-graph\">{\"@context\":\"https:\/\/schema.org\",\"@graph\":[{\"@type\":\"Article\",\"@id\":\"https:\/\/www.mojabochnia.pl\/?p=39816#article\",\"isPartOf\":{\"@id\":\"https:\/\/www.mojabochnia.pl\/?p=39816\"},\"author\":{\"name\":\"Weronika Kucharska\",\"@id\":\"https:\/\/www.mojabochnia.pl\/#\/schema\/person\/8515edb0b31efb661d6df7949969c0ff\"},\"headline\":\"Ponad 7 ton zakr\u0119tek dla Dominiki! &#8211; kolejny fina\u0142 zakr\u0119tkowej akcji za nami\",\"datePublished\":\"2010-11-26T14:39:08+00:00\",\"dateModified\":\"2011-08-01T07:45:28+00:00\",\"mainEntityOfPage\":{\"@id\":\"https:\/\/www.mojabochnia.pl\/?p=39816\"},\"wordCount\":168,\"commentCount\":0,\"publisher\":{\"@id\":\"https:\/\/www.mojabochnia.pl\/#organization\"},\"keywords\":[\"dominika mocia\",\"fina\u0142\",\"nakr\u0119tki\",\"pomoc\",\"rehabilitacja\",\"zakr\u0119tki\",\"za\u0142adunek\"],\"articleSection\":[\"2_ostatnie\",\"Medium\",\"polityka i wydarzenia\",\"tematyka\",\"TV\",\"TV Flesz\"],\"inLanguage\":\"pl-PL\",\"potentialAction\":[{\"@type\":\"CommentAction\",\"name\":\"Comment\",\"target\":[\"https:\/\/www.mojabochnia.pl\/?p=39816#respond\"]}]},{\"@type\":\"WebPage\",\"@id\":\"https:\/\/www.mojabochnia.pl\/?p=39816\",\"url\":\"https:\/\/www.mojabochnia.pl\/?p=39816\",\"name\":\"Ponad 7 ton zakr\u0119tek dla Dominiki! - kolejny fina\u0142 zakr\u0119tkowej akcji za nami - mojabochnia.pl - portal informacyjny\",\"isPartOf\":{\"@id\":\"https:\/\/www.mojabochnia.pl\/#website\"},\"datePublished\":\"2010-11-26T14:39:08+00:00\",\"dateModified\":\"2011-08-01T07:45:28+00:00\",\"breadcrumb\":{\"@id\":\"https:\/\/www.mojabochnia.pl\/?p=39816#breadcrumb\"},\"inLanguage\":\"pl-PL\",\"potentialAction\":[{\"@type\":\"ReadAction\",\"target\":[\"https:\/\/www.mojabochnia.pl\/?p=39816\"]}]},{\"@type\":\"BreadcrumbList\",\"@id\":\"https:\/\/www.mojabochnia.pl\/?p=39816#breadcrumb\",\"itemListElement\":[{\"@type\":\"ListItem\",\"position\":1,\"name\":\"Home\",\"item\":\"https:\/\/www.mojabochnia.pl\/\"},{\"@type\":\"ListItem\",\"position\":2,\"name\":\"Ponad 7 ton zakr\u0119tek dla Dominiki! &#8211; kolejny fina\u0142 zakr\u0119tkowej akcji za nami\"}]},{\"@type\":\"WebSite\",\"@id\":\"https:\/\/www.mojabochnia.pl\/#website\",\"url\":\"https:\/\/www.mojabochnia.pl\/\",\"name\":\"mojabochnia.pl - portal informacyjny\",\"description\":\"mojaBochnia to portal informacyjny o Bochni. Codziennie o Bochni piszemy i pokazujemy najwa\u017cniejsze wydarzenia\",\"publisher\":{\"@id\":\"https:\/\/www.mojabochnia.pl\/#organization\"},\"potentialAction\":[{\"@type\":\"SearchAction\",\"target\":{\"@type\":\"EntryPoint\",\"urlTemplate\":\"https:\/\/www.mojabochnia.pl\/?s={search_term_string}\"},\"query-input\":{\"@type\":\"PropertyValueSpecification\",\"valueRequired\":true,\"valueName\":\"search_term_string\"}}],\"inLanguage\":\"pl-PL\"},{\"@type\":\"Organization\",\"@id\":\"https:\/\/www.mojabochnia.pl\/#organization\",\"name\":\"mojabochnia.pl - portal informacyjny\",\"url\":\"https:\/\/www.mojabochnia.pl\/\",\"logo\":{\"@type\":\"ImageObject\",\"inLanguage\":\"pl-PL\",\"@id\":\"https:\/\/www.mojabochnia.pl\/#\/schema\/logo\/image\/\",\"url\":\"https:\/\/www.mojabochnia.pl\/wp-content\/uploads\/2017\/08\/logo-mb-opt.png\",\"contentUrl\":\"https:\/\/www.mojabochnia.pl\/wp-content\/uploads\/2017\/08\/logo-mb-opt.png\",\"width\":250,\"height\":48,\"caption\":\"mojabochnia.pl - portal informacyjny\"},\"image\":{\"@id\":\"https:\/\/www.mojabochnia.pl\/#\/schema\/logo\/image\/\"},\"sameAs\":[\"https:\/\/www.facebook.com\/mojabochnia\"]},{\"@type\":\"Person\",\"@id\":\"https:\/\/www.mojabochnia.pl\/#\/schema\/person\/8515edb0b31efb661d6df7949969c0ff\",\"name\":\"Weronika Kucharska\",\"url\":\"https:\/\/www.mojabochnia.pl\/?author=25\"}]}<\/script>\n<!-- \/ Yoast SEO plugin. -->","yoast_head_json":{"title":"Ponad 7 ton zakr\u0119tek dla Dominiki! - kolejny fina\u0142 zakr\u0119tkowej akcji za nami - mojabochnia.pl - portal informacyjny","robots":{"index":"index","follow":"follow","max-snippet":"max-snippet:-1","max-image-preview":"max-image-preview:large","max-video-preview":"max-video-preview:-1"},"canonical":"https:\/\/www.mojabochnia.pl\/?p=39816","og_locale":"pl_PL","og_type":"article","og_title":"Ponad 7 ton zakr\u0119tek dla Dominiki! - kolejny fina\u0142 zakr\u0119tkowej akcji za nami - mojabochnia.pl - portal informacyjny","og_description":"Dzi\u015b przed po\u0142udniem 7 ton zakr\u0119tek zebranych przez mieszka\u0144c\u00f3w powiat\u00f3w boche\u0144skiego i brzeskiego na rzez ma\u0142ej Dominiki zosta\u0142o przetransportowanych do My\u015blenic. Kolejny fina\u0142 zakr\u0119tkowej akcji zako\u0144czony! Zobacz w materiale TV jak wygl\u0105da za\u0142adunek morza plastikowych zakr\u0119tek!","og_url":"https:\/\/www.mojabochnia.pl\/?p=39816","og_site_name":"mojabochnia.pl - portal informacyjny","article_publisher":"https:\/\/www.facebook.com\/mojabochnia","article_published_time":"2010-11-26T14:39:08+00:00","article_modified_time":"2011-08-01T07:45:28+00:00","author":"Weronika Kucharska","twitter_card":"summary_large_image","twitter_misc":{"Written by":"Weronika Kucharska","Est. reading time":"1 minuta"},"schema":{"@context":"https:\/\/schema.org","@graph":[{"@type":"Article","@id":"https:\/\/www.mojabochnia.pl\/?p=39816#article","isPartOf":{"@id":"https:\/\/www.mojabochnia.pl\/?p=39816"},"author":{"name":"Weronika Kucharska","@id":"https:\/\/www.mojabochnia.pl\/#\/schema\/person\/8515edb0b31efb661d6df7949969c0ff"},"headline":"Ponad 7 ton zakr\u0119tek dla Dominiki! &#8211; kolejny fina\u0142 zakr\u0119tkowej akcji za nami","datePublished":"2010-11-26T14:39:08+00:00","dateModified":"2011-08-01T07:45:28+00:00","mainEntityOfPage":{"@id":"https:\/\/www.mojabochnia.pl\/?p=39816"},"wordCount":168,"commentCount":0,"publisher":{"@id":"https:\/\/www.mojabochnia.pl\/#organization"},"keywords":["dominika mocia","fina\u0142","nakr\u0119tki","pomoc","rehabilitacja","zakr\u0119tki","za\u0142adunek"],"articleSection":["2_ostatnie","Medium","polityka i wydarzenia","tematyka","TV","TV Flesz"],"inLanguage":"pl-PL","potentialAction":[{"@type":"CommentAction","name":"Comment","target":["https:\/\/www.mojabochnia.pl\/?p=39816#respond"]}]},{"@type":"WebPage","@id":"https:\/\/www.mojabochnia.pl\/?p=39816","url":"https:\/\/www.mojabochnia.pl\/?p=39816","name":"Ponad 7 ton zakr\u0119tek dla Dominiki! - kolejny fina\u0142 zakr\u0119tkowej akcji za nami - mojabochnia.pl - portal informacyjny","isPartOf":{"@id":"https:\/\/www.mojabochnia.pl\/#website"},"datePublished":"2010-11-26T14:39:08+00:00","dateModified":"2011-08-01T07:45:28+00:00","breadcrumb":{"@id":"https:\/\/www.mojabochnia.pl\/?p=39816#breadcrumb"},"inLanguage":"pl-PL","potentialAction":[{"@type":"ReadAction","target":["https:\/\/www.mojabochnia.pl\/?p=39816"]}]},{"@type":"BreadcrumbList","@id":"https:\/\/www.mojabochnia.pl\/?p=39816#breadcrumb","itemListElement":[{"@type":"ListItem","position":1,"name":"Home","item":"https:\/\/www.mojabochnia.pl\/"},{"@type":"ListItem","position":2,"name":"Ponad 7 ton zakr\u0119tek dla Dominiki! &#8211; kolejny fina\u0142 zakr\u0119tkowej akcji za nami"}]},{"@type":"WebSite","@id":"https:\/\/www.mojabochnia.pl\/#website","url":"https:\/\/www.mojabochnia.pl\/","name":"mojabochnia.pl - portal informacyjny","description":"mojaBochnia to portal informacyjny o Bochni. Codziennie o Bochni piszemy i pokazujemy najwa\u017cniejsze wydarzenia","publisher":{"@id":"https:\/\/www.mojabochnia.pl\/#organization"},"potentialAction":[{"@type":"SearchAction","target":{"@type":"EntryPoint","urlTemplate":"https:\/\/www.mojabochnia.pl\/?s={search_term_string}"},"query-input":{"@type":"PropertyValueSpecification","valueRequired":true,"valueName":"search_term_string"}}],"inLanguage":"pl-PL"},{"@type":"Organization","@id":"https:\/\/www.mojabochnia.pl\/#organization","name":"mojabochnia.pl - portal informacyjny","url":"https:\/\/www.mojabochnia.pl\/","logo":{"@type":"ImageObject","inLanguage":"pl-PL","@id":"https:\/\/www.mojabochnia.pl\/#\/schema\/logo\/image\/","url":"https:\/\/www.mojabochnia.pl\/wp-content\/uploads\/2017\/08\/logo-mb-opt.png","contentUrl":"https:\/\/www.mojabochnia.pl\/wp-content\/uploads\/2017\/08\/logo-mb-opt.png","width":250,"height":48,"caption":"mojabochnia.pl - portal informacyjny"},"image":{"@id":"https:\/\/www.mojabochnia.pl\/#\/schema\/logo\/image\/"},"sameAs":["https:\/\/www.facebook.com\/mojabochnia"]},{"@type":"Person","@id":"https:\/\/www.mojabochnia.pl\/#\/schema\/person\/8515edb0b31efb661d6df7949969c0ff","name":"Weronika Kucharska","url":"https:\/\/www.mojabochnia.pl\/?author=25"}]}},"_links":{"self":[{"href":"https:\/\/www.mojabochnia.pl\/index.php?rest_route=\/wp\/v2\/posts\/39816","targetHints":{"allow":["GET"]}}],"collection":[{"href":"https:\/\/www.mojabochnia.pl\/index.php?rest_route=\/wp\/v2\/posts"}],"about":[{"href":"https:\/\/www.mojabochnia.pl\/index.php?rest_route=\/wp\/v2\/types\/post"}],"author":[{"embeddable":true,"href":"https:\/\/www.mojabochnia.pl\/index.php?rest_route=\/wp\/v2\/users\/25"}],"replies":[{"embeddable":true,"href":"https:\/\/www.mojabochnia.pl\/index.php?rest_route=%2Fwp%2Fv2%2Fcomments&post=39816"}],"version-history":[{"count":1,"href":"https:\/\/www.mojabochnia.pl\/index.php?rest_route=\/wp\/v2\/posts\/39816\/revisions"}],"predecessor-version":[{"id":56576,"href":"https:\/\/www.mojabochnia.pl\/index.php?rest_route=\/wp\/v2\/posts\/39816\/revisions\/56576"}],"wp:attachment":[{"href":"https:\/\/www.mojabochnia.pl\/index.php?rest_route=%2Fwp%2Fv2%2Fmedia&parent=39816"}],"wp:term":[{"taxonomy":"category","embeddable":true,"href":"https:\/\/www.mojabochnia.pl\/index.php?rest_route=%2Fwp%2Fv2%2Fcategories&post=39816"},{"taxonomy":"post_tag","embeddable":true,"href":"https:\/\/www.mojabochnia.pl\/index.php?rest_route=%2Fwp%2Fv2%2Ftags&post=39816"}],"curies":[{"name":"wp","href":"https:\/\/api.w.org\/{rel}","templated":true}]}}