{"id":39431,"date":"2010-11-21T11:29:58","date_gmt":"2010-11-21T10:29:58","guid":{"rendered":"http:\/\/www.mojabochnia.pl\/?p=39431"},"modified":"2010-11-21T17:26:31","modified_gmt":"2010-11-21T16:26:31","slug":"wybory-samorzadowe-2010-frekwencja-na-godz-10-00","status":"publish","type":"post","link":"https:\/\/www.mojabochnia.pl\/?p=39431","title":{"rendered":"Wybory samorz\u0105dowe 2010: frekwencja na boche\u0144szczy\u017anie &#8211; godz. 10.00"},"content":{"rendered":"<p><strong>Dane wg PKW w nast\u0119puj\u0105cej kolejno\u015bci:<\/p>\n<p>obszar, liczba uprawnionych do g\u0142osowania, liczba kart wydanych, liczba obwod\u00f3w g\u0142osowania, liczba obwod\u00f3w g\u0142osowania z kt\u00f3rych sp\u0142yn\u0119\u0142y dane, frekwencja<\/strong><\/p>\n<p>Bochnia<br \/>\n23 839\/1 447\t17\/17\t<strong>6,07%<\/strong>\t<\/p>\n<p>gm. Bochnia<br \/>\n14 697\/1 145\t16\/16\t<strong>7,79%<\/strong><\/p>\n<p>gm. Drwinia<br \/>\n5 089\/630\t4\/4\t<strong>12,38%<\/strong>\t<\/p>\n<p>gm. Lipnica Murowana<br \/>\n4 307\/548\t3\/3\t<strong>12,72%<\/strong><\/p>\n<p>gm. \u0141apan\u00f3w<br \/>\n5 820\/676\t5\/5\t<strong>11,62%<\/strong><\/p>\n<p>gm. Nowy Wi\u015bnicz<br \/>\n10 020\/1 153\t8\/8\t<strong>11,51%<\/strong>\t<\/p>\n<p>gm. Rzezawa<br \/>\n8 360\/651\t9\/9\t<strong>7,79%<\/strong>\t<\/p>\n<p>gm. Trzciana<br \/>\n3 997\/390\t5\/5\t<strong>9,76%<\/strong>\t<\/p>\n<p>gm. \u017begocina<br \/>\n3 932\/462\t4\/4\t<strong>11,75%<\/strong>\t<\/p>\n<p><strong>Og\u00f3\u0142em: 80 061\/7 102\t71\/71\t8,87%<\/strong><\/p>\n","protected":false},"excerpt":{"rendered":"<p>O godzinie 10.00 frekwencja w wyborach samorz\u0105dowych na boche\u0144szczy\u017anie wynosi\u0142a 8,87%. Najwi\u0119cej g\u0142osuj\u0105cych pojawi\u0142o si\u0119 przy urnach w gminie Lipnica Murowana (12,72), najmniej &#8211; w samej Bochni (6,07). Wi\u0119cej informacji &#8211; poni\u017cej.<\/p>\n","protected":false},"author":25,"featured_media":0,"comment_status":"open","ping_status":"closed","sticky":false,"template":"","format":"standard","meta":{"_acf_changed":false,"footnotes":""},"categories":[5,11,6251,6250],"tags":[4464,1097,4137,17200,7619],"class_list":["post-39431","post","type-post","status-publish","format-standard","hentry","category-biezace-wydarzenia","category-top-temat","category-polityka-i-wydarzenia","category-tematyka","tag-frekwencja","tag-glosowanie","tag-kandydaci","tag-wybory","tag-wybory-samorzadowe"],"acf":[],"yoast_head":"<!-- This site is optimized with the Yoast SEO plugin v26.9 - https:\/\/yoast.com\/product\/yoast-seo-wordpress\/ -->\n<title>Wybory samorz\u0105dowe 2010: frekwencja na boche\u0144szczy\u017anie - godz. 10.00 - mojabochnia.pl - portal informacyjny<\/title>\n<meta name=\"robots\" content=\"index, follow, max-snippet:-1, max-image-preview:large, max-video-preview:-1\" \/>\n<link rel=\"canonical\" href=\"https:\/\/www.mojabochnia.pl\/?p=39431\" \/>\n<meta property=\"og:locale\" content=\"pl_PL\" \/>\n<meta property=\"og:type\" content=\"article\" \/>\n<meta property=\"og:title\" content=\"Wybory samorz\u0105dowe 2010: frekwencja na boche\u0144szczy\u017anie - godz. 10.00 - mojabochnia.pl - portal informacyjny\" \/>\n<meta property=\"og:description\" content=\"O godzinie 10.00 frekwencja w wyborach samorz\u0105dowych na boche\u0144szczy\u017anie wynosi\u0142a 8,87%. Najwi\u0119cej g\u0142osuj\u0105cych pojawi\u0142o si\u0119 przy urnach w gminie Lipnica Murowana (12,72), najmniej - w samej Bochni (6,07). Wi\u0119cej informacji - poni\u017cej.\" \/>\n<meta property=\"og:url\" content=\"https:\/\/www.mojabochnia.pl\/?p=39431\" \/>\n<meta property=\"og:site_name\" content=\"mojabochnia.pl - portal informacyjny\" \/>\n<meta property=\"article:publisher\" content=\"https:\/\/www.facebook.com\/mojabochnia\" \/>\n<meta property=\"article:published_time\" content=\"2010-11-21T10:29:58+00:00\" \/>\n<meta property=\"article:modified_time\" content=\"2010-11-21T16:26:31+00:00\" \/>\n<meta name=\"author\" content=\"Weronika Kucharska\" \/>\n<meta name=\"twitter:card\" content=\"summary_large_image\" \/>\n<meta name=\"twitter:label1\" content=\"Written by\" \/>\n\t<meta name=\"twitter:data1\" content=\"Weronika Kucharska\" \/>\n<script type=\"application\/ld+json\" class=\"yoast-schema-graph\">{\"@context\":\"https:\/\/schema.org\",\"@graph\":[{\"@type\":\"Article\",\"@id\":\"https:\/\/www.mojabochnia.pl\/?p=39431#article\",\"isPartOf\":{\"@id\":\"https:\/\/www.mojabochnia.pl\/?p=39431\"},\"author\":{\"name\":\"Weronika Kucharska\",\"@id\":\"https:\/\/www.mojabochnia.pl\/#\/schema\/person\/8515edb0b31efb661d6df7949969c0ff\"},\"headline\":\"Wybory samorz\u0105dowe 2010: frekwencja na boche\u0144szczy\u017anie &#8211; godz. 10.00\",\"datePublished\":\"2010-11-21T10:29:58+00:00\",\"dateModified\":\"2010-11-21T16:26:31+00:00\",\"mainEntityOfPage\":{\"@id\":\"https:\/\/www.mojabochnia.pl\/?p=39431\"},\"wordCount\":69,\"commentCount\":0,\"publisher\":{\"@id\":\"https:\/\/www.mojabochnia.pl\/#organization\"},\"keywords\":[\"frekwencja\",\"g\u0142osowanie\",\"kandydaci\",\"wybory\",\"wybory samorz\u0105dowe\"],\"articleSection\":[\"2_ostatnie\",\"3_w centrum uwagi\",\"polityka i wydarzenia\",\"tematyka\"],\"inLanguage\":\"pl-PL\",\"potentialAction\":[{\"@type\":\"CommentAction\",\"name\":\"Comment\",\"target\":[\"https:\/\/www.mojabochnia.pl\/?p=39431#respond\"]}]},{\"@type\":\"WebPage\",\"@id\":\"https:\/\/www.mojabochnia.pl\/?p=39431\",\"url\":\"https:\/\/www.mojabochnia.pl\/?p=39431\",\"name\":\"Wybory samorz\u0105dowe 2010: frekwencja na boche\u0144szczy\u017anie - godz. 10.00 - mojabochnia.pl - portal informacyjny\",\"isPartOf\":{\"@id\":\"https:\/\/www.mojabochnia.pl\/#website\"},\"datePublished\":\"2010-11-21T10:29:58+00:00\",\"dateModified\":\"2010-11-21T16:26:31+00:00\",\"breadcrumb\":{\"@id\":\"https:\/\/www.mojabochnia.pl\/?p=39431#breadcrumb\"},\"inLanguage\":\"pl-PL\",\"potentialAction\":[{\"@type\":\"ReadAction\",\"target\":[\"https:\/\/www.mojabochnia.pl\/?p=39431\"]}]},{\"@type\":\"BreadcrumbList\",\"@id\":\"https:\/\/www.mojabochnia.pl\/?p=39431#breadcrumb\",\"itemListElement\":[{\"@type\":\"ListItem\",\"position\":1,\"name\":\"Home\",\"item\":\"https:\/\/www.mojabochnia.pl\/\"},{\"@type\":\"ListItem\",\"position\":2,\"name\":\"Wybory samorz\u0105dowe 2010: frekwencja na boche\u0144szczy\u017anie &#8211; godz. 10.00\"}]},{\"@type\":\"WebSite\",\"@id\":\"https:\/\/www.mojabochnia.pl\/#website\",\"url\":\"https:\/\/www.mojabochnia.pl\/\",\"name\":\"mojabochnia.pl - portal informacyjny\",\"description\":\"mojaBochnia to portal informacyjny o Bochni. Codziennie o Bochni piszemy i pokazujemy najwa\u017cniejsze wydarzenia\",\"publisher\":{\"@id\":\"https:\/\/www.mojabochnia.pl\/#organization\"},\"potentialAction\":[{\"@type\":\"SearchAction\",\"target\":{\"@type\":\"EntryPoint\",\"urlTemplate\":\"https:\/\/www.mojabochnia.pl\/?s={search_term_string}\"},\"query-input\":{\"@type\":\"PropertyValueSpecification\",\"valueRequired\":true,\"valueName\":\"search_term_string\"}}],\"inLanguage\":\"pl-PL\"},{\"@type\":\"Organization\",\"@id\":\"https:\/\/www.mojabochnia.pl\/#organization\",\"name\":\"mojabochnia.pl - portal informacyjny\",\"url\":\"https:\/\/www.mojabochnia.pl\/\",\"logo\":{\"@type\":\"ImageObject\",\"inLanguage\":\"pl-PL\",\"@id\":\"https:\/\/www.mojabochnia.pl\/#\/schema\/logo\/image\/\",\"url\":\"https:\/\/www.mojabochnia.pl\/wp-content\/uploads\/2017\/08\/logo-mb-opt.png\",\"contentUrl\":\"https:\/\/www.mojabochnia.pl\/wp-content\/uploads\/2017\/08\/logo-mb-opt.png\",\"width\":250,\"height\":48,\"caption\":\"mojabochnia.pl - portal informacyjny\"},\"image\":{\"@id\":\"https:\/\/www.mojabochnia.pl\/#\/schema\/logo\/image\/\"},\"sameAs\":[\"https:\/\/www.facebook.com\/mojabochnia\"]},{\"@type\":\"Person\",\"@id\":\"https:\/\/www.mojabochnia.pl\/#\/schema\/person\/8515edb0b31efb661d6df7949969c0ff\",\"name\":\"Weronika Kucharska\",\"url\":\"https:\/\/www.mojabochnia.pl\/?author=25\"}]}<\/script>\n<!-- \/ Yoast SEO plugin. -->","yoast_head_json":{"title":"Wybory samorz\u0105dowe 2010: frekwencja na boche\u0144szczy\u017anie - godz. 10.00 - mojabochnia.pl - portal informacyjny","robots":{"index":"index","follow":"follow","max-snippet":"max-snippet:-1","max-image-preview":"max-image-preview:large","max-video-preview":"max-video-preview:-1"},"canonical":"https:\/\/www.mojabochnia.pl\/?p=39431","og_locale":"pl_PL","og_type":"article","og_title":"Wybory samorz\u0105dowe 2010: frekwencja na boche\u0144szczy\u017anie - godz. 10.00 - mojabochnia.pl - portal informacyjny","og_description":"O godzinie 10.00 frekwencja w wyborach samorz\u0105dowych na boche\u0144szczy\u017anie wynosi\u0142a 8,87%. Najwi\u0119cej g\u0142osuj\u0105cych pojawi\u0142o si\u0119 przy urnach w gminie Lipnica Murowana (12,72), najmniej - w samej Bochni (6,07). Wi\u0119cej informacji - poni\u017cej.","og_url":"https:\/\/www.mojabochnia.pl\/?p=39431","og_site_name":"mojabochnia.pl - portal informacyjny","article_publisher":"https:\/\/www.facebook.com\/mojabochnia","article_published_time":"2010-11-21T10:29:58+00:00","article_modified_time":"2010-11-21T16:26:31+00:00","author":"Weronika Kucharska","twitter_card":"summary_large_image","twitter_misc":{"Written by":"Weronika Kucharska"},"schema":{"@context":"https:\/\/schema.org","@graph":[{"@type":"Article","@id":"https:\/\/www.mojabochnia.pl\/?p=39431#article","isPartOf":{"@id":"https:\/\/www.mojabochnia.pl\/?p=39431"},"author":{"name":"Weronika Kucharska","@id":"https:\/\/www.mojabochnia.pl\/#\/schema\/person\/8515edb0b31efb661d6df7949969c0ff"},"headline":"Wybory samorz\u0105dowe 2010: frekwencja na boche\u0144szczy\u017anie &#8211; godz. 10.00","datePublished":"2010-11-21T10:29:58+00:00","dateModified":"2010-11-21T16:26:31+00:00","mainEntityOfPage":{"@id":"https:\/\/www.mojabochnia.pl\/?p=39431"},"wordCount":69,"commentCount":0,"publisher":{"@id":"https:\/\/www.mojabochnia.pl\/#organization"},"keywords":["frekwencja","g\u0142osowanie","kandydaci","wybory","wybory samorz\u0105dowe"],"articleSection":["2_ostatnie","3_w centrum uwagi","polityka i wydarzenia","tematyka"],"inLanguage":"pl-PL","potentialAction":[{"@type":"CommentAction","name":"Comment","target":["https:\/\/www.mojabochnia.pl\/?p=39431#respond"]}]},{"@type":"WebPage","@id":"https:\/\/www.mojabochnia.pl\/?p=39431","url":"https:\/\/www.mojabochnia.pl\/?p=39431","name":"Wybory samorz\u0105dowe 2010: frekwencja na boche\u0144szczy\u017anie - godz. 10.00 - mojabochnia.pl - portal informacyjny","isPartOf":{"@id":"https:\/\/www.mojabochnia.pl\/#website"},"datePublished":"2010-11-21T10:29:58+00:00","dateModified":"2010-11-21T16:26:31+00:00","breadcrumb":{"@id":"https:\/\/www.mojabochnia.pl\/?p=39431#breadcrumb"},"inLanguage":"pl-PL","potentialAction":[{"@type":"ReadAction","target":["https:\/\/www.mojabochnia.pl\/?p=39431"]}]},{"@type":"BreadcrumbList","@id":"https:\/\/www.mojabochnia.pl\/?p=39431#breadcrumb","itemListElement":[{"@type":"ListItem","position":1,"name":"Home","item":"https:\/\/www.mojabochnia.pl\/"},{"@type":"ListItem","position":2,"name":"Wybory samorz\u0105dowe 2010: frekwencja na boche\u0144szczy\u017anie &#8211; godz. 10.00"}]},{"@type":"WebSite","@id":"https:\/\/www.mojabochnia.pl\/#website","url":"https:\/\/www.mojabochnia.pl\/","name":"mojabochnia.pl - portal informacyjny","description":"mojaBochnia to portal informacyjny o Bochni. Codziennie o Bochni piszemy i pokazujemy najwa\u017cniejsze wydarzenia","publisher":{"@id":"https:\/\/www.mojabochnia.pl\/#organization"},"potentialAction":[{"@type":"SearchAction","target":{"@type":"EntryPoint","urlTemplate":"https:\/\/www.mojabochnia.pl\/?s={search_term_string}"},"query-input":{"@type":"PropertyValueSpecification","valueRequired":true,"valueName":"search_term_string"}}],"inLanguage":"pl-PL"},{"@type":"Organization","@id":"https:\/\/www.mojabochnia.pl\/#organization","name":"mojabochnia.pl - portal informacyjny","url":"https:\/\/www.mojabochnia.pl\/","logo":{"@type":"ImageObject","inLanguage":"pl-PL","@id":"https:\/\/www.mojabochnia.pl\/#\/schema\/logo\/image\/","url":"https:\/\/www.mojabochnia.pl\/wp-content\/uploads\/2017\/08\/logo-mb-opt.png","contentUrl":"https:\/\/www.mojabochnia.pl\/wp-content\/uploads\/2017\/08\/logo-mb-opt.png","width":250,"height":48,"caption":"mojabochnia.pl - portal informacyjny"},"image":{"@id":"https:\/\/www.mojabochnia.pl\/#\/schema\/logo\/image\/"},"sameAs":["https:\/\/www.facebook.com\/mojabochnia"]},{"@type":"Person","@id":"https:\/\/www.mojabochnia.pl\/#\/schema\/person\/8515edb0b31efb661d6df7949969c0ff","name":"Weronika Kucharska","url":"https:\/\/www.mojabochnia.pl\/?author=25"}]}},"_links":{"self":[{"href":"https:\/\/www.mojabochnia.pl\/index.php?rest_route=\/wp\/v2\/posts\/39431","targetHints":{"allow":["GET"]}}],"collection":[{"href":"https:\/\/www.mojabochnia.pl\/index.php?rest_route=\/wp\/v2\/posts"}],"about":[{"href":"https:\/\/www.mojabochnia.pl\/index.php?rest_route=\/wp\/v2\/types\/post"}],"author":[{"embeddable":true,"href":"https:\/\/www.mojabochnia.pl\/index.php?rest_route=\/wp\/v2\/users\/25"}],"replies":[{"embeddable":true,"href":"https:\/\/www.mojabochnia.pl\/index.php?rest_route=%2Fwp%2Fv2%2Fcomments&post=39431"}],"version-history":[{"count":0,"href":"https:\/\/www.mojabochnia.pl\/index.php?rest_route=\/wp\/v2\/posts\/39431\/revisions"}],"wp:attachment":[{"href":"https:\/\/www.mojabochnia.pl\/index.php?rest_route=%2Fwp%2Fv2%2Fmedia&parent=39431"}],"wp:term":[{"taxonomy":"category","embeddable":true,"href":"https:\/\/www.mojabochnia.pl\/index.php?rest_route=%2Fwp%2Fv2%2Fcategories&post=39431"},{"taxonomy":"post_tag","embeddable":true,"href":"https:\/\/www.mojabochnia.pl\/index.php?rest_route=%2Fwp%2Fv2%2Ftags&post=39431"}],"curies":[{"name":"wp","href":"https:\/\/api.w.org\/{rel}","templated":true}]}}