{"id":3933,"date":"2008-12-21T12:08:45","date_gmt":"2008-12-21T11:08:45","guid":{"rendered":"http:\/\/www.mojabochnia.pl\/?p=3933"},"modified":"2008-12-22T09:57:26","modified_gmt":"2008-12-22T08:57:26","slug":"muzeum-utracone-piekno-powiatu-bochenskiego","status":"publish","type":"post","link":"https:\/\/www.mojabochnia.pl\/?p=3933","title":{"rendered":"Muzeum: Utracone pi\u0119kno powiatu boche\u0144skiego"},"content":{"rendered":"<p>&#8211; <em>Ksi\u0105\u017cka opisuje rzeczywisto\u015b\u0107, kt\u00f3ra ju\u017c nie istnieje. Odesz\u0142a wraz z przemianami cywilizacyjnymi i kulturowymi, jakie zasz\u0142y na terenie powiatu boche\u0144skiego na przestrzeni ostatnich kilkudziesi\u0119ciu lat. Ponad 160 archiwalnych zdj\u0119\u0107 stanowi niezwyk\u0142y zapis czas\u00f3w, jakie pami\u0119tamy jeszcze sprzed wczoraj. Jednocze\u015bnie obrazuje warto\u015b\u0107, jaka przedstawia krajobraz kulturowy i jakie s\u0105 dla niego zagro\u017cenia w procesie szybkich przemian cywilizacyjnych, kt\u00f3rych jeste\u015bmy obecnie \u015bwiadkami<\/em> \u2013 m\u00f3wi\u0142 podczas spotkania autorskiego Jan Flasza.<\/p>\n<p>Zainteresowanie now\u0105 pozycj\u0105 by\u0142o tak du\u017ce, \u017ce sala Muzeum im. Stanis\u0142awa Fischera wype\u0142ni\u0142a si\u0119 po brzegi a podczas wieczoru autorskiego sprzedano ponad 100 ksi\u0105\u017cek. Do wielu z nich Jan Flasza wpisa\u0142 pami\u0105tkowe dedykacje.<\/p>\n<p>Ksi\u0105\u017ck\u0119 &#8222;Pi\u0119kno minione, utracone, niedoceniane&#8230;&#8221;, kt\u00f3ra zosta\u0142a wydana przez boche\u0144skie starostwo mo\u017cna zakupi\u0107 w Muzeum im. St. Fischera oraz w ksi\u0119garniach.<\/p>\n<p><img decoding=\"async\" src=\"\/f\/2008\/12\/081218_ksi\u0105\u017cka_flaszy1.jpg\" alt=\"null\" \/><br \/>\n<img decoding=\"async\" src=\"\/f\/2008\/12\/081218_ksi\u0105\u017cka_flaszy2.jpg\" alt=\"null\" \/><br \/>\n<img decoding=\"async\" src=\"\/f\/2008\/12\/081218_ksi\u0105\u017cka_flaszy3.jpg\" alt=\"null\" \/><br \/>\n<img decoding=\"async\" src=\"\/f\/2008\/12\/081218_ksi\u0105\u017cka_flaszy4.jpg\" alt=\"null\" \/><br \/>\n<img decoding=\"async\" src=\"\/f\/2008\/12\/081218_ksi\u0105\u017cka_flaszy5.jpg\" alt=\"null\" \/><br \/>\n<img decoding=\"async\" src=\"\/f\/2008\/12\/081218_ksi\u0105\u017cka_flaszy6.jpg\" alt=\"null\" \/><br \/>\n<img decoding=\"async\" src=\"\/f\/2008\/12\/081218_ksi\u0105\u017cka_flaszy7.jpg\" alt=\"null\" \/><br \/>\n<img decoding=\"async\" src=\"\/f\/2008\/12\/081218_ksi\u0105\u017cka_flaszy9.jpg\" alt=\"null\" \/><\/p>\n","protected":false},"excerpt":{"rendered":"<p>W ubieg\u0142y czwartek w boche\u0144skim muzeum odby\u0142a si\u0119 promocja najnowszej ksi\u0105\u017cki Jana Flaszy &#8222;Pi\u0119kno minione, utracone, niedoceniane&#8230;&#8221;. <\/p>\n","protected":false},"author":1,"featured_media":0,"comment_status":"open","ping_status":"closed","sticky":false,"template":"","format":"standard","meta":{"_acf_changed":false,"footnotes":""},"categories":[92],"tags":[17136,17126,17164,17290,74,1706,17346,17494,17174,1923,1772],"class_list":["post-3933","post","type-post","status-publish","format-standard","hentry","category-kultura","tag-jacek-pajak","tag-jan-flasza","tag-ksiazka","tag-muzeum","tag-muzeum-im-stanislawa-fischera","tag-promocja-ksiazki","tag-spotkanie","tag-starosta","tag-starostwo-powiatowe","tag-swieta-bozego-narodzenia","tag-wieczor-poezji"],"acf":[],"yoast_head":"<!-- This site is optimized with the Yoast SEO plugin v26.9 - https:\/\/yoast.com\/product\/yoast-seo-wordpress\/ -->\n<title>Muzeum: Utracone pi\u0119kno powiatu boche\u0144skiego - mojabochnia.pl - portal informacyjny<\/title>\n<meta name=\"robots\" content=\"index, follow, max-snippet:-1, max-image-preview:large, max-video-preview:-1\" \/>\n<link rel=\"canonical\" href=\"https:\/\/www.mojabochnia.pl\/?p=3933\" \/>\n<meta property=\"og:locale\" content=\"pl_PL\" \/>\n<meta property=\"og:type\" content=\"article\" \/>\n<meta property=\"og:title\" content=\"Muzeum: Utracone pi\u0119kno powiatu boche\u0144skiego - mojabochnia.pl - portal informacyjny\" \/>\n<meta property=\"og:description\" content=\"W ubieg\u0142y czwartek w boche\u0144skim muzeum odby\u0142a si\u0119 promocja najnowszej ksi\u0105\u017cki Jana Flaszy &quot;Pi\u0119kno minione, utracone, niedoceniane...&quot;.\" \/>\n<meta property=\"og:url\" content=\"https:\/\/www.mojabochnia.pl\/?p=3933\" \/>\n<meta property=\"og:site_name\" content=\"mojabochnia.pl - portal informacyjny\" \/>\n<meta property=\"article:publisher\" content=\"https:\/\/www.facebook.com\/mojabochnia\" \/>\n<meta property=\"article:published_time\" content=\"2008-12-21T11:08:45+00:00\" \/>\n<meta property=\"article:modified_time\" content=\"2008-12-22T08:57:26+00:00\" \/>\n<meta name=\"author\" content=\"administrator\" \/>\n<meta name=\"twitter:card\" content=\"summary_large_image\" \/>\n<meta name=\"twitter:label1\" content=\"Written by\" \/>\n\t<meta name=\"twitter:data1\" content=\"administrator\" \/>\n\t<meta name=\"twitter:label2\" content=\"Est. reading time\" \/>\n\t<meta name=\"twitter:data2\" content=\"1 minuta\" \/>\n<script type=\"application\/ld+json\" class=\"yoast-schema-graph\">{\"@context\":\"https:\/\/schema.org\",\"@graph\":[{\"@type\":\"Article\",\"@id\":\"https:\/\/www.mojabochnia.pl\/?p=3933#article\",\"isPartOf\":{\"@id\":\"https:\/\/www.mojabochnia.pl\/?p=3933\"},\"author\":{\"name\":\"administrator\",\"@id\":\"https:\/\/www.mojabochnia.pl\/#\/schema\/person\/c00e1f64e6fa0e6de6d410f2c340017f\"},\"headline\":\"Muzeum: Utracone pi\u0119kno powiatu boche\u0144skiego\",\"datePublished\":\"2008-12-21T11:08:45+00:00\",\"dateModified\":\"2008-12-22T08:57:26+00:00\",\"mainEntityOfPage\":{\"@id\":\"https:\/\/www.mojabochnia.pl\/?p=3933\"},\"wordCount\":154,\"commentCount\":0,\"publisher\":{\"@id\":\"https:\/\/www.mojabochnia.pl\/#organization\"},\"keywords\":[\"jacek paj\u0105k\",\"jan flasza\",\"ksi\u0105\u017cka\",\"muzeum\",\"muzeum im. stanis\u0142awa fischera\",\"promocja ksi\u0105\u017cki\",\"spotkanie\",\"starosta\",\"starostwo powiatowe\",\"\u015bwi\u0119ta bo\u017cego narodzenia\",\"wiecz\u00f3r poezji\"],\"articleSection\":[\"kultura\"],\"inLanguage\":\"pl-PL\",\"potentialAction\":[{\"@type\":\"CommentAction\",\"name\":\"Comment\",\"target\":[\"https:\/\/www.mojabochnia.pl\/?p=3933#respond\"]}]},{\"@type\":\"WebPage\",\"@id\":\"https:\/\/www.mojabochnia.pl\/?p=3933\",\"url\":\"https:\/\/www.mojabochnia.pl\/?p=3933\",\"name\":\"Muzeum: Utracone pi\u0119kno powiatu boche\u0144skiego - mojabochnia.pl - portal informacyjny\",\"isPartOf\":{\"@id\":\"https:\/\/www.mojabochnia.pl\/#website\"},\"datePublished\":\"2008-12-21T11:08:45+00:00\",\"dateModified\":\"2008-12-22T08:57:26+00:00\",\"breadcrumb\":{\"@id\":\"https:\/\/www.mojabochnia.pl\/?p=3933#breadcrumb\"},\"inLanguage\":\"pl-PL\",\"potentialAction\":[{\"@type\":\"ReadAction\",\"target\":[\"https:\/\/www.mojabochnia.pl\/?p=3933\"]}]},{\"@type\":\"BreadcrumbList\",\"@id\":\"https:\/\/www.mojabochnia.pl\/?p=3933#breadcrumb\",\"itemListElement\":[{\"@type\":\"ListItem\",\"position\":1,\"name\":\"Home\",\"item\":\"https:\/\/www.mojabochnia.pl\/\"},{\"@type\":\"ListItem\",\"position\":2,\"name\":\"Muzeum: Utracone pi\u0119kno powiatu boche\u0144skiego\"}]},{\"@type\":\"WebSite\",\"@id\":\"https:\/\/www.mojabochnia.pl\/#website\",\"url\":\"https:\/\/www.mojabochnia.pl\/\",\"name\":\"mojabochnia.pl - portal informacyjny\",\"description\":\"mojaBochnia to portal informacyjny o Bochni. Codziennie o Bochni piszemy i pokazujemy najwa\u017cniejsze wydarzenia\",\"publisher\":{\"@id\":\"https:\/\/www.mojabochnia.pl\/#organization\"},\"potentialAction\":[{\"@type\":\"SearchAction\",\"target\":{\"@type\":\"EntryPoint\",\"urlTemplate\":\"https:\/\/www.mojabochnia.pl\/?s={search_term_string}\"},\"query-input\":{\"@type\":\"PropertyValueSpecification\",\"valueRequired\":true,\"valueName\":\"search_term_string\"}}],\"inLanguage\":\"pl-PL\"},{\"@type\":\"Organization\",\"@id\":\"https:\/\/www.mojabochnia.pl\/#organization\",\"name\":\"mojabochnia.pl - portal informacyjny\",\"url\":\"https:\/\/www.mojabochnia.pl\/\",\"logo\":{\"@type\":\"ImageObject\",\"inLanguage\":\"pl-PL\",\"@id\":\"https:\/\/www.mojabochnia.pl\/#\/schema\/logo\/image\/\",\"url\":\"https:\/\/www.mojabochnia.pl\/wp-content\/uploads\/2017\/08\/logo-mb-opt.png\",\"contentUrl\":\"https:\/\/www.mojabochnia.pl\/wp-content\/uploads\/2017\/08\/logo-mb-opt.png\",\"width\":250,\"height\":48,\"caption\":\"mojabochnia.pl - portal informacyjny\"},\"image\":{\"@id\":\"https:\/\/www.mojabochnia.pl\/#\/schema\/logo\/image\/\"},\"sameAs\":[\"https:\/\/www.facebook.com\/mojabochnia\"]},{\"@type\":\"Person\",\"@id\":\"https:\/\/www.mojabochnia.pl\/#\/schema\/person\/c00e1f64e6fa0e6de6d410f2c340017f\",\"name\":\"administrator\",\"url\":\"https:\/\/www.mojabochnia.pl\/?author=1\"}]}<\/script>\n<!-- \/ Yoast SEO plugin. -->","yoast_head_json":{"title":"Muzeum: Utracone pi\u0119kno powiatu boche\u0144skiego - mojabochnia.pl - portal informacyjny","robots":{"index":"index","follow":"follow","max-snippet":"max-snippet:-1","max-image-preview":"max-image-preview:large","max-video-preview":"max-video-preview:-1"},"canonical":"https:\/\/www.mojabochnia.pl\/?p=3933","og_locale":"pl_PL","og_type":"article","og_title":"Muzeum: Utracone pi\u0119kno powiatu boche\u0144skiego - mojabochnia.pl - portal informacyjny","og_description":"W ubieg\u0142y czwartek w boche\u0144skim muzeum odby\u0142a si\u0119 promocja najnowszej ksi\u0105\u017cki Jana Flaszy \"Pi\u0119kno minione, utracone, niedoceniane...\".","og_url":"https:\/\/www.mojabochnia.pl\/?p=3933","og_site_name":"mojabochnia.pl - portal informacyjny","article_publisher":"https:\/\/www.facebook.com\/mojabochnia","article_published_time":"2008-12-21T11:08:45+00:00","article_modified_time":"2008-12-22T08:57:26+00:00","author":"administrator","twitter_card":"summary_large_image","twitter_misc":{"Written by":"administrator","Est. reading time":"1 minuta"},"schema":{"@context":"https:\/\/schema.org","@graph":[{"@type":"Article","@id":"https:\/\/www.mojabochnia.pl\/?p=3933#article","isPartOf":{"@id":"https:\/\/www.mojabochnia.pl\/?p=3933"},"author":{"name":"administrator","@id":"https:\/\/www.mojabochnia.pl\/#\/schema\/person\/c00e1f64e6fa0e6de6d410f2c340017f"},"headline":"Muzeum: Utracone pi\u0119kno powiatu boche\u0144skiego","datePublished":"2008-12-21T11:08:45+00:00","dateModified":"2008-12-22T08:57:26+00:00","mainEntityOfPage":{"@id":"https:\/\/www.mojabochnia.pl\/?p=3933"},"wordCount":154,"commentCount":0,"publisher":{"@id":"https:\/\/www.mojabochnia.pl\/#organization"},"keywords":["jacek paj\u0105k","jan flasza","ksi\u0105\u017cka","muzeum","muzeum im. stanis\u0142awa fischera","promocja ksi\u0105\u017cki","spotkanie","starosta","starostwo powiatowe","\u015bwi\u0119ta bo\u017cego narodzenia","wiecz\u00f3r poezji"],"articleSection":["kultura"],"inLanguage":"pl-PL","potentialAction":[{"@type":"CommentAction","name":"Comment","target":["https:\/\/www.mojabochnia.pl\/?p=3933#respond"]}]},{"@type":"WebPage","@id":"https:\/\/www.mojabochnia.pl\/?p=3933","url":"https:\/\/www.mojabochnia.pl\/?p=3933","name":"Muzeum: Utracone pi\u0119kno powiatu boche\u0144skiego - mojabochnia.pl - portal informacyjny","isPartOf":{"@id":"https:\/\/www.mojabochnia.pl\/#website"},"datePublished":"2008-12-21T11:08:45+00:00","dateModified":"2008-12-22T08:57:26+00:00","breadcrumb":{"@id":"https:\/\/www.mojabochnia.pl\/?p=3933#breadcrumb"},"inLanguage":"pl-PL","potentialAction":[{"@type":"ReadAction","target":["https:\/\/www.mojabochnia.pl\/?p=3933"]}]},{"@type":"BreadcrumbList","@id":"https:\/\/www.mojabochnia.pl\/?p=3933#breadcrumb","itemListElement":[{"@type":"ListItem","position":1,"name":"Home","item":"https:\/\/www.mojabochnia.pl\/"},{"@type":"ListItem","position":2,"name":"Muzeum: Utracone pi\u0119kno powiatu boche\u0144skiego"}]},{"@type":"WebSite","@id":"https:\/\/www.mojabochnia.pl\/#website","url":"https:\/\/www.mojabochnia.pl\/","name":"mojabochnia.pl - portal informacyjny","description":"mojaBochnia to portal informacyjny o Bochni. Codziennie o Bochni piszemy i pokazujemy najwa\u017cniejsze wydarzenia","publisher":{"@id":"https:\/\/www.mojabochnia.pl\/#organization"},"potentialAction":[{"@type":"SearchAction","target":{"@type":"EntryPoint","urlTemplate":"https:\/\/www.mojabochnia.pl\/?s={search_term_string}"},"query-input":{"@type":"PropertyValueSpecification","valueRequired":true,"valueName":"search_term_string"}}],"inLanguage":"pl-PL"},{"@type":"Organization","@id":"https:\/\/www.mojabochnia.pl\/#organization","name":"mojabochnia.pl - portal informacyjny","url":"https:\/\/www.mojabochnia.pl\/","logo":{"@type":"ImageObject","inLanguage":"pl-PL","@id":"https:\/\/www.mojabochnia.pl\/#\/schema\/logo\/image\/","url":"https:\/\/www.mojabochnia.pl\/wp-content\/uploads\/2017\/08\/logo-mb-opt.png","contentUrl":"https:\/\/www.mojabochnia.pl\/wp-content\/uploads\/2017\/08\/logo-mb-opt.png","width":250,"height":48,"caption":"mojabochnia.pl - portal informacyjny"},"image":{"@id":"https:\/\/www.mojabochnia.pl\/#\/schema\/logo\/image\/"},"sameAs":["https:\/\/www.facebook.com\/mojabochnia"]},{"@type":"Person","@id":"https:\/\/www.mojabochnia.pl\/#\/schema\/person\/c00e1f64e6fa0e6de6d410f2c340017f","name":"administrator","url":"https:\/\/www.mojabochnia.pl\/?author=1"}]}},"_links":{"self":[{"href":"https:\/\/www.mojabochnia.pl\/index.php?rest_route=\/wp\/v2\/posts\/3933","targetHints":{"allow":["GET"]}}],"collection":[{"href":"https:\/\/www.mojabochnia.pl\/index.php?rest_route=\/wp\/v2\/posts"}],"about":[{"href":"https:\/\/www.mojabochnia.pl\/index.php?rest_route=\/wp\/v2\/types\/post"}],"author":[{"embeddable":true,"href":"https:\/\/www.mojabochnia.pl\/index.php?rest_route=\/wp\/v2\/users\/1"}],"replies":[{"embeddable":true,"href":"https:\/\/www.mojabochnia.pl\/index.php?rest_route=%2Fwp%2Fv2%2Fcomments&post=3933"}],"version-history":[{"count":0,"href":"https:\/\/www.mojabochnia.pl\/index.php?rest_route=\/wp\/v2\/posts\/3933\/revisions"}],"wp:attachment":[{"href":"https:\/\/www.mojabochnia.pl\/index.php?rest_route=%2Fwp%2Fv2%2Fmedia&parent=3933"}],"wp:term":[{"taxonomy":"category","embeddable":true,"href":"https:\/\/www.mojabochnia.pl\/index.php?rest_route=%2Fwp%2Fv2%2Fcategories&post=3933"},{"taxonomy":"post_tag","embeddable":true,"href":"https:\/\/www.mojabochnia.pl\/index.php?rest_route=%2Fwp%2Fv2%2Ftags&post=3933"}],"curies":[{"name":"wp","href":"https:\/\/api.w.org\/{rel}","templated":true}]}}