{"id":39113,"date":"2010-11-18T14:08:24","date_gmt":"2010-11-18T13:08:24","guid":{"rendered":"http:\/\/www.mojabochnia.pl\/?p=39113"},"modified":"2010-11-20T08:34:10","modified_gmt":"2010-11-20T07:34:10","slug":"burmistrz-przeciwko-zarzutom-o-niegospodarnosc","status":"publish","type":"post","link":"https:\/\/www.mojabochnia.pl\/?p=39113","title":{"rendered":"Burmistrz przeciwko zarzutom o niegospodarno\u015b\u0107 przy rewitalizacji Placu Turka"},"content":{"rendered":"<p>&#8211; <em>Poniewa\u017c pojawi\u0142y si\u0119 w\u0105tpliwo\u015bci, nawet zarzuty odno\u015bnie niegospodarno\u015bci jaka mia\u0142a miejsce przy budowaniu Placu Turka &#8211; ja, jak mam w zwyczaju powa\u0142a\u0142em komisj\u0119, kt\u00f3ra zajmowa\u0142a si\u0119 zbadaniem rzetelno\u015bci tych zarzut\u00f3w. I mam wszelkie dokumenty, kt\u00f3re zostan\u0105 pa\u0144stwu udostepnione po to, aby\u015bcie mogli si\u0119 pa\u0144stwo zapozna\u017c z tym na co \u015brodki finansowe zosta\u0142y wykorzystane i jaka rzeczywista by\u0142a kwota wydatk\u00f3w na realizacj\u0119 tych zada\u0144 <\/em>&#8211; m\u00f3wi\u0142 Bogdan Kosturkiewicz.<\/p>\n<p>Wed\u0142ug przedstawionego przez burmistrza zestawienia reiwtalizacja Placu Turka kosztowa\u0142a 989962,06. Dokumenty przygotowa\u0142 Wydzia\u0142 Finansowo-Bud\u017cetowy.<\/p>\n<p><strong>Zestawienie cen za poszczeg\u00f3lne prace wykonane na placu Turka przedstawione prasie podczas dzisiejszej konferencji:<\/strong><\/p>\n<p>&#8211; wykonanie prac w zakresie piel\u0119gnacji istniej\u0105cej szaty ro\u015blinnej na Placu Turka, wymiana nawierzchni ci\u0105g\u00f3w pieszych: \u0142\u0105cznie 483315,42<\/p>\n<p>&#8211; nadz\u00f3r inspektora nad wykonaniem prac w zakresie piel\u0119gnacji istniej\u0105cej szaty ro\u015blinnej, projekt szaty ro\u015blinnej, nadz\u00f3r nad remontem nawierzchni ci\u0105g\u00f3w pieszych, nadz\u00f3r nad zagospodarowaniem teren\u00f3w zieleni z elementami ma\u0142ej architektury: \u0142\u0105cznie 18508,85<\/p>\n<p>&#8211; skanowanie map: 30,50<\/p>\n<p>&#8211; zdr\u00f3j uliczny, miska pod zdr\u00f3j uliczny: 8412,14<\/p>\n<p>&#8211; wykup o\u015bwietlenia: 14100,00<\/p>\n<p>&#8211; remont o\u015bwietlenia: 50064,98<\/p>\n<p>&#8211; inwentaryzacja powykonawcza: 3050,00<\/p>\n<p>&#8211; zagospodarowanie teren\u00f3w zieleni z elemntami ma\u0142ej architektury: \u0142\u0105cznie 392480,17<\/p>\n<p><strong>\u0142\u0105cznie: 969962,06<\/strong><\/p>\n","protected":false},"excerpt":{"rendered":"<p>Burmistrz Bogdan Kosturkiewicz przedstawi\u0142 dzisiaj dziennikarzom zestawienie faktur za prace wykonane podczas rewitalizacji Placu Turka. To w odniesieniu do &#8222;zarzut\u00f3w o niegospodarno\u015b\u0107&#8221;, kt\u00f3re wysun\u0105\u0142 niedawno podczas spotkania z pras\u0105 Stefan Kolawi\u0144ski.<\/p>\n","protected":false},"author":25,"featured_media":0,"comment_status":"open","ping_status":"closed","sticky":false,"template":"","format":"standard","meta":{"_acf_changed":false,"footnotes":""},"categories":[5,6251,6250],"tags":[17171,1462,7918,17237,17418,7781],"class_list":["post-39113","post","type-post","status-publish","format-standard","hentry","category-biezace-wydarzenia","category-polityka-i-wydarzenia","category-tematyka","tag-bogdan-kosturkiewicz","tag-ceny","tag-faktury","tag-plac-turka","tag-rewitalizacja","tag-stefan-kolawinski"],"acf":[],"yoast_head":"<!-- This site is optimized with the Yoast SEO plugin v26.9 - https:\/\/yoast.com\/product\/yoast-seo-wordpress\/ -->\n<title>Burmistrz przeciwko zarzutom o niegospodarno\u015b\u0107 przy rewitalizacji Placu Turka - mojabochnia.pl - portal informacyjny<\/title>\n<meta name=\"robots\" content=\"index, follow, max-snippet:-1, max-image-preview:large, max-video-preview:-1\" \/>\n<link rel=\"canonical\" href=\"https:\/\/www.mojabochnia.pl\/?p=39113\" \/>\n<meta property=\"og:locale\" content=\"pl_PL\" \/>\n<meta property=\"og:type\" content=\"article\" \/>\n<meta property=\"og:title\" content=\"Burmistrz przeciwko zarzutom o niegospodarno\u015b\u0107 przy rewitalizacji Placu Turka - mojabochnia.pl - portal informacyjny\" \/>\n<meta property=\"og:description\" content=\"Burmistrz Bogdan Kosturkiewicz przedstawi\u0142 dzisiaj dziennikarzom zestawienie faktur za prace wykonane podczas rewitalizacji Placu Turka. To w odniesieniu do &quot;zarzut\u00f3w o niegospodarno\u015b\u0107&quot;, kt\u00f3re wysun\u0105\u0142 niedawno podczas spotkania z pras\u0105 Stefan Kolawi\u0144ski.\" \/>\n<meta property=\"og:url\" content=\"https:\/\/www.mojabochnia.pl\/?p=39113\" \/>\n<meta property=\"og:site_name\" content=\"mojabochnia.pl - portal informacyjny\" \/>\n<meta property=\"article:publisher\" content=\"https:\/\/www.facebook.com\/mojabochnia\" \/>\n<meta property=\"article:published_time\" content=\"2010-11-18T13:08:24+00:00\" \/>\n<meta property=\"article:modified_time\" content=\"2010-11-20T07:34:10+00:00\" \/>\n<meta name=\"author\" content=\"Weronika Kucharska\" \/>\n<meta name=\"twitter:card\" content=\"summary_large_image\" \/>\n<meta name=\"twitter:label1\" content=\"Written by\" \/>\n\t<meta name=\"twitter:data1\" content=\"Weronika Kucharska\" \/>\n\t<meta name=\"twitter:label2\" content=\"Est. reading time\" \/>\n\t<meta name=\"twitter:data2\" content=\"1 minuta\" \/>\n<script type=\"application\/ld+json\" class=\"yoast-schema-graph\">{\"@context\":\"https:\/\/schema.org\",\"@graph\":[{\"@type\":\"Article\",\"@id\":\"https:\/\/www.mojabochnia.pl\/?p=39113#article\",\"isPartOf\":{\"@id\":\"https:\/\/www.mojabochnia.pl\/?p=39113\"},\"author\":{\"name\":\"Weronika Kucharska\",\"@id\":\"https:\/\/www.mojabochnia.pl\/#\/schema\/person\/8515edb0b31efb661d6df7949969c0ff\"},\"headline\":\"Burmistrz przeciwko zarzutom o niegospodarno\u015b\u0107 przy rewitalizacji Placu Turka\",\"datePublished\":\"2010-11-18T13:08:24+00:00\",\"dateModified\":\"2010-11-20T07:34:10+00:00\",\"mainEntityOfPage\":{\"@id\":\"https:\/\/www.mojabochnia.pl\/?p=39113\"},\"wordCount\":227,\"commentCount\":1,\"publisher\":{\"@id\":\"https:\/\/www.mojabochnia.pl\/#organization\"},\"keywords\":[\"bogdan kosturkiewicz\",\"ceny\",\"faktury\",\"plac turka\",\"rewitalizacja\",\"stefan kolawi\u0144ski\"],\"articleSection\":[\"2_ostatnie\",\"polityka i wydarzenia\",\"tematyka\"],\"inLanguage\":\"pl-PL\",\"potentialAction\":[{\"@type\":\"CommentAction\",\"name\":\"Comment\",\"target\":[\"https:\/\/www.mojabochnia.pl\/?p=39113#respond\"]}]},{\"@type\":\"WebPage\",\"@id\":\"https:\/\/www.mojabochnia.pl\/?p=39113\",\"url\":\"https:\/\/www.mojabochnia.pl\/?p=39113\",\"name\":\"Burmistrz przeciwko zarzutom o niegospodarno\u015b\u0107 przy rewitalizacji Placu Turka - mojabochnia.pl - portal informacyjny\",\"isPartOf\":{\"@id\":\"https:\/\/www.mojabochnia.pl\/#website\"},\"datePublished\":\"2010-11-18T13:08:24+00:00\",\"dateModified\":\"2010-11-20T07:34:10+00:00\",\"breadcrumb\":{\"@id\":\"https:\/\/www.mojabochnia.pl\/?p=39113#breadcrumb\"},\"inLanguage\":\"pl-PL\",\"potentialAction\":[{\"@type\":\"ReadAction\",\"target\":[\"https:\/\/www.mojabochnia.pl\/?p=39113\"]}]},{\"@type\":\"BreadcrumbList\",\"@id\":\"https:\/\/www.mojabochnia.pl\/?p=39113#breadcrumb\",\"itemListElement\":[{\"@type\":\"ListItem\",\"position\":1,\"name\":\"Home\",\"item\":\"https:\/\/www.mojabochnia.pl\/\"},{\"@type\":\"ListItem\",\"position\":2,\"name\":\"Burmistrz przeciwko zarzutom o niegospodarno\u015b\u0107 przy rewitalizacji Placu Turka\"}]},{\"@type\":\"WebSite\",\"@id\":\"https:\/\/www.mojabochnia.pl\/#website\",\"url\":\"https:\/\/www.mojabochnia.pl\/\",\"name\":\"mojabochnia.pl - portal informacyjny\",\"description\":\"mojaBochnia to portal informacyjny o Bochni. Codziennie o Bochni piszemy i pokazujemy najwa\u017cniejsze wydarzenia\",\"publisher\":{\"@id\":\"https:\/\/www.mojabochnia.pl\/#organization\"},\"potentialAction\":[{\"@type\":\"SearchAction\",\"target\":{\"@type\":\"EntryPoint\",\"urlTemplate\":\"https:\/\/www.mojabochnia.pl\/?s={search_term_string}\"},\"query-input\":{\"@type\":\"PropertyValueSpecification\",\"valueRequired\":true,\"valueName\":\"search_term_string\"}}],\"inLanguage\":\"pl-PL\"},{\"@type\":\"Organization\",\"@id\":\"https:\/\/www.mojabochnia.pl\/#organization\",\"name\":\"mojabochnia.pl - portal informacyjny\",\"url\":\"https:\/\/www.mojabochnia.pl\/\",\"logo\":{\"@type\":\"ImageObject\",\"inLanguage\":\"pl-PL\",\"@id\":\"https:\/\/www.mojabochnia.pl\/#\/schema\/logo\/image\/\",\"url\":\"https:\/\/www.mojabochnia.pl\/wp-content\/uploads\/2017\/08\/logo-mb-opt.png\",\"contentUrl\":\"https:\/\/www.mojabochnia.pl\/wp-content\/uploads\/2017\/08\/logo-mb-opt.png\",\"width\":250,\"height\":48,\"caption\":\"mojabochnia.pl - portal informacyjny\"},\"image\":{\"@id\":\"https:\/\/www.mojabochnia.pl\/#\/schema\/logo\/image\/\"},\"sameAs\":[\"https:\/\/www.facebook.com\/mojabochnia\"]},{\"@type\":\"Person\",\"@id\":\"https:\/\/www.mojabochnia.pl\/#\/schema\/person\/8515edb0b31efb661d6df7949969c0ff\",\"name\":\"Weronika Kucharska\",\"url\":\"https:\/\/www.mojabochnia.pl\/?author=25\"}]}<\/script>\n<!-- \/ Yoast SEO plugin. -->","yoast_head_json":{"title":"Burmistrz przeciwko zarzutom o niegospodarno\u015b\u0107 przy rewitalizacji Placu Turka - mojabochnia.pl - portal informacyjny","robots":{"index":"index","follow":"follow","max-snippet":"max-snippet:-1","max-image-preview":"max-image-preview:large","max-video-preview":"max-video-preview:-1"},"canonical":"https:\/\/www.mojabochnia.pl\/?p=39113","og_locale":"pl_PL","og_type":"article","og_title":"Burmistrz przeciwko zarzutom o niegospodarno\u015b\u0107 przy rewitalizacji Placu Turka - mojabochnia.pl - portal informacyjny","og_description":"Burmistrz Bogdan Kosturkiewicz przedstawi\u0142 dzisiaj dziennikarzom zestawienie faktur za prace wykonane podczas rewitalizacji Placu Turka. To w odniesieniu do \"zarzut\u00f3w o niegospodarno\u015b\u0107\", kt\u00f3re wysun\u0105\u0142 niedawno podczas spotkania z pras\u0105 Stefan Kolawi\u0144ski.","og_url":"https:\/\/www.mojabochnia.pl\/?p=39113","og_site_name":"mojabochnia.pl - portal informacyjny","article_publisher":"https:\/\/www.facebook.com\/mojabochnia","article_published_time":"2010-11-18T13:08:24+00:00","article_modified_time":"2010-11-20T07:34:10+00:00","author":"Weronika Kucharska","twitter_card":"summary_large_image","twitter_misc":{"Written by":"Weronika Kucharska","Est. reading time":"1 minuta"},"schema":{"@context":"https:\/\/schema.org","@graph":[{"@type":"Article","@id":"https:\/\/www.mojabochnia.pl\/?p=39113#article","isPartOf":{"@id":"https:\/\/www.mojabochnia.pl\/?p=39113"},"author":{"name":"Weronika Kucharska","@id":"https:\/\/www.mojabochnia.pl\/#\/schema\/person\/8515edb0b31efb661d6df7949969c0ff"},"headline":"Burmistrz przeciwko zarzutom o niegospodarno\u015b\u0107 przy rewitalizacji Placu Turka","datePublished":"2010-11-18T13:08:24+00:00","dateModified":"2010-11-20T07:34:10+00:00","mainEntityOfPage":{"@id":"https:\/\/www.mojabochnia.pl\/?p=39113"},"wordCount":227,"commentCount":1,"publisher":{"@id":"https:\/\/www.mojabochnia.pl\/#organization"},"keywords":["bogdan kosturkiewicz","ceny","faktury","plac turka","rewitalizacja","stefan kolawi\u0144ski"],"articleSection":["2_ostatnie","polityka i wydarzenia","tematyka"],"inLanguage":"pl-PL","potentialAction":[{"@type":"CommentAction","name":"Comment","target":["https:\/\/www.mojabochnia.pl\/?p=39113#respond"]}]},{"@type":"WebPage","@id":"https:\/\/www.mojabochnia.pl\/?p=39113","url":"https:\/\/www.mojabochnia.pl\/?p=39113","name":"Burmistrz przeciwko zarzutom o niegospodarno\u015b\u0107 przy rewitalizacji Placu Turka - mojabochnia.pl - portal informacyjny","isPartOf":{"@id":"https:\/\/www.mojabochnia.pl\/#website"},"datePublished":"2010-11-18T13:08:24+00:00","dateModified":"2010-11-20T07:34:10+00:00","breadcrumb":{"@id":"https:\/\/www.mojabochnia.pl\/?p=39113#breadcrumb"},"inLanguage":"pl-PL","potentialAction":[{"@type":"ReadAction","target":["https:\/\/www.mojabochnia.pl\/?p=39113"]}]},{"@type":"BreadcrumbList","@id":"https:\/\/www.mojabochnia.pl\/?p=39113#breadcrumb","itemListElement":[{"@type":"ListItem","position":1,"name":"Home","item":"https:\/\/www.mojabochnia.pl\/"},{"@type":"ListItem","position":2,"name":"Burmistrz przeciwko zarzutom o niegospodarno\u015b\u0107 przy rewitalizacji Placu Turka"}]},{"@type":"WebSite","@id":"https:\/\/www.mojabochnia.pl\/#website","url":"https:\/\/www.mojabochnia.pl\/","name":"mojabochnia.pl - portal informacyjny","description":"mojaBochnia to portal informacyjny o Bochni. Codziennie o Bochni piszemy i pokazujemy najwa\u017cniejsze wydarzenia","publisher":{"@id":"https:\/\/www.mojabochnia.pl\/#organization"},"potentialAction":[{"@type":"SearchAction","target":{"@type":"EntryPoint","urlTemplate":"https:\/\/www.mojabochnia.pl\/?s={search_term_string}"},"query-input":{"@type":"PropertyValueSpecification","valueRequired":true,"valueName":"search_term_string"}}],"inLanguage":"pl-PL"},{"@type":"Organization","@id":"https:\/\/www.mojabochnia.pl\/#organization","name":"mojabochnia.pl - portal informacyjny","url":"https:\/\/www.mojabochnia.pl\/","logo":{"@type":"ImageObject","inLanguage":"pl-PL","@id":"https:\/\/www.mojabochnia.pl\/#\/schema\/logo\/image\/","url":"https:\/\/www.mojabochnia.pl\/wp-content\/uploads\/2017\/08\/logo-mb-opt.png","contentUrl":"https:\/\/www.mojabochnia.pl\/wp-content\/uploads\/2017\/08\/logo-mb-opt.png","width":250,"height":48,"caption":"mojabochnia.pl - portal informacyjny"},"image":{"@id":"https:\/\/www.mojabochnia.pl\/#\/schema\/logo\/image\/"},"sameAs":["https:\/\/www.facebook.com\/mojabochnia"]},{"@type":"Person","@id":"https:\/\/www.mojabochnia.pl\/#\/schema\/person\/8515edb0b31efb661d6df7949969c0ff","name":"Weronika Kucharska","url":"https:\/\/www.mojabochnia.pl\/?author=25"}]}},"_links":{"self":[{"href":"https:\/\/www.mojabochnia.pl\/index.php?rest_route=\/wp\/v2\/posts\/39113","targetHints":{"allow":["GET"]}}],"collection":[{"href":"https:\/\/www.mojabochnia.pl\/index.php?rest_route=\/wp\/v2\/posts"}],"about":[{"href":"https:\/\/www.mojabochnia.pl\/index.php?rest_route=\/wp\/v2\/types\/post"}],"author":[{"embeddable":true,"href":"https:\/\/www.mojabochnia.pl\/index.php?rest_route=\/wp\/v2\/users\/25"}],"replies":[{"embeddable":true,"href":"https:\/\/www.mojabochnia.pl\/index.php?rest_route=%2Fwp%2Fv2%2Fcomments&post=39113"}],"version-history":[{"count":0,"href":"https:\/\/www.mojabochnia.pl\/index.php?rest_route=\/wp\/v2\/posts\/39113\/revisions"}],"wp:attachment":[{"href":"https:\/\/www.mojabochnia.pl\/index.php?rest_route=%2Fwp%2Fv2%2Fmedia&parent=39113"}],"wp:term":[{"taxonomy":"category","embeddable":true,"href":"https:\/\/www.mojabochnia.pl\/index.php?rest_route=%2Fwp%2Fv2%2Fcategories&post=39113"},{"taxonomy":"post_tag","embeddable":true,"href":"https:\/\/www.mojabochnia.pl\/index.php?rest_route=%2Fwp%2Fv2%2Ftags&post=39113"}],"curies":[{"name":"wp","href":"https:\/\/api.w.org\/{rel}","templated":true}]}}