{"id":37964,"date":"2010-11-18T14:30:12","date_gmt":"2010-11-18T13:30:12","guid":{"rendered":"http:\/\/www.mojabochnia.pl\/?p=37964"},"modified":"2010-11-18T17:00:54","modified_gmt":"2010-11-18T16:00:54","slug":"andrzej-jagodzinski-trio-w-sprzedazy-bilety-na-koncert","status":"publish","type":"post","link":"https:\/\/www.mojabochnia.pl\/?p=37964","title":{"rendered":"Andrzej Jagodzi\u0144ski Trio &#8211; w sprzeda\u017cy bilety na koncert"},"content":{"rendered":"<p><strong>Andrzej Jagodzi\u0144ski<\/strong> &#8211; pianista, kompozytor i aran\u017cer. Absolwent Akademii Muzycznej im. F. Chopina w Warszawie w klasie waltorni. W latach 1975 &#8211; 1980 zwi\u0105zany by\u0142 z Orkiestr\u0105 Polskiego Radia i Telewizji w Warszawie. W roku 1979 otrzyma\u0142 nagrod\u0119 w konkursie Old Jazz Meeting &#8222;Z\u0142ota Tarka&#8221;. Andrzej Jagodzi\u0144ski w swym dorobku artystycznym ma wyst\u0119py i nagrania z wieloma polskimi zespo\u0142ami jazzowymi &#8211; m. in Old Timers, Swing Session, String Connection, Kwartet Zbigniewa Namys\u0142owskiego, Kwartet Janusza Muniaka, Big Warsaw Band, Quintessence, &#8222;Czwartet&#8221; Jana Ptaszyna Wr\u00f3blewskiego. Od 1987 roku jest sta\u0142ym akompaniatorem Ewy Bem.<\/p>\n<p>W swej dotychczasowej karierze koncertowa\u0142 niemal na ca\u0142ym \u015bwiecie bior\u0105c udzia\u0142 mi\u0119dzy innymi w Jazz Yatra &#8211; Bombay, Ost-West Nurnberg, Jazz in Europe-Paris, Skane Festivalen in Malmo, Edinburgh Art Festival, Ankara Music Festival, Leverkusener Jazz Tage, Istanbul International Festival, Ankara Music Festival. W roku 1993 stworzy\u0142 zesp\u00f3\u0142 firmowany swoim nazwiskiem &#8211; Andrzej Jagodzi\u0144ski Trio.<\/p>\n<p>Trio w uznaniu sprzeda\u017cy p\u0142yty Chopin Once More zosta\u0142o nagrodzone w roku 2000 Z\u0142ot\u0105 P\u0142yt\u0105. Andrzej Jagodzi\u0144ski w roku 2005 jako jedyny Polak zasiada\u0142 w jury I Mi\u0119dzynarodowego Konkursu Pianist\u00f3w Jazzowych w Moskwie. W roku 2005 Andrzej Jagodzi\u0144ski zosta\u0142 uhonorowany przez Ministra Kultury Br\u0105zowym Medalem &#8222;Zas\u0142u\u017cony Kulturze Gloria Artis&#8221;.<\/p>\n<p><strong>Adam Cegielski<\/strong> &#8211; kontrabasista, absolwent Akademii Muzycznej im. F. Chopina w Warszawie. Debiutowa\u0142 na scenie jazzowej w zespole &#8222;Central Heating Trio&#8221;, z kt\u00f3rym zwyci\u0119\u017cy\u0142 w konkursie Jazz Juniors w Krakowie w 1990 roku zdobywaj\u0105c r\u00f3wnie\u017c nagrod\u0119 indywidualn\u0105.<\/p>\n<p>Z &#8222;CHT&#8221; uczestniczy\u0142 w fina\u0142ach dwu europejskich konkurs\u00f3w jazzowych &#8211; Leverkusen\/Niemcy 1990 i Hoeilaart\/Belgia 1990. W grudniu 1990 &#8222;CHT&#8221; otrzyma\u0142o &#8222;Klucz do kariery&#8221; nagrod\u0119 publiczno\u015bci dla najlepszego zespo\u0142u trasy koncertowej &#8222;Pomorska Jesie\u0144 Jazzowa&#8221;. Gra\u0142 w zespole Kazimierza Jonkisza, w zespole &#8222;Quintessence&#8221;, w kwartecie Kuby Stankiewicza. Wsp\u00f3\u0142pracowa\u0142 z Ew\u0105 Bem, Tomaszem Sta\u0144ko, Zbigniewem Namys\u0142owskim, Wojciechem Karolakiem, Henrykiem Mi\u015bkiewiczem, Zbigniewem Preisnerem, Janem AP Kaczmarkiem, orkiestr\u0105 &#8222;Sinfonia Varsovia&#8221;.<\/p>\n<p>Jest cenionym muzykiem sesyjnym. Od 1994 Adam Cegielski prowadzi klas\u0119 kontrabasu na Wydziale Jazzu w Zespole Pa\u0144stwowych Szk\u00f3\u0142 Muzycznych im. F. Chopina w Warszawie gdzie od roku 2005 pe\u0142ni tak\u017ce funkcj\u0119 wicedyrektora do spraw kszta\u0142cenia jazzowego.<\/p>\n<p><strong>Czes\u0142aw Bartkowski<\/strong> &#8211; z muzyk\u0105 zwi\u0105zany od 6. roku \u017cycia. Perkusista jazzowy, legenda polskiej sceny jazzowej. Aktywn\u0105 dzia\u0142alno\u015b\u0107 koncertow\u0105 prowadzi nieprzerwanie od 1960 r. kiedy to debiutowa\u0142 w &#8222;Far Quartet&#8221; Jerzego Pakulskiego. Gra\u0142 w zespo\u0142ach m.in.: Krzysztofa Komedy, Zbigniewa Namys\u0142owskiego, Czes\u0142awa Niemena, Tomasza Sta\u0144ko, Adama Makowicza, Micha\u0142a Urbaniaka i Urszuli Dudziak, Wojtka Karolaka, Jana Ptaszyna Wr\u00f3blewskiego i Henryka Majewskiego.<\/p>\n<p>Pracowa\u0142 te\u017c z takimi muzykami, jak: Art. Farmer, Ben Webster, Clark Terry, Aladar Pege. Wystepowa\u0142 niemal na wszystkich wa\u017cniejszych festiwalach jazzowych na \u015bwiecie: Newport, Pori, Montreux, The North See, The Berliner Jazz Tage, Molde, The New York Jazz Festival, Tauranga, Comblain La Tour, India Jazz Festival&#8230; i wiele innych.<\/p>\n<p>Od 1993 wyk\u0142adowca w klasie perkusji i kierownik Wydzia\u0142u Jazzu w Zespole Pa\u0144stwowych Szk\u00f3\u0142 Muzycznych im. F. Chopina oraz Studium Jazzowego w Warszawie. Honorowy Cz\u0142onek &#8222;Tauranga Jazz Festival Society&#8221; oraz &#8222;The New Orleans Clubs New Castle on Tyne England&#8221;. Zas\u0142u\u017cony Dzia\u0142acz Kultury; laureat Nagrody Indywidualnej I Stopnia za Szczeg\u00f3lny Wk\u0142ad w Rozw\u00f3j Edukacji Artystycznej w Polsce.<\/p>\n<p>Trio Jagodzie\u0144skiego da koncert w boche\u0144skiej szkole muzycznej 27 listopada 2010r. o godz. 16:30.<br \/>\nBilety w cenie 10 z\u0142 do nabycia w sekretariacie Miejskiego Domu Kultury w Bochni, od poniedzia\u0142ku do pi\u0105tku, w godzinach od 8:00 do 16:00.<\/p>\n","protected":false},"excerpt":{"rendered":"<p>W Miejskim Domu Kultury mo\u017cna naby\u0107 bilety na jazzowy koncert trio Andrzeja Jagodzi\u0144skiego, kt\u00f3ry za niespe\u0142na dwa tygodnie wyst\u0105pi w Bochni. Koncert odb\u0119dzie si\u0119 w Szkole Muzycznej im. prof. Jerzego \u017burawlewa.<\/p>\n","protected":false},"author":25,"featured_media":0,"comment_status":"open","ping_status":"closed","sticky":false,"template":"","format":"standard","meta":{"_acf_changed":false,"footnotes":""},"categories":[5,92,6250],"tags":[7888,797,1407,17108,17123,7889],"class_list":["post-37964","post","type-post","status-publish","format-standard","hentry","category-biezace-wydarzenia","category-kultura","category-tematyka","tag-andrzej-jagodzinski","tag-bilety","tag-jazz","tag-koncert","tag-muzyka","tag-trio-jagodinskiego"],"acf":[],"yoast_head":"<!-- This site is optimized with the Yoast SEO plugin v26.9 - https:\/\/yoast.com\/product\/yoast-seo-wordpress\/ -->\n<title>Andrzej Jagodzi\u0144ski Trio - w sprzeda\u017cy bilety na koncert - mojabochnia.pl - portal informacyjny<\/title>\n<meta name=\"robots\" content=\"index, follow, max-snippet:-1, max-image-preview:large, max-video-preview:-1\" \/>\n<link rel=\"canonical\" href=\"https:\/\/www.mojabochnia.pl\/?p=37964\" \/>\n<meta property=\"og:locale\" content=\"pl_PL\" \/>\n<meta property=\"og:type\" content=\"article\" \/>\n<meta property=\"og:title\" content=\"Andrzej Jagodzi\u0144ski Trio - w sprzeda\u017cy bilety na koncert - mojabochnia.pl - portal informacyjny\" \/>\n<meta property=\"og:description\" content=\"W Miejskim Domu Kultury mo\u017cna naby\u0107 bilety na jazzowy koncert trio Andrzeja Jagodzi\u0144skiego, kt\u00f3ry za niespe\u0142na dwa tygodnie wyst\u0105pi w Bochni. Koncert odb\u0119dzie si\u0119 w Szkole Muzycznej im. prof. Jerzego \u017burawlewa.\" \/>\n<meta property=\"og:url\" content=\"https:\/\/www.mojabochnia.pl\/?p=37964\" \/>\n<meta property=\"og:site_name\" content=\"mojabochnia.pl - portal informacyjny\" \/>\n<meta property=\"article:publisher\" content=\"https:\/\/www.facebook.com\/mojabochnia\" \/>\n<meta property=\"article:published_time\" content=\"2010-11-18T13:30:12+00:00\" \/>\n<meta property=\"article:modified_time\" content=\"2010-11-18T16:00:54+00:00\" \/>\n<meta name=\"author\" content=\"Weronika Kucharska\" \/>\n<meta name=\"twitter:card\" content=\"summary_large_image\" \/>\n<meta name=\"twitter:label1\" content=\"Written by\" \/>\n\t<meta name=\"twitter:data1\" content=\"Weronika Kucharska\" \/>\n\t<meta name=\"twitter:label2\" content=\"Est. reading time\" \/>\n\t<meta name=\"twitter:data2\" content=\"3 minuty\" \/>\n<script type=\"application\/ld+json\" class=\"yoast-schema-graph\">{\"@context\":\"https:\/\/schema.org\",\"@graph\":[{\"@type\":\"Article\",\"@id\":\"https:\/\/www.mojabochnia.pl\/?p=37964#article\",\"isPartOf\":{\"@id\":\"https:\/\/www.mojabochnia.pl\/?p=37964\"},\"author\":{\"name\":\"Weronika Kucharska\",\"@id\":\"https:\/\/www.mojabochnia.pl\/#\/schema\/person\/8515edb0b31efb661d6df7949969c0ff\"},\"headline\":\"Andrzej Jagodzi\u0144ski Trio &#8211; w sprzeda\u017cy bilety na koncert\",\"datePublished\":\"2010-11-18T13:30:12+00:00\",\"dateModified\":\"2010-11-18T16:00:54+00:00\",\"mainEntityOfPage\":{\"@id\":\"https:\/\/www.mojabochnia.pl\/?p=37964\"},\"wordCount\":593,\"commentCount\":0,\"publisher\":{\"@id\":\"https:\/\/www.mojabochnia.pl\/#organization\"},\"keywords\":[\"andrzej jagodzi\u0144ski\",\"bilety\",\"jazz\",\"koncert\",\"muzyka\",\"trio jagodi\u0144skiego\"],\"articleSection\":[\"2_ostatnie\",\"kultura\",\"tematyka\"],\"inLanguage\":\"pl-PL\",\"potentialAction\":[{\"@type\":\"CommentAction\",\"name\":\"Comment\",\"target\":[\"https:\/\/www.mojabochnia.pl\/?p=37964#respond\"]}]},{\"@type\":\"WebPage\",\"@id\":\"https:\/\/www.mojabochnia.pl\/?p=37964\",\"url\":\"https:\/\/www.mojabochnia.pl\/?p=37964\",\"name\":\"Andrzej Jagodzi\u0144ski Trio - w sprzeda\u017cy bilety na koncert - mojabochnia.pl - portal informacyjny\",\"isPartOf\":{\"@id\":\"https:\/\/www.mojabochnia.pl\/#website\"},\"datePublished\":\"2010-11-18T13:30:12+00:00\",\"dateModified\":\"2010-11-18T16:00:54+00:00\",\"breadcrumb\":{\"@id\":\"https:\/\/www.mojabochnia.pl\/?p=37964#breadcrumb\"},\"inLanguage\":\"pl-PL\",\"potentialAction\":[{\"@type\":\"ReadAction\",\"target\":[\"https:\/\/www.mojabochnia.pl\/?p=37964\"]}]},{\"@type\":\"BreadcrumbList\",\"@id\":\"https:\/\/www.mojabochnia.pl\/?p=37964#breadcrumb\",\"itemListElement\":[{\"@type\":\"ListItem\",\"position\":1,\"name\":\"Home\",\"item\":\"https:\/\/www.mojabochnia.pl\/\"},{\"@type\":\"ListItem\",\"position\":2,\"name\":\"Andrzej Jagodzi\u0144ski Trio &#8211; w sprzeda\u017cy bilety na koncert\"}]},{\"@type\":\"WebSite\",\"@id\":\"https:\/\/www.mojabochnia.pl\/#website\",\"url\":\"https:\/\/www.mojabochnia.pl\/\",\"name\":\"mojabochnia.pl - portal informacyjny\",\"description\":\"mojaBochnia to portal informacyjny o Bochni. Codziennie o Bochni piszemy i pokazujemy najwa\u017cniejsze wydarzenia\",\"publisher\":{\"@id\":\"https:\/\/www.mojabochnia.pl\/#organization\"},\"potentialAction\":[{\"@type\":\"SearchAction\",\"target\":{\"@type\":\"EntryPoint\",\"urlTemplate\":\"https:\/\/www.mojabochnia.pl\/?s={search_term_string}\"},\"query-input\":{\"@type\":\"PropertyValueSpecification\",\"valueRequired\":true,\"valueName\":\"search_term_string\"}}],\"inLanguage\":\"pl-PL\"},{\"@type\":\"Organization\",\"@id\":\"https:\/\/www.mojabochnia.pl\/#organization\",\"name\":\"mojabochnia.pl - portal informacyjny\",\"url\":\"https:\/\/www.mojabochnia.pl\/\",\"logo\":{\"@type\":\"ImageObject\",\"inLanguage\":\"pl-PL\",\"@id\":\"https:\/\/www.mojabochnia.pl\/#\/schema\/logo\/image\/\",\"url\":\"https:\/\/www.mojabochnia.pl\/wp-content\/uploads\/2017\/08\/logo-mb-opt.png\",\"contentUrl\":\"https:\/\/www.mojabochnia.pl\/wp-content\/uploads\/2017\/08\/logo-mb-opt.png\",\"width\":250,\"height\":48,\"caption\":\"mojabochnia.pl - portal informacyjny\"},\"image\":{\"@id\":\"https:\/\/www.mojabochnia.pl\/#\/schema\/logo\/image\/\"},\"sameAs\":[\"https:\/\/www.facebook.com\/mojabochnia\"]},{\"@type\":\"Person\",\"@id\":\"https:\/\/www.mojabochnia.pl\/#\/schema\/person\/8515edb0b31efb661d6df7949969c0ff\",\"name\":\"Weronika Kucharska\",\"url\":\"https:\/\/www.mojabochnia.pl\/?author=25\"}]}<\/script>\n<!-- \/ Yoast SEO plugin. -->","yoast_head_json":{"title":"Andrzej Jagodzi\u0144ski Trio - w sprzeda\u017cy bilety na koncert - mojabochnia.pl - portal informacyjny","robots":{"index":"index","follow":"follow","max-snippet":"max-snippet:-1","max-image-preview":"max-image-preview:large","max-video-preview":"max-video-preview:-1"},"canonical":"https:\/\/www.mojabochnia.pl\/?p=37964","og_locale":"pl_PL","og_type":"article","og_title":"Andrzej Jagodzi\u0144ski Trio - w sprzeda\u017cy bilety na koncert - mojabochnia.pl - portal informacyjny","og_description":"W Miejskim Domu Kultury mo\u017cna naby\u0107 bilety na jazzowy koncert trio Andrzeja Jagodzi\u0144skiego, kt\u00f3ry za niespe\u0142na dwa tygodnie wyst\u0105pi w Bochni. Koncert odb\u0119dzie si\u0119 w Szkole Muzycznej im. prof. Jerzego \u017burawlewa.","og_url":"https:\/\/www.mojabochnia.pl\/?p=37964","og_site_name":"mojabochnia.pl - portal informacyjny","article_publisher":"https:\/\/www.facebook.com\/mojabochnia","article_published_time":"2010-11-18T13:30:12+00:00","article_modified_time":"2010-11-18T16:00:54+00:00","author":"Weronika Kucharska","twitter_card":"summary_large_image","twitter_misc":{"Written by":"Weronika Kucharska","Est. reading time":"3 minuty"},"schema":{"@context":"https:\/\/schema.org","@graph":[{"@type":"Article","@id":"https:\/\/www.mojabochnia.pl\/?p=37964#article","isPartOf":{"@id":"https:\/\/www.mojabochnia.pl\/?p=37964"},"author":{"name":"Weronika Kucharska","@id":"https:\/\/www.mojabochnia.pl\/#\/schema\/person\/8515edb0b31efb661d6df7949969c0ff"},"headline":"Andrzej Jagodzi\u0144ski Trio &#8211; w sprzeda\u017cy bilety na koncert","datePublished":"2010-11-18T13:30:12+00:00","dateModified":"2010-11-18T16:00:54+00:00","mainEntityOfPage":{"@id":"https:\/\/www.mojabochnia.pl\/?p=37964"},"wordCount":593,"commentCount":0,"publisher":{"@id":"https:\/\/www.mojabochnia.pl\/#organization"},"keywords":["andrzej jagodzi\u0144ski","bilety","jazz","koncert","muzyka","trio jagodi\u0144skiego"],"articleSection":["2_ostatnie","kultura","tematyka"],"inLanguage":"pl-PL","potentialAction":[{"@type":"CommentAction","name":"Comment","target":["https:\/\/www.mojabochnia.pl\/?p=37964#respond"]}]},{"@type":"WebPage","@id":"https:\/\/www.mojabochnia.pl\/?p=37964","url":"https:\/\/www.mojabochnia.pl\/?p=37964","name":"Andrzej Jagodzi\u0144ski Trio - w sprzeda\u017cy bilety na koncert - mojabochnia.pl - portal informacyjny","isPartOf":{"@id":"https:\/\/www.mojabochnia.pl\/#website"},"datePublished":"2010-11-18T13:30:12+00:00","dateModified":"2010-11-18T16:00:54+00:00","breadcrumb":{"@id":"https:\/\/www.mojabochnia.pl\/?p=37964#breadcrumb"},"inLanguage":"pl-PL","potentialAction":[{"@type":"ReadAction","target":["https:\/\/www.mojabochnia.pl\/?p=37964"]}]},{"@type":"BreadcrumbList","@id":"https:\/\/www.mojabochnia.pl\/?p=37964#breadcrumb","itemListElement":[{"@type":"ListItem","position":1,"name":"Home","item":"https:\/\/www.mojabochnia.pl\/"},{"@type":"ListItem","position":2,"name":"Andrzej Jagodzi\u0144ski Trio &#8211; w sprzeda\u017cy bilety na koncert"}]},{"@type":"WebSite","@id":"https:\/\/www.mojabochnia.pl\/#website","url":"https:\/\/www.mojabochnia.pl\/","name":"mojabochnia.pl - portal informacyjny","description":"mojaBochnia to portal informacyjny o Bochni. Codziennie o Bochni piszemy i pokazujemy najwa\u017cniejsze wydarzenia","publisher":{"@id":"https:\/\/www.mojabochnia.pl\/#organization"},"potentialAction":[{"@type":"SearchAction","target":{"@type":"EntryPoint","urlTemplate":"https:\/\/www.mojabochnia.pl\/?s={search_term_string}"},"query-input":{"@type":"PropertyValueSpecification","valueRequired":true,"valueName":"search_term_string"}}],"inLanguage":"pl-PL"},{"@type":"Organization","@id":"https:\/\/www.mojabochnia.pl\/#organization","name":"mojabochnia.pl - portal informacyjny","url":"https:\/\/www.mojabochnia.pl\/","logo":{"@type":"ImageObject","inLanguage":"pl-PL","@id":"https:\/\/www.mojabochnia.pl\/#\/schema\/logo\/image\/","url":"https:\/\/www.mojabochnia.pl\/wp-content\/uploads\/2017\/08\/logo-mb-opt.png","contentUrl":"https:\/\/www.mojabochnia.pl\/wp-content\/uploads\/2017\/08\/logo-mb-opt.png","width":250,"height":48,"caption":"mojabochnia.pl - portal informacyjny"},"image":{"@id":"https:\/\/www.mojabochnia.pl\/#\/schema\/logo\/image\/"},"sameAs":["https:\/\/www.facebook.com\/mojabochnia"]},{"@type":"Person","@id":"https:\/\/www.mojabochnia.pl\/#\/schema\/person\/8515edb0b31efb661d6df7949969c0ff","name":"Weronika Kucharska","url":"https:\/\/www.mojabochnia.pl\/?author=25"}]}},"_links":{"self":[{"href":"https:\/\/www.mojabochnia.pl\/index.php?rest_route=\/wp\/v2\/posts\/37964","targetHints":{"allow":["GET"]}}],"collection":[{"href":"https:\/\/www.mojabochnia.pl\/index.php?rest_route=\/wp\/v2\/posts"}],"about":[{"href":"https:\/\/www.mojabochnia.pl\/index.php?rest_route=\/wp\/v2\/types\/post"}],"author":[{"embeddable":true,"href":"https:\/\/www.mojabochnia.pl\/index.php?rest_route=\/wp\/v2\/users\/25"}],"replies":[{"embeddable":true,"href":"https:\/\/www.mojabochnia.pl\/index.php?rest_route=%2Fwp%2Fv2%2Fcomments&post=37964"}],"version-history":[{"count":0,"href":"https:\/\/www.mojabochnia.pl\/index.php?rest_route=\/wp\/v2\/posts\/37964\/revisions"}],"wp:attachment":[{"href":"https:\/\/www.mojabochnia.pl\/index.php?rest_route=%2Fwp%2Fv2%2Fmedia&parent=37964"}],"wp:term":[{"taxonomy":"category","embeddable":true,"href":"https:\/\/www.mojabochnia.pl\/index.php?rest_route=%2Fwp%2Fv2%2Fcategories&post=37964"},{"taxonomy":"post_tag","embeddable":true,"href":"https:\/\/www.mojabochnia.pl\/index.php?rest_route=%2Fwp%2Fv2%2Ftags&post=37964"}],"curies":[{"name":"wp","href":"https:\/\/api.w.org\/{rel}","templated":true}]}}