{"id":3774,"date":"2008-12-16T17:00:03","date_gmt":"2008-12-16T16:00:03","guid":{"rendered":"http:\/\/www.mojabochnia.pl\/?p=3774"},"modified":"2008-12-17T12:04:21","modified_gmt":"2008-12-17T11:04:21","slug":"do-domu-ojca-odszedl-ks-jozef-strugala-wieloletni-proboszcz-z-n-wisnicza","status":"publish","type":"post","link":"https:\/\/www.mojabochnia.pl\/?p=3774","title":{"rendered":"Do domu Ojca odszed\u0142 ks. Pra\u0142at J\u00f3zef Struga\u0142a &#8211; wieloletni proboszcz w Nowym Wi\u015bniczu"},"content":{"rendered":"<p>Ksi\u0105dz. Pra\u0142at J\u00f3zef Struga\u0142a urodzi\u0142 si\u0119 26 wrze\u015bnia 1937 roku, \u015bwi\u0119cenia kap\u0142a\u0144skie otrzyma\u0142 w 1963 roku. Od 1986 roku by\u0142 proboszczem w Nowym Wi\u015bniczu. W 2007 roku przeszed\u0142 na emerytur\u0119. Ostatnio by\u0142 kapelanem Zak\u0142adu Karnego w Nowym Wi\u015bniczu. Z jego inicjatywy w zak\u0142adzie utworzono kaplic\u0119.<\/p>\n<p>16 pa\u017adziernika w 30. rocznic\u0119 wyboru Jana Paw\u0142a II w Urz\u0119dzie Wojew\u00f3dzkim w Tarnowie odby\u0142a si\u0119 uroczysto\u015b\u0107, w czasie kt\u00f3rej ks. pra\u0142at J\u00f3zef Struga\u0142a odznaczony zosta\u0142 za 42-letni\u0105 prac\u0119 pedagogiczn\u0105 Medalem Edukacji Narodowej. Medal ksi\u0119dzu Pra\u0142atowi J\u00f3zefowi wr\u0119czy\u0142 Artur Dziga\u0144ski Ma\u0142opolski Kurator O\u015bwiaty.<br \/>\n<strong><br \/>\nDobry Jezu, a nasz Panie daj mu wieczne spoczywanie. Niech odpoczywa w pokoju wiecznym. Amen<\/strong><\/p>\n<p>Dusz\u0119 \u015bp. zacnego kap\u0142ana polecamy Waszym modlitwom.<\/p>\n","protected":false},"excerpt":{"rendered":"<p>Dzisiaj o godzinie 15.30 w Szpitalu Uniwersyteckim na ul Kopernika w Krakowie zmar\u0142 wieloletni proboszcz Parafii pw. Matki Bo\u017cej Wniebowzi\u0119tej w Nowym Wi\u015bniczu &#8211; ks. pra\u0142at J\u00f3zef Struga\u0142a. <\/p>\n","protected":false},"author":9,"featured_media":0,"comment_status":"open","ping_status":"closed","sticky":false,"template":"","format":"standard","meta":{"_acf_changed":false,"footnotes":""},"categories":[11,1342],"tags":[494,17118,17552,17323],"class_list":["post-3774","post","type-post","status-publish","format-standard","hentry","category-top-temat","category-zycie-religijne","tag-ks-jozef-strugala","tag-wisnicz","tag-proboszcz","tag-smierc"],"acf":[],"yoast_head":"<!-- This site is optimized with the Yoast SEO plugin v26.9 - https:\/\/yoast.com\/product\/yoast-seo-wordpress\/ -->\n<title>Do domu Ojca odszed\u0142 ks. Pra\u0142at J\u00f3zef Struga\u0142a - wieloletni proboszcz w Nowym Wi\u015bniczu - mojabochnia.pl - portal informacyjny<\/title>\n<meta name=\"robots\" content=\"index, follow, max-snippet:-1, max-image-preview:large, max-video-preview:-1\" \/>\n<link rel=\"canonical\" href=\"https:\/\/www.mojabochnia.pl\/?p=3774\" \/>\n<meta property=\"og:locale\" content=\"pl_PL\" \/>\n<meta property=\"og:type\" content=\"article\" \/>\n<meta property=\"og:title\" content=\"Do domu Ojca odszed\u0142 ks. Pra\u0142at J\u00f3zef Struga\u0142a - wieloletni proboszcz w Nowym Wi\u015bniczu - mojabochnia.pl - portal informacyjny\" \/>\n<meta property=\"og:description\" content=\"Dzisiaj o godzinie 15.30 w Szpitalu Uniwersyteckim na ul Kopernika w Krakowie zmar\u0142 wieloletni proboszcz Parafii pw. Matki Bo\u017cej Wniebowzi\u0119tej w Nowym Wi\u015bniczu - ks. pra\u0142at J\u00f3zef Struga\u0142a.\" \/>\n<meta property=\"og:url\" content=\"https:\/\/www.mojabochnia.pl\/?p=3774\" \/>\n<meta property=\"og:site_name\" content=\"mojabochnia.pl - portal informacyjny\" \/>\n<meta property=\"article:publisher\" content=\"https:\/\/www.facebook.com\/mojabochnia\" \/>\n<meta property=\"article:published_time\" content=\"2008-12-16T16:00:03+00:00\" \/>\n<meta property=\"article:modified_time\" content=\"2008-12-17T11:04:21+00:00\" \/>\n<meta name=\"author\" content=\"Aleksander Rzepecki\" \/>\n<meta name=\"twitter:card\" content=\"summary_large_image\" \/>\n<meta name=\"twitter:label1\" content=\"Written by\" \/>\n\t<meta name=\"twitter:data1\" content=\"Aleksander Rzepecki\" \/>\n\t<meta name=\"twitter:label2\" content=\"Est. reading time\" \/>\n\t<meta name=\"twitter:data2\" content=\"1 minuta\" \/>\n<script type=\"application\/ld+json\" class=\"yoast-schema-graph\">{\"@context\":\"https:\/\/schema.org\",\"@graph\":[{\"@type\":\"Article\",\"@id\":\"https:\/\/www.mojabochnia.pl\/?p=3774#article\",\"isPartOf\":{\"@id\":\"https:\/\/www.mojabochnia.pl\/?p=3774\"},\"author\":{\"name\":\"Aleksander Rzepecki\",\"@id\":\"https:\/\/www.mojabochnia.pl\/#\/schema\/person\/6cc2563b6df80713ce6940e6ed184c6c\"},\"headline\":\"Do domu Ojca odszed\u0142 ks. Pra\u0142at J\u00f3zef Struga\u0142a &#8211; wieloletni proboszcz w Nowym Wi\u015bniczu\",\"datePublished\":\"2008-12-16T16:00:03+00:00\",\"dateModified\":\"2008-12-17T11:04:21+00:00\",\"mainEntityOfPage\":{\"@id\":\"https:\/\/www.mojabochnia.pl\/?p=3774\"},\"wordCount\":150,\"commentCount\":48,\"publisher\":{\"@id\":\"https:\/\/www.mojabochnia.pl\/#organization\"},\"keywords\":[\"ks. j\u00f3zef struga\u0142a\",\"Nowy Wi\u015bnicz\",\"proboszcz\",\"\u015bmier\u0107\"],\"articleSection\":[\"3_w centrum uwagi\",\"\u017bycie religijne\"],\"inLanguage\":\"pl-PL\",\"potentialAction\":[{\"@type\":\"CommentAction\",\"name\":\"Comment\",\"target\":[\"https:\/\/www.mojabochnia.pl\/?p=3774#respond\"]}]},{\"@type\":\"WebPage\",\"@id\":\"https:\/\/www.mojabochnia.pl\/?p=3774\",\"url\":\"https:\/\/www.mojabochnia.pl\/?p=3774\",\"name\":\"Do domu Ojca odszed\u0142 ks. Pra\u0142at J\u00f3zef Struga\u0142a - wieloletni proboszcz w Nowym Wi\u015bniczu - mojabochnia.pl - portal informacyjny\",\"isPartOf\":{\"@id\":\"https:\/\/www.mojabochnia.pl\/#website\"},\"datePublished\":\"2008-12-16T16:00:03+00:00\",\"dateModified\":\"2008-12-17T11:04:21+00:00\",\"breadcrumb\":{\"@id\":\"https:\/\/www.mojabochnia.pl\/?p=3774#breadcrumb\"},\"inLanguage\":\"pl-PL\",\"potentialAction\":[{\"@type\":\"ReadAction\",\"target\":[\"https:\/\/www.mojabochnia.pl\/?p=3774\"]}]},{\"@type\":\"BreadcrumbList\",\"@id\":\"https:\/\/www.mojabochnia.pl\/?p=3774#breadcrumb\",\"itemListElement\":[{\"@type\":\"ListItem\",\"position\":1,\"name\":\"Home\",\"item\":\"https:\/\/www.mojabochnia.pl\/\"},{\"@type\":\"ListItem\",\"position\":2,\"name\":\"Do domu Ojca odszed\u0142 ks. Pra\u0142at J\u00f3zef Struga\u0142a &#8211; wieloletni proboszcz w Nowym Wi\u015bniczu\"}]},{\"@type\":\"WebSite\",\"@id\":\"https:\/\/www.mojabochnia.pl\/#website\",\"url\":\"https:\/\/www.mojabochnia.pl\/\",\"name\":\"mojabochnia.pl - portal informacyjny\",\"description\":\"mojaBochnia to portal informacyjny o Bochni. Codziennie o Bochni piszemy i pokazujemy najwa\u017cniejsze wydarzenia\",\"publisher\":{\"@id\":\"https:\/\/www.mojabochnia.pl\/#organization\"},\"potentialAction\":[{\"@type\":\"SearchAction\",\"target\":{\"@type\":\"EntryPoint\",\"urlTemplate\":\"https:\/\/www.mojabochnia.pl\/?s={search_term_string}\"},\"query-input\":{\"@type\":\"PropertyValueSpecification\",\"valueRequired\":true,\"valueName\":\"search_term_string\"}}],\"inLanguage\":\"pl-PL\"},{\"@type\":\"Organization\",\"@id\":\"https:\/\/www.mojabochnia.pl\/#organization\",\"name\":\"mojabochnia.pl - portal informacyjny\",\"url\":\"https:\/\/www.mojabochnia.pl\/\",\"logo\":{\"@type\":\"ImageObject\",\"inLanguage\":\"pl-PL\",\"@id\":\"https:\/\/www.mojabochnia.pl\/#\/schema\/logo\/image\/\",\"url\":\"https:\/\/www.mojabochnia.pl\/wp-content\/uploads\/2017\/08\/logo-mb-opt.png\",\"contentUrl\":\"https:\/\/www.mojabochnia.pl\/wp-content\/uploads\/2017\/08\/logo-mb-opt.png\",\"width\":250,\"height\":48,\"caption\":\"mojabochnia.pl - portal informacyjny\"},\"image\":{\"@id\":\"https:\/\/www.mojabochnia.pl\/#\/schema\/logo\/image\/\"},\"sameAs\":[\"https:\/\/www.facebook.com\/mojabochnia\"]},{\"@type\":\"Person\",\"@id\":\"https:\/\/www.mojabochnia.pl\/#\/schema\/person\/6cc2563b6df80713ce6940e6ed184c6c\",\"name\":\"Aleksander Rzepecki\",\"url\":\"https:\/\/www.mojabochnia.pl\/?author=9\"}]}<\/script>\n<!-- \/ Yoast SEO plugin. -->","yoast_head_json":{"title":"Do domu Ojca odszed\u0142 ks. Pra\u0142at J\u00f3zef Struga\u0142a - wieloletni proboszcz w Nowym Wi\u015bniczu - mojabochnia.pl - portal informacyjny","robots":{"index":"index","follow":"follow","max-snippet":"max-snippet:-1","max-image-preview":"max-image-preview:large","max-video-preview":"max-video-preview:-1"},"canonical":"https:\/\/www.mojabochnia.pl\/?p=3774","og_locale":"pl_PL","og_type":"article","og_title":"Do domu Ojca odszed\u0142 ks. Pra\u0142at J\u00f3zef Struga\u0142a - wieloletni proboszcz w Nowym Wi\u015bniczu - mojabochnia.pl - portal informacyjny","og_description":"Dzisiaj o godzinie 15.30 w Szpitalu Uniwersyteckim na ul Kopernika w Krakowie zmar\u0142 wieloletni proboszcz Parafii pw. Matki Bo\u017cej Wniebowzi\u0119tej w Nowym Wi\u015bniczu - ks. pra\u0142at J\u00f3zef Struga\u0142a.","og_url":"https:\/\/www.mojabochnia.pl\/?p=3774","og_site_name":"mojabochnia.pl - portal informacyjny","article_publisher":"https:\/\/www.facebook.com\/mojabochnia","article_published_time":"2008-12-16T16:00:03+00:00","article_modified_time":"2008-12-17T11:04:21+00:00","author":"Aleksander Rzepecki","twitter_card":"summary_large_image","twitter_misc":{"Written by":"Aleksander Rzepecki","Est. reading time":"1 minuta"},"schema":{"@context":"https:\/\/schema.org","@graph":[{"@type":"Article","@id":"https:\/\/www.mojabochnia.pl\/?p=3774#article","isPartOf":{"@id":"https:\/\/www.mojabochnia.pl\/?p=3774"},"author":{"name":"Aleksander Rzepecki","@id":"https:\/\/www.mojabochnia.pl\/#\/schema\/person\/6cc2563b6df80713ce6940e6ed184c6c"},"headline":"Do domu Ojca odszed\u0142 ks. Pra\u0142at J\u00f3zef Struga\u0142a &#8211; wieloletni proboszcz w Nowym Wi\u015bniczu","datePublished":"2008-12-16T16:00:03+00:00","dateModified":"2008-12-17T11:04:21+00:00","mainEntityOfPage":{"@id":"https:\/\/www.mojabochnia.pl\/?p=3774"},"wordCount":150,"commentCount":48,"publisher":{"@id":"https:\/\/www.mojabochnia.pl\/#organization"},"keywords":["ks. j\u00f3zef struga\u0142a","Nowy Wi\u015bnicz","proboszcz","\u015bmier\u0107"],"articleSection":["3_w centrum uwagi","\u017bycie religijne"],"inLanguage":"pl-PL","potentialAction":[{"@type":"CommentAction","name":"Comment","target":["https:\/\/www.mojabochnia.pl\/?p=3774#respond"]}]},{"@type":"WebPage","@id":"https:\/\/www.mojabochnia.pl\/?p=3774","url":"https:\/\/www.mojabochnia.pl\/?p=3774","name":"Do domu Ojca odszed\u0142 ks. Pra\u0142at J\u00f3zef Struga\u0142a - wieloletni proboszcz w Nowym Wi\u015bniczu - mojabochnia.pl - portal informacyjny","isPartOf":{"@id":"https:\/\/www.mojabochnia.pl\/#website"},"datePublished":"2008-12-16T16:00:03+00:00","dateModified":"2008-12-17T11:04:21+00:00","breadcrumb":{"@id":"https:\/\/www.mojabochnia.pl\/?p=3774#breadcrumb"},"inLanguage":"pl-PL","potentialAction":[{"@type":"ReadAction","target":["https:\/\/www.mojabochnia.pl\/?p=3774"]}]},{"@type":"BreadcrumbList","@id":"https:\/\/www.mojabochnia.pl\/?p=3774#breadcrumb","itemListElement":[{"@type":"ListItem","position":1,"name":"Home","item":"https:\/\/www.mojabochnia.pl\/"},{"@type":"ListItem","position":2,"name":"Do domu Ojca odszed\u0142 ks. Pra\u0142at J\u00f3zef Struga\u0142a &#8211; wieloletni proboszcz w Nowym Wi\u015bniczu"}]},{"@type":"WebSite","@id":"https:\/\/www.mojabochnia.pl\/#website","url":"https:\/\/www.mojabochnia.pl\/","name":"mojabochnia.pl - portal informacyjny","description":"mojaBochnia to portal informacyjny o Bochni. Codziennie o Bochni piszemy i pokazujemy najwa\u017cniejsze wydarzenia","publisher":{"@id":"https:\/\/www.mojabochnia.pl\/#organization"},"potentialAction":[{"@type":"SearchAction","target":{"@type":"EntryPoint","urlTemplate":"https:\/\/www.mojabochnia.pl\/?s={search_term_string}"},"query-input":{"@type":"PropertyValueSpecification","valueRequired":true,"valueName":"search_term_string"}}],"inLanguage":"pl-PL"},{"@type":"Organization","@id":"https:\/\/www.mojabochnia.pl\/#organization","name":"mojabochnia.pl - portal informacyjny","url":"https:\/\/www.mojabochnia.pl\/","logo":{"@type":"ImageObject","inLanguage":"pl-PL","@id":"https:\/\/www.mojabochnia.pl\/#\/schema\/logo\/image\/","url":"https:\/\/www.mojabochnia.pl\/wp-content\/uploads\/2017\/08\/logo-mb-opt.png","contentUrl":"https:\/\/www.mojabochnia.pl\/wp-content\/uploads\/2017\/08\/logo-mb-opt.png","width":250,"height":48,"caption":"mojabochnia.pl - portal informacyjny"},"image":{"@id":"https:\/\/www.mojabochnia.pl\/#\/schema\/logo\/image\/"},"sameAs":["https:\/\/www.facebook.com\/mojabochnia"]},{"@type":"Person","@id":"https:\/\/www.mojabochnia.pl\/#\/schema\/person\/6cc2563b6df80713ce6940e6ed184c6c","name":"Aleksander Rzepecki","url":"https:\/\/www.mojabochnia.pl\/?author=9"}]}},"_links":{"self":[{"href":"https:\/\/www.mojabochnia.pl\/index.php?rest_route=\/wp\/v2\/posts\/3774","targetHints":{"allow":["GET"]}}],"collection":[{"href":"https:\/\/www.mojabochnia.pl\/index.php?rest_route=\/wp\/v2\/posts"}],"about":[{"href":"https:\/\/www.mojabochnia.pl\/index.php?rest_route=\/wp\/v2\/types\/post"}],"author":[{"embeddable":true,"href":"https:\/\/www.mojabochnia.pl\/index.php?rest_route=\/wp\/v2\/users\/9"}],"replies":[{"embeddable":true,"href":"https:\/\/www.mojabochnia.pl\/index.php?rest_route=%2Fwp%2Fv2%2Fcomments&post=3774"}],"version-history":[{"count":0,"href":"https:\/\/www.mojabochnia.pl\/index.php?rest_route=\/wp\/v2\/posts\/3774\/revisions"}],"wp:attachment":[{"href":"https:\/\/www.mojabochnia.pl\/index.php?rest_route=%2Fwp%2Fv2%2Fmedia&parent=3774"}],"wp:term":[{"taxonomy":"category","embeddable":true,"href":"https:\/\/www.mojabochnia.pl\/index.php?rest_route=%2Fwp%2Fv2%2Fcategories&post=3774"},{"taxonomy":"post_tag","embeddable":true,"href":"https:\/\/www.mojabochnia.pl\/index.php?rest_route=%2Fwp%2Fv2%2Ftags&post=3774"}],"curies":[{"name":"wp","href":"https:\/\/api.w.org\/{rel}","templated":true}]}}