{"id":37568,"date":"2010-10-28T08:38:40","date_gmt":"2010-10-28T06:38:40","guid":{"rendered":"http:\/\/www.mojabochnia.pl\/?p=37568"},"modified":"2010-10-28T11:30:07","modified_gmt":"2010-10-28T09:30:07","slug":"pelna-lista-kandydatow-na-wojtow-i-burmistrzow","status":"publish","type":"post","link":"https:\/\/www.mojabochnia.pl\/?p=37568","title":{"rendered":"Pe\u0142na lista kandydat\u00f3w na w\u00f3jt\u00f3w i burmistrz\u00f3w"},"content":{"rendered":"<p><strong>Kandydaci na burmistrza Bochni:<\/strong><\/p>\n<p>Korta Gustaw Romuald, l. 51, wykszta\u0142cenie wy\u017csze, KW Platforma Obywatelska RP, cz\u0142onek Platformy Obywatelskiej Rzeczypospolitej Polskiej <\/p>\n<p>Rzepecki Aleksander Rafa\u0142, l.36, wykszta\u0142cenie wy\u017csze humanistyczne, KWW Nasza Wsp\u00f3lna Sprawa, nie nale\u017c\u0105cy do partii politycznej<\/p>\n<p>Szczepara Ma\u0142gorzata Aniela, l. 56, wykszta\u0142cenie wy\u017csze, KWW Niezale\u017cny Komitet Wyborczy, cz\u0142onek Platformy Obywatelskiej Rzeczypospolitej Polskiej<\/p>\n<p>Kolawi\u0144ski Stefan Mieczys\u0142aw, Bochnia, l.53, wykszta\u0142cenie wy\u017csze, KWW Bochniacy dla Bochni,  nie nale\u017cy do partii politycznej<\/p>\n<p>Kosturkiewicz Bogdan Tomasz, Bochnia, l.49, wykszta\u0142cenie wy\u017csze, KWW Prawo i Sprawiedliwo\u015b\u0107, cz\u0142onek Prawa i Sprawiedliwo\u015bci<\/p>\n<p><strong>Kandydaci na burmistrza Nowego Wi\u015bnicza:<\/strong><\/p>\n<p>Gaworczyk Stanis\u0142aw, 54 lata, wykszta\u0142cenie wy\u017csze, KWW Nasz Samorz\u0105d, nie nale\u017c\u0105cy do partii politycznej<\/p>\n<p>Ko\u0142odziejczyk Krzysztof Bogdan, Kobyle, l.44, wykszta\u0142cenie \u015brednie og\u00f3lne, KWW Nasza Wsp\u00f3lna Sprawa, nie nale\u017cy do partii politycznej<\/p>\n<p>Tworzyd\u0142o Iwona Teresa, Kr\u00f3l\u00f3wka, l.45. wykszta\u0142cenie wy\u017csze, KWW So\u0142tys, cz\u0142onek Socjaldemokracji Polskiej<\/p>\n<p><strong>Kandydaci na w\u00f3jta gminy Bochnia:<\/strong><\/p>\n<p>Gucwa J\u00f3zef Antoni, Ostr\u00f3w Szlechecki, l.62, wykszte\u0142cenie wy\u017csze techniczne, KWW Odnowa Gminy Bochnia, cz\u0142onek Polskiego Stronnictwa Ludowego <\/p>\n<p>Lysy Jerzy Leon, Bochnia, l.55, wykszta\u0142cenie wy\u017csze techniczne, KWW Stowarzyszenia Bochnia i Ziemia Boche\u0144ska Razem, nie nale\u017cy do partii politycznej \t<\/p>\n<p>P\u0142awecki Krzysztof, Bochnia, l.49, wykszta\u0142cenie wy\u017csze KWW Platforma Obywatleska RP, nie nale\u017cy do partii politycznej \t<\/p>\n<p>Sitko Edward J\u00f3zef, Bochnia, l.61, wykszta\u0142cenie wy\u017csze techniczne, KWW Wsp\u00f3lnota Ziemi Boche\u0144skiej, nie nale\u017cy do partii politycznej \t<\/p>\n<p>Szuma\u0144ski Bogdan Wies\u0142aw, Bochnia, l.45, wykszta\u0142cenie wy\u017csze, KW Prawo I sprawidliwo\u015b\u0107,\t cz\u0142onek Ligi Polskich Rodzin<\/p>\n<p><strong>Kandydaci na w\u00f3jta gminy Rzezawa:<\/strong><\/p>\n<p>Palej Mariusz Wies\u0142aw, Bochnia, l.34, wykszta\u0142cenie wy\u017csze techniczne, KWW Przyjazna Gmina Rzezawa, nie nale\u017cy do partii politycznej <\/p>\n<p>S\u0142onina J\u00f3zef, Borek &#8211; Podzatoka, l.57, wykszta\u0142cenie \u015brednie, KWW Nasza Wsp\u00f3lna Sprawa, cz\u0142onek Polskiego Stronnictwa Ludowego, popierany przez Polskie Stronnictwo Ludowe<\/p>\n<p><strong>Kandydaci na w\u00f3jta gminy Drwinia:<\/strong><\/p>\n<p>Gola Grzegorz Bogumi\u0142, Mys\u0142owice, l.46, wykszta\u0142cenie \u015brednie, KWW Moja Gmina, nie nale\u017c\u0105cy do partii politycznej<\/p>\n<p>Kotowicz Roman Jan, Bie\u0144kowice, l.53, wykszta\u0142cenie wy\u017csze, KWW Gminna Wsp\u00f3lnota Samorz\u0105dowa Drwini, cz\u0142onek Polskiego Stronnictwa Ludowego <\/p>\n<p>Majerczyk Artur Janusz, Krak\u00f3w, l.34, wykszta\u0142cenie wy\u017csze, KWW Prawo i Sprawiedliwo\u015b\u0107, nie nale\u017c\u0105cy do partii politycznej , popierany przez Prawo i Sprawiedliwo\u015b\u0107<\/p>\n<p>Paj\u0105k Jan Andrzej, Ispina, l.29, wykszta\u0142cenie wy\u017csze, KWW Gmina Drwinia Zas\u0142uguje na Wi\u0119cej, nie nale\u017c\u0105cy do partii politycznej <\/p>\n<p>Piwowarczyk Marek Stanis\u0142aw, Mikluszowice, l.54, wykszta\u0142cenie wy\u017csze, KWW Bochnia i Ziemia Boche\u0144ska &#8211; Razem, nie nale\u017c\u0105cy do partii politycznej <\/p>\n<p>Solak Joanna Beata, Mikluszowice, l.33, wykszta\u0142cenie wy\u017csze, KWW Razem dla Gminy, nie nale\u017c\u0105ca do partii politycznej <\/p>\n<p>Tomczyk Ryszard, Ispina, l.40, wykszta\u0142cenie \u015brednie, KWW Nasza Gmina Drwinia, nie nale\u017c\u0105cy do partii politycznej<\/p>\n<p><strong>Kandydaci na w\u00f3jta gm. \u0141apan\u00f3w:<\/strong><\/p>\n<p>Kulig Jan Micha\u0142, \u0141apan\u00f3w, l.70, wykszta\u0142cenie \u015brednie, KWW Gminy \u0141apan\u00f3w, nie nale\u017c\u0105cy do partii politycznej <\/p>\n<p>W\u0142udyka Dariusz Andrzej, Zbydni\u00f3w, l.36, wykszta\u0142cenie wy\u017csze, KWW Ruch Ludowy Ziemi \u0141apanowskiej, cz\u0142onek Polskiego Stronnictwa Ludowego, popierany przez Polskie Stronnictwo Ludowe<\/p>\n<p><strong>Kandydaci na w\u00f3jta gminy Trzciana:<\/strong><\/p>\n<p>Nowak J\u00f3zef W\u0142adys\u0142aw, Kamionna, l.57, wykszta\u0142cenie wy\u017csze, KWW Gminy Trzciana, cz\u0142onek Polskiego Stronnictwa Ludowego <\/p>\n<p>Stawarz Cezary Artur, \u0141\u0105kta Dolna, l.28, wykszta\u0142cenie wy\u017csze, KWW Fundusze Unii Europejskiej dla Gminy Trzciana, nie nale\u017c\u0105cy do partii politycznej <\/p>\n<p><strong>Kandydaci na w\u00f3jta gminy Lipnica Murowana:<\/strong><\/p>\n<p>Gromala Tomasz Szymon, Lipnica Murowana, l.31, wykszta\u0142cenie wy\u017csze, KWW Wsp\u00f3lnie i Solidarnie, nie nale\u017c\u0105cy do partii politycznej <\/p>\n<p> Klimek Tadeusz Szymon, Lipnica Murowana, 54 lata, wykszta\u0142cenie wy\u017csze, KWW Gmina Zas\u0142uguje na Wi\u0119cej, nie nale\u017c\u0105cy do partii politycznej <\/p>\n<p>Osuch Franciszek, Rajbrot, l.52, wykszta\u0142cenie \u015brednie techniczne, KWW Stra\u017cacy &#8211; Bezpieczny Powiat, nie nale\u017c\u0105cy do partii politycznej<\/p>\n<p><strong>Kandydaci na w\u00f3jta gminy \u017begocina:<\/strong><\/p>\n<p>B\u0142oniarz Jerzy, \u017begocina, l.60, wykszta\u0142cenie wy\u017csze, KWW Gminy \u017begocina, nie nale\u017cy do partii politycznej, popierany przez Polskie Stronnictwo Ludowe<\/p>\n","protected":false},"excerpt":{"rendered":"<p>Wczoraj do p\u00f3\u0142nocy Pa\u0144stwowa Komisja WYborcza przyjmowa\u0142a zg\u0142oszenia kandydat\u00f3w na w\u00f3jt\u00f3w i burmistrz\u00f3w. Wiadomo ju\u017c \u017ce o fotel burmistrza Bochni powalczy 5 kandydat\u00f3w, tyle samo rywalizowa\u0107 b\u0119dzie o stanowisko gospodarza gminy Bochnia. Jak jest w przypadku Nowego Wi\u015bnicza i pozosta\u0142ych gmin?<\/p>\n","protected":false},"author":25,"featured_media":0,"comment_status":"open","ping_status":"closed","sticky":false,"template":"","format":"standard","meta":{"_acf_changed":false,"footnotes":""},"categories":[5,11,6251,6250],"tags":[17421,4137,3637,7618,17493,17200,7619],"class_list":["post-37568","post","type-post","status-publish","format-standard","hentry","category-biezace-wydarzenia","category-top-temat","category-polityka-i-wydarzenia","category-tematyka","tag-burmistrz","tag-kandydaci","tag-komitet","tag-lista","tag-wojt","tag-wybory","tag-wybory-samorzadowe"],"acf":[],"yoast_head":"<!-- This site is optimized with the Yoast SEO plugin v26.9 - https:\/\/yoast.com\/product\/yoast-seo-wordpress\/ -->\n<title>Pe\u0142na lista kandydat\u00f3w na w\u00f3jt\u00f3w i burmistrz\u00f3w - mojabochnia.pl - portal informacyjny<\/title>\n<meta name=\"robots\" content=\"index, follow, max-snippet:-1, max-image-preview:large, max-video-preview:-1\" \/>\n<link rel=\"canonical\" href=\"https:\/\/www.mojabochnia.pl\/?p=37568\" \/>\n<meta property=\"og:locale\" content=\"pl_PL\" \/>\n<meta property=\"og:type\" content=\"article\" \/>\n<meta property=\"og:title\" content=\"Pe\u0142na lista kandydat\u00f3w na w\u00f3jt\u00f3w i burmistrz\u00f3w - mojabochnia.pl - portal informacyjny\" \/>\n<meta property=\"og:description\" content=\"Wczoraj do p\u00f3\u0142nocy Pa\u0144stwowa Komisja WYborcza przyjmowa\u0142a zg\u0142oszenia kandydat\u00f3w na w\u00f3jt\u00f3w i burmistrz\u00f3w. Wiadomo ju\u017c \u017ce o fotel burmistrza Bochni powalczy 5 kandydat\u00f3w, tyle samo rywalizowa\u0107 b\u0119dzie o stanowisko gospodarza gminy Bochnia. Jak jest w przypadku Nowego Wi\u015bnicza i pozosta\u0142ych gmin?\" \/>\n<meta property=\"og:url\" content=\"https:\/\/www.mojabochnia.pl\/?p=37568\" \/>\n<meta property=\"og:site_name\" content=\"mojabochnia.pl - portal informacyjny\" \/>\n<meta property=\"article:publisher\" content=\"https:\/\/www.facebook.com\/mojabochnia\" \/>\n<meta property=\"article:published_time\" content=\"2010-10-28T06:38:40+00:00\" \/>\n<meta property=\"article:modified_time\" content=\"2010-10-28T09:30:07+00:00\" \/>\n<meta name=\"author\" content=\"Weronika Kucharska\" \/>\n<meta name=\"twitter:card\" content=\"summary_large_image\" \/>\n<meta name=\"twitter:label1\" content=\"Written by\" \/>\n\t<meta name=\"twitter:data1\" content=\"Weronika Kucharska\" \/>\n\t<meta name=\"twitter:label2\" content=\"Est. reading time\" \/>\n\t<meta name=\"twitter:data2\" content=\"3 minuty\" \/>\n<script type=\"application\/ld+json\" class=\"yoast-schema-graph\">{\"@context\":\"https:\/\/schema.org\",\"@graph\":[{\"@type\":\"Article\",\"@id\":\"https:\/\/www.mojabochnia.pl\/?p=37568#article\",\"isPartOf\":{\"@id\":\"https:\/\/www.mojabochnia.pl\/?p=37568\"},\"author\":{\"name\":\"Weronika Kucharska\",\"@id\":\"https:\/\/www.mojabochnia.pl\/#\/schema\/person\/8515edb0b31efb661d6df7949969c0ff\"},\"headline\":\"Pe\u0142na lista kandydat\u00f3w na w\u00f3jt\u00f3w i burmistrz\u00f3w\",\"datePublished\":\"2010-10-28T06:38:40+00:00\",\"dateModified\":\"2010-10-28T09:30:07+00:00\",\"mainEntityOfPage\":{\"@id\":\"https:\/\/www.mojabochnia.pl\/?p=37568\"},\"wordCount\":702,\"commentCount\":0,\"publisher\":{\"@id\":\"https:\/\/www.mojabochnia.pl\/#organization\"},\"keywords\":[\"burmistrz\",\"kandydaci\",\"komitet\",\"lista\",\"w\u00f3jt\",\"wybory\",\"wybory samorz\u0105dowe\"],\"articleSection\":[\"2_ostatnie\",\"3_w centrum uwagi\",\"polityka i wydarzenia\",\"tematyka\"],\"inLanguage\":\"pl-PL\",\"potentialAction\":[{\"@type\":\"CommentAction\",\"name\":\"Comment\",\"target\":[\"https:\/\/www.mojabochnia.pl\/?p=37568#respond\"]}]},{\"@type\":\"WebPage\",\"@id\":\"https:\/\/www.mojabochnia.pl\/?p=37568\",\"url\":\"https:\/\/www.mojabochnia.pl\/?p=37568\",\"name\":\"Pe\u0142na lista kandydat\u00f3w na w\u00f3jt\u00f3w i burmistrz\u00f3w - mojabochnia.pl - portal informacyjny\",\"isPartOf\":{\"@id\":\"https:\/\/www.mojabochnia.pl\/#website\"},\"datePublished\":\"2010-10-28T06:38:40+00:00\",\"dateModified\":\"2010-10-28T09:30:07+00:00\",\"breadcrumb\":{\"@id\":\"https:\/\/www.mojabochnia.pl\/?p=37568#breadcrumb\"},\"inLanguage\":\"pl-PL\",\"potentialAction\":[{\"@type\":\"ReadAction\",\"target\":[\"https:\/\/www.mojabochnia.pl\/?p=37568\"]}]},{\"@type\":\"BreadcrumbList\",\"@id\":\"https:\/\/www.mojabochnia.pl\/?p=37568#breadcrumb\",\"itemListElement\":[{\"@type\":\"ListItem\",\"position\":1,\"name\":\"Home\",\"item\":\"https:\/\/www.mojabochnia.pl\/\"},{\"@type\":\"ListItem\",\"position\":2,\"name\":\"Pe\u0142na lista kandydat\u00f3w na w\u00f3jt\u00f3w i burmistrz\u00f3w\"}]},{\"@type\":\"WebSite\",\"@id\":\"https:\/\/www.mojabochnia.pl\/#website\",\"url\":\"https:\/\/www.mojabochnia.pl\/\",\"name\":\"mojabochnia.pl - portal informacyjny\",\"description\":\"mojaBochnia to portal informacyjny o Bochni. Codziennie o Bochni piszemy i pokazujemy najwa\u017cniejsze wydarzenia\",\"publisher\":{\"@id\":\"https:\/\/www.mojabochnia.pl\/#organization\"},\"potentialAction\":[{\"@type\":\"SearchAction\",\"target\":{\"@type\":\"EntryPoint\",\"urlTemplate\":\"https:\/\/www.mojabochnia.pl\/?s={search_term_string}\"},\"query-input\":{\"@type\":\"PropertyValueSpecification\",\"valueRequired\":true,\"valueName\":\"search_term_string\"}}],\"inLanguage\":\"pl-PL\"},{\"@type\":\"Organization\",\"@id\":\"https:\/\/www.mojabochnia.pl\/#organization\",\"name\":\"mojabochnia.pl - portal informacyjny\",\"url\":\"https:\/\/www.mojabochnia.pl\/\",\"logo\":{\"@type\":\"ImageObject\",\"inLanguage\":\"pl-PL\",\"@id\":\"https:\/\/www.mojabochnia.pl\/#\/schema\/logo\/image\/\",\"url\":\"https:\/\/www.mojabochnia.pl\/wp-content\/uploads\/2017\/08\/logo-mb-opt.png\",\"contentUrl\":\"https:\/\/www.mojabochnia.pl\/wp-content\/uploads\/2017\/08\/logo-mb-opt.png\",\"width\":250,\"height\":48,\"caption\":\"mojabochnia.pl - portal informacyjny\"},\"image\":{\"@id\":\"https:\/\/www.mojabochnia.pl\/#\/schema\/logo\/image\/\"},\"sameAs\":[\"https:\/\/www.facebook.com\/mojabochnia\"]},{\"@type\":\"Person\",\"@id\":\"https:\/\/www.mojabochnia.pl\/#\/schema\/person\/8515edb0b31efb661d6df7949969c0ff\",\"name\":\"Weronika Kucharska\",\"url\":\"https:\/\/www.mojabochnia.pl\/?author=25\"}]}<\/script>\n<!-- \/ Yoast SEO plugin. -->","yoast_head_json":{"title":"Pe\u0142na lista kandydat\u00f3w na w\u00f3jt\u00f3w i burmistrz\u00f3w - mojabochnia.pl - portal informacyjny","robots":{"index":"index","follow":"follow","max-snippet":"max-snippet:-1","max-image-preview":"max-image-preview:large","max-video-preview":"max-video-preview:-1"},"canonical":"https:\/\/www.mojabochnia.pl\/?p=37568","og_locale":"pl_PL","og_type":"article","og_title":"Pe\u0142na lista kandydat\u00f3w na w\u00f3jt\u00f3w i burmistrz\u00f3w - mojabochnia.pl - portal informacyjny","og_description":"Wczoraj do p\u00f3\u0142nocy Pa\u0144stwowa Komisja WYborcza przyjmowa\u0142a zg\u0142oszenia kandydat\u00f3w na w\u00f3jt\u00f3w i burmistrz\u00f3w. Wiadomo ju\u017c \u017ce o fotel burmistrza Bochni powalczy 5 kandydat\u00f3w, tyle samo rywalizowa\u0107 b\u0119dzie o stanowisko gospodarza gminy Bochnia. Jak jest w przypadku Nowego Wi\u015bnicza i pozosta\u0142ych gmin?","og_url":"https:\/\/www.mojabochnia.pl\/?p=37568","og_site_name":"mojabochnia.pl - portal informacyjny","article_publisher":"https:\/\/www.facebook.com\/mojabochnia","article_published_time":"2010-10-28T06:38:40+00:00","article_modified_time":"2010-10-28T09:30:07+00:00","author":"Weronika Kucharska","twitter_card":"summary_large_image","twitter_misc":{"Written by":"Weronika Kucharska","Est. reading time":"3 minuty"},"schema":{"@context":"https:\/\/schema.org","@graph":[{"@type":"Article","@id":"https:\/\/www.mojabochnia.pl\/?p=37568#article","isPartOf":{"@id":"https:\/\/www.mojabochnia.pl\/?p=37568"},"author":{"name":"Weronika Kucharska","@id":"https:\/\/www.mojabochnia.pl\/#\/schema\/person\/8515edb0b31efb661d6df7949969c0ff"},"headline":"Pe\u0142na lista kandydat\u00f3w na w\u00f3jt\u00f3w i burmistrz\u00f3w","datePublished":"2010-10-28T06:38:40+00:00","dateModified":"2010-10-28T09:30:07+00:00","mainEntityOfPage":{"@id":"https:\/\/www.mojabochnia.pl\/?p=37568"},"wordCount":702,"commentCount":0,"publisher":{"@id":"https:\/\/www.mojabochnia.pl\/#organization"},"keywords":["burmistrz","kandydaci","komitet","lista","w\u00f3jt","wybory","wybory samorz\u0105dowe"],"articleSection":["2_ostatnie","3_w centrum uwagi","polityka i wydarzenia","tematyka"],"inLanguage":"pl-PL","potentialAction":[{"@type":"CommentAction","name":"Comment","target":["https:\/\/www.mojabochnia.pl\/?p=37568#respond"]}]},{"@type":"WebPage","@id":"https:\/\/www.mojabochnia.pl\/?p=37568","url":"https:\/\/www.mojabochnia.pl\/?p=37568","name":"Pe\u0142na lista kandydat\u00f3w na w\u00f3jt\u00f3w i burmistrz\u00f3w - mojabochnia.pl - portal informacyjny","isPartOf":{"@id":"https:\/\/www.mojabochnia.pl\/#website"},"datePublished":"2010-10-28T06:38:40+00:00","dateModified":"2010-10-28T09:30:07+00:00","breadcrumb":{"@id":"https:\/\/www.mojabochnia.pl\/?p=37568#breadcrumb"},"inLanguage":"pl-PL","potentialAction":[{"@type":"ReadAction","target":["https:\/\/www.mojabochnia.pl\/?p=37568"]}]},{"@type":"BreadcrumbList","@id":"https:\/\/www.mojabochnia.pl\/?p=37568#breadcrumb","itemListElement":[{"@type":"ListItem","position":1,"name":"Home","item":"https:\/\/www.mojabochnia.pl\/"},{"@type":"ListItem","position":2,"name":"Pe\u0142na lista kandydat\u00f3w na w\u00f3jt\u00f3w i burmistrz\u00f3w"}]},{"@type":"WebSite","@id":"https:\/\/www.mojabochnia.pl\/#website","url":"https:\/\/www.mojabochnia.pl\/","name":"mojabochnia.pl - portal informacyjny","description":"mojaBochnia to portal informacyjny o Bochni. Codziennie o Bochni piszemy i pokazujemy najwa\u017cniejsze wydarzenia","publisher":{"@id":"https:\/\/www.mojabochnia.pl\/#organization"},"potentialAction":[{"@type":"SearchAction","target":{"@type":"EntryPoint","urlTemplate":"https:\/\/www.mojabochnia.pl\/?s={search_term_string}"},"query-input":{"@type":"PropertyValueSpecification","valueRequired":true,"valueName":"search_term_string"}}],"inLanguage":"pl-PL"},{"@type":"Organization","@id":"https:\/\/www.mojabochnia.pl\/#organization","name":"mojabochnia.pl - portal informacyjny","url":"https:\/\/www.mojabochnia.pl\/","logo":{"@type":"ImageObject","inLanguage":"pl-PL","@id":"https:\/\/www.mojabochnia.pl\/#\/schema\/logo\/image\/","url":"https:\/\/www.mojabochnia.pl\/wp-content\/uploads\/2017\/08\/logo-mb-opt.png","contentUrl":"https:\/\/www.mojabochnia.pl\/wp-content\/uploads\/2017\/08\/logo-mb-opt.png","width":250,"height":48,"caption":"mojabochnia.pl - portal informacyjny"},"image":{"@id":"https:\/\/www.mojabochnia.pl\/#\/schema\/logo\/image\/"},"sameAs":["https:\/\/www.facebook.com\/mojabochnia"]},{"@type":"Person","@id":"https:\/\/www.mojabochnia.pl\/#\/schema\/person\/8515edb0b31efb661d6df7949969c0ff","name":"Weronika Kucharska","url":"https:\/\/www.mojabochnia.pl\/?author=25"}]}},"_links":{"self":[{"href":"https:\/\/www.mojabochnia.pl\/index.php?rest_route=\/wp\/v2\/posts\/37568","targetHints":{"allow":["GET"]}}],"collection":[{"href":"https:\/\/www.mojabochnia.pl\/index.php?rest_route=\/wp\/v2\/posts"}],"about":[{"href":"https:\/\/www.mojabochnia.pl\/index.php?rest_route=\/wp\/v2\/types\/post"}],"author":[{"embeddable":true,"href":"https:\/\/www.mojabochnia.pl\/index.php?rest_route=\/wp\/v2\/users\/25"}],"replies":[{"embeddable":true,"href":"https:\/\/www.mojabochnia.pl\/index.php?rest_route=%2Fwp%2Fv2%2Fcomments&post=37568"}],"version-history":[{"count":0,"href":"https:\/\/www.mojabochnia.pl\/index.php?rest_route=\/wp\/v2\/posts\/37568\/revisions"}],"wp:attachment":[{"href":"https:\/\/www.mojabochnia.pl\/index.php?rest_route=%2Fwp%2Fv2%2Fmedia&parent=37568"}],"wp:term":[{"taxonomy":"category","embeddable":true,"href":"https:\/\/www.mojabochnia.pl\/index.php?rest_route=%2Fwp%2Fv2%2Fcategories&post=37568"},{"taxonomy":"post_tag","embeddable":true,"href":"https:\/\/www.mojabochnia.pl\/index.php?rest_route=%2Fwp%2Fv2%2Ftags&post=37568"}],"curies":[{"name":"wp","href":"https:\/\/api.w.org\/{rel}","templated":true}]}}