{"id":37322,"date":"2010-11-21T10:04:04","date_gmt":"2010-11-21T09:04:04","guid":{"rendered":"http:\/\/www.mojabochnia.pl\/?p=37322"},"modified":"2010-11-21T13:34:39","modified_gmt":"2010-11-21T12:34:39","slug":"wybory-samorzadowe-2010-kandydaci-do-rady-miejskiej","status":"publish","type":"post","link":"https:\/\/www.mojabochnia.pl\/?p=37322","title":{"rendered":"Kandydaci do Rady Miejskiej w Bochni &#8211; lista"},"content":{"rendered":"<p>Do Rady Miejskiej mo\u017cna ubiega\u0107 si\u0119 o 21 mandat\u00f3w, gdzie \u015brednia na jedno miejsce wynios\u0142a 8,2. W przypadku kandydat\u00f3w do Rady Powiatu zg\u0142oszono 270 os\u00f3b, gdzie \u015brednia na jedno miejsce wynios\u0142a 11,7<\/p>\n<p>Listy kandydat\u00f3w do rady Miejskiej wg komitet\u00f3w:<\/p>\n<p><strong>KOMITET WYBORCZY PLATFORMA OBYWATELSKA RP: [\u0142\u0105cznie &#8211; 28 kandydat\u00f3w]<\/strong><\/p>\n<p><strong>[Okr\u0119g nr 1]<\/strong><\/p>\n<p>1 P\u0142awecki Krzysztof \u00a0\u00a0 \u00a049<br \/>\n2 Paruzel Maria Aniela \u00a0\u00a0 \u00a061<br \/>\n3 Wilaszek Agnieszka Edyta 37<br \/>\n4 K\u0142u\u015b Wies\u0142aw J\u00f3zef 51<br \/>\n5 Czekotowska Ma\u0142gorzata Urszula 52<br \/>\n6 Famielec Andrzej Karol 45<\/p>\n<p><strong>[Okr\u0119g nr 2] <\/strong><\/p>\n<p>1 Fischer Maciej Kazimierz 37<br \/>\n2 Zaj\u0105c Andrzej Marek 53<br \/>\n3 Nowak Krzysztof Jerzy 25<br \/>\n4 Gryniewicz Adam Wojciech 61<br \/>\n5 Stawarz Gra\u017cyna Antonina 66<br \/>\n6 Paruzel Stanis\u0142aw Antoni 62<br \/>\n7 J\u0119drzejczak Dorota Wanda 41<br \/>\n8 Mleczko Wioletta 42<br \/>\n9 Radzi\u0119ta Tadeusz Sylwester 50<br \/>\n<strong><br \/>\n[Okr\u0119g nr 3]<\/strong><\/p>\n<p>1 Korta Adam Janusz 33<br \/>\n2 Famielec J\u00f3zef 64<br \/>\n3 Tomczyk J\u00f3zef Franciszek 53<br \/>\n4 Mro\u017cek Marcin Robert \u00a0\u00a0 \u00a034<br \/>\n5 D\u0119bowski Piotr J\u00f3zef \u00a0\u00a0 \u00a037<\/p>\n<p><strong>[Okr\u0119g nr 4]<\/strong><\/p>\n<p>1 Czechowski Jan 57<br \/>\n2 Zaj\u0105c Halina Ewa 50<br \/>\n3 \u017baba Jan Roman 56<br \/>\n4 Zieli\u0144ska Marta Teresa 40<br \/>\n5 Dro\u017cd\u017c Aneta Wanda \u00a0\u00a0 \u00a032<br \/>\n6 Czekotowski Jacek 54<br \/>\n7 Capik Bogdan Czes\u0142aw\u00a0 45<br \/>\n8 Zi\u0119ba Krzysztof Andrzej 49<br \/>\n<strong><br \/>\nKOMITET WYBORCZY PRAWO I SPRAWIEDLIWO\u015a\u0106: [\u0142\u0105cznie &#8211; 42 kandydat\u00f3w]<\/strong><\/p>\n<p><strong>[Okr\u0119g nr 1]<\/strong><\/p>\n<p>1 Kmiecik Maria Katarzyna 58<br \/>\n2 Che\u0142mecka Teresa Maria 48<br \/>\n3 D\u0119bosz Stanis\u0142aw Marian 50<br \/>\n4 M\u0105czka J\u00f3zef Henryk \u00a0\u00a0 \u00a074<br \/>\n5 Morajko Anna \u00a0\u00a0 \u00a061<br \/>\n6 Morawiec Agnieszka Anna 36<br \/>\n7 Oleksy Grzegorz Bogdan 41<br \/>\n8 Suwara Anna \u00a0\u00a0 \u00a063<br \/>\n9 Tatara Sylwia Alicja 33<br \/>\n10 Wygoda Lucyna Gra\u017cyna 38<br \/>\n<strong><br \/>\n[Okr\u0119g nr 2] <\/strong><\/p>\n<p>1 Kosturkiewicz Bogdan Tomasz 49<br \/>\n2 Dziurdzia Piotr Marek 40<br \/>\n3 G\u0142\u00f3d Jacek Stanis\u0142aw 57<br \/>\n4 Gut Janusz Marian 69<br \/>\n5 Jaryczewska Renata Teresa 52<br \/>\n6 Jaszczy\u0144ski Jan Bogumi\u0142 60<br \/>\n7 Kucharski Marek Grzegorz 50<br \/>\n8 Kukulski Edward 62<br \/>\n9 Mazur Pawe\u0142 Eugeniusz 28<br \/>\n10 \u015amia\u0142ek Jolanta Janina 48<br \/>\n11 Ujejski Marek Zbigniew 32<br \/>\n12 Zi\u0119ba Piotr Antoni 58<br \/>\n<strong><br \/>\n[Okr\u0119g nr 3] <\/strong><\/p>\n<p>1 Balicki Jan Stanis\u0142aw \u00a0\u00a0 \u00a054<br \/>\n2 Broniak Magdalena Marta 26<br \/>\n3 Mikulski Dominik Karol 28<br \/>\n4 Ko\u015bmider-Mr\u00f3z Magdalena Barbara 28<br \/>\n5 Mistygacz Maria 63<br \/>\n6 Rojewski Micha\u0142 Piotr \u00a0\u00a0 \u00a039<br \/>\n7 Szyd\u0142owska Teresa 58<br \/>\n8 Twardosz Anita 33<br \/>\n9 Wieczorek Jan Marian 60<br \/>\n10\u00a0 Wr\u00f3bel Kazimierz 59<br \/>\n<strong><br \/>\n[Okr\u0119g nr 4] <\/strong><\/p>\n<p>1 Ca\u0142ka Marek 60<br \/>\n2 J\u0119drzejek Zbigniew J\u00f3zef 37<br \/>\n3 Ha\u0142as Krzysztof 52<br \/>\n4 Karpankiewicz-Szkar\u0142at Bogumi\u0142a Gra\u017cyna 56<br \/>\n5 \u0141yszczarz W\u0142adys\u0142aw Eugeniusz 59<br \/>\n6 Papuga Marek Robert \u00a0\u00a0 \u00a037<br \/>\n7 Rybka Dariusz W\u0142adys\u0142aw 30<br \/>\n8 Sroka Krzysztof Wojciech 55<br \/>\n9 Trojak Marian Mieczys\u0142aw 66<br \/>\n10 Wieciech Pawe\u0142 Krzysztof 36<\/p>\n<p><strong>Lista nr &#8211; KOMITET WYBORCZY WYBORC\u00d3W &#8222;BOCHNIACY DLA BOCHNI&#8221; [\u0142\u0105cznie &#8211; 38 kandydat\u00f3w]<\/strong><\/p>\n<p><strong>[Okr\u0119g nr 1] <\/strong><\/p>\n<p>1 Domaga\u0142a Jerzy Mariusz 39<br \/>\n2 Krawiec Marlena Marta \u00a0\u00a0 \u00a020<br \/>\n3 Kuchnik Miko\u0142aj Franciszek 69<br \/>\n4 Le\u015bniak Jaros\u0142aw Micha\u0142 40<br \/>\n5 Pa\u0142kowski Augustyn J\u00f3zef 44<br \/>\n6 Sionko Jadwiga Wanda 55<br \/>\n7 Siwek Karolina 75<br \/>\n8 Stok\u0142osa Bogus\u0142awa Maria 43<br \/>\n9 \u015acis\u0142o Kazimierz Marian 50<\/p>\n<p><strong>[Okr\u0119g nr 2]<br \/>\n<\/strong><br \/>\n1 Bajda Zdzis\u0142aw Aleksander 50<br \/>\n2 Dudek Ireneusz W\u0142adys\u0142aw 51<br \/>\n3 Kamionka Celina 56<br \/>\n4 Kolawi\u0144ski Stefan Mieczys\u0142aw \u00a0\u00a0 \u00a053<br \/>\n5 Mastaj Krzysztof Piotr 53<br \/>\n6 Ochel Dorota Barbara \u00a0\u00a0 \u00a039<br \/>\n7 Sato\u0142a-Tokarczyk \u0141ucja 61<br \/>\n8 Sokalski Marek Roman 64<br \/>\n9 Stawiarski Wojciech Antoni 41<br \/>\n10 Trzeciak Ludwik Wojciech 64<\/p>\n<p>[Okr\u0119g nr 3]<\/p>\n<p>1 Babicz Marta \u00a0\u00a0 \u00a060<br \/>\n2 Czarnota Agnieszka Mariola 25<br \/>\n3 Gaw\u0142owicz Grzegorz Stanis\u0142aw 34<br \/>\n4 Kania Marek Piotr 64<br \/>\n5 Krawiec Bogdan Sylwester 45<br \/>\n6 Kurczak Tomasz Marcin 34<br \/>\n7 Paluch Ewa 33<br \/>\n8 Pi\u0105tek Maciej Pawe\u0142 29<br \/>\n9 Szeliga Tomasz Janusz 26 \u00a0\u00a0 \u00a0<strong><\/strong><\/p>\n<p><strong>[Okr\u0119g nr 4]<\/strong><\/p>\n<p>1 B\u0119benek Marcin Robert 31<br \/>\n2 Cholewa Wojciech Antoni 50<br \/>\n3 Desput Pawe\u0142 Adam 18<br \/>\n4 Goli\u0144ska Urszula Maria 23<br \/>\n5 Gramatyka Zygmunt Stanis\u0142aw 64<br \/>\n6 Mika Tomasz \u00a0\u00a0 \u00a038<br \/>\n7 Pa\u0142kowski S\u0142awomir J\u00f3zef 36<br \/>\n8 Piela Krystyna 47<br \/>\n9 Tworzyd\u0142o Kazimierz Adam 55<br \/>\n10 Zi\u0119ba Urszula Monika 33<\/p>\n<p><strong><br \/>\nKOMITET WYBORCZY WYBORC\u00d3W NIEZALE\u017bNY KOMITET WYBORCZY [\u0142\u0105cznie &#8211; 42 kandydat\u00f3w]<\/strong><\/p>\n<p><strong>[Okr\u0119g nr 1]<\/strong><\/p>\n<p>1 Brzezicka Barbara 47<br \/>\n2 Busch Zofia Ma\u0142gorzata 54<br \/>\n3 Gierek Joanna Kazimiera 37<br \/>\n4 Lisak Maciej Marek 25<br \/>\n5 Pot\u0119pa El\u017cbieta Agnieszka 27<br \/>\n6 Rzymek W\u0142adys\u0142aw Wojciech \u00a0\u00a0 \u00a052<br \/>\n7 Sucho\u0144ska-Justy\u0144ska Ewa 58<br \/>\n8 Szczepara Maria Jadwiga 21<br \/>\n9 Weiss Wojciech Stanis\u0142aw 34<br \/>\n10 W\u0119grzyn Renata Maria 46<\/p>\n<p><strong>[Okr\u0119g nr 2] <\/strong><\/p>\n<p>1 Dymura Edward Kazimierz 62<br \/>\n2 Gut Pawe\u0142 Zdzis\u0142aw 32<br \/>\n3 Jagielski Krzysztof Pawe\u0142 30<br \/>\n4 Kozio\u0142 Ma\u0142gorzata Maria 53<br \/>\n5 Kumorek Czes\u0142aw Henryk 56<br \/>\n6 Nakielny Mariusz W\u0142adys\u0142aw 37<br \/>\n7 Pawulski Maciej 30<br \/>\n8 Rydz El\u017cbieta Katarzyna 36<br \/>\n9 Szewczyk Micha\u0142 Edward 24<br \/>\n10 Su\u0142ek Jerzy W\u0142odzimierz 54<br \/>\n11 \u015amigla Marcin Wojciech 31<br \/>\n12 Zdebska Wies\u0142awa Ludwika 59<\/p>\n<p><strong>[Okr\u0119g nr 3] <\/strong><\/p>\n<p>1 Szczepara Ma\u0142gorzata Aniela 56<br \/>\n2 Kozio\u0142 Dominik Jacek \u00a0\u00a0 \u00a024<br \/>\n3 Krzywda Marcin Piotr \u00a0\u00a0 \u00a031<br \/>\n4 Mikulec Piotr \u00a0\u00a0 \u00a031<br \/>\n5 Pach Jakub Konrad 24<br \/>\n6 Paluch Krystyna Teodozja 61<br \/>\n7 Tabak Dorota Anna 43<br \/>\n8 Winter Barbara 56<br \/>\n9 Wn\u0119k Wies\u0142aw Stefan \u00a0\u00a0 \u00a060<br \/>\n10 Zajt Ma\u0142gorzata Maria 52<br \/>\n<strong><br \/>\n[Okr\u0119g nr 4] <\/strong><\/p>\n<p>1 Kare\u0142 Stefan Roman 65<br \/>\n2 Kawalec Jacek Andrzej 47<br \/>\n3 Kumorek Marcin Miko\u0142aj 30<br \/>\n4 Lizak Piotr Mieczys\u0142aw 28<br \/>\n5 Marsza\u0142ek Dariusz Stanis\u0142aw 35<br \/>\n6 Nosek Joanna Maria 35<br \/>\n7 Palej Marcin 28<br \/>\n8 Pilch Danuta 66<br \/>\n9 Raczy\u0144ski Pawe\u0142 Grzegorz 28<br \/>\n10 W\u0119grzyn Szczepan Sylwester 35<\/p>\n<p><strong><br \/>\nKOMITET WYBORCZY WYBORC\u00d3W &#8222;NASZA WSP\u00d3LNA SPRAWA&#8221;: [\u0142\u0105cznie &#8211; 24 kandydat\u00f3w]<\/strong><\/p>\n<p><strong>[Okr\u0119g nr 1] <\/strong><\/p>\n<p>1 Wyrwa Danuta 59<br \/>\n2 Klimek Wies\u0142awa 42<br \/>\n3 Mazurek Artur 39<br \/>\n4 D\u0119bosz Zbigniew Stanis\u0142aw 51<br \/>\n5 Pot\u0119pa Teresa J\u00f3zefa \u00a0\u00a0 \u00a049<\/p>\n<p>[Okr\u0119g nr 2]<\/p>\n<p>1 P\u0142onka Edward W\u0142odzimierz 41<br \/>\n2 Go\u0142as Mateusz Piotr \u00a0\u00a0 \u00a026<br \/>\n3 Rakoczy Marcin Rafa\u0142 \u00a0\u00a0 \u00a032<br \/>\n4 Jawor Iwona \u00a0\u00a0 \u00a037<br \/>\n5 Stochel Micha\u0142 Maksymilian \u00a0\u00a0 \u00a027<br \/>\n6 Bo\u017cek \u0141ukasz Jerzy \u00a0\u00a0 \u00a033<\/p>\n<p><strong>[Okr\u0119g nr 3] <\/strong><\/p>\n<p>1 Kraso\u0144 Andrzej Marek 53<br \/>\n2 Krzywda Leszek Tadeusz 57<br \/>\n3 Nowak Tomasz Maciej 23<br \/>\n4 Tla\u0142ka- Piotrowska Barbara Wies\u0142awa 49<br \/>\n5 Rzepecka Katarzyna Sylwia 36<\/p>\n<p><strong>[Okr\u0119g nr 4] <\/strong><\/p>\n<p>1 Cierniak Jacek Piotr 37<br \/>\n2 W\u0119grzyn Przemys\u0142aw Marian \u00a0\u00a0 \u00a036<br \/>\n3 Stomp\u00f3r Krzysztof 39<br \/>\n4 Sta\u015bko El\u017cbieta Ma\u0142gorzata 48<br \/>\n5 Zale\u015bny Robert Henryk 45<br \/>\n6 Olesi\u0144ski Rados\u0142aw Krzysztof \u00a0\u00a0 \u00a036<br \/>\n7 Jaszczy\u0144ski Artur Grzegorz 40<br \/>\n8 Trojan Sabina Maria 34<\/p>\n","protected":false},"excerpt":{"rendered":"<p>W Bochni a\u017c 174 osoby zg\u0142oszono na 20 listach jako kandydat\u00f3w do Rady Miejskiej. W 4 okr\u0119gach b\u0119dzie mo\u017cna g\u0142osowa\u0107 na kandydat\u00f3w z 5 utworzonych komitet\u00f3w: Platformy Obywatelskiej, Prawa i Sprawiedliwo\u015bci, KWW: Nasza Wsp\u00f3lna Sprawa, Bochniacy Dla Bochni oraz Niezale\u017cny Komitet Wyborczy. <\/p>\n","protected":false},"author":1,"featured_media":0,"comment_status":"open","ping_status":"closed","sticky":false,"template":"","format":"standard","meta":{"_acf_changed":false,"footnotes":""},"categories":[5,11,6251,6250],"tags":[17269,7747,7749,7748,17452,7746],"class_list":["post-37322","post","type-post","status-publish","format-standard","hentry","category-biezace-wydarzenia","category-top-temat","category-polityka-i-wydarzenia","category-tematyka","tag-bochnia","tag-kandydaci-do-rady","tag-komitety","tag-listy-wyborcze","tag-samorzad","tag-wybory-2010"],"acf":[],"yoast_head":"<!-- This site is optimized with the Yoast SEO plugin v26.9 - https:\/\/yoast.com\/product\/yoast-seo-wordpress\/ -->\n<title>Kandydaci do Rady Miejskiej w Bochni - lista - mojabochnia.pl - portal informacyjny<\/title>\n<meta name=\"robots\" content=\"index, follow, max-snippet:-1, max-image-preview:large, max-video-preview:-1\" \/>\n<link rel=\"canonical\" href=\"https:\/\/www.mojabochnia.pl\/?p=37322\" \/>\n<meta property=\"og:locale\" content=\"pl_PL\" \/>\n<meta property=\"og:type\" content=\"article\" \/>\n<meta property=\"og:title\" content=\"Kandydaci do Rady Miejskiej w Bochni - lista - mojabochnia.pl - portal informacyjny\" \/>\n<meta property=\"og:description\" content=\"W Bochni a\u017c 174 osoby zg\u0142oszono na 20 listach jako kandydat\u00f3w do Rady Miejskiej. W 4 okr\u0119gach b\u0119dzie mo\u017cna g\u0142osowa\u0107 na kandydat\u00f3w z 5 utworzonych komitet\u00f3w: Platformy Obywatelskiej, Prawa i Sprawiedliwo\u015bci, KWW: Nasza Wsp\u00f3lna Sprawa, Bochniacy Dla Bochni oraz Niezale\u017cny Komitet Wyborczy.\" \/>\n<meta property=\"og:url\" content=\"https:\/\/www.mojabochnia.pl\/?p=37322\" \/>\n<meta property=\"og:site_name\" content=\"mojabochnia.pl - portal informacyjny\" \/>\n<meta property=\"article:publisher\" content=\"https:\/\/www.facebook.com\/mojabochnia\" \/>\n<meta property=\"article:published_time\" content=\"2010-11-21T09:04:04+00:00\" \/>\n<meta property=\"article:modified_time\" content=\"2010-11-21T12:34:39+00:00\" \/>\n<meta name=\"author\" content=\"administrator\" \/>\n<meta name=\"twitter:card\" content=\"summary_large_image\" \/>\n<meta name=\"twitter:label1\" content=\"Written by\" \/>\n\t<meta name=\"twitter:data1\" content=\"administrator\" \/>\n\t<meta name=\"twitter:label2\" content=\"Est. reading time\" \/>\n\t<meta name=\"twitter:data2\" content=\"4 minuty\" \/>\n<script type=\"application\/ld+json\" class=\"yoast-schema-graph\">{\"@context\":\"https:\/\/schema.org\",\"@graph\":[{\"@type\":\"Article\",\"@id\":\"https:\/\/www.mojabochnia.pl\/?p=37322#article\",\"isPartOf\":{\"@id\":\"https:\/\/www.mojabochnia.pl\/?p=37322\"},\"author\":{\"name\":\"administrator\",\"@id\":\"https:\/\/www.mojabochnia.pl\/#\/schema\/person\/c00e1f64e6fa0e6de6d410f2c340017f\"},\"headline\":\"Kandydaci do Rady Miejskiej w Bochni &#8211; lista\",\"datePublished\":\"2010-11-21T09:04:04+00:00\",\"dateModified\":\"2010-11-21T12:34:39+00:00\",\"mainEntityOfPage\":{\"@id\":\"https:\/\/www.mojabochnia.pl\/?p=37322\"},\"wordCount\":781,\"commentCount\":1,\"publisher\":{\"@id\":\"https:\/\/www.mojabochnia.pl\/#organization\"},\"keywords\":[\"bochnia\",\"kandydaci do rady\",\"komitety\",\"listy wyborcze\",\"samorz\u0105d\",\"wybory 2010\"],\"articleSection\":[\"2_ostatnie\",\"3_w centrum uwagi\",\"polityka i wydarzenia\",\"tematyka\"],\"inLanguage\":\"pl-PL\",\"potentialAction\":[{\"@type\":\"CommentAction\",\"name\":\"Comment\",\"target\":[\"https:\/\/www.mojabochnia.pl\/?p=37322#respond\"]}]},{\"@type\":\"WebPage\",\"@id\":\"https:\/\/www.mojabochnia.pl\/?p=37322\",\"url\":\"https:\/\/www.mojabochnia.pl\/?p=37322\",\"name\":\"Kandydaci do Rady Miejskiej w Bochni - lista - mojabochnia.pl - portal informacyjny\",\"isPartOf\":{\"@id\":\"https:\/\/www.mojabochnia.pl\/#website\"},\"datePublished\":\"2010-11-21T09:04:04+00:00\",\"dateModified\":\"2010-11-21T12:34:39+00:00\",\"breadcrumb\":{\"@id\":\"https:\/\/www.mojabochnia.pl\/?p=37322#breadcrumb\"},\"inLanguage\":\"pl-PL\",\"potentialAction\":[{\"@type\":\"ReadAction\",\"target\":[\"https:\/\/www.mojabochnia.pl\/?p=37322\"]}]},{\"@type\":\"BreadcrumbList\",\"@id\":\"https:\/\/www.mojabochnia.pl\/?p=37322#breadcrumb\",\"itemListElement\":[{\"@type\":\"ListItem\",\"position\":1,\"name\":\"Home\",\"item\":\"https:\/\/www.mojabochnia.pl\/\"},{\"@type\":\"ListItem\",\"position\":2,\"name\":\"Kandydaci do Rady Miejskiej w Bochni &#8211; lista\"}]},{\"@type\":\"WebSite\",\"@id\":\"https:\/\/www.mojabochnia.pl\/#website\",\"url\":\"https:\/\/www.mojabochnia.pl\/\",\"name\":\"mojabochnia.pl - portal informacyjny\",\"description\":\"mojaBochnia to portal informacyjny o Bochni. Codziennie o Bochni piszemy i pokazujemy najwa\u017cniejsze wydarzenia\",\"publisher\":{\"@id\":\"https:\/\/www.mojabochnia.pl\/#organization\"},\"potentialAction\":[{\"@type\":\"SearchAction\",\"target\":{\"@type\":\"EntryPoint\",\"urlTemplate\":\"https:\/\/www.mojabochnia.pl\/?s={search_term_string}\"},\"query-input\":{\"@type\":\"PropertyValueSpecification\",\"valueRequired\":true,\"valueName\":\"search_term_string\"}}],\"inLanguage\":\"pl-PL\"},{\"@type\":\"Organization\",\"@id\":\"https:\/\/www.mojabochnia.pl\/#organization\",\"name\":\"mojabochnia.pl - portal informacyjny\",\"url\":\"https:\/\/www.mojabochnia.pl\/\",\"logo\":{\"@type\":\"ImageObject\",\"inLanguage\":\"pl-PL\",\"@id\":\"https:\/\/www.mojabochnia.pl\/#\/schema\/logo\/image\/\",\"url\":\"https:\/\/www.mojabochnia.pl\/wp-content\/uploads\/2017\/08\/logo-mb-opt.png\",\"contentUrl\":\"https:\/\/www.mojabochnia.pl\/wp-content\/uploads\/2017\/08\/logo-mb-opt.png\",\"width\":250,\"height\":48,\"caption\":\"mojabochnia.pl - portal informacyjny\"},\"image\":{\"@id\":\"https:\/\/www.mojabochnia.pl\/#\/schema\/logo\/image\/\"},\"sameAs\":[\"https:\/\/www.facebook.com\/mojabochnia\"]},{\"@type\":\"Person\",\"@id\":\"https:\/\/www.mojabochnia.pl\/#\/schema\/person\/c00e1f64e6fa0e6de6d410f2c340017f\",\"name\":\"administrator\",\"url\":\"https:\/\/www.mojabochnia.pl\/?author=1\"}]}<\/script>\n<!-- \/ Yoast SEO plugin. -->","yoast_head_json":{"title":"Kandydaci do Rady Miejskiej w Bochni - lista - mojabochnia.pl - portal informacyjny","robots":{"index":"index","follow":"follow","max-snippet":"max-snippet:-1","max-image-preview":"max-image-preview:large","max-video-preview":"max-video-preview:-1"},"canonical":"https:\/\/www.mojabochnia.pl\/?p=37322","og_locale":"pl_PL","og_type":"article","og_title":"Kandydaci do Rady Miejskiej w Bochni - lista - mojabochnia.pl - portal informacyjny","og_description":"W Bochni a\u017c 174 osoby zg\u0142oszono na 20 listach jako kandydat\u00f3w do Rady Miejskiej. W 4 okr\u0119gach b\u0119dzie mo\u017cna g\u0142osowa\u0107 na kandydat\u00f3w z 5 utworzonych komitet\u00f3w: Platformy Obywatelskiej, Prawa i Sprawiedliwo\u015bci, KWW: Nasza Wsp\u00f3lna Sprawa, Bochniacy Dla Bochni oraz Niezale\u017cny Komitet Wyborczy.","og_url":"https:\/\/www.mojabochnia.pl\/?p=37322","og_site_name":"mojabochnia.pl - portal informacyjny","article_publisher":"https:\/\/www.facebook.com\/mojabochnia","article_published_time":"2010-11-21T09:04:04+00:00","article_modified_time":"2010-11-21T12:34:39+00:00","author":"administrator","twitter_card":"summary_large_image","twitter_misc":{"Written by":"administrator","Est. reading time":"4 minuty"},"schema":{"@context":"https:\/\/schema.org","@graph":[{"@type":"Article","@id":"https:\/\/www.mojabochnia.pl\/?p=37322#article","isPartOf":{"@id":"https:\/\/www.mojabochnia.pl\/?p=37322"},"author":{"name":"administrator","@id":"https:\/\/www.mojabochnia.pl\/#\/schema\/person\/c00e1f64e6fa0e6de6d410f2c340017f"},"headline":"Kandydaci do Rady Miejskiej w Bochni &#8211; lista","datePublished":"2010-11-21T09:04:04+00:00","dateModified":"2010-11-21T12:34:39+00:00","mainEntityOfPage":{"@id":"https:\/\/www.mojabochnia.pl\/?p=37322"},"wordCount":781,"commentCount":1,"publisher":{"@id":"https:\/\/www.mojabochnia.pl\/#organization"},"keywords":["bochnia","kandydaci do rady","komitety","listy wyborcze","samorz\u0105d","wybory 2010"],"articleSection":["2_ostatnie","3_w centrum uwagi","polityka i wydarzenia","tematyka"],"inLanguage":"pl-PL","potentialAction":[{"@type":"CommentAction","name":"Comment","target":["https:\/\/www.mojabochnia.pl\/?p=37322#respond"]}]},{"@type":"WebPage","@id":"https:\/\/www.mojabochnia.pl\/?p=37322","url":"https:\/\/www.mojabochnia.pl\/?p=37322","name":"Kandydaci do Rady Miejskiej w Bochni - lista - mojabochnia.pl - portal informacyjny","isPartOf":{"@id":"https:\/\/www.mojabochnia.pl\/#website"},"datePublished":"2010-11-21T09:04:04+00:00","dateModified":"2010-11-21T12:34:39+00:00","breadcrumb":{"@id":"https:\/\/www.mojabochnia.pl\/?p=37322#breadcrumb"},"inLanguage":"pl-PL","potentialAction":[{"@type":"ReadAction","target":["https:\/\/www.mojabochnia.pl\/?p=37322"]}]},{"@type":"BreadcrumbList","@id":"https:\/\/www.mojabochnia.pl\/?p=37322#breadcrumb","itemListElement":[{"@type":"ListItem","position":1,"name":"Home","item":"https:\/\/www.mojabochnia.pl\/"},{"@type":"ListItem","position":2,"name":"Kandydaci do Rady Miejskiej w Bochni &#8211; lista"}]},{"@type":"WebSite","@id":"https:\/\/www.mojabochnia.pl\/#website","url":"https:\/\/www.mojabochnia.pl\/","name":"mojabochnia.pl - portal informacyjny","description":"mojaBochnia to portal informacyjny o Bochni. Codziennie o Bochni piszemy i pokazujemy najwa\u017cniejsze wydarzenia","publisher":{"@id":"https:\/\/www.mojabochnia.pl\/#organization"},"potentialAction":[{"@type":"SearchAction","target":{"@type":"EntryPoint","urlTemplate":"https:\/\/www.mojabochnia.pl\/?s={search_term_string}"},"query-input":{"@type":"PropertyValueSpecification","valueRequired":true,"valueName":"search_term_string"}}],"inLanguage":"pl-PL"},{"@type":"Organization","@id":"https:\/\/www.mojabochnia.pl\/#organization","name":"mojabochnia.pl - portal informacyjny","url":"https:\/\/www.mojabochnia.pl\/","logo":{"@type":"ImageObject","inLanguage":"pl-PL","@id":"https:\/\/www.mojabochnia.pl\/#\/schema\/logo\/image\/","url":"https:\/\/www.mojabochnia.pl\/wp-content\/uploads\/2017\/08\/logo-mb-opt.png","contentUrl":"https:\/\/www.mojabochnia.pl\/wp-content\/uploads\/2017\/08\/logo-mb-opt.png","width":250,"height":48,"caption":"mojabochnia.pl - portal informacyjny"},"image":{"@id":"https:\/\/www.mojabochnia.pl\/#\/schema\/logo\/image\/"},"sameAs":["https:\/\/www.facebook.com\/mojabochnia"]},{"@type":"Person","@id":"https:\/\/www.mojabochnia.pl\/#\/schema\/person\/c00e1f64e6fa0e6de6d410f2c340017f","name":"administrator","url":"https:\/\/www.mojabochnia.pl\/?author=1"}]}},"_links":{"self":[{"href":"https:\/\/www.mojabochnia.pl\/index.php?rest_route=\/wp\/v2\/posts\/37322","targetHints":{"allow":["GET"]}}],"collection":[{"href":"https:\/\/www.mojabochnia.pl\/index.php?rest_route=\/wp\/v2\/posts"}],"about":[{"href":"https:\/\/www.mojabochnia.pl\/index.php?rest_route=\/wp\/v2\/types\/post"}],"author":[{"embeddable":true,"href":"https:\/\/www.mojabochnia.pl\/index.php?rest_route=\/wp\/v2\/users\/1"}],"replies":[{"embeddable":true,"href":"https:\/\/www.mojabochnia.pl\/index.php?rest_route=%2Fwp%2Fv2%2Fcomments&post=37322"}],"version-history":[{"count":0,"href":"https:\/\/www.mojabochnia.pl\/index.php?rest_route=\/wp\/v2\/posts\/37322\/revisions"}],"wp:attachment":[{"href":"https:\/\/www.mojabochnia.pl\/index.php?rest_route=%2Fwp%2Fv2%2Fmedia&parent=37322"}],"wp:term":[{"taxonomy":"category","embeddable":true,"href":"https:\/\/www.mojabochnia.pl\/index.php?rest_route=%2Fwp%2Fv2%2Fcategories&post=37322"},{"taxonomy":"post_tag","embeddable":true,"href":"https:\/\/www.mojabochnia.pl\/index.php?rest_route=%2Fwp%2Fv2%2Ftags&post=37322"}],"curies":[{"name":"wp","href":"https:\/\/api.w.org\/{rel}","templated":true}]}}