{"id":37321,"date":"2010-10-25T15:19:03","date_gmt":"2010-10-25T13:19:03","guid":{"rendered":"http:\/\/www.mojabochnia.pl\/?p=37321"},"modified":"2010-10-25T15:47:12","modified_gmt":"2010-10-25T13:47:12","slug":"muzycznie-w-dkf-maciste-w-piatek-idol-todda-haynesa","status":"publish","type":"post","link":"https:\/\/www.mojabochnia.pl\/?p=37321","title":{"rendered":"Muzycznie w DKF Maciste &#8211; w czwartek &#8222;Idol&#8221; Todda Haynesa"},"content":{"rendered":"<p><strong><em>Idol<\/em><br \/>\nRe\u017c. Todd Haynes<br \/>\nUSA, Wielka Brytania; 124 min<br \/>\nObsada: Ewan McGregor, Toni Collette, Christian Bale, Jonathan Rhys Meyers<\/strong><\/p>\n<p><em>Idol (Velvet Goldmine, 1998) opowiada o narodzinach tak zwanego glam rocka \u2013 nurtu w brytyjskiej, a p\u00f3\u017aniej tak\u017ce ameryka\u0144skiej, muzyce popularnej zapocz\u0105tkowanego mi\u0119dzy innymi przez Davida Bowiego. Kierunek ten, czerpi\u0105cy z tradycji rocka, disco i muzyki alternatywnej, charakteryzowa\u0142 si\u0119 programow\u0105 sztuczno\u015bci\u0105 i teatralno\u015bci\u0105 wyra\u017can\u0105 mi\u0119dzy innymi przez dziwaczne stroje i makija\u017ce artyst\u00f3w, si\u0119gaj\u0105cych w swych scenicznych kreacjach do rozwi\u0105za\u0144 sugeruj\u0105cych ich ambiwalentn\u0105 to\u017csamo\u015b\u0107 seksualn\u0105. Dla wielu muzyk\u00f3w i fan\u00f3w zjawiska \u2013 w tym tak\u017ce dla Bowiego \u2013 homoseksualizm by\u0142, ponownie wbrew pogl\u0105dom upowszechnianym przez gejowskich aktywist\u00f3w, raczej wyborem, ni\u017c wynikiem naturalnych uwarunkowa\u0144. (\u2026) Bycie gejem by\u0142o dla niego kolejnym kostiumem, kt\u00f3ry m\u00f3g\u0142 w dowolnym momencie odrzuci\u0107, by uto\u017csami\u0107 si\u0119 z kolejn\u0105 ze swoich licznych estradowych kreacji.<\/p>\n<p>Idol jest w pewnym sensie filmem z kluczem. Cho\u0107 nazwiska bohater\u00f3w zosta\u0142y zmienione, bez trudu dostrze\u017cemy, \u017ce opowiada on o zwi\u0105zku Davida Bowiego z Iggym Popem \u2013 ameryka\u0144skim muzykiem sceny alternatywnej, kt\u00f3ry mia\u0142 w latach 70. spory wp\u0142yw na brytyjskiego piosenkarza. Ale to nie ten w\u0105tek wydaje si\u0119 najwa\u017cniejszy. G\u0142\u00f3wn\u0105, cho\u0107 nie zawsze obecn\u0105 na ekranie, postaci\u0105 jest bowiem Arthur \u2013 dziennikarz ameryka\u0144skiego pisma, kt\u00f3ry powraca do Wielkiej Brytani, by przeprowadzi\u0107 \u201e\u015bledztwo\u201d w sprawie znikni\u0119cia Briana Slade\u2019a (posta\u0107 wzorowana na Davidzie Bowiem), rzekomo zastrzelonego podczas jednego z koncert\u00f3w. Idol jest opowie\u015bci\u0105 o kszta\u0142towaniu si\u0119 jego to\u017csamo\u015bci, ale tak\u017ce interesuj\u0105c\u0105 pr\u00f3b\u0105 ukazania roli subkultury w budowaniu \u015bwiadomo\u015bci m\u0142odego pokolenia. Haynes ukazuje subkultur\u0119 jako rodzaj reinterpretacji w\u0105tk\u00f3w nale\u017c\u0105cych do obszaru dominuj\u0105cego czy wr\u0119cz \u2013 w przypadku glam rocka \u2013 przemys\u0142u kulturowego.<\/em> <strong>(Andrzej Pitrus, Todd Haynes: Przesuni\u0119cia i reinterpretacje)<\/strong><\/p>\n<p>Warto doda\u0107, \u017ce film nominowany by\u0142 do Z\u0142otej Palmy w Cannes w 1998 roku i Oscara w roku 1999. Spotkanie DKF Maciste podczas kt\u00f3rego zostanie zaprezentowany rozpocznie si\u0119 28 pa\u017adziernika o godzinie 19.00 w kinie Regis. Prelekcj\u0119 przed filmem wyg\u0142osi Stanis\u0142aw Liguzi\u0144ski.<\/p>\n<p>Bilety: 10 z\u0142 i 5 z\u0142 dla cz\u0142onk\u00f3w DKF Maciste. <\/p>\n","protected":false},"excerpt":{"rendered":"<p>Tym razem w ramach Dyskusyjnego Klubu Filmowego Maciste pokazany zostanie film o narodzinach tak zwanego glam rocka &#8211; nurtu zapocz\u0105tkowanego przez Davida Bowiego. Projekcja odb\u0119dzie si\u0119 w czwartek o godzinie 19.00 w kinie Regis.<\/p>\n","protected":false},"author":2,"featured_media":0,"comment_status":"open","ping_status":"closed","sticky":false,"template":"","format":"standard","meta":{"_acf_changed":false,"footnotes":""},"categories":[5,92,6250],"tags":[7750,17866,17142,7751,17263,17135,2519,7752],"class_list":["post-37321","post","type-post","status-publish","format-standard","hentry","category-biezace-wydarzenia","category-kultura","category-tematyka","tag-dkaf-maciste","tag-dkf","tag-film","tag-idol","tag-kino-regis","tag-kultura","tag-projekcja","tag-stanislaw-liguzinski"],"acf":[],"yoast_head":"<!-- This site is optimized with the Yoast SEO plugin v26.9 - https:\/\/yoast.com\/product\/yoast-seo-wordpress\/ -->\n<title>Muzycznie w DKF Maciste - w czwartek &quot;Idol&quot; Todda Haynesa - mojabochnia.pl - portal informacyjny<\/title>\n<meta name=\"robots\" content=\"index, follow, max-snippet:-1, max-image-preview:large, max-video-preview:-1\" \/>\n<link rel=\"canonical\" href=\"https:\/\/www.mojabochnia.pl\/?p=37321\" \/>\n<meta property=\"og:locale\" content=\"pl_PL\" \/>\n<meta property=\"og:type\" content=\"article\" \/>\n<meta property=\"og:title\" content=\"Muzycznie w DKF Maciste - w czwartek &quot;Idol&quot; Todda Haynesa - mojabochnia.pl - portal informacyjny\" \/>\n<meta property=\"og:description\" content=\"Tym razem w ramach Dyskusyjnego Klubu Filmowego Maciste pokazany zostanie film o narodzinach tak zwanego glam rocka - nurtu zapocz\u0105tkowanego przez Davida Bowiego. Projekcja odb\u0119dzie si\u0119 w czwartek o godzinie 19.00 w kinie Regis.\" \/>\n<meta property=\"og:url\" content=\"https:\/\/www.mojabochnia.pl\/?p=37321\" \/>\n<meta property=\"og:site_name\" content=\"mojabochnia.pl - portal informacyjny\" \/>\n<meta property=\"article:publisher\" content=\"https:\/\/www.facebook.com\/mojabochnia\" \/>\n<meta property=\"article:published_time\" content=\"2010-10-25T13:19:03+00:00\" \/>\n<meta property=\"article:modified_time\" content=\"2010-10-25T13:47:12+00:00\" \/>\n<meta name=\"author\" content=\"Jacek Kucharski\" \/>\n<meta name=\"twitter:card\" content=\"summary_large_image\" \/>\n<meta name=\"twitter:label1\" content=\"Written by\" \/>\n\t<meta name=\"twitter:data1\" content=\"Jacek Kucharski\" \/>\n\t<meta name=\"twitter:label2\" content=\"Est. reading time\" \/>\n\t<meta name=\"twitter:data2\" content=\"2 minuty\" \/>\n<script type=\"application\/ld+json\" class=\"yoast-schema-graph\">{\"@context\":\"https:\/\/schema.org\",\"@graph\":[{\"@type\":\"Article\",\"@id\":\"https:\/\/www.mojabochnia.pl\/?p=37321#article\",\"isPartOf\":{\"@id\":\"https:\/\/www.mojabochnia.pl\/?p=37321\"},\"author\":{\"name\":\"Jacek Kucharski\",\"@id\":\"https:\/\/www.mojabochnia.pl\/#\/schema\/person\/cbf2046fc62995d3796f0c0160613698\"},\"headline\":\"Muzycznie w DKF Maciste &#8211; w czwartek &#8222;Idol&#8221; Todda Haynesa\",\"datePublished\":\"2010-10-25T13:19:03+00:00\",\"dateModified\":\"2010-10-25T13:47:12+00:00\",\"mainEntityOfPage\":{\"@id\":\"https:\/\/www.mojabochnia.pl\/?p=37321\"},\"wordCount\":381,\"commentCount\":0,\"publisher\":{\"@id\":\"https:\/\/www.mojabochnia.pl\/#organization\"},\"keywords\":[\"dkaf maciste\",\"dkf\",\"film\",\"idol\",\"kino regis\",\"kultura\",\"projekcja\",\"stanis\u0142aw liguzi\u0144ski\"],\"articleSection\":[\"2_ostatnie\",\"kultura\",\"tematyka\"],\"inLanguage\":\"pl-PL\",\"potentialAction\":[{\"@type\":\"CommentAction\",\"name\":\"Comment\",\"target\":[\"https:\/\/www.mojabochnia.pl\/?p=37321#respond\"]}]},{\"@type\":\"WebPage\",\"@id\":\"https:\/\/www.mojabochnia.pl\/?p=37321\",\"url\":\"https:\/\/www.mojabochnia.pl\/?p=37321\",\"name\":\"Muzycznie w DKF Maciste - w czwartek \\\"Idol\\\" Todda Haynesa - mojabochnia.pl - portal informacyjny\",\"isPartOf\":{\"@id\":\"https:\/\/www.mojabochnia.pl\/#website\"},\"datePublished\":\"2010-10-25T13:19:03+00:00\",\"dateModified\":\"2010-10-25T13:47:12+00:00\",\"breadcrumb\":{\"@id\":\"https:\/\/www.mojabochnia.pl\/?p=37321#breadcrumb\"},\"inLanguage\":\"pl-PL\",\"potentialAction\":[{\"@type\":\"ReadAction\",\"target\":[\"https:\/\/www.mojabochnia.pl\/?p=37321\"]}]},{\"@type\":\"BreadcrumbList\",\"@id\":\"https:\/\/www.mojabochnia.pl\/?p=37321#breadcrumb\",\"itemListElement\":[{\"@type\":\"ListItem\",\"position\":1,\"name\":\"Home\",\"item\":\"https:\/\/www.mojabochnia.pl\/\"},{\"@type\":\"ListItem\",\"position\":2,\"name\":\"Muzycznie w DKF Maciste &#8211; w czwartek &#8222;Idol&#8221; Todda Haynesa\"}]},{\"@type\":\"WebSite\",\"@id\":\"https:\/\/www.mojabochnia.pl\/#website\",\"url\":\"https:\/\/www.mojabochnia.pl\/\",\"name\":\"mojabochnia.pl - portal informacyjny\",\"description\":\"mojaBochnia to portal informacyjny o Bochni. Codziennie o Bochni piszemy i pokazujemy najwa\u017cniejsze wydarzenia\",\"publisher\":{\"@id\":\"https:\/\/www.mojabochnia.pl\/#organization\"},\"potentialAction\":[{\"@type\":\"SearchAction\",\"target\":{\"@type\":\"EntryPoint\",\"urlTemplate\":\"https:\/\/www.mojabochnia.pl\/?s={search_term_string}\"},\"query-input\":{\"@type\":\"PropertyValueSpecification\",\"valueRequired\":true,\"valueName\":\"search_term_string\"}}],\"inLanguage\":\"pl-PL\"},{\"@type\":\"Organization\",\"@id\":\"https:\/\/www.mojabochnia.pl\/#organization\",\"name\":\"mojabochnia.pl - portal informacyjny\",\"url\":\"https:\/\/www.mojabochnia.pl\/\",\"logo\":{\"@type\":\"ImageObject\",\"inLanguage\":\"pl-PL\",\"@id\":\"https:\/\/www.mojabochnia.pl\/#\/schema\/logo\/image\/\",\"url\":\"https:\/\/www.mojabochnia.pl\/wp-content\/uploads\/2017\/08\/logo-mb-opt.png\",\"contentUrl\":\"https:\/\/www.mojabochnia.pl\/wp-content\/uploads\/2017\/08\/logo-mb-opt.png\",\"width\":250,\"height\":48,\"caption\":\"mojabochnia.pl - portal informacyjny\"},\"image\":{\"@id\":\"https:\/\/www.mojabochnia.pl\/#\/schema\/logo\/image\/\"},\"sameAs\":[\"https:\/\/www.facebook.com\/mojabochnia\"]},{\"@type\":\"Person\",\"@id\":\"https:\/\/www.mojabochnia.pl\/#\/schema\/person\/cbf2046fc62995d3796f0c0160613698\",\"name\":\"Jacek Kucharski\",\"url\":\"https:\/\/www.mojabochnia.pl\/?author=2\"}]}<\/script>\n<!-- \/ Yoast SEO plugin. -->","yoast_head_json":{"title":"Muzycznie w DKF Maciste - w czwartek \"Idol\" Todda Haynesa - mojabochnia.pl - portal informacyjny","robots":{"index":"index","follow":"follow","max-snippet":"max-snippet:-1","max-image-preview":"max-image-preview:large","max-video-preview":"max-video-preview:-1"},"canonical":"https:\/\/www.mojabochnia.pl\/?p=37321","og_locale":"pl_PL","og_type":"article","og_title":"Muzycznie w DKF Maciste - w czwartek \"Idol\" Todda Haynesa - mojabochnia.pl - portal informacyjny","og_description":"Tym razem w ramach Dyskusyjnego Klubu Filmowego Maciste pokazany zostanie film o narodzinach tak zwanego glam rocka - nurtu zapocz\u0105tkowanego przez Davida Bowiego. Projekcja odb\u0119dzie si\u0119 w czwartek o godzinie 19.00 w kinie Regis.","og_url":"https:\/\/www.mojabochnia.pl\/?p=37321","og_site_name":"mojabochnia.pl - portal informacyjny","article_publisher":"https:\/\/www.facebook.com\/mojabochnia","article_published_time":"2010-10-25T13:19:03+00:00","article_modified_time":"2010-10-25T13:47:12+00:00","author":"Jacek Kucharski","twitter_card":"summary_large_image","twitter_misc":{"Written by":"Jacek Kucharski","Est. reading time":"2 minuty"},"schema":{"@context":"https:\/\/schema.org","@graph":[{"@type":"Article","@id":"https:\/\/www.mojabochnia.pl\/?p=37321#article","isPartOf":{"@id":"https:\/\/www.mojabochnia.pl\/?p=37321"},"author":{"name":"Jacek Kucharski","@id":"https:\/\/www.mojabochnia.pl\/#\/schema\/person\/cbf2046fc62995d3796f0c0160613698"},"headline":"Muzycznie w DKF Maciste &#8211; w czwartek &#8222;Idol&#8221; Todda Haynesa","datePublished":"2010-10-25T13:19:03+00:00","dateModified":"2010-10-25T13:47:12+00:00","mainEntityOfPage":{"@id":"https:\/\/www.mojabochnia.pl\/?p=37321"},"wordCount":381,"commentCount":0,"publisher":{"@id":"https:\/\/www.mojabochnia.pl\/#organization"},"keywords":["dkaf maciste","dkf","film","idol","kino regis","kultura","projekcja","stanis\u0142aw liguzi\u0144ski"],"articleSection":["2_ostatnie","kultura","tematyka"],"inLanguage":"pl-PL","potentialAction":[{"@type":"CommentAction","name":"Comment","target":["https:\/\/www.mojabochnia.pl\/?p=37321#respond"]}]},{"@type":"WebPage","@id":"https:\/\/www.mojabochnia.pl\/?p=37321","url":"https:\/\/www.mojabochnia.pl\/?p=37321","name":"Muzycznie w DKF Maciste - w czwartek \"Idol\" Todda Haynesa - mojabochnia.pl - portal informacyjny","isPartOf":{"@id":"https:\/\/www.mojabochnia.pl\/#website"},"datePublished":"2010-10-25T13:19:03+00:00","dateModified":"2010-10-25T13:47:12+00:00","breadcrumb":{"@id":"https:\/\/www.mojabochnia.pl\/?p=37321#breadcrumb"},"inLanguage":"pl-PL","potentialAction":[{"@type":"ReadAction","target":["https:\/\/www.mojabochnia.pl\/?p=37321"]}]},{"@type":"BreadcrumbList","@id":"https:\/\/www.mojabochnia.pl\/?p=37321#breadcrumb","itemListElement":[{"@type":"ListItem","position":1,"name":"Home","item":"https:\/\/www.mojabochnia.pl\/"},{"@type":"ListItem","position":2,"name":"Muzycznie w DKF Maciste &#8211; w czwartek &#8222;Idol&#8221; Todda Haynesa"}]},{"@type":"WebSite","@id":"https:\/\/www.mojabochnia.pl\/#website","url":"https:\/\/www.mojabochnia.pl\/","name":"mojabochnia.pl - portal informacyjny","description":"mojaBochnia to portal informacyjny o Bochni. Codziennie o Bochni piszemy i pokazujemy najwa\u017cniejsze wydarzenia","publisher":{"@id":"https:\/\/www.mojabochnia.pl\/#organization"},"potentialAction":[{"@type":"SearchAction","target":{"@type":"EntryPoint","urlTemplate":"https:\/\/www.mojabochnia.pl\/?s={search_term_string}"},"query-input":{"@type":"PropertyValueSpecification","valueRequired":true,"valueName":"search_term_string"}}],"inLanguage":"pl-PL"},{"@type":"Organization","@id":"https:\/\/www.mojabochnia.pl\/#organization","name":"mojabochnia.pl - portal informacyjny","url":"https:\/\/www.mojabochnia.pl\/","logo":{"@type":"ImageObject","inLanguage":"pl-PL","@id":"https:\/\/www.mojabochnia.pl\/#\/schema\/logo\/image\/","url":"https:\/\/www.mojabochnia.pl\/wp-content\/uploads\/2017\/08\/logo-mb-opt.png","contentUrl":"https:\/\/www.mojabochnia.pl\/wp-content\/uploads\/2017\/08\/logo-mb-opt.png","width":250,"height":48,"caption":"mojabochnia.pl - portal informacyjny"},"image":{"@id":"https:\/\/www.mojabochnia.pl\/#\/schema\/logo\/image\/"},"sameAs":["https:\/\/www.facebook.com\/mojabochnia"]},{"@type":"Person","@id":"https:\/\/www.mojabochnia.pl\/#\/schema\/person\/cbf2046fc62995d3796f0c0160613698","name":"Jacek Kucharski","url":"https:\/\/www.mojabochnia.pl\/?author=2"}]}},"_links":{"self":[{"href":"https:\/\/www.mojabochnia.pl\/index.php?rest_route=\/wp\/v2\/posts\/37321","targetHints":{"allow":["GET"]}}],"collection":[{"href":"https:\/\/www.mojabochnia.pl\/index.php?rest_route=\/wp\/v2\/posts"}],"about":[{"href":"https:\/\/www.mojabochnia.pl\/index.php?rest_route=\/wp\/v2\/types\/post"}],"author":[{"embeddable":true,"href":"https:\/\/www.mojabochnia.pl\/index.php?rest_route=\/wp\/v2\/users\/2"}],"replies":[{"embeddable":true,"href":"https:\/\/www.mojabochnia.pl\/index.php?rest_route=%2Fwp%2Fv2%2Fcomments&post=37321"}],"version-history":[{"count":0,"href":"https:\/\/www.mojabochnia.pl\/index.php?rest_route=\/wp\/v2\/posts\/37321\/revisions"}],"wp:attachment":[{"href":"https:\/\/www.mojabochnia.pl\/index.php?rest_route=%2Fwp%2Fv2%2Fmedia&parent=37321"}],"wp:term":[{"taxonomy":"category","embeddable":true,"href":"https:\/\/www.mojabochnia.pl\/index.php?rest_route=%2Fwp%2Fv2%2Fcategories&post=37321"},{"taxonomy":"post_tag","embeddable":true,"href":"https:\/\/www.mojabochnia.pl\/index.php?rest_route=%2Fwp%2Fv2%2Ftags&post=37321"}],"curies":[{"name":"wp","href":"https:\/\/api.w.org\/{rel}","templated":true}]}}