{"id":37316,"date":"2010-10-25T13:35:55","date_gmt":"2010-10-25T11:35:55","guid":{"rendered":"http:\/\/www.mojabochnia.pl\/?p=37316"},"modified":"2010-10-25T15:47:37","modified_gmt":"2010-10-25T13:47:37","slug":"wtz-w-lapanowie-wznowil-dzialalnosc-przerwana-przez-powodz","status":"publish","type":"post","link":"https:\/\/www.mojabochnia.pl\/?p=37316","title":{"rendered":"WTZ w \u0141apanowie wznowi\u0142 dzia\u0142alno\u015b\u0107 przerwan\u0105 przez pow\u00f3d\u017a"},"content":{"rendered":"<p>Niezb\u0119dne by\u0142o przede wszystkim gruntowne osuszenie pomieszcze\u0144, postawienie nowych \u015bcianek dzia\u0142owych mi\u0119dzy pracowniami, monta\u017c ca\u0142ej stolarki, naprawa wszystkich instalacji czy malowanie. Nad remontem czuwa\u0142 sprzymierzeniec i za\u0142o\u017cyciel warsztatu &#8211; ks. proboszcz Tadeusz Jarz\u0119bak. W prace porz\u0105dkowe po remoncie zaanga\u017cowali si\u0119 wsp\u00f3lnie pracownicy jak i wychowankowie plac\u00f3wki.<\/p>\n<p>Przeprowadzenie prac mo\u017cliwe by\u0142o dzi\u0119ki \u015brodkom finansowym otrzymanym od ubezpieczyciela i od sponsor\u00f3w. Plac\u00f3wk\u0119 uda\u0142o si\u0119 te\u017c doposa\u017cy\u0107 w niezb\u0119dny do dalszego funkcjonowania sprz\u0119t. &#8211; <em>Firma \u201eOknoplast\u201d z Niepo\u0142omic przekaza\u0142a dla nas 30 000 z\u0142. Wszystkim  darczy\u0144com jeste\u015bmy bardzo wdzi\u0119czni, szczeg\u00f3lnie dlatego, \u017ce chcieli nam pom\u00f3c, cho\u0107 mieszkaj\u0105 tak daleko<\/em> &#8211; m\u00f3wi Barbara Borowiec, kierownik WTZ w \u0141apanowie.<\/p>\n<p>Warsztat Terapii Zaj\u0119ciowej w \u0141apanowie to obecnie drugi dom dla jego 40 uczestnik\u00f3w. Tu ucz\u0105 si\u0119 i otrzymuj\u0105 potrzebn\u0105 im opiek\u0119 osoby niepe\u0142nosprawne. Poprzez udzia\u0142 w r\u00f3\u017cnych formach rehabilitacji maj\u0105 one szanse odnale\u017a\u0107 swoje miejsce w spo\u0142ecze\u0144stwie i przygotowa\u0107 si\u0119 do pracy. W ci\u0105gu 7 lat dzia\u0142alno\u015bci plac\u00f3wki w \u0141apanowie &#8211; do pracy odesz\u0142o 8 jej wychowank\u00f3w.<\/p>\n","protected":false},"excerpt":{"rendered":"<p>Warsztat Terapii Zaj\u0119ciowej w \u0141apanowie kontynuuje swoj\u0105 dzia\u0142alno\u015b\u0107 w podziemiach ko\u015bcio\u0142a. Zanim do tego dosz\u0142o przeprowadzono wiele prac remontowych, kt\u00f3re umo\u017cliwi\u0142y przywr\u00f3cenie pomieszczeniom stanu sprzed powodzi.<\/p>\n","protected":false},"author":2,"featured_media":0,"comment_status":"open","ping_status":"closed","sticky":false,"template":"","format":"standard","meta":{"_acf_changed":false,"footnotes":""},"categories":[5,6251,6250],"tags":[2768,655,17436,17774,17259,802,17300,17938,5880],"class_list":["post-37316","post","type-post","status-publish","format-standard","hentry","category-biezace-wydarzenia","category-polityka-i-wydarzenia","category-tematyka","tag-barbara-borowiec","tag-ks-tadeusz-jarzebak","tag-pomoc","tag-powodz","tag-praca","tag-rehabilitacja","tag-remont","tag-wtz-lapanow","tag-wychowankowie"],"acf":[],"yoast_head":"<!-- This site is optimized with the Yoast SEO plugin v26.9 - https:\/\/yoast.com\/product\/yoast-seo-wordpress\/ -->\n<title>WTZ w \u0141apanowie wznowi\u0142 dzia\u0142alno\u015b\u0107 przerwan\u0105 przez pow\u00f3d\u017a - mojabochnia.pl - portal informacyjny<\/title>\n<meta name=\"robots\" content=\"index, follow, max-snippet:-1, max-image-preview:large, max-video-preview:-1\" \/>\n<link rel=\"canonical\" href=\"https:\/\/www.mojabochnia.pl\/?p=37316\" \/>\n<meta property=\"og:locale\" content=\"pl_PL\" \/>\n<meta property=\"og:type\" content=\"article\" \/>\n<meta property=\"og:title\" content=\"WTZ w \u0141apanowie wznowi\u0142 dzia\u0142alno\u015b\u0107 przerwan\u0105 przez pow\u00f3d\u017a - mojabochnia.pl - portal informacyjny\" \/>\n<meta property=\"og:description\" content=\"Warsztat Terapii Zaj\u0119ciowej w \u0141apanowie kontynuuje swoj\u0105 dzia\u0142alno\u015b\u0107 w podziemiach ko\u015bcio\u0142a. Zanim do tego dosz\u0142o przeprowadzono wiele prac remontowych, kt\u00f3re umo\u017cliwi\u0142y przywr\u00f3cenie pomieszczeniom stanu sprzed powodzi.\" \/>\n<meta property=\"og:url\" content=\"https:\/\/www.mojabochnia.pl\/?p=37316\" \/>\n<meta property=\"og:site_name\" content=\"mojabochnia.pl - portal informacyjny\" \/>\n<meta property=\"article:publisher\" content=\"https:\/\/www.facebook.com\/mojabochnia\" \/>\n<meta property=\"article:published_time\" content=\"2010-10-25T11:35:55+00:00\" \/>\n<meta property=\"article:modified_time\" content=\"2010-10-25T13:47:37+00:00\" \/>\n<meta name=\"author\" content=\"Jacek Kucharski\" \/>\n<meta name=\"twitter:card\" content=\"summary_large_image\" \/>\n<meta name=\"twitter:label1\" content=\"Written by\" \/>\n\t<meta name=\"twitter:data1\" content=\"Jacek Kucharski\" \/>\n\t<meta name=\"twitter:label2\" content=\"Est. reading time\" \/>\n\t<meta name=\"twitter:data2\" content=\"1 minuta\" \/>\n<script type=\"application\/ld+json\" class=\"yoast-schema-graph\">{\"@context\":\"https:\/\/schema.org\",\"@graph\":[{\"@type\":\"Article\",\"@id\":\"https:\/\/www.mojabochnia.pl\/?p=37316#article\",\"isPartOf\":{\"@id\":\"https:\/\/www.mojabochnia.pl\/?p=37316\"},\"author\":{\"name\":\"Jacek Kucharski\",\"@id\":\"https:\/\/www.mojabochnia.pl\/#\/schema\/person\/cbf2046fc62995d3796f0c0160613698\"},\"headline\":\"WTZ w \u0141apanowie wznowi\u0142 dzia\u0142alno\u015b\u0107 przerwan\u0105 przez pow\u00f3d\u017a\",\"datePublished\":\"2010-10-25T11:35:55+00:00\",\"dateModified\":\"2010-10-25T13:47:37+00:00\",\"mainEntityOfPage\":{\"@id\":\"https:\/\/www.mojabochnia.pl\/?p=37316\"},\"wordCount\":207,\"commentCount\":0,\"publisher\":{\"@id\":\"https:\/\/www.mojabochnia.pl\/#organization\"},\"keywords\":[\"barbara borowiec\",\"ks. tadeusz jarz\u0119bak\",\"pomoc\",\"pow\u00f3d\u017a\",\"praca\",\"rehabilitacja\",\"remont\",\"wtz \u0142apan\u00f3w\",\"wychowankowie\"],\"articleSection\":[\"2_ostatnie\",\"polityka i wydarzenia\",\"tematyka\"],\"inLanguage\":\"pl-PL\",\"potentialAction\":[{\"@type\":\"CommentAction\",\"name\":\"Comment\",\"target\":[\"https:\/\/www.mojabochnia.pl\/?p=37316#respond\"]}]},{\"@type\":\"WebPage\",\"@id\":\"https:\/\/www.mojabochnia.pl\/?p=37316\",\"url\":\"https:\/\/www.mojabochnia.pl\/?p=37316\",\"name\":\"WTZ w \u0141apanowie wznowi\u0142 dzia\u0142alno\u015b\u0107 przerwan\u0105 przez pow\u00f3d\u017a - mojabochnia.pl - portal informacyjny\",\"isPartOf\":{\"@id\":\"https:\/\/www.mojabochnia.pl\/#website\"},\"datePublished\":\"2010-10-25T11:35:55+00:00\",\"dateModified\":\"2010-10-25T13:47:37+00:00\",\"breadcrumb\":{\"@id\":\"https:\/\/www.mojabochnia.pl\/?p=37316#breadcrumb\"},\"inLanguage\":\"pl-PL\",\"potentialAction\":[{\"@type\":\"ReadAction\",\"target\":[\"https:\/\/www.mojabochnia.pl\/?p=37316\"]}]},{\"@type\":\"BreadcrumbList\",\"@id\":\"https:\/\/www.mojabochnia.pl\/?p=37316#breadcrumb\",\"itemListElement\":[{\"@type\":\"ListItem\",\"position\":1,\"name\":\"Home\",\"item\":\"https:\/\/www.mojabochnia.pl\/\"},{\"@type\":\"ListItem\",\"position\":2,\"name\":\"WTZ w \u0141apanowie wznowi\u0142 dzia\u0142alno\u015b\u0107 przerwan\u0105 przez pow\u00f3d\u017a\"}]},{\"@type\":\"WebSite\",\"@id\":\"https:\/\/www.mojabochnia.pl\/#website\",\"url\":\"https:\/\/www.mojabochnia.pl\/\",\"name\":\"mojabochnia.pl - portal informacyjny\",\"description\":\"mojaBochnia to portal informacyjny o Bochni. Codziennie o Bochni piszemy i pokazujemy najwa\u017cniejsze wydarzenia\",\"publisher\":{\"@id\":\"https:\/\/www.mojabochnia.pl\/#organization\"},\"potentialAction\":[{\"@type\":\"SearchAction\",\"target\":{\"@type\":\"EntryPoint\",\"urlTemplate\":\"https:\/\/www.mojabochnia.pl\/?s={search_term_string}\"},\"query-input\":{\"@type\":\"PropertyValueSpecification\",\"valueRequired\":true,\"valueName\":\"search_term_string\"}}],\"inLanguage\":\"pl-PL\"},{\"@type\":\"Organization\",\"@id\":\"https:\/\/www.mojabochnia.pl\/#organization\",\"name\":\"mojabochnia.pl - portal informacyjny\",\"url\":\"https:\/\/www.mojabochnia.pl\/\",\"logo\":{\"@type\":\"ImageObject\",\"inLanguage\":\"pl-PL\",\"@id\":\"https:\/\/www.mojabochnia.pl\/#\/schema\/logo\/image\/\",\"url\":\"https:\/\/www.mojabochnia.pl\/wp-content\/uploads\/2017\/08\/logo-mb-opt.png\",\"contentUrl\":\"https:\/\/www.mojabochnia.pl\/wp-content\/uploads\/2017\/08\/logo-mb-opt.png\",\"width\":250,\"height\":48,\"caption\":\"mojabochnia.pl - portal informacyjny\"},\"image\":{\"@id\":\"https:\/\/www.mojabochnia.pl\/#\/schema\/logo\/image\/\"},\"sameAs\":[\"https:\/\/www.facebook.com\/mojabochnia\"]},{\"@type\":\"Person\",\"@id\":\"https:\/\/www.mojabochnia.pl\/#\/schema\/person\/cbf2046fc62995d3796f0c0160613698\",\"name\":\"Jacek Kucharski\",\"url\":\"https:\/\/www.mojabochnia.pl\/?author=2\"}]}<\/script>\n<!-- \/ Yoast SEO plugin. -->","yoast_head_json":{"title":"WTZ w \u0141apanowie wznowi\u0142 dzia\u0142alno\u015b\u0107 przerwan\u0105 przez pow\u00f3d\u017a - mojabochnia.pl - portal informacyjny","robots":{"index":"index","follow":"follow","max-snippet":"max-snippet:-1","max-image-preview":"max-image-preview:large","max-video-preview":"max-video-preview:-1"},"canonical":"https:\/\/www.mojabochnia.pl\/?p=37316","og_locale":"pl_PL","og_type":"article","og_title":"WTZ w \u0141apanowie wznowi\u0142 dzia\u0142alno\u015b\u0107 przerwan\u0105 przez pow\u00f3d\u017a - mojabochnia.pl - portal informacyjny","og_description":"Warsztat Terapii Zaj\u0119ciowej w \u0141apanowie kontynuuje swoj\u0105 dzia\u0142alno\u015b\u0107 w podziemiach ko\u015bcio\u0142a. Zanim do tego dosz\u0142o przeprowadzono wiele prac remontowych, kt\u00f3re umo\u017cliwi\u0142y przywr\u00f3cenie pomieszczeniom stanu sprzed powodzi.","og_url":"https:\/\/www.mojabochnia.pl\/?p=37316","og_site_name":"mojabochnia.pl - portal informacyjny","article_publisher":"https:\/\/www.facebook.com\/mojabochnia","article_published_time":"2010-10-25T11:35:55+00:00","article_modified_time":"2010-10-25T13:47:37+00:00","author":"Jacek Kucharski","twitter_card":"summary_large_image","twitter_misc":{"Written by":"Jacek Kucharski","Est. reading time":"1 minuta"},"schema":{"@context":"https:\/\/schema.org","@graph":[{"@type":"Article","@id":"https:\/\/www.mojabochnia.pl\/?p=37316#article","isPartOf":{"@id":"https:\/\/www.mojabochnia.pl\/?p=37316"},"author":{"name":"Jacek Kucharski","@id":"https:\/\/www.mojabochnia.pl\/#\/schema\/person\/cbf2046fc62995d3796f0c0160613698"},"headline":"WTZ w \u0141apanowie wznowi\u0142 dzia\u0142alno\u015b\u0107 przerwan\u0105 przez pow\u00f3d\u017a","datePublished":"2010-10-25T11:35:55+00:00","dateModified":"2010-10-25T13:47:37+00:00","mainEntityOfPage":{"@id":"https:\/\/www.mojabochnia.pl\/?p=37316"},"wordCount":207,"commentCount":0,"publisher":{"@id":"https:\/\/www.mojabochnia.pl\/#organization"},"keywords":["barbara borowiec","ks. tadeusz jarz\u0119bak","pomoc","pow\u00f3d\u017a","praca","rehabilitacja","remont","wtz \u0142apan\u00f3w","wychowankowie"],"articleSection":["2_ostatnie","polityka i wydarzenia","tematyka"],"inLanguage":"pl-PL","potentialAction":[{"@type":"CommentAction","name":"Comment","target":["https:\/\/www.mojabochnia.pl\/?p=37316#respond"]}]},{"@type":"WebPage","@id":"https:\/\/www.mojabochnia.pl\/?p=37316","url":"https:\/\/www.mojabochnia.pl\/?p=37316","name":"WTZ w \u0141apanowie wznowi\u0142 dzia\u0142alno\u015b\u0107 przerwan\u0105 przez pow\u00f3d\u017a - mojabochnia.pl - portal informacyjny","isPartOf":{"@id":"https:\/\/www.mojabochnia.pl\/#website"},"datePublished":"2010-10-25T11:35:55+00:00","dateModified":"2010-10-25T13:47:37+00:00","breadcrumb":{"@id":"https:\/\/www.mojabochnia.pl\/?p=37316#breadcrumb"},"inLanguage":"pl-PL","potentialAction":[{"@type":"ReadAction","target":["https:\/\/www.mojabochnia.pl\/?p=37316"]}]},{"@type":"BreadcrumbList","@id":"https:\/\/www.mojabochnia.pl\/?p=37316#breadcrumb","itemListElement":[{"@type":"ListItem","position":1,"name":"Home","item":"https:\/\/www.mojabochnia.pl\/"},{"@type":"ListItem","position":2,"name":"WTZ w \u0141apanowie wznowi\u0142 dzia\u0142alno\u015b\u0107 przerwan\u0105 przez pow\u00f3d\u017a"}]},{"@type":"WebSite","@id":"https:\/\/www.mojabochnia.pl\/#website","url":"https:\/\/www.mojabochnia.pl\/","name":"mojabochnia.pl - portal informacyjny","description":"mojaBochnia to portal informacyjny o Bochni. Codziennie o Bochni piszemy i pokazujemy najwa\u017cniejsze wydarzenia","publisher":{"@id":"https:\/\/www.mojabochnia.pl\/#organization"},"potentialAction":[{"@type":"SearchAction","target":{"@type":"EntryPoint","urlTemplate":"https:\/\/www.mojabochnia.pl\/?s={search_term_string}"},"query-input":{"@type":"PropertyValueSpecification","valueRequired":true,"valueName":"search_term_string"}}],"inLanguage":"pl-PL"},{"@type":"Organization","@id":"https:\/\/www.mojabochnia.pl\/#organization","name":"mojabochnia.pl - portal informacyjny","url":"https:\/\/www.mojabochnia.pl\/","logo":{"@type":"ImageObject","inLanguage":"pl-PL","@id":"https:\/\/www.mojabochnia.pl\/#\/schema\/logo\/image\/","url":"https:\/\/www.mojabochnia.pl\/wp-content\/uploads\/2017\/08\/logo-mb-opt.png","contentUrl":"https:\/\/www.mojabochnia.pl\/wp-content\/uploads\/2017\/08\/logo-mb-opt.png","width":250,"height":48,"caption":"mojabochnia.pl - portal informacyjny"},"image":{"@id":"https:\/\/www.mojabochnia.pl\/#\/schema\/logo\/image\/"},"sameAs":["https:\/\/www.facebook.com\/mojabochnia"]},{"@type":"Person","@id":"https:\/\/www.mojabochnia.pl\/#\/schema\/person\/cbf2046fc62995d3796f0c0160613698","name":"Jacek Kucharski","url":"https:\/\/www.mojabochnia.pl\/?author=2"}]}},"_links":{"self":[{"href":"https:\/\/www.mojabochnia.pl\/index.php?rest_route=\/wp\/v2\/posts\/37316","targetHints":{"allow":["GET"]}}],"collection":[{"href":"https:\/\/www.mojabochnia.pl\/index.php?rest_route=\/wp\/v2\/posts"}],"about":[{"href":"https:\/\/www.mojabochnia.pl\/index.php?rest_route=\/wp\/v2\/types\/post"}],"author":[{"embeddable":true,"href":"https:\/\/www.mojabochnia.pl\/index.php?rest_route=\/wp\/v2\/users\/2"}],"replies":[{"embeddable":true,"href":"https:\/\/www.mojabochnia.pl\/index.php?rest_route=%2Fwp%2Fv2%2Fcomments&post=37316"}],"version-history":[{"count":0,"href":"https:\/\/www.mojabochnia.pl\/index.php?rest_route=\/wp\/v2\/posts\/37316\/revisions"}],"wp:attachment":[{"href":"https:\/\/www.mojabochnia.pl\/index.php?rest_route=%2Fwp%2Fv2%2Fmedia&parent=37316"}],"wp:term":[{"taxonomy":"category","embeddable":true,"href":"https:\/\/www.mojabochnia.pl\/index.php?rest_route=%2Fwp%2Fv2%2Fcategories&post=37316"},{"taxonomy":"post_tag","embeddable":true,"href":"https:\/\/www.mojabochnia.pl\/index.php?rest_route=%2Fwp%2Fv2%2Ftags&post=37316"}],"curies":[{"name":"wp","href":"https:\/\/api.w.org\/{rel}","templated":true}]}}