{"id":365,"date":"2008-07-13T12:08:26","date_gmt":"2008-07-13T10:08:26","guid":{"rendered":"http:\/\/beta.mojabochnia.pl\/?p=365"},"modified":"2008-08-25T13:34:39","modified_gmt":"2008-08-25T11:34:39","slug":"zapisy-na-pielgrzymke-krakowska","status":"publish","type":"post","link":"https:\/\/www.mojabochnia.pl\/?p=365","title":{"rendered":"Zapisy na pielgrzymk\u0119 krakowsk\u0105"},"content":{"rendered":"<p>Pielgrzymka przez Krak\u00f3w na Jasn\u0105 G\u00f3r\u0119 rozpocznie si\u0119 w Bochni 4 sierpnia Msz\u0105 \u015bw. w ko\u015bciele \u015bw. Paw\u0142a Aposto\u0142a o godz. 7.00. P\u0105tnicy dojd\u0105 przed obraz Matki Bo\u017cej Cz\u0119stochowskiej 11 sierpnia.<\/p>\n<p>Koszt udzia\u0142u w pieszej pielgrzymce krakowskiej wynosi 65 z\u0142 od osoby (je\u015bli wychodzi si\u0119 z Bochni) oraz 55 z\u0142 przy wyj\u015bciu z Krakowa. Osoby w wieku do 14 lat oraz druga i nast\u0119pna osoba z danej rodziny p\u0142ac\u0105 po 35 z\u0142 (przy wyj\u015bciu z Bochni) oraz 30 z\u0142 z Krakowa. Trwaj\u0105 te\u017c zapisy na powr\u00f3t autokarem z Jasnej G\u00f3ry do Bochni (koszt 25 z\u0142). <\/p>\n<p>Zapisy trwaj\u0105 te\u017c na pielgrzymk\u0119 tarnowsk\u0105.<\/p>\n","protected":false},"excerpt":{"rendered":"<p>W Bochni trwaj\u0105 zapisy na pielgrzymk\u0119 krakowsk\u0105, kt\u00f3ra rozpocznie si\u0119 w parafii \u015bw. Paw\u0142a Aposto\u0142a 4 sierpnia. Przez dwa dni pielgrzymi grupy boche\u0144skiej nr 3 im. \u015bw. Jadwigi p\u00f3jd\u0105 do Krakowa, gdzie 6 sierpnia do\u0142\u0105cz\u0105 do Pieszej Pielgrzymi krakowskiej na Jasn\u0105 G\u00f3r\u0119. Co roku nie brakuje ch\u0119tnych do udzia\u0142u w niej. <\/p>\n","protected":false},"author":4,"featured_media":0,"comment_status":"open","ping_status":"open","sticky":false,"template":"","format":"standard","meta":{"_acf_changed":false,"footnotes":""},"categories":[5],"tags":[230,361,17129,360,304],"class_list":["post-365","post","type-post","status-publish","format-standard","hentry","category-biezace-wydarzenia","tag-jasna-gora","tag-parafia-sw-pawla-apostola","tag-pielgrzymka","tag-pielgrzymka-krakowska-na-jasna-gore","tag-piesza-pielgrzymka-tarnowska-na-jasna-gore"],"acf":[],"yoast_head":"<!-- This site is optimized with the Yoast SEO plugin v26.9 - https:\/\/yoast.com\/product\/yoast-seo-wordpress\/ -->\n<title>Zapisy na pielgrzymk\u0119 krakowsk\u0105 - mojabochnia.pl - portal informacyjny<\/title>\n<meta name=\"robots\" content=\"index, follow, max-snippet:-1, max-image-preview:large, max-video-preview:-1\" \/>\n<link rel=\"canonical\" href=\"https:\/\/www.mojabochnia.pl\/?p=365\" \/>\n<meta property=\"og:locale\" content=\"pl_PL\" \/>\n<meta property=\"og:type\" content=\"article\" \/>\n<meta property=\"og:title\" content=\"Zapisy na pielgrzymk\u0119 krakowsk\u0105 - mojabochnia.pl - portal informacyjny\" \/>\n<meta property=\"og:description\" content=\"W Bochni trwaj\u0105 zapisy na pielgrzymk\u0119 krakowsk\u0105, kt\u00f3ra rozpocznie si\u0119 w parafii \u015bw. Paw\u0142a Aposto\u0142a 4 sierpnia. Przez dwa dni pielgrzymi grupy boche\u0144skiej nr 3 im. \u015bw. Jadwigi p\u00f3jd\u0105 do Krakowa, gdzie 6 sierpnia do\u0142\u0105cz\u0105 do Pieszej Pielgrzymi krakowskiej na Jasn\u0105 G\u00f3r\u0119. Co roku nie brakuje ch\u0119tnych do udzia\u0142u w niej.\" \/>\n<meta property=\"og:url\" content=\"https:\/\/www.mojabochnia.pl\/?p=365\" \/>\n<meta property=\"og:site_name\" content=\"mojabochnia.pl - portal informacyjny\" \/>\n<meta property=\"article:publisher\" content=\"https:\/\/www.facebook.com\/mojabochnia\" \/>\n<meta property=\"article:published_time\" content=\"2008-07-13T10:08:26+00:00\" \/>\n<meta property=\"article:modified_time\" content=\"2008-08-25T11:34:39+00:00\" \/>\n<meta name=\"author\" content=\"Pawe\u0142 Michalczyk\" \/>\n<meta name=\"twitter:card\" content=\"summary_large_image\" \/>\n<meta name=\"twitter:label1\" content=\"Written by\" \/>\n\t<meta name=\"twitter:data1\" content=\"Pawe\u0142 Michalczyk\" \/>\n\t<meta name=\"twitter:label2\" content=\"Est. reading time\" \/>\n\t<meta name=\"twitter:data2\" content=\"1 minuta\" \/>\n<script type=\"application\/ld+json\" class=\"yoast-schema-graph\">{\"@context\":\"https:\/\/schema.org\",\"@graph\":[{\"@type\":\"Article\",\"@id\":\"https:\/\/www.mojabochnia.pl\/?p=365#article\",\"isPartOf\":{\"@id\":\"https:\/\/www.mojabochnia.pl\/?p=365\"},\"author\":{\"name\":\"Pawe\u0142 Michalczyk\",\"@id\":\"https:\/\/www.mojabochnia.pl\/#\/schema\/person\/ea042e4724a77627963f02166828ead4\"},\"headline\":\"Zapisy na pielgrzymk\u0119 krakowsk\u0105\",\"datePublished\":\"2008-07-13T10:08:26+00:00\",\"dateModified\":\"2008-08-25T11:34:39+00:00\",\"mainEntityOfPage\":{\"@id\":\"https:\/\/www.mojabochnia.pl\/?p=365\"},\"wordCount\":112,\"commentCount\":0,\"publisher\":{\"@id\":\"https:\/\/www.mojabochnia.pl\/#organization\"},\"keywords\":[\"jasna g\u00f3ra\",\"parafia \u015bw. paw\u0142a aposto\u0142a\",\"pielgrzymka\",\"pielgrzymka krakowska na jasn\u0105 g\u00f3r\u0119\",\"piesza pielgrzymka tarnowska na jasn\u0105 g\u00f3r\u0119\"],\"articleSection\":[\"2_ostatnie\"],\"inLanguage\":\"pl-PL\",\"potentialAction\":[{\"@type\":\"CommentAction\",\"name\":\"Comment\",\"target\":[\"https:\/\/www.mojabochnia.pl\/?p=365#respond\"]}]},{\"@type\":\"WebPage\",\"@id\":\"https:\/\/www.mojabochnia.pl\/?p=365\",\"url\":\"https:\/\/www.mojabochnia.pl\/?p=365\",\"name\":\"Zapisy na pielgrzymk\u0119 krakowsk\u0105 - mojabochnia.pl - portal informacyjny\",\"isPartOf\":{\"@id\":\"https:\/\/www.mojabochnia.pl\/#website\"},\"datePublished\":\"2008-07-13T10:08:26+00:00\",\"dateModified\":\"2008-08-25T11:34:39+00:00\",\"breadcrumb\":{\"@id\":\"https:\/\/www.mojabochnia.pl\/?p=365#breadcrumb\"},\"inLanguage\":\"pl-PL\",\"potentialAction\":[{\"@type\":\"ReadAction\",\"target\":[\"https:\/\/www.mojabochnia.pl\/?p=365\"]}]},{\"@type\":\"BreadcrumbList\",\"@id\":\"https:\/\/www.mojabochnia.pl\/?p=365#breadcrumb\",\"itemListElement\":[{\"@type\":\"ListItem\",\"position\":1,\"name\":\"Home\",\"item\":\"https:\/\/www.mojabochnia.pl\/\"},{\"@type\":\"ListItem\",\"position\":2,\"name\":\"Zapisy na pielgrzymk\u0119 krakowsk\u0105\"}]},{\"@type\":\"WebSite\",\"@id\":\"https:\/\/www.mojabochnia.pl\/#website\",\"url\":\"https:\/\/www.mojabochnia.pl\/\",\"name\":\"mojabochnia.pl - portal informacyjny\",\"description\":\"mojaBochnia to portal informacyjny o Bochni. Codziennie o Bochni piszemy i pokazujemy najwa\u017cniejsze wydarzenia\",\"publisher\":{\"@id\":\"https:\/\/www.mojabochnia.pl\/#organization\"},\"potentialAction\":[{\"@type\":\"SearchAction\",\"target\":{\"@type\":\"EntryPoint\",\"urlTemplate\":\"https:\/\/www.mojabochnia.pl\/?s={search_term_string}\"},\"query-input\":{\"@type\":\"PropertyValueSpecification\",\"valueRequired\":true,\"valueName\":\"search_term_string\"}}],\"inLanguage\":\"pl-PL\"},{\"@type\":\"Organization\",\"@id\":\"https:\/\/www.mojabochnia.pl\/#organization\",\"name\":\"mojabochnia.pl - portal informacyjny\",\"url\":\"https:\/\/www.mojabochnia.pl\/\",\"logo\":{\"@type\":\"ImageObject\",\"inLanguage\":\"pl-PL\",\"@id\":\"https:\/\/www.mojabochnia.pl\/#\/schema\/logo\/image\/\",\"url\":\"https:\/\/www.mojabochnia.pl\/wp-content\/uploads\/2017\/08\/logo-mb-opt.png\",\"contentUrl\":\"https:\/\/www.mojabochnia.pl\/wp-content\/uploads\/2017\/08\/logo-mb-opt.png\",\"width\":250,\"height\":48,\"caption\":\"mojabochnia.pl - portal informacyjny\"},\"image\":{\"@id\":\"https:\/\/www.mojabochnia.pl\/#\/schema\/logo\/image\/\"},\"sameAs\":[\"https:\/\/www.facebook.com\/mojabochnia\"]},{\"@type\":\"Person\",\"@id\":\"https:\/\/www.mojabochnia.pl\/#\/schema\/person\/ea042e4724a77627963f02166828ead4\",\"name\":\"Pawe\u0142 Michalczyk\",\"url\":\"https:\/\/www.mojabochnia.pl\/?author=4\"}]}<\/script>\n<!-- \/ Yoast SEO plugin. -->","yoast_head_json":{"title":"Zapisy na pielgrzymk\u0119 krakowsk\u0105 - mojabochnia.pl - portal informacyjny","robots":{"index":"index","follow":"follow","max-snippet":"max-snippet:-1","max-image-preview":"max-image-preview:large","max-video-preview":"max-video-preview:-1"},"canonical":"https:\/\/www.mojabochnia.pl\/?p=365","og_locale":"pl_PL","og_type":"article","og_title":"Zapisy na pielgrzymk\u0119 krakowsk\u0105 - mojabochnia.pl - portal informacyjny","og_description":"W Bochni trwaj\u0105 zapisy na pielgrzymk\u0119 krakowsk\u0105, kt\u00f3ra rozpocznie si\u0119 w parafii \u015bw. Paw\u0142a Aposto\u0142a 4 sierpnia. Przez dwa dni pielgrzymi grupy boche\u0144skiej nr 3 im. \u015bw. Jadwigi p\u00f3jd\u0105 do Krakowa, gdzie 6 sierpnia do\u0142\u0105cz\u0105 do Pieszej Pielgrzymi krakowskiej na Jasn\u0105 G\u00f3r\u0119. Co roku nie brakuje ch\u0119tnych do udzia\u0142u w niej.","og_url":"https:\/\/www.mojabochnia.pl\/?p=365","og_site_name":"mojabochnia.pl - portal informacyjny","article_publisher":"https:\/\/www.facebook.com\/mojabochnia","article_published_time":"2008-07-13T10:08:26+00:00","article_modified_time":"2008-08-25T11:34:39+00:00","author":"Pawe\u0142 Michalczyk","twitter_card":"summary_large_image","twitter_misc":{"Written by":"Pawe\u0142 Michalczyk","Est. reading time":"1 minuta"},"schema":{"@context":"https:\/\/schema.org","@graph":[{"@type":"Article","@id":"https:\/\/www.mojabochnia.pl\/?p=365#article","isPartOf":{"@id":"https:\/\/www.mojabochnia.pl\/?p=365"},"author":{"name":"Pawe\u0142 Michalczyk","@id":"https:\/\/www.mojabochnia.pl\/#\/schema\/person\/ea042e4724a77627963f02166828ead4"},"headline":"Zapisy na pielgrzymk\u0119 krakowsk\u0105","datePublished":"2008-07-13T10:08:26+00:00","dateModified":"2008-08-25T11:34:39+00:00","mainEntityOfPage":{"@id":"https:\/\/www.mojabochnia.pl\/?p=365"},"wordCount":112,"commentCount":0,"publisher":{"@id":"https:\/\/www.mojabochnia.pl\/#organization"},"keywords":["jasna g\u00f3ra","parafia \u015bw. paw\u0142a aposto\u0142a","pielgrzymka","pielgrzymka krakowska na jasn\u0105 g\u00f3r\u0119","piesza pielgrzymka tarnowska na jasn\u0105 g\u00f3r\u0119"],"articleSection":["2_ostatnie"],"inLanguage":"pl-PL","potentialAction":[{"@type":"CommentAction","name":"Comment","target":["https:\/\/www.mojabochnia.pl\/?p=365#respond"]}]},{"@type":"WebPage","@id":"https:\/\/www.mojabochnia.pl\/?p=365","url":"https:\/\/www.mojabochnia.pl\/?p=365","name":"Zapisy na pielgrzymk\u0119 krakowsk\u0105 - mojabochnia.pl - portal informacyjny","isPartOf":{"@id":"https:\/\/www.mojabochnia.pl\/#website"},"datePublished":"2008-07-13T10:08:26+00:00","dateModified":"2008-08-25T11:34:39+00:00","breadcrumb":{"@id":"https:\/\/www.mojabochnia.pl\/?p=365#breadcrumb"},"inLanguage":"pl-PL","potentialAction":[{"@type":"ReadAction","target":["https:\/\/www.mojabochnia.pl\/?p=365"]}]},{"@type":"BreadcrumbList","@id":"https:\/\/www.mojabochnia.pl\/?p=365#breadcrumb","itemListElement":[{"@type":"ListItem","position":1,"name":"Home","item":"https:\/\/www.mojabochnia.pl\/"},{"@type":"ListItem","position":2,"name":"Zapisy na pielgrzymk\u0119 krakowsk\u0105"}]},{"@type":"WebSite","@id":"https:\/\/www.mojabochnia.pl\/#website","url":"https:\/\/www.mojabochnia.pl\/","name":"mojabochnia.pl - portal informacyjny","description":"mojaBochnia to portal informacyjny o Bochni. Codziennie o Bochni piszemy i pokazujemy najwa\u017cniejsze wydarzenia","publisher":{"@id":"https:\/\/www.mojabochnia.pl\/#organization"},"potentialAction":[{"@type":"SearchAction","target":{"@type":"EntryPoint","urlTemplate":"https:\/\/www.mojabochnia.pl\/?s={search_term_string}"},"query-input":{"@type":"PropertyValueSpecification","valueRequired":true,"valueName":"search_term_string"}}],"inLanguage":"pl-PL"},{"@type":"Organization","@id":"https:\/\/www.mojabochnia.pl\/#organization","name":"mojabochnia.pl - portal informacyjny","url":"https:\/\/www.mojabochnia.pl\/","logo":{"@type":"ImageObject","inLanguage":"pl-PL","@id":"https:\/\/www.mojabochnia.pl\/#\/schema\/logo\/image\/","url":"https:\/\/www.mojabochnia.pl\/wp-content\/uploads\/2017\/08\/logo-mb-opt.png","contentUrl":"https:\/\/www.mojabochnia.pl\/wp-content\/uploads\/2017\/08\/logo-mb-opt.png","width":250,"height":48,"caption":"mojabochnia.pl - portal informacyjny"},"image":{"@id":"https:\/\/www.mojabochnia.pl\/#\/schema\/logo\/image\/"},"sameAs":["https:\/\/www.facebook.com\/mojabochnia"]},{"@type":"Person","@id":"https:\/\/www.mojabochnia.pl\/#\/schema\/person\/ea042e4724a77627963f02166828ead4","name":"Pawe\u0142 Michalczyk","url":"https:\/\/www.mojabochnia.pl\/?author=4"}]}},"_links":{"self":[{"href":"https:\/\/www.mojabochnia.pl\/index.php?rest_route=\/wp\/v2\/posts\/365","targetHints":{"allow":["GET"]}}],"collection":[{"href":"https:\/\/www.mojabochnia.pl\/index.php?rest_route=\/wp\/v2\/posts"}],"about":[{"href":"https:\/\/www.mojabochnia.pl\/index.php?rest_route=\/wp\/v2\/types\/post"}],"author":[{"embeddable":true,"href":"https:\/\/www.mojabochnia.pl\/index.php?rest_route=\/wp\/v2\/users\/4"}],"replies":[{"embeddable":true,"href":"https:\/\/www.mojabochnia.pl\/index.php?rest_route=%2Fwp%2Fv2%2Fcomments&post=365"}],"version-history":[{"count":0,"href":"https:\/\/www.mojabochnia.pl\/index.php?rest_route=\/wp\/v2\/posts\/365\/revisions"}],"wp:attachment":[{"href":"https:\/\/www.mojabochnia.pl\/index.php?rest_route=%2Fwp%2Fv2%2Fmedia&parent=365"}],"wp:term":[{"taxonomy":"category","embeddable":true,"href":"https:\/\/www.mojabochnia.pl\/index.php?rest_route=%2Fwp%2Fv2%2Fcategories&post=365"},{"taxonomy":"post_tag","embeddable":true,"href":"https:\/\/www.mojabochnia.pl\/index.php?rest_route=%2Fwp%2Fv2%2Ftags&post=365"}],"curies":[{"name":"wp","href":"https:\/\/api.w.org\/{rel}","templated":true}]}}