{"id":36078,"date":"2010-10-08T12:50:55","date_gmt":"2010-10-08T10:50:55","guid":{"rendered":"http:\/\/www.mojabochnia.pl\/?p=36078"},"modified":"2010-10-18T11:35:31","modified_gmt":"2010-10-18T09:35:31","slug":"trans-atlantyk-wciaz-absorbuje","status":"publish","type":"post","link":"https:\/\/www.mojabochnia.pl\/?p=36078","title":{"rendered":"Trans -Atlantyk wci\u0105\u017c absorbuje"},"content":{"rendered":"<p>Przypomnijmy, \u017ce spektakl zosta\u0142 realizowany w ramach projektu &#8222;Teatr Polska&#8221;, kt\u00f3rego za\u0142o\u017ceniem jest zar\u00f3wno dotarcie do \u015brodowisk pozbawionych mo\u017cliwo\u015bci kontaktu z tw\u00f3rczo\u015bci\u0105 teatraln\u0105, jak i poznanie innego typu odbiorcy, oraz zaktywizowanie teatru w Polsce do dzia\u0142alno\u015bci wykraczaj\u0105cej poza dane miasto i konkretny budynek teatralny. Jednocze\u015bnie celem tego przedsi\u0119wzi\u0119cia jest zaprezentowanie ciekawych przedstawie\u0144 szerszej publiczno\u015bci.<\/p>\n<p>Bardzo dobry spektakl w hali widowiskowo-sportowej obejrza\u0142o \u0142\u0105cznie ok 200 os\u00f3b. Troch\u0119 zabrak\u0142o boche\u0144skiej m\u0142odzie\u017cy z naszych llice\u00f3w, dla kt\u00f3rej teksty Gombrowicza zajmuj\u0105 wa\u017cne miejsce spo\u015br\u00f3d ca\u0142ego obowi\u0105zuj\u0105cego kanonu lektur. Miejmy jednak nadziej\u0119, \u017ce kolejne inscenizacje &#8211; zaprezentowane w Bochni na podobnym wysokim poziomie &#8211; w przysz\u0142o\u015bci spotkaj\u0105 si\u0119 z wi\u0119kszym zainteresowaniem m\u0142odzie\u017cy.<\/p>\n\t  \r\n\t\r\n\t    <div class=\"mb-gallery\">\r\n\t    <a href=\"https:\/\/www.mojabochnia.pl\/?attachment_id=36079\" class=\"\"><img loading=\"lazy\" decoding=\"async\" width=\"100\" height=\"56\" src=\"https:\/\/www.mojabochnia.pl\/wp-content\/uploads\/2010\/10\/IMG_2857-120x67.jpg\" class=\"attachment-100x100 size-100x100\" alt=\"\" srcset=\"https:\/\/www.mojabochnia.pl\/wp-content\/uploads\/2010\/10\/IMG_2857-120x67.jpg 120w, https:\/\/www.mojabochnia.pl\/wp-content\/uploads\/2010\/10\/IMG_2857-468x263.jpg 468w, https:\/\/www.mojabochnia.pl\/wp-content\/uploads\/2010\/10\/IMG_2857-660x371.jpg 660w, https:\/\/www.mojabochnia.pl\/wp-content\/uploads\/2010\/10\/IMG_2857.jpg 800w\" sizes=\"auto, (max-width: 100px) 100vw, 100px\" \/><\/a><a href=\"https:\/\/www.mojabochnia.pl\/?attachment_id=36080\" class=\"\"><img loading=\"lazy\" decoding=\"async\" width=\"100\" height=\"56\" src=\"https:\/\/www.mojabochnia.pl\/wp-content\/uploads\/2010\/10\/IMG_2872-120x67.jpg\" class=\"attachment-100x100 size-100x100\" alt=\"\" srcset=\"https:\/\/www.mojabochnia.pl\/wp-content\/uploads\/2010\/10\/IMG_2872-120x67.jpg 120w, https:\/\/www.mojabochnia.pl\/wp-content\/uploads\/2010\/10\/IMG_2872-468x263.jpg 468w, https:\/\/www.mojabochnia.pl\/wp-content\/uploads\/2010\/10\/IMG_2872-660x372.jpg 660w, https:\/\/www.mojabochnia.pl\/wp-content\/uploads\/2010\/10\/IMG_2872.jpg 800w\" sizes=\"auto, (max-width: 100px) 100vw, 100px\" \/><\/a>\t    <\/div>\r\n\t    ","protected":false},"excerpt":{"rendered":"<p>Mocny, dynamiczny i absorbuj\u0105cy &#8211; tak w skr\u00f3cie mo\u017cna scharakteryzowa\u0107 spektakl lubelskiego teatru Provisorium, kt\u00f3ry zago\u015bci\u0142 w ostatn\u0105 \u015brod\u0119 przed boche\u0144sk\u0105 publiczno\u015bci\u0105. Ich w\u0142asna interpretacja gombrowiczowskiego tekstu &#8222;Trans-Atlantyk&#8221; ukaza\u0142a, \u017ce wiele tre\u015bci, kt\u00f3re w po\u0142owie ubieg\u0142ego wieku budzi\u0142y kontrowersje dzisiaj nadal s\u0105 przyczynkiem do burzliwych dyskusji.<\/p>\n","protected":false},"author":1,"featured_media":0,"comment_status":"open","ping_status":"closed","sticky":false,"template":"","format":"standard","meta":{"_acf_changed":false,"footnotes":""},"categories":[5,92,6250],"tags":[7641,17338,17444,7640,17439,7569],"class_list":["post-36078","post","type-post","status-publish","format-standard","hentry","category-biezace-wydarzenia","category-kultura","category-tematyka","tag-gombrowicz","tag-hala","tag-mdk","tag-prowizorium","tag-spektakl","tag-trans-atlantyk"],"acf":[],"yoast_head":"<!-- This site is optimized with the Yoast SEO plugin v26.9 - https:\/\/yoast.com\/product\/yoast-seo-wordpress\/ -->\n<title>Trans -Atlantyk wci\u0105\u017c absorbuje - mojabochnia.pl - portal informacyjny<\/title>\n<meta name=\"robots\" content=\"index, follow, max-snippet:-1, max-image-preview:large, max-video-preview:-1\" \/>\n<link rel=\"canonical\" href=\"https:\/\/www.mojabochnia.pl\/?p=36078\" \/>\n<meta property=\"og:locale\" content=\"pl_PL\" \/>\n<meta property=\"og:type\" content=\"article\" \/>\n<meta property=\"og:title\" content=\"Trans -Atlantyk wci\u0105\u017c absorbuje - mojabochnia.pl - portal informacyjny\" \/>\n<meta property=\"og:description\" content=\"Mocny, dynamiczny i absorbuj\u0105cy - tak w skr\u00f3cie mo\u017cna scharakteryzowa\u0107 spektakl lubelskiego teatru Provisorium, kt\u00f3ry zago\u015bci\u0142 w ostatn\u0105 \u015brod\u0119 przed boche\u0144sk\u0105 publiczno\u015bci\u0105. Ich w\u0142asna interpretacja gombrowiczowskiego tekstu &quot;Trans-Atlantyk&quot; ukaza\u0142a, \u017ce wiele tre\u015bci, kt\u00f3re w po\u0142owie ubieg\u0142ego wieku budzi\u0142y kontrowersje dzisiaj nadal s\u0105 przyczynkiem do burzliwych dyskusji.\" \/>\n<meta property=\"og:url\" content=\"https:\/\/www.mojabochnia.pl\/?p=36078\" \/>\n<meta property=\"og:site_name\" content=\"mojabochnia.pl - portal informacyjny\" \/>\n<meta property=\"article:publisher\" content=\"https:\/\/www.facebook.com\/mojabochnia\" \/>\n<meta property=\"article:published_time\" content=\"2010-10-08T10:50:55+00:00\" \/>\n<meta property=\"article:modified_time\" content=\"2010-10-18T09:35:31+00:00\" \/>\n<meta name=\"author\" content=\"administrator\" \/>\n<meta name=\"twitter:card\" content=\"summary_large_image\" \/>\n<meta name=\"twitter:label1\" content=\"Written by\" \/>\n\t<meta name=\"twitter:data1\" content=\"administrator\" \/>\n\t<meta name=\"twitter:label2\" content=\"Est. reading time\" \/>\n\t<meta name=\"twitter:data2\" content=\"1 minuta\" \/>\n<script type=\"application\/ld+json\" class=\"yoast-schema-graph\">{\"@context\":\"https:\/\/schema.org\",\"@graph\":[{\"@type\":\"Article\",\"@id\":\"https:\/\/www.mojabochnia.pl\/?p=36078#article\",\"isPartOf\":{\"@id\":\"https:\/\/www.mojabochnia.pl\/?p=36078\"},\"author\":{\"name\":\"administrator\",\"@id\":\"https:\/\/www.mojabochnia.pl\/#\/schema\/person\/c00e1f64e6fa0e6de6d410f2c340017f\"},\"headline\":\"Trans -Atlantyk wci\u0105\u017c absorbuje\",\"datePublished\":\"2010-10-08T10:50:55+00:00\",\"dateModified\":\"2010-10-18T09:35:31+00:00\",\"mainEntityOfPage\":{\"@id\":\"https:\/\/www.mojabochnia.pl\/?p=36078\"},\"wordCount\":144,\"commentCount\":0,\"publisher\":{\"@id\":\"https:\/\/www.mojabochnia.pl\/#organization\"},\"keywords\":[\"Gombrowicz\",\"hala\",\"MDK\",\"prowizorium\",\"spektakl\",\"trans-atlantyk\"],\"articleSection\":[\"2_ostatnie\",\"kultura\",\"tematyka\"],\"inLanguage\":\"pl-PL\",\"potentialAction\":[{\"@type\":\"CommentAction\",\"name\":\"Comment\",\"target\":[\"https:\/\/www.mojabochnia.pl\/?p=36078#respond\"]}]},{\"@type\":\"WebPage\",\"@id\":\"https:\/\/www.mojabochnia.pl\/?p=36078\",\"url\":\"https:\/\/www.mojabochnia.pl\/?p=36078\",\"name\":\"Trans -Atlantyk wci\u0105\u017c absorbuje - mojabochnia.pl - portal informacyjny\",\"isPartOf\":{\"@id\":\"https:\/\/www.mojabochnia.pl\/#website\"},\"datePublished\":\"2010-10-08T10:50:55+00:00\",\"dateModified\":\"2010-10-18T09:35:31+00:00\",\"breadcrumb\":{\"@id\":\"https:\/\/www.mojabochnia.pl\/?p=36078#breadcrumb\"},\"inLanguage\":\"pl-PL\",\"potentialAction\":[{\"@type\":\"ReadAction\",\"target\":[\"https:\/\/www.mojabochnia.pl\/?p=36078\"]}]},{\"@type\":\"BreadcrumbList\",\"@id\":\"https:\/\/www.mojabochnia.pl\/?p=36078#breadcrumb\",\"itemListElement\":[{\"@type\":\"ListItem\",\"position\":1,\"name\":\"Home\",\"item\":\"https:\/\/www.mojabochnia.pl\/\"},{\"@type\":\"ListItem\",\"position\":2,\"name\":\"Trans -Atlantyk wci\u0105\u017c absorbuje\"}]},{\"@type\":\"WebSite\",\"@id\":\"https:\/\/www.mojabochnia.pl\/#website\",\"url\":\"https:\/\/www.mojabochnia.pl\/\",\"name\":\"mojabochnia.pl - portal informacyjny\",\"description\":\"mojaBochnia to portal informacyjny o Bochni. Codziennie o Bochni piszemy i pokazujemy najwa\u017cniejsze wydarzenia\",\"publisher\":{\"@id\":\"https:\/\/www.mojabochnia.pl\/#organization\"},\"potentialAction\":[{\"@type\":\"SearchAction\",\"target\":{\"@type\":\"EntryPoint\",\"urlTemplate\":\"https:\/\/www.mojabochnia.pl\/?s={search_term_string}\"},\"query-input\":{\"@type\":\"PropertyValueSpecification\",\"valueRequired\":true,\"valueName\":\"search_term_string\"}}],\"inLanguage\":\"pl-PL\"},{\"@type\":\"Organization\",\"@id\":\"https:\/\/www.mojabochnia.pl\/#organization\",\"name\":\"mojabochnia.pl - portal informacyjny\",\"url\":\"https:\/\/www.mojabochnia.pl\/\",\"logo\":{\"@type\":\"ImageObject\",\"inLanguage\":\"pl-PL\",\"@id\":\"https:\/\/www.mojabochnia.pl\/#\/schema\/logo\/image\/\",\"url\":\"https:\/\/www.mojabochnia.pl\/wp-content\/uploads\/2017\/08\/logo-mb-opt.png\",\"contentUrl\":\"https:\/\/www.mojabochnia.pl\/wp-content\/uploads\/2017\/08\/logo-mb-opt.png\",\"width\":250,\"height\":48,\"caption\":\"mojabochnia.pl - portal informacyjny\"},\"image\":{\"@id\":\"https:\/\/www.mojabochnia.pl\/#\/schema\/logo\/image\/\"},\"sameAs\":[\"https:\/\/www.facebook.com\/mojabochnia\"]},{\"@type\":\"Person\",\"@id\":\"https:\/\/www.mojabochnia.pl\/#\/schema\/person\/c00e1f64e6fa0e6de6d410f2c340017f\",\"name\":\"administrator\",\"url\":\"https:\/\/www.mojabochnia.pl\/?author=1\"}]}<\/script>\n<!-- \/ Yoast SEO plugin. -->","yoast_head_json":{"title":"Trans -Atlantyk wci\u0105\u017c absorbuje - mojabochnia.pl - portal informacyjny","robots":{"index":"index","follow":"follow","max-snippet":"max-snippet:-1","max-image-preview":"max-image-preview:large","max-video-preview":"max-video-preview:-1"},"canonical":"https:\/\/www.mojabochnia.pl\/?p=36078","og_locale":"pl_PL","og_type":"article","og_title":"Trans -Atlantyk wci\u0105\u017c absorbuje - mojabochnia.pl - portal informacyjny","og_description":"Mocny, dynamiczny i absorbuj\u0105cy - tak w skr\u00f3cie mo\u017cna scharakteryzowa\u0107 spektakl lubelskiego teatru Provisorium, kt\u00f3ry zago\u015bci\u0142 w ostatn\u0105 \u015brod\u0119 przed boche\u0144sk\u0105 publiczno\u015bci\u0105. Ich w\u0142asna interpretacja gombrowiczowskiego tekstu \"Trans-Atlantyk\" ukaza\u0142a, \u017ce wiele tre\u015bci, kt\u00f3re w po\u0142owie ubieg\u0142ego wieku budzi\u0142y kontrowersje dzisiaj nadal s\u0105 przyczynkiem do burzliwych dyskusji.","og_url":"https:\/\/www.mojabochnia.pl\/?p=36078","og_site_name":"mojabochnia.pl - portal informacyjny","article_publisher":"https:\/\/www.facebook.com\/mojabochnia","article_published_time":"2010-10-08T10:50:55+00:00","article_modified_time":"2010-10-18T09:35:31+00:00","author":"administrator","twitter_card":"summary_large_image","twitter_misc":{"Written by":"administrator","Est. reading time":"1 minuta"},"schema":{"@context":"https:\/\/schema.org","@graph":[{"@type":"Article","@id":"https:\/\/www.mojabochnia.pl\/?p=36078#article","isPartOf":{"@id":"https:\/\/www.mojabochnia.pl\/?p=36078"},"author":{"name":"administrator","@id":"https:\/\/www.mojabochnia.pl\/#\/schema\/person\/c00e1f64e6fa0e6de6d410f2c340017f"},"headline":"Trans -Atlantyk wci\u0105\u017c absorbuje","datePublished":"2010-10-08T10:50:55+00:00","dateModified":"2010-10-18T09:35:31+00:00","mainEntityOfPage":{"@id":"https:\/\/www.mojabochnia.pl\/?p=36078"},"wordCount":144,"commentCount":0,"publisher":{"@id":"https:\/\/www.mojabochnia.pl\/#organization"},"keywords":["Gombrowicz","hala","MDK","prowizorium","spektakl","trans-atlantyk"],"articleSection":["2_ostatnie","kultura","tematyka"],"inLanguage":"pl-PL","potentialAction":[{"@type":"CommentAction","name":"Comment","target":["https:\/\/www.mojabochnia.pl\/?p=36078#respond"]}]},{"@type":"WebPage","@id":"https:\/\/www.mojabochnia.pl\/?p=36078","url":"https:\/\/www.mojabochnia.pl\/?p=36078","name":"Trans -Atlantyk wci\u0105\u017c absorbuje - mojabochnia.pl - portal informacyjny","isPartOf":{"@id":"https:\/\/www.mojabochnia.pl\/#website"},"datePublished":"2010-10-08T10:50:55+00:00","dateModified":"2010-10-18T09:35:31+00:00","breadcrumb":{"@id":"https:\/\/www.mojabochnia.pl\/?p=36078#breadcrumb"},"inLanguage":"pl-PL","potentialAction":[{"@type":"ReadAction","target":["https:\/\/www.mojabochnia.pl\/?p=36078"]}]},{"@type":"BreadcrumbList","@id":"https:\/\/www.mojabochnia.pl\/?p=36078#breadcrumb","itemListElement":[{"@type":"ListItem","position":1,"name":"Home","item":"https:\/\/www.mojabochnia.pl\/"},{"@type":"ListItem","position":2,"name":"Trans -Atlantyk wci\u0105\u017c absorbuje"}]},{"@type":"WebSite","@id":"https:\/\/www.mojabochnia.pl\/#website","url":"https:\/\/www.mojabochnia.pl\/","name":"mojabochnia.pl - portal informacyjny","description":"mojaBochnia to portal informacyjny o Bochni. Codziennie o Bochni piszemy i pokazujemy najwa\u017cniejsze wydarzenia","publisher":{"@id":"https:\/\/www.mojabochnia.pl\/#organization"},"potentialAction":[{"@type":"SearchAction","target":{"@type":"EntryPoint","urlTemplate":"https:\/\/www.mojabochnia.pl\/?s={search_term_string}"},"query-input":{"@type":"PropertyValueSpecification","valueRequired":true,"valueName":"search_term_string"}}],"inLanguage":"pl-PL"},{"@type":"Organization","@id":"https:\/\/www.mojabochnia.pl\/#organization","name":"mojabochnia.pl - portal informacyjny","url":"https:\/\/www.mojabochnia.pl\/","logo":{"@type":"ImageObject","inLanguage":"pl-PL","@id":"https:\/\/www.mojabochnia.pl\/#\/schema\/logo\/image\/","url":"https:\/\/www.mojabochnia.pl\/wp-content\/uploads\/2017\/08\/logo-mb-opt.png","contentUrl":"https:\/\/www.mojabochnia.pl\/wp-content\/uploads\/2017\/08\/logo-mb-opt.png","width":250,"height":48,"caption":"mojabochnia.pl - portal informacyjny"},"image":{"@id":"https:\/\/www.mojabochnia.pl\/#\/schema\/logo\/image\/"},"sameAs":["https:\/\/www.facebook.com\/mojabochnia"]},{"@type":"Person","@id":"https:\/\/www.mojabochnia.pl\/#\/schema\/person\/c00e1f64e6fa0e6de6d410f2c340017f","name":"administrator","url":"https:\/\/www.mojabochnia.pl\/?author=1"}]}},"_links":{"self":[{"href":"https:\/\/www.mojabochnia.pl\/index.php?rest_route=\/wp\/v2\/posts\/36078","targetHints":{"allow":["GET"]}}],"collection":[{"href":"https:\/\/www.mojabochnia.pl\/index.php?rest_route=\/wp\/v2\/posts"}],"about":[{"href":"https:\/\/www.mojabochnia.pl\/index.php?rest_route=\/wp\/v2\/types\/post"}],"author":[{"embeddable":true,"href":"https:\/\/www.mojabochnia.pl\/index.php?rest_route=\/wp\/v2\/users\/1"}],"replies":[{"embeddable":true,"href":"https:\/\/www.mojabochnia.pl\/index.php?rest_route=%2Fwp%2Fv2%2Fcomments&post=36078"}],"version-history":[{"count":0,"href":"https:\/\/www.mojabochnia.pl\/index.php?rest_route=\/wp\/v2\/posts\/36078\/revisions"}],"wp:attachment":[{"href":"https:\/\/www.mojabochnia.pl\/index.php?rest_route=%2Fwp%2Fv2%2Fmedia&parent=36078"}],"wp:term":[{"taxonomy":"category","embeddable":true,"href":"https:\/\/www.mojabochnia.pl\/index.php?rest_route=%2Fwp%2Fv2%2Fcategories&post=36078"},{"taxonomy":"post_tag","embeddable":true,"href":"https:\/\/www.mojabochnia.pl\/index.php?rest_route=%2Fwp%2Fv2%2Ftags&post=36078"}],"curies":[{"name":"wp","href":"https:\/\/api.w.org\/{rel}","templated":true}]}}