{"id":35824,"date":"2010-10-05T15:51:42","date_gmt":"2010-10-05T13:51:42","guid":{"rendered":"http:\/\/www.mojabochnia.pl\/?p=35824"},"modified":"2010-10-06T08:50:54","modified_gmt":"2010-10-06T06:50:54","slug":"powiat-w-pkw-zarejestrowano-45-komitetow-wyborczych","status":"publish","type":"post","link":"https:\/\/www.mojabochnia.pl\/?p=35824","title":{"rendered":"Powiat: w PKW zarejestrowano 45 komitet\u00f3w wyborczych"},"content":{"rendered":"<p>Podajemy kolejno: nazw\u0119 komitetu i jego pe\u0142nomocnika<\/p>\n<p><strong>Obszar dzia\u0142ania &#8211; Wojew\u00f3dztwo Ma\u0142opolskie:<\/strong><\/p>\n<p>1. Komitet Wyborczy Stowarzyszenia &#8222;Bochnia i Ziemia Boche\u0144ska Razem&#8221;, Zofia Pukal,<\/p>\n<p>2. Komitet Wyborczy Wyborc\u00f3w &#8222;Niezale\u017cny Komitet Wyborczy&#8221; Ma\u0142gorzata Aniela Szczepara,<\/p>\n<p>3. Komitet Wyborczy Wyborc\u00f3w &#8222;Nasz Samorz\u0105d&#8221;, Adam Stanis\u0142aw B\u0142oniarz,<\/p>\n<p>4. Komitet Wyborczy Wyborc\u00f3w &#8222;Bochniacy dla Bochni&#8221; Kazimierz Marian \u015acis\u0142o,<\/p>\n<p>5. Komitet Wyborczy Wyborc\u00f3w Samorz\u0105dowo &#8211; Ludowy, Micha\u0142 Witold Kik,<\/p>\n<p>6. Komitet Wyborczy Wyborc\u00f3w Stra\u017cacy &#8211; bezpieczny powiat, Tadeusz Cicho\u0144,<\/p>\n<p>7. Komitet Wyborczy Wyborc\u00f3w &#8222;Nasza Wsp\u00f3lna Sprawa&#8221;, Henryk Gardziel,<\/p>\n<p>8. Komitet Wyborczy Wyborc\u00f3w &#8222;Wsp\u00f3lnota Ziemi Boche\u0144skiej&#8221; Edward J\u00f3zef Sitko,<\/p>\n<p>9. Komitet Wyborczy Wyborc\u00f3w &#8222;Dolina Raby&#8221;, Marek Stanis\u0142aw Gacek,<\/p>\n<p><strong>Obszar dzia\u0142ania &#8211; Gmina Bochnia:<\/strong><\/p>\n<p>10. Komitet Wyborczy Wyborc\u00f3w &#8222;Dolna Raba&#8221; El\u017cbieta Maria Uczkiewicz &#8211; Bachmi\u0144ska, <\/p>\n<p>11. Komitet Wyborczy Wyborc\u00f3w &#8222;Ma\u0142a Ojczyzna&#8221;, Barbara Tynka,<\/p>\n<p>12. Komitet Wyborczy Wyborc\u00f3w &#8222;Gorzk\u00f3w 107&#8221;, Edmund Jan Pok\u0142adowski,<\/p>\n<p>13. Komitet Wyborczy Wyborc\u00f3w &#8222;Odnowa Gminy Bochnia&#8221;, Miros\u0142aw Aleksander Jawie\u0144,<\/p>\n<p>14. Komitet Wyborczy Wyborc\u00f3w &#8222;Odnowa Plus&#8221;, Ryszard Marek Chojnacki, gmina Bochnia, <\/p>\n<p><strong>Obszar dzia\u0142ania &#8211; Gmina Nowy Wi\u015bnicz:<\/strong><\/p>\n<p>15. Komitet Wyborczy Wyborc\u00f3w &#8222;So\u0142tys&#8221;, Ewa Maria Tabor,<\/p>\n<p>16. Komitet Wyborczy Wyborc\u00f3w &#8222;Przyjazne Miasto i Powiat&#8221;, Anna Gaworczyk,<\/p>\n<p>17. Komitet Wyborczy Wyborc\u00f3w &#8222;Nowy Wi\u015bnicz Moja Ojczyzna&#8221;, Alina El\u017cbieta Barna\u015b,<\/p>\n<p>18. Komitet Wyborczy Wyborc\u00f3w &#8222;Wsp\u00f3lnota Dla Ziemi Wi\u015bnickiej&#8221;, Przemys\u0142aw Tomasz Gicala,<\/p>\n<p><strong>Obszar dzia\u0142ania &#8211; Gmina \u0141apan\u00f3w:<\/strong><\/p>\n<p>19. Komitet Wyborczy Wyborc\u00f3w Gminy \u0141apan\u00f3w, S\u0142awomir Piotr Gacek,<\/p>\n<p>20. Komitet Wyborczy Wyborc\u00f3w &#8222;Chrostowa 2010&#8221;, Katarzyna Wajda,<\/p>\n<p>21. Komitet Wyborczy Wyborc\u00f3w &#8222;Ruch Ludowy Ziemi \u0141apanowskiej&#8221;, Dariusz Andrzej W\u0142udyka<\/p>\n<p>22. Komitet Wyborczy Wyborc\u00f3w &#8222;Na rzecz rozwoju Gminy \u0141apan\u00f3w&#8221;, Mariusz Dro\u017cd\u017c<\/p>\n<p><strong>Obszar dzia\u0142ania &#8211; Gmina Trzciana:<\/strong><\/p>\n<p>23. Komitet Wyborczy Wyborc\u00f3w &#8222;Fundusze Unii Europejskiej dla Gminy Trzciana&#8221;,<\/p>\n<p>24. Komitet Wyborczy Wyborc\u00f3w &#8222;Czas na zmiany&#8221;, Jan Kukla,<\/p>\n<p>25. Komitet Wyborczy Wyborc\u00f3w Gminy Trzciana, Eugeniusz J\u00f3zef Burek,<\/p>\n<p><strong>Obszar dzia\u0142ania &#8211; Gmina Rzezawa:<\/strong><\/p>\n<p>26. Komitet Wyborczy Wyborc\u00f3w &#8222;Patrioci&#8221;, Aleksandra Biernat,<\/p>\n<p>27. Komitet Wyborczy Wyborc\u00f3w &#8222;Przyjazna Gmina Rzezawa&#8221;, Jadwiga Magdalena Sa\u0142abaj &#8211; Nowicka,<\/p>\n<p>28. Komitet Wyborczy Wyborc\u00f3w Bez trzymanki, Marcin Jan Piec, gm. Rzezawa<\/p>\n<p>29. Komitet Wyborczy Wyborc\u00f3w &#8222;Stra\u017cacy&#8221;, J\u00f3zef Kazimierz \u015amietana,<\/p>\n<p>30. Komitet Wyborczy Wyborc\u00f3w &#8222;Nowa Szansa&#8221;, Anna G\u00f3ra,<\/p>\n<p>31. Komitet Wyborczy Wyborc\u00f3w &#8222;Borek Wsp\u00f3lne Nasze sprawy&#8221;, Tadeusz W\u0142adys\u0142aw Klimek,<\/p>\n<p>32. Komitet Wyborczy Wyborc\u00f3w &#8222;Ma\u0142a Ojczyzna Rzezawa&#8221;, Justyna Karolina Dziedzic,<\/p>\n<p><strong>Obszar dzia\u0142ania &#8211; Gmina Drwinia:<\/strong><\/p>\n<p>33. Komitet Wyborczy Wyborc\u00f3w &#8222;Gmina Drwinia Zas\u0142uguje Na Wi\u0119cej&#8221;, Jan Andrzej Paj\u0105k<\/p>\n<p>34. Komitet Wyborczy Wyborc\u00f3w &#8222;Moja Gmina&#8221;, Grzegorz Bogumi\u0142 Gola, <\/p>\n<p>35. Komitet Wyborczy Wyborc\u00f3w &#8222;Gminna Wsp\u00f3lnota Samorz\u0105dowa Drwini&#8221;, Zbigniew Piotr Mrukot, <\/p>\n<p>36. Komitet Wyborczy Wyborc\u00f3w &#8222;Nasza Gmina Drwinia&#8221;, El\u017cbieta Tomczyk,<\/p>\n<p>37. Komitet Wyborczy Wyborc\u00f3w &#8222;Razem Dla Gminy&#8221;, Joanna Beata Solak,<\/p>\n<p>38. Komitet Wyborczy Wyborc\u00f3w &#8222;Praworz\u0105dne Mikluszowice&#8221;, Stefan Mieczys\u0142aw Migas,<\/p>\n<p>39. Komitet Wyborczy Wyborc\u00f3w &#8222;Wy\u017cyce R\u00f3wno\u015b\u0107 i Zgoda&#8221;, Gra\u017cyna Maira Ma\u0142ecka,<\/p>\n<p>40. Komitet Wyborczy Wyborc\u00f3w Miros\u0142aw Siudak, Ignacy Paj\u0105k,<\/p>\n<p><strong>Obszar dzia\u0142ania &#8211; Gmina \u017begocina:<\/strong><\/p>\n<p>41. Komitet Wyborczy Wyborc\u00f3w Gminy \u017begocina, Jan Mr\u00f3z,<\/p>\n<p>42. Komitet Wyborczy Wyborc\u00f3w &#8222;Rozdziele Razem&#8221;, Jan Antoni Orze\u0142,<\/p>\n<p>43. Obszar dzia\u0142ania &#8211; Lipnica Murowana:<\/p>\n<p>44. Komitet Wyborczy Wyborc\u00f3w &#8222;Gmina Zas\u0142uguje na Wi\u0119cej&#8221;, Boles\u0142aw Trojanowski,<\/p>\n<p>45. Komitet Wyborczy Wyborc\u00f3w &#8222;Wsp\u00f3lnie i Solidarnie&#8221;, Damian Ga\u017ca, <\/p>\n","protected":false},"excerpt":{"rendered":"<p>Do wczoraj Komisarz Wyborczy w Tarnowie przyjmowa\u0142 zg\u0142oszenia lokalnych komitet\u00f3w wyborczych. Na terenie boche\u0144szczyzny zarejestrowano ich a\u017c 45.<\/p>\n","protected":false},"author":25,"featured_media":0,"comment_status":"open","ping_status":"closed","sticky":false,"template":"","format":"standard","meta":{"_acf_changed":false,"footnotes":""},"categories":[5,11,6251,6250],"tags":[17421,3637,7617,7618,7616,17419,17200,7619],"class_list":["post-35824","post","type-post","status-publish","format-standard","hentry","category-biezace-wydarzenia","category-top-temat","category-polityka-i-wydarzenia","category-tematyka","tag-burmistrz","tag-komitet","tag-komitet-wyborczy","tag-lista","tag-panstwowa-komisja-wyborcza","tag-wiceburmistrz","tag-wybory","tag-wybory-samorzadowe"],"acf":[],"yoast_head":"<!-- This site is optimized with the Yoast SEO plugin v26.9 - https:\/\/yoast.com\/product\/yoast-seo-wordpress\/ -->\n<title>Powiat: w PKW zarejestrowano 45 komitet\u00f3w wyborczych - mojabochnia.pl - portal informacyjny<\/title>\n<meta name=\"robots\" content=\"index, follow, max-snippet:-1, max-image-preview:large, max-video-preview:-1\" \/>\n<link rel=\"canonical\" href=\"https:\/\/www.mojabochnia.pl\/?p=35824\" \/>\n<meta property=\"og:locale\" content=\"pl_PL\" \/>\n<meta property=\"og:type\" content=\"article\" \/>\n<meta property=\"og:title\" content=\"Powiat: w PKW zarejestrowano 45 komitet\u00f3w wyborczych - mojabochnia.pl - portal informacyjny\" \/>\n<meta property=\"og:description\" content=\"Do wczoraj Komisarz Wyborczy w Tarnowie przyjmowa\u0142 zg\u0142oszenia lokalnych komitet\u00f3w wyborczych. Na terenie boche\u0144szczyzny zarejestrowano ich a\u017c 45.\" \/>\n<meta property=\"og:url\" content=\"https:\/\/www.mojabochnia.pl\/?p=35824\" \/>\n<meta property=\"og:site_name\" content=\"mojabochnia.pl - portal informacyjny\" \/>\n<meta property=\"article:publisher\" content=\"https:\/\/www.facebook.com\/mojabochnia\" \/>\n<meta property=\"article:published_time\" content=\"2010-10-05T13:51:42+00:00\" \/>\n<meta property=\"article:modified_time\" content=\"2010-10-06T06:50:54+00:00\" \/>\n<meta name=\"author\" content=\"Weronika Kucharska\" \/>\n<meta name=\"twitter:card\" content=\"summary_large_image\" \/>\n<meta name=\"twitter:label1\" content=\"Written by\" \/>\n\t<meta name=\"twitter:data1\" content=\"Weronika Kucharska\" \/>\n\t<meta name=\"twitter:label2\" content=\"Est. reading time\" \/>\n\t<meta name=\"twitter:data2\" content=\"3 minuty\" \/>\n<script type=\"application\/ld+json\" class=\"yoast-schema-graph\">{\"@context\":\"https:\/\/schema.org\",\"@graph\":[{\"@type\":\"Article\",\"@id\":\"https:\/\/www.mojabochnia.pl\/?p=35824#article\",\"isPartOf\":{\"@id\":\"https:\/\/www.mojabochnia.pl\/?p=35824\"},\"author\":{\"name\":\"Weronika Kucharska\",\"@id\":\"https:\/\/www.mojabochnia.pl\/#\/schema\/person\/8515edb0b31efb661d6df7949969c0ff\"},\"headline\":\"Powiat: w PKW zarejestrowano 45 komitet\u00f3w wyborczych\",\"datePublished\":\"2010-10-05T13:51:42+00:00\",\"dateModified\":\"2010-10-06T06:50:54+00:00\",\"mainEntityOfPage\":{\"@id\":\"https:\/\/www.mojabochnia.pl\/?p=35824\"},\"wordCount\":557,\"commentCount\":0,\"publisher\":{\"@id\":\"https:\/\/www.mojabochnia.pl\/#organization\"},\"keywords\":[\"burmistrz\",\"komitet\",\"komitet wyborczy\",\"lista\",\"pa\u0144stwowa komisja wyborcza\",\"wiceburmistrz\",\"wybory\",\"wybory samorz\u0105dowe\"],\"articleSection\":[\"2_ostatnie\",\"3_w centrum uwagi\",\"polityka i wydarzenia\",\"tematyka\"],\"inLanguage\":\"pl-PL\",\"potentialAction\":[{\"@type\":\"CommentAction\",\"name\":\"Comment\",\"target\":[\"https:\/\/www.mojabochnia.pl\/?p=35824#respond\"]}]},{\"@type\":\"WebPage\",\"@id\":\"https:\/\/www.mojabochnia.pl\/?p=35824\",\"url\":\"https:\/\/www.mojabochnia.pl\/?p=35824\",\"name\":\"Powiat: w PKW zarejestrowano 45 komitet\u00f3w wyborczych - mojabochnia.pl - portal informacyjny\",\"isPartOf\":{\"@id\":\"https:\/\/www.mojabochnia.pl\/#website\"},\"datePublished\":\"2010-10-05T13:51:42+00:00\",\"dateModified\":\"2010-10-06T06:50:54+00:00\",\"breadcrumb\":{\"@id\":\"https:\/\/www.mojabochnia.pl\/?p=35824#breadcrumb\"},\"inLanguage\":\"pl-PL\",\"potentialAction\":[{\"@type\":\"ReadAction\",\"target\":[\"https:\/\/www.mojabochnia.pl\/?p=35824\"]}]},{\"@type\":\"BreadcrumbList\",\"@id\":\"https:\/\/www.mojabochnia.pl\/?p=35824#breadcrumb\",\"itemListElement\":[{\"@type\":\"ListItem\",\"position\":1,\"name\":\"Home\",\"item\":\"https:\/\/www.mojabochnia.pl\/\"},{\"@type\":\"ListItem\",\"position\":2,\"name\":\"Powiat: w PKW zarejestrowano 45 komitet\u00f3w wyborczych\"}]},{\"@type\":\"WebSite\",\"@id\":\"https:\/\/www.mojabochnia.pl\/#website\",\"url\":\"https:\/\/www.mojabochnia.pl\/\",\"name\":\"mojabochnia.pl - portal informacyjny\",\"description\":\"mojaBochnia to portal informacyjny o Bochni. Codziennie o Bochni piszemy i pokazujemy najwa\u017cniejsze wydarzenia\",\"publisher\":{\"@id\":\"https:\/\/www.mojabochnia.pl\/#organization\"},\"potentialAction\":[{\"@type\":\"SearchAction\",\"target\":{\"@type\":\"EntryPoint\",\"urlTemplate\":\"https:\/\/www.mojabochnia.pl\/?s={search_term_string}\"},\"query-input\":{\"@type\":\"PropertyValueSpecification\",\"valueRequired\":true,\"valueName\":\"search_term_string\"}}],\"inLanguage\":\"pl-PL\"},{\"@type\":\"Organization\",\"@id\":\"https:\/\/www.mojabochnia.pl\/#organization\",\"name\":\"mojabochnia.pl - portal informacyjny\",\"url\":\"https:\/\/www.mojabochnia.pl\/\",\"logo\":{\"@type\":\"ImageObject\",\"inLanguage\":\"pl-PL\",\"@id\":\"https:\/\/www.mojabochnia.pl\/#\/schema\/logo\/image\/\",\"url\":\"https:\/\/www.mojabochnia.pl\/wp-content\/uploads\/2017\/08\/logo-mb-opt.png\",\"contentUrl\":\"https:\/\/www.mojabochnia.pl\/wp-content\/uploads\/2017\/08\/logo-mb-opt.png\",\"width\":250,\"height\":48,\"caption\":\"mojabochnia.pl - portal informacyjny\"},\"image\":{\"@id\":\"https:\/\/www.mojabochnia.pl\/#\/schema\/logo\/image\/\"},\"sameAs\":[\"https:\/\/www.facebook.com\/mojabochnia\"]},{\"@type\":\"Person\",\"@id\":\"https:\/\/www.mojabochnia.pl\/#\/schema\/person\/8515edb0b31efb661d6df7949969c0ff\",\"name\":\"Weronika Kucharska\",\"url\":\"https:\/\/www.mojabochnia.pl\/?author=25\"}]}<\/script>\n<!-- \/ Yoast SEO plugin. -->","yoast_head_json":{"title":"Powiat: w PKW zarejestrowano 45 komitet\u00f3w wyborczych - mojabochnia.pl - portal informacyjny","robots":{"index":"index","follow":"follow","max-snippet":"max-snippet:-1","max-image-preview":"max-image-preview:large","max-video-preview":"max-video-preview:-1"},"canonical":"https:\/\/www.mojabochnia.pl\/?p=35824","og_locale":"pl_PL","og_type":"article","og_title":"Powiat: w PKW zarejestrowano 45 komitet\u00f3w wyborczych - mojabochnia.pl - portal informacyjny","og_description":"Do wczoraj Komisarz Wyborczy w Tarnowie przyjmowa\u0142 zg\u0142oszenia lokalnych komitet\u00f3w wyborczych. Na terenie boche\u0144szczyzny zarejestrowano ich a\u017c 45.","og_url":"https:\/\/www.mojabochnia.pl\/?p=35824","og_site_name":"mojabochnia.pl - portal informacyjny","article_publisher":"https:\/\/www.facebook.com\/mojabochnia","article_published_time":"2010-10-05T13:51:42+00:00","article_modified_time":"2010-10-06T06:50:54+00:00","author":"Weronika Kucharska","twitter_card":"summary_large_image","twitter_misc":{"Written by":"Weronika Kucharska","Est. reading time":"3 minuty"},"schema":{"@context":"https:\/\/schema.org","@graph":[{"@type":"Article","@id":"https:\/\/www.mojabochnia.pl\/?p=35824#article","isPartOf":{"@id":"https:\/\/www.mojabochnia.pl\/?p=35824"},"author":{"name":"Weronika Kucharska","@id":"https:\/\/www.mojabochnia.pl\/#\/schema\/person\/8515edb0b31efb661d6df7949969c0ff"},"headline":"Powiat: w PKW zarejestrowano 45 komitet\u00f3w wyborczych","datePublished":"2010-10-05T13:51:42+00:00","dateModified":"2010-10-06T06:50:54+00:00","mainEntityOfPage":{"@id":"https:\/\/www.mojabochnia.pl\/?p=35824"},"wordCount":557,"commentCount":0,"publisher":{"@id":"https:\/\/www.mojabochnia.pl\/#organization"},"keywords":["burmistrz","komitet","komitet wyborczy","lista","pa\u0144stwowa komisja wyborcza","wiceburmistrz","wybory","wybory samorz\u0105dowe"],"articleSection":["2_ostatnie","3_w centrum uwagi","polityka i wydarzenia","tematyka"],"inLanguage":"pl-PL","potentialAction":[{"@type":"CommentAction","name":"Comment","target":["https:\/\/www.mojabochnia.pl\/?p=35824#respond"]}]},{"@type":"WebPage","@id":"https:\/\/www.mojabochnia.pl\/?p=35824","url":"https:\/\/www.mojabochnia.pl\/?p=35824","name":"Powiat: w PKW zarejestrowano 45 komitet\u00f3w wyborczych - mojabochnia.pl - portal informacyjny","isPartOf":{"@id":"https:\/\/www.mojabochnia.pl\/#website"},"datePublished":"2010-10-05T13:51:42+00:00","dateModified":"2010-10-06T06:50:54+00:00","breadcrumb":{"@id":"https:\/\/www.mojabochnia.pl\/?p=35824#breadcrumb"},"inLanguage":"pl-PL","potentialAction":[{"@type":"ReadAction","target":["https:\/\/www.mojabochnia.pl\/?p=35824"]}]},{"@type":"BreadcrumbList","@id":"https:\/\/www.mojabochnia.pl\/?p=35824#breadcrumb","itemListElement":[{"@type":"ListItem","position":1,"name":"Home","item":"https:\/\/www.mojabochnia.pl\/"},{"@type":"ListItem","position":2,"name":"Powiat: w PKW zarejestrowano 45 komitet\u00f3w wyborczych"}]},{"@type":"WebSite","@id":"https:\/\/www.mojabochnia.pl\/#website","url":"https:\/\/www.mojabochnia.pl\/","name":"mojabochnia.pl - portal informacyjny","description":"mojaBochnia to portal informacyjny o Bochni. Codziennie o Bochni piszemy i pokazujemy najwa\u017cniejsze wydarzenia","publisher":{"@id":"https:\/\/www.mojabochnia.pl\/#organization"},"potentialAction":[{"@type":"SearchAction","target":{"@type":"EntryPoint","urlTemplate":"https:\/\/www.mojabochnia.pl\/?s={search_term_string}"},"query-input":{"@type":"PropertyValueSpecification","valueRequired":true,"valueName":"search_term_string"}}],"inLanguage":"pl-PL"},{"@type":"Organization","@id":"https:\/\/www.mojabochnia.pl\/#organization","name":"mojabochnia.pl - portal informacyjny","url":"https:\/\/www.mojabochnia.pl\/","logo":{"@type":"ImageObject","inLanguage":"pl-PL","@id":"https:\/\/www.mojabochnia.pl\/#\/schema\/logo\/image\/","url":"https:\/\/www.mojabochnia.pl\/wp-content\/uploads\/2017\/08\/logo-mb-opt.png","contentUrl":"https:\/\/www.mojabochnia.pl\/wp-content\/uploads\/2017\/08\/logo-mb-opt.png","width":250,"height":48,"caption":"mojabochnia.pl - portal informacyjny"},"image":{"@id":"https:\/\/www.mojabochnia.pl\/#\/schema\/logo\/image\/"},"sameAs":["https:\/\/www.facebook.com\/mojabochnia"]},{"@type":"Person","@id":"https:\/\/www.mojabochnia.pl\/#\/schema\/person\/8515edb0b31efb661d6df7949969c0ff","name":"Weronika Kucharska","url":"https:\/\/www.mojabochnia.pl\/?author=25"}]}},"_links":{"self":[{"href":"https:\/\/www.mojabochnia.pl\/index.php?rest_route=\/wp\/v2\/posts\/35824","targetHints":{"allow":["GET"]}}],"collection":[{"href":"https:\/\/www.mojabochnia.pl\/index.php?rest_route=\/wp\/v2\/posts"}],"about":[{"href":"https:\/\/www.mojabochnia.pl\/index.php?rest_route=\/wp\/v2\/types\/post"}],"author":[{"embeddable":true,"href":"https:\/\/www.mojabochnia.pl\/index.php?rest_route=\/wp\/v2\/users\/25"}],"replies":[{"embeddable":true,"href":"https:\/\/www.mojabochnia.pl\/index.php?rest_route=%2Fwp%2Fv2%2Fcomments&post=35824"}],"version-history":[{"count":0,"href":"https:\/\/www.mojabochnia.pl\/index.php?rest_route=\/wp\/v2\/posts\/35824\/revisions"}],"wp:attachment":[{"href":"https:\/\/www.mojabochnia.pl\/index.php?rest_route=%2Fwp%2Fv2%2Fmedia&parent=35824"}],"wp:term":[{"taxonomy":"category","embeddable":true,"href":"https:\/\/www.mojabochnia.pl\/index.php?rest_route=%2Fwp%2Fv2%2Fcategories&post=35824"},{"taxonomy":"post_tag","embeddable":true,"href":"https:\/\/www.mojabochnia.pl\/index.php?rest_route=%2Fwp%2Fv2%2Ftags&post=35824"}],"curies":[{"name":"wp","href":"https:\/\/api.w.org\/{rel}","templated":true}]}}