{"id":3557,"date":"2008-12-09T09:20:35","date_gmt":"2008-12-09T08:20:35","guid":{"rendered":"http:\/\/www.mojabochnia.pl\/?p=3557"},"modified":"2008-12-09T09:20:35","modified_gmt":"2008-12-09T08:20:35","slug":"c-kamionka-patologiczne-zachowania-na-plantach","status":"publish","type":"post","link":"https:\/\/www.mojabochnia.pl\/?p=3557","title":{"rendered":"C. Kamionka: patologiczne zachowania na plantach"},"content":{"rendered":"<p>Celina Kamionka zwraca uwag\u0119, \u017ce po oddaniu placu do u\u017cytku zacz\u0105\u0142 on przyci\u0105ga\u0107 nie tylko dzieci. Dlatego radna postanowi\u0142a zainterweniowa\u0107 przeciwko, jak to okre\u015bla, patologicznemu sposobowi integracji w miejscu przeznaczonych dla dzieci. \u2013<em> Zbiera si\u0119 tam m\u0142odzie\u017c w wieku gimnazjalnym, integruje si\u0119 w grupach nieformalnych. Ho\u0142duje i cementuje tam swoje patologiczne zachowania. Postanowi\u0142am wi\u0119c interpelowa\u0107, aby wzorem Placu Turka wypracowa\u0107 i zamie\u015bci\u0107 regulamin, kt\u00f3ry by\u0142by punktem odniesienia do ewentualnego egzekwowania skutk\u00f3w niew\u0142a\u015bciwego zachowania w tym miejscu<\/em> \u2013 uwa\u017ca radna Celina Kamionka.<\/p>\n<p>Gustaw Korta, wiceburmistrz Bochni, przyznaje, \u017ce w Bochni obowi\u0105zuje jeden wsp\u00f3lny regulamin dla wszystkich plac\u00f3w zabaw. Postulat radnej zostanie jednak uwzgl\u0119dniony. \u2013 <em>B\u0119dziemy chcieli przygotowa\u0107 taki regulamin, kt\u00f3ry b\u0119dzie odpowiedni dla tego terenu. Obecny regulamin odnosi si\u0119 do wszystkich plac\u00f3w zabaw, natomiast po przyjrzeniu si\u0119, co dzieje si\u0119 na tym placu zabaw, wydaje nam si\u0119, \u017ce trzeba b\u0119dzie wprowadzi\u0107 pewne modyfikacje do tego regulaminu<\/em>\u2013 m\u00f3wi Gustaw Korta. <\/p>\n<p>Plac zabaw na plantach Salinarnych w Bochni ma kszta\u0142t miasta w mie\u015bcie i obejmuje wiele eksponat\u00f3w wykonanych z drewna, jak bramy miejskie, piaskownica z baszt\u0105, hu\u015btawka z bocianim gniazdem, karuzela, kopania soli, rynek staromiejski czy zamek z trzema wie\u017cami.<\/p>\n","protected":false},"excerpt":{"rendered":"<p>Plac zabaw na Plantach Salinarnych w Bochni powinien mie\u0107 regulamin \u2013 uwa\u017ca jedna z radnych. <\/p>\n","protected":false},"author":4,"featured_media":0,"comment_status":"open","ping_status":"closed","sticky":false,"template":"","format":"standard","meta":{"_acf_changed":false,"footnotes":""},"categories":[5,11],"tags":[1912,1914,232,17481,17237,17280,1470,1747,1104,17189,17419,1683],"class_list":["post-3557","post","type-post","status-publish","format-standard","hentry","category-biezace-wydarzenia","category-top-temat","tag-celina-kamionka","tag-gimnazjalisci","tag-gustaw-korta","tag-interpelacja","tag-plac-turka","tag-plac-zabaw","tag-postulat","tag-prewencja","tag-regulamin","tag-urzad-miejski","tag-wiceburmistrz","tag-wniosek"],"acf":[],"yoast_head":"<!-- This site is optimized with the Yoast SEO plugin v26.9 - https:\/\/yoast.com\/product\/yoast-seo-wordpress\/ -->\n<title>C. Kamionka: patologiczne zachowania na plantach - mojabochnia.pl - portal informacyjny<\/title>\n<meta name=\"robots\" content=\"index, follow, max-snippet:-1, max-image-preview:large, max-video-preview:-1\" \/>\n<link rel=\"canonical\" href=\"https:\/\/www.mojabochnia.pl\/?p=3557\" \/>\n<meta property=\"og:locale\" content=\"pl_PL\" \/>\n<meta property=\"og:type\" content=\"article\" \/>\n<meta property=\"og:title\" content=\"C. Kamionka: patologiczne zachowania na plantach - mojabochnia.pl - portal informacyjny\" \/>\n<meta property=\"og:description\" content=\"Plac zabaw na Plantach Salinarnych w Bochni powinien mie\u0107 regulamin \u2013 uwa\u017ca jedna z radnych.\" \/>\n<meta property=\"og:url\" content=\"https:\/\/www.mojabochnia.pl\/?p=3557\" \/>\n<meta property=\"og:site_name\" content=\"mojabochnia.pl - portal informacyjny\" \/>\n<meta property=\"article:publisher\" content=\"https:\/\/www.facebook.com\/mojabochnia\" \/>\n<meta property=\"article:published_time\" content=\"2008-12-09T08:20:35+00:00\" \/>\n<meta name=\"author\" content=\"Pawe\u0142 Michalczyk\" \/>\n<meta name=\"twitter:card\" content=\"summary_large_image\" \/>\n<meta name=\"twitter:label1\" content=\"Written by\" \/>\n\t<meta name=\"twitter:data1\" content=\"Pawe\u0142 Michalczyk\" \/>\n\t<meta name=\"twitter:label2\" content=\"Est. reading time\" \/>\n\t<meta name=\"twitter:data2\" content=\"1 minuta\" \/>\n<script type=\"application\/ld+json\" class=\"yoast-schema-graph\">{\"@context\":\"https:\/\/schema.org\",\"@graph\":[{\"@type\":\"Article\",\"@id\":\"https:\/\/www.mojabochnia.pl\/?p=3557#article\",\"isPartOf\":{\"@id\":\"https:\/\/www.mojabochnia.pl\/?p=3557\"},\"author\":{\"name\":\"Pawe\u0142 Michalczyk\",\"@id\":\"https:\/\/www.mojabochnia.pl\/#\/schema\/person\/ea042e4724a77627963f02166828ead4\"},\"headline\":\"C. Kamionka: patologiczne zachowania na plantach\",\"datePublished\":\"2008-12-09T08:20:35+00:00\",\"mainEntityOfPage\":{\"@id\":\"https:\/\/www.mojabochnia.pl\/?p=3557\"},\"wordCount\":220,\"commentCount\":4,\"publisher\":{\"@id\":\"https:\/\/www.mojabochnia.pl\/#organization\"},\"keywords\":[\"celina kamionka\",\"gimnazjali\u015bci\",\"gustaw korta\",\"interpelacja\",\"plac turka\",\"plac zabaw\",\"postulat\",\"prewencja\",\"regulamin\",\"urz\u0105d miejski\",\"wiceburmistrz\",\"wniosek\"],\"articleSection\":[\"2_ostatnie\",\"3_w centrum uwagi\"],\"inLanguage\":\"pl-PL\",\"potentialAction\":[{\"@type\":\"CommentAction\",\"name\":\"Comment\",\"target\":[\"https:\/\/www.mojabochnia.pl\/?p=3557#respond\"]}]},{\"@type\":\"WebPage\",\"@id\":\"https:\/\/www.mojabochnia.pl\/?p=3557\",\"url\":\"https:\/\/www.mojabochnia.pl\/?p=3557\",\"name\":\"C. Kamionka: patologiczne zachowania na plantach - mojabochnia.pl - portal informacyjny\",\"isPartOf\":{\"@id\":\"https:\/\/www.mojabochnia.pl\/#website\"},\"datePublished\":\"2008-12-09T08:20:35+00:00\",\"breadcrumb\":{\"@id\":\"https:\/\/www.mojabochnia.pl\/?p=3557#breadcrumb\"},\"inLanguage\":\"pl-PL\",\"potentialAction\":[{\"@type\":\"ReadAction\",\"target\":[\"https:\/\/www.mojabochnia.pl\/?p=3557\"]}]},{\"@type\":\"BreadcrumbList\",\"@id\":\"https:\/\/www.mojabochnia.pl\/?p=3557#breadcrumb\",\"itemListElement\":[{\"@type\":\"ListItem\",\"position\":1,\"name\":\"Home\",\"item\":\"https:\/\/www.mojabochnia.pl\/\"},{\"@type\":\"ListItem\",\"position\":2,\"name\":\"C. Kamionka: patologiczne zachowania na plantach\"}]},{\"@type\":\"WebSite\",\"@id\":\"https:\/\/www.mojabochnia.pl\/#website\",\"url\":\"https:\/\/www.mojabochnia.pl\/\",\"name\":\"mojabochnia.pl - portal informacyjny\",\"description\":\"mojaBochnia to portal informacyjny o Bochni. Codziennie o Bochni piszemy i pokazujemy najwa\u017cniejsze wydarzenia\",\"publisher\":{\"@id\":\"https:\/\/www.mojabochnia.pl\/#organization\"},\"potentialAction\":[{\"@type\":\"SearchAction\",\"target\":{\"@type\":\"EntryPoint\",\"urlTemplate\":\"https:\/\/www.mojabochnia.pl\/?s={search_term_string}\"},\"query-input\":{\"@type\":\"PropertyValueSpecification\",\"valueRequired\":true,\"valueName\":\"search_term_string\"}}],\"inLanguage\":\"pl-PL\"},{\"@type\":\"Organization\",\"@id\":\"https:\/\/www.mojabochnia.pl\/#organization\",\"name\":\"mojabochnia.pl - portal informacyjny\",\"url\":\"https:\/\/www.mojabochnia.pl\/\",\"logo\":{\"@type\":\"ImageObject\",\"inLanguage\":\"pl-PL\",\"@id\":\"https:\/\/www.mojabochnia.pl\/#\/schema\/logo\/image\/\",\"url\":\"https:\/\/www.mojabochnia.pl\/wp-content\/uploads\/2017\/08\/logo-mb-opt.png\",\"contentUrl\":\"https:\/\/www.mojabochnia.pl\/wp-content\/uploads\/2017\/08\/logo-mb-opt.png\",\"width\":250,\"height\":48,\"caption\":\"mojabochnia.pl - portal informacyjny\"},\"image\":{\"@id\":\"https:\/\/www.mojabochnia.pl\/#\/schema\/logo\/image\/\"},\"sameAs\":[\"https:\/\/www.facebook.com\/mojabochnia\"]},{\"@type\":\"Person\",\"@id\":\"https:\/\/www.mojabochnia.pl\/#\/schema\/person\/ea042e4724a77627963f02166828ead4\",\"name\":\"Pawe\u0142 Michalczyk\",\"url\":\"https:\/\/www.mojabochnia.pl\/?author=4\"}]}<\/script>\n<!-- \/ Yoast SEO plugin. -->","yoast_head_json":{"title":"C. Kamionka: patologiczne zachowania na plantach - mojabochnia.pl - portal informacyjny","robots":{"index":"index","follow":"follow","max-snippet":"max-snippet:-1","max-image-preview":"max-image-preview:large","max-video-preview":"max-video-preview:-1"},"canonical":"https:\/\/www.mojabochnia.pl\/?p=3557","og_locale":"pl_PL","og_type":"article","og_title":"C. Kamionka: patologiczne zachowania na plantach - mojabochnia.pl - portal informacyjny","og_description":"Plac zabaw na Plantach Salinarnych w Bochni powinien mie\u0107 regulamin \u2013 uwa\u017ca jedna z radnych.","og_url":"https:\/\/www.mojabochnia.pl\/?p=3557","og_site_name":"mojabochnia.pl - portal informacyjny","article_publisher":"https:\/\/www.facebook.com\/mojabochnia","article_published_time":"2008-12-09T08:20:35+00:00","author":"Pawe\u0142 Michalczyk","twitter_card":"summary_large_image","twitter_misc":{"Written by":"Pawe\u0142 Michalczyk","Est. reading time":"1 minuta"},"schema":{"@context":"https:\/\/schema.org","@graph":[{"@type":"Article","@id":"https:\/\/www.mojabochnia.pl\/?p=3557#article","isPartOf":{"@id":"https:\/\/www.mojabochnia.pl\/?p=3557"},"author":{"name":"Pawe\u0142 Michalczyk","@id":"https:\/\/www.mojabochnia.pl\/#\/schema\/person\/ea042e4724a77627963f02166828ead4"},"headline":"C. Kamionka: patologiczne zachowania na plantach","datePublished":"2008-12-09T08:20:35+00:00","mainEntityOfPage":{"@id":"https:\/\/www.mojabochnia.pl\/?p=3557"},"wordCount":220,"commentCount":4,"publisher":{"@id":"https:\/\/www.mojabochnia.pl\/#organization"},"keywords":["celina kamionka","gimnazjali\u015bci","gustaw korta","interpelacja","plac turka","plac zabaw","postulat","prewencja","regulamin","urz\u0105d miejski","wiceburmistrz","wniosek"],"articleSection":["2_ostatnie","3_w centrum uwagi"],"inLanguage":"pl-PL","potentialAction":[{"@type":"CommentAction","name":"Comment","target":["https:\/\/www.mojabochnia.pl\/?p=3557#respond"]}]},{"@type":"WebPage","@id":"https:\/\/www.mojabochnia.pl\/?p=3557","url":"https:\/\/www.mojabochnia.pl\/?p=3557","name":"C. Kamionka: patologiczne zachowania na plantach - mojabochnia.pl - portal informacyjny","isPartOf":{"@id":"https:\/\/www.mojabochnia.pl\/#website"},"datePublished":"2008-12-09T08:20:35+00:00","breadcrumb":{"@id":"https:\/\/www.mojabochnia.pl\/?p=3557#breadcrumb"},"inLanguage":"pl-PL","potentialAction":[{"@type":"ReadAction","target":["https:\/\/www.mojabochnia.pl\/?p=3557"]}]},{"@type":"BreadcrumbList","@id":"https:\/\/www.mojabochnia.pl\/?p=3557#breadcrumb","itemListElement":[{"@type":"ListItem","position":1,"name":"Home","item":"https:\/\/www.mojabochnia.pl\/"},{"@type":"ListItem","position":2,"name":"C. Kamionka: patologiczne zachowania na plantach"}]},{"@type":"WebSite","@id":"https:\/\/www.mojabochnia.pl\/#website","url":"https:\/\/www.mojabochnia.pl\/","name":"mojabochnia.pl - portal informacyjny","description":"mojaBochnia to portal informacyjny o Bochni. Codziennie o Bochni piszemy i pokazujemy najwa\u017cniejsze wydarzenia","publisher":{"@id":"https:\/\/www.mojabochnia.pl\/#organization"},"potentialAction":[{"@type":"SearchAction","target":{"@type":"EntryPoint","urlTemplate":"https:\/\/www.mojabochnia.pl\/?s={search_term_string}"},"query-input":{"@type":"PropertyValueSpecification","valueRequired":true,"valueName":"search_term_string"}}],"inLanguage":"pl-PL"},{"@type":"Organization","@id":"https:\/\/www.mojabochnia.pl\/#organization","name":"mojabochnia.pl - portal informacyjny","url":"https:\/\/www.mojabochnia.pl\/","logo":{"@type":"ImageObject","inLanguage":"pl-PL","@id":"https:\/\/www.mojabochnia.pl\/#\/schema\/logo\/image\/","url":"https:\/\/www.mojabochnia.pl\/wp-content\/uploads\/2017\/08\/logo-mb-opt.png","contentUrl":"https:\/\/www.mojabochnia.pl\/wp-content\/uploads\/2017\/08\/logo-mb-opt.png","width":250,"height":48,"caption":"mojabochnia.pl - portal informacyjny"},"image":{"@id":"https:\/\/www.mojabochnia.pl\/#\/schema\/logo\/image\/"},"sameAs":["https:\/\/www.facebook.com\/mojabochnia"]},{"@type":"Person","@id":"https:\/\/www.mojabochnia.pl\/#\/schema\/person\/ea042e4724a77627963f02166828ead4","name":"Pawe\u0142 Michalczyk","url":"https:\/\/www.mojabochnia.pl\/?author=4"}]}},"_links":{"self":[{"href":"https:\/\/www.mojabochnia.pl\/index.php?rest_route=\/wp\/v2\/posts\/3557","targetHints":{"allow":["GET"]}}],"collection":[{"href":"https:\/\/www.mojabochnia.pl\/index.php?rest_route=\/wp\/v2\/posts"}],"about":[{"href":"https:\/\/www.mojabochnia.pl\/index.php?rest_route=\/wp\/v2\/types\/post"}],"author":[{"embeddable":true,"href":"https:\/\/www.mojabochnia.pl\/index.php?rest_route=\/wp\/v2\/users\/4"}],"replies":[{"embeddable":true,"href":"https:\/\/www.mojabochnia.pl\/index.php?rest_route=%2Fwp%2Fv2%2Fcomments&post=3557"}],"version-history":[{"count":0,"href":"https:\/\/www.mojabochnia.pl\/index.php?rest_route=\/wp\/v2\/posts\/3557\/revisions"}],"wp:attachment":[{"href":"https:\/\/www.mojabochnia.pl\/index.php?rest_route=%2Fwp%2Fv2%2Fmedia&parent=3557"}],"wp:term":[{"taxonomy":"category","embeddable":true,"href":"https:\/\/www.mojabochnia.pl\/index.php?rest_route=%2Fwp%2Fv2%2Fcategories&post=3557"},{"taxonomy":"post_tag","embeddable":true,"href":"https:\/\/www.mojabochnia.pl\/index.php?rest_route=%2Fwp%2Fv2%2Ftags&post=3557"}],"curies":[{"name":"wp","href":"https:\/\/api.w.org\/{rel}","templated":true}]}}