{"id":3552,"date":"2008-12-09T12:51:21","date_gmt":"2008-12-09T11:51:21","guid":{"rendered":"http:\/\/www.mojabochnia.pl\/?p=3552"},"modified":"2008-12-09T09:21:50","modified_gmt":"2008-12-09T08:21:50","slug":"muzeum-mikolajowe-pierniki-oraz-jablka","status":"publish","type":"post","link":"https:\/\/www.mojabochnia.pl\/?p=3552","title":{"rendered":"Muzeum: Miko\u0142ajowe pierniki oraz jab\u0142ka"},"content":{"rendered":"<p>Spotkanie rozpocz\u0119\u0142o si\u0119 wr\u0119czeniem tytu\u0142u \u201eBenefactor musei 2008\u201d, kt\u00f3ry otrzymali Maria \u0106wioro i Zdzis\u0142aw Gaw\u0105d.<\/p>\n<p>Nast\u0119pnie zebrani wys\u0142uchali wyk\u0142adu dr Izoldy Topp z Uniwersytetu Wroc\u0142awskiego zatytu\u0142owanego \u201eOd daru do prezentu. O przemianach postaci \u015bw. Miko\u0142aja w kulturze\u201d. Prelegentka przedstawi\u0142a losy \u015awi\u0119tego Miko\u0142aja \u2013 od wizerunku biskupa Miry, a\u017c do postaci kresk\u00f3wkowego krasnala zaczerpni\u0119tego z reklamy coca-coli. Wyst\u0105pienie wype\u0142nione by\u0142o zar\u00f3wno faktami z \u017cycia \u015awi\u0119tego, jaki legendami czy stereotypami zwi\u0105zanymi z t\u0105 postaci\u0105, a kolorowe slajdy dope\u0142nia\u0142y ca\u0142o\u015bci. <\/p>\n<p>Na koniec spotkania starym zwyczajem, ka\u017cdy uczestnik otrzyma\u0142 prezent \u2013 piernik z wizerunkiem \u015awi\u0119tego Miko\u0142aja, a w\u0142a\u015bciwie witra\u017cem z boche\u0144skiej bazyliki przedstawiaj\u0105cym t\u0105 posta\u0107 oraz komplet dziewi\u0119ciu kartek \u015bwi\u0105tecznych zaprojektowanych przez Ludwika Stasiaka a wydanych w jego wydawnictwie Stella w Bochni. <\/p>\n<p>Boche\u0144ski Dzie\u0144 \u015awi\u0119tego Miko\u0142aja zosta\u0142 zapocz\u0105tkowany skromnym Czwartkowym Spotkaniem Muzealnym 6 grudnia 2001 roku, podczas kt\u00f3rego Jan Flasza wyg\u0142osi\u0142 referat \u201e\u015awi\u0119ty Miko\u0142aj i Bochnia\u201d. Odt\u0105d, z roku na rok, program tego szczeg\u00f3lnego wieczoru stawa\u0142 si\u0119 coraz bogatszy.<\/p>\n<p>W 2002 roku o raz pierwszy przyznano te\u017c honorowe wyr\u00f3\u017cnienie \u201eBenefactor Musei\u201d (Dobroczy\u0144ca Muzeum) osobom szczeg\u00f3lnie zas\u0142u\u017conym dla tej instytucji. Odt\u0105d tradycj\u0105 sta\u0142y si\u0119 te\u017c jab\u0142ka, kt\u00f3rymi publiczno\u015b\u0107 (tak\u017ce i w tym roku) mo\u017ce cz\u0119stowa\u0107 si\u0119 do woli.<\/p>\n<p><img decoding=\"async\" src=\"\/f\/2008\/12\/081206_at_miko\u0142ajki_w_muzeum1.jpg\" alt=\"null\" \/><br \/>\n<img decoding=\"async\" src=\"\/f\/2008\/12\/081206_at_miko\u0142ajki_w_muzeum2.jpg\" alt=\"null\" \/><br \/>\n<img decoding=\"async\" src=\"\/f\/2008\/12\/081206_at_miko\u0142ajki_w_muzeum3.jpg\" alt=\"null\" \/><br \/>\n<img decoding=\"async\" src=\"\/f\/2008\/12\/081206_at_miko\u0142ajki_w_muzeum4.jpg\" alt=\"null\" \/><br \/>\n<img decoding=\"async\" src=\"\/f\/2008\/12\/081206_at_miko\u0142ajki_w_muzeum5.jpg\" alt=\"null\" \/><br \/>\n<img decoding=\"async\" src=\"\/f\/2008\/12\/081206_at_miko\u0142ajki_w_muzeum6.jpg\" alt=\"null\" \/><br \/>\n<img decoding=\"async\" src=\"\/f\/2008\/12\/081206_at_miko\u0142ajki_w_muzeum7.jpg\" alt=\"null\" \/><\/p>\n","protected":false},"excerpt":{"rendered":"<p>Tegoroczne boche\u0144skie obchody Dnia \u015awi\u0119tego Miko\u0142aja rozpocz\u0119\u0142y si\u0119 ju\u017c 5 grudnia w Muzeum im. Stanis\u0142awa Fischera. <\/p>\n","protected":false},"author":1,"featured_media":0,"comment_status":"open","ping_status":"closed","sticky":false,"template":"","format":"standard","meta":{"_acf_changed":false,"footnotes":""},"categories":[92],"tags":[564,17126,478,1788,74,133,17346,1870,781,1910,1154,17427,17383],"class_list":["post-3552","post","type-post","status-publish","format-standard","hentry","category-kultura","tag-czas-wolny","tag-jan-flasza","tag-ludwik-stasiak","tag-mikolajki","tag-muzeum-im-stanislawa-fischera","tag-spotkania-czwartkowe","tag-spotkanie","tag-swiety-mikolaj","tag-tradycja","tag-upominek","tag-wydawnictwo-dziel-sztuki-stella","tag-wyklad","tag-wyroznienie"],"acf":[],"yoast_head":"<!-- This site is optimized with the Yoast SEO plugin v26.9 - https:\/\/yoast.com\/product\/yoast-seo-wordpress\/ -->\n<title>Muzeum: Miko\u0142ajowe pierniki oraz jab\u0142ka - mojabochnia.pl - portal informacyjny<\/title>\n<meta name=\"robots\" content=\"index, follow, max-snippet:-1, max-image-preview:large, max-video-preview:-1\" \/>\n<link rel=\"canonical\" href=\"https:\/\/www.mojabochnia.pl\/?p=3552\" \/>\n<meta property=\"og:locale\" content=\"pl_PL\" \/>\n<meta property=\"og:type\" content=\"article\" \/>\n<meta property=\"og:title\" content=\"Muzeum: Miko\u0142ajowe pierniki oraz jab\u0142ka - mojabochnia.pl - portal informacyjny\" \/>\n<meta property=\"og:description\" content=\"Tegoroczne boche\u0144skie obchody Dnia \u015awi\u0119tego Miko\u0142aja rozpocz\u0119\u0142y si\u0119 ju\u017c 5 grudnia w Muzeum im. Stanis\u0142awa Fischera.\" \/>\n<meta property=\"og:url\" content=\"https:\/\/www.mojabochnia.pl\/?p=3552\" \/>\n<meta property=\"og:site_name\" content=\"mojabochnia.pl - portal informacyjny\" \/>\n<meta property=\"article:publisher\" content=\"https:\/\/www.facebook.com\/mojabochnia\" \/>\n<meta property=\"article:published_time\" content=\"2008-12-09T11:51:21+00:00\" \/>\n<meta name=\"author\" content=\"administrator\" \/>\n<meta name=\"twitter:card\" content=\"summary_large_image\" \/>\n<meta name=\"twitter:label1\" content=\"Written by\" \/>\n\t<meta name=\"twitter:data1\" content=\"administrator\" \/>\n\t<meta name=\"twitter:label2\" content=\"Est. reading time\" \/>\n\t<meta name=\"twitter:data2\" content=\"1 minuta\" \/>\n<script type=\"application\/ld+json\" class=\"yoast-schema-graph\">{\"@context\":\"https:\/\/schema.org\",\"@graph\":[{\"@type\":\"Article\",\"@id\":\"https:\/\/www.mojabochnia.pl\/?p=3552#article\",\"isPartOf\":{\"@id\":\"https:\/\/www.mojabochnia.pl\/?p=3552\"},\"author\":{\"name\":\"administrator\",\"@id\":\"https:\/\/www.mojabochnia.pl\/#\/schema\/person\/c00e1f64e6fa0e6de6d410f2c340017f\"},\"headline\":\"Muzeum: Miko\u0142ajowe pierniki oraz jab\u0142ka\",\"datePublished\":\"2008-12-09T11:51:21+00:00\",\"mainEntityOfPage\":{\"@id\":\"https:\/\/www.mojabochnia.pl\/?p=3552\"},\"wordCount\":253,\"commentCount\":0,\"publisher\":{\"@id\":\"https:\/\/www.mojabochnia.pl\/#organization\"},\"keywords\":[\"czas wolny\",\"jan flasza\",\"ludwik stasiak\",\"miko\u0142ajki\",\"muzeum im. stanis\u0142awa fischera\",\"spotkania czwartkowe\",\"spotkanie\",\"\u015bwi\u0119ty miko\u0142aj\",\"tradycja\",\"upominek\",\"wydawnictwo dzie\u0142 sztuki stella\",\"wyk\u0142ad\",\"wyr\u00f3\u017cnienie\"],\"articleSection\":[\"kultura\"],\"inLanguage\":\"pl-PL\",\"potentialAction\":[{\"@type\":\"CommentAction\",\"name\":\"Comment\",\"target\":[\"https:\/\/www.mojabochnia.pl\/?p=3552#respond\"]}]},{\"@type\":\"WebPage\",\"@id\":\"https:\/\/www.mojabochnia.pl\/?p=3552\",\"url\":\"https:\/\/www.mojabochnia.pl\/?p=3552\",\"name\":\"Muzeum: Miko\u0142ajowe pierniki oraz jab\u0142ka - mojabochnia.pl - portal informacyjny\",\"isPartOf\":{\"@id\":\"https:\/\/www.mojabochnia.pl\/#website\"},\"datePublished\":\"2008-12-09T11:51:21+00:00\",\"breadcrumb\":{\"@id\":\"https:\/\/www.mojabochnia.pl\/?p=3552#breadcrumb\"},\"inLanguage\":\"pl-PL\",\"potentialAction\":[{\"@type\":\"ReadAction\",\"target\":[\"https:\/\/www.mojabochnia.pl\/?p=3552\"]}]},{\"@type\":\"BreadcrumbList\",\"@id\":\"https:\/\/www.mojabochnia.pl\/?p=3552#breadcrumb\",\"itemListElement\":[{\"@type\":\"ListItem\",\"position\":1,\"name\":\"Home\",\"item\":\"https:\/\/www.mojabochnia.pl\/\"},{\"@type\":\"ListItem\",\"position\":2,\"name\":\"Muzeum: Miko\u0142ajowe pierniki oraz jab\u0142ka\"}]},{\"@type\":\"WebSite\",\"@id\":\"https:\/\/www.mojabochnia.pl\/#website\",\"url\":\"https:\/\/www.mojabochnia.pl\/\",\"name\":\"mojabochnia.pl - portal informacyjny\",\"description\":\"mojaBochnia to portal informacyjny o Bochni. Codziennie o Bochni piszemy i pokazujemy najwa\u017cniejsze wydarzenia\",\"publisher\":{\"@id\":\"https:\/\/www.mojabochnia.pl\/#organization\"},\"potentialAction\":[{\"@type\":\"SearchAction\",\"target\":{\"@type\":\"EntryPoint\",\"urlTemplate\":\"https:\/\/www.mojabochnia.pl\/?s={search_term_string}\"},\"query-input\":{\"@type\":\"PropertyValueSpecification\",\"valueRequired\":true,\"valueName\":\"search_term_string\"}}],\"inLanguage\":\"pl-PL\"},{\"@type\":\"Organization\",\"@id\":\"https:\/\/www.mojabochnia.pl\/#organization\",\"name\":\"mojabochnia.pl - portal informacyjny\",\"url\":\"https:\/\/www.mojabochnia.pl\/\",\"logo\":{\"@type\":\"ImageObject\",\"inLanguage\":\"pl-PL\",\"@id\":\"https:\/\/www.mojabochnia.pl\/#\/schema\/logo\/image\/\",\"url\":\"https:\/\/www.mojabochnia.pl\/wp-content\/uploads\/2017\/08\/logo-mb-opt.png\",\"contentUrl\":\"https:\/\/www.mojabochnia.pl\/wp-content\/uploads\/2017\/08\/logo-mb-opt.png\",\"width\":250,\"height\":48,\"caption\":\"mojabochnia.pl - portal informacyjny\"},\"image\":{\"@id\":\"https:\/\/www.mojabochnia.pl\/#\/schema\/logo\/image\/\"},\"sameAs\":[\"https:\/\/www.facebook.com\/mojabochnia\"]},{\"@type\":\"Person\",\"@id\":\"https:\/\/www.mojabochnia.pl\/#\/schema\/person\/c00e1f64e6fa0e6de6d410f2c340017f\",\"name\":\"administrator\",\"url\":\"https:\/\/www.mojabochnia.pl\/?author=1\"}]}<\/script>\n<!-- \/ Yoast SEO plugin. -->","yoast_head_json":{"title":"Muzeum: Miko\u0142ajowe pierniki oraz jab\u0142ka - mojabochnia.pl - portal informacyjny","robots":{"index":"index","follow":"follow","max-snippet":"max-snippet:-1","max-image-preview":"max-image-preview:large","max-video-preview":"max-video-preview:-1"},"canonical":"https:\/\/www.mojabochnia.pl\/?p=3552","og_locale":"pl_PL","og_type":"article","og_title":"Muzeum: Miko\u0142ajowe pierniki oraz jab\u0142ka - mojabochnia.pl - portal informacyjny","og_description":"Tegoroczne boche\u0144skie obchody Dnia \u015awi\u0119tego Miko\u0142aja rozpocz\u0119\u0142y si\u0119 ju\u017c 5 grudnia w Muzeum im. Stanis\u0142awa Fischera.","og_url":"https:\/\/www.mojabochnia.pl\/?p=3552","og_site_name":"mojabochnia.pl - portal informacyjny","article_publisher":"https:\/\/www.facebook.com\/mojabochnia","article_published_time":"2008-12-09T11:51:21+00:00","author":"administrator","twitter_card":"summary_large_image","twitter_misc":{"Written by":"administrator","Est. reading time":"1 minuta"},"schema":{"@context":"https:\/\/schema.org","@graph":[{"@type":"Article","@id":"https:\/\/www.mojabochnia.pl\/?p=3552#article","isPartOf":{"@id":"https:\/\/www.mojabochnia.pl\/?p=3552"},"author":{"name":"administrator","@id":"https:\/\/www.mojabochnia.pl\/#\/schema\/person\/c00e1f64e6fa0e6de6d410f2c340017f"},"headline":"Muzeum: Miko\u0142ajowe pierniki oraz jab\u0142ka","datePublished":"2008-12-09T11:51:21+00:00","mainEntityOfPage":{"@id":"https:\/\/www.mojabochnia.pl\/?p=3552"},"wordCount":253,"commentCount":0,"publisher":{"@id":"https:\/\/www.mojabochnia.pl\/#organization"},"keywords":["czas wolny","jan flasza","ludwik stasiak","miko\u0142ajki","muzeum im. stanis\u0142awa fischera","spotkania czwartkowe","spotkanie","\u015bwi\u0119ty miko\u0142aj","tradycja","upominek","wydawnictwo dzie\u0142 sztuki stella","wyk\u0142ad","wyr\u00f3\u017cnienie"],"articleSection":["kultura"],"inLanguage":"pl-PL","potentialAction":[{"@type":"CommentAction","name":"Comment","target":["https:\/\/www.mojabochnia.pl\/?p=3552#respond"]}]},{"@type":"WebPage","@id":"https:\/\/www.mojabochnia.pl\/?p=3552","url":"https:\/\/www.mojabochnia.pl\/?p=3552","name":"Muzeum: Miko\u0142ajowe pierniki oraz jab\u0142ka - mojabochnia.pl - portal informacyjny","isPartOf":{"@id":"https:\/\/www.mojabochnia.pl\/#website"},"datePublished":"2008-12-09T11:51:21+00:00","breadcrumb":{"@id":"https:\/\/www.mojabochnia.pl\/?p=3552#breadcrumb"},"inLanguage":"pl-PL","potentialAction":[{"@type":"ReadAction","target":["https:\/\/www.mojabochnia.pl\/?p=3552"]}]},{"@type":"BreadcrumbList","@id":"https:\/\/www.mojabochnia.pl\/?p=3552#breadcrumb","itemListElement":[{"@type":"ListItem","position":1,"name":"Home","item":"https:\/\/www.mojabochnia.pl\/"},{"@type":"ListItem","position":2,"name":"Muzeum: Miko\u0142ajowe pierniki oraz jab\u0142ka"}]},{"@type":"WebSite","@id":"https:\/\/www.mojabochnia.pl\/#website","url":"https:\/\/www.mojabochnia.pl\/","name":"mojabochnia.pl - portal informacyjny","description":"mojaBochnia to portal informacyjny o Bochni. Codziennie o Bochni piszemy i pokazujemy najwa\u017cniejsze wydarzenia","publisher":{"@id":"https:\/\/www.mojabochnia.pl\/#organization"},"potentialAction":[{"@type":"SearchAction","target":{"@type":"EntryPoint","urlTemplate":"https:\/\/www.mojabochnia.pl\/?s={search_term_string}"},"query-input":{"@type":"PropertyValueSpecification","valueRequired":true,"valueName":"search_term_string"}}],"inLanguage":"pl-PL"},{"@type":"Organization","@id":"https:\/\/www.mojabochnia.pl\/#organization","name":"mojabochnia.pl - portal informacyjny","url":"https:\/\/www.mojabochnia.pl\/","logo":{"@type":"ImageObject","inLanguage":"pl-PL","@id":"https:\/\/www.mojabochnia.pl\/#\/schema\/logo\/image\/","url":"https:\/\/www.mojabochnia.pl\/wp-content\/uploads\/2017\/08\/logo-mb-opt.png","contentUrl":"https:\/\/www.mojabochnia.pl\/wp-content\/uploads\/2017\/08\/logo-mb-opt.png","width":250,"height":48,"caption":"mojabochnia.pl - portal informacyjny"},"image":{"@id":"https:\/\/www.mojabochnia.pl\/#\/schema\/logo\/image\/"},"sameAs":["https:\/\/www.facebook.com\/mojabochnia"]},{"@type":"Person","@id":"https:\/\/www.mojabochnia.pl\/#\/schema\/person\/c00e1f64e6fa0e6de6d410f2c340017f","name":"administrator","url":"https:\/\/www.mojabochnia.pl\/?author=1"}]}},"_links":{"self":[{"href":"https:\/\/www.mojabochnia.pl\/index.php?rest_route=\/wp\/v2\/posts\/3552","targetHints":{"allow":["GET"]}}],"collection":[{"href":"https:\/\/www.mojabochnia.pl\/index.php?rest_route=\/wp\/v2\/posts"}],"about":[{"href":"https:\/\/www.mojabochnia.pl\/index.php?rest_route=\/wp\/v2\/types\/post"}],"author":[{"embeddable":true,"href":"https:\/\/www.mojabochnia.pl\/index.php?rest_route=\/wp\/v2\/users\/1"}],"replies":[{"embeddable":true,"href":"https:\/\/www.mojabochnia.pl\/index.php?rest_route=%2Fwp%2Fv2%2Fcomments&post=3552"}],"version-history":[{"count":0,"href":"https:\/\/www.mojabochnia.pl\/index.php?rest_route=\/wp\/v2\/posts\/3552\/revisions"}],"wp:attachment":[{"href":"https:\/\/www.mojabochnia.pl\/index.php?rest_route=%2Fwp%2Fv2%2Fmedia&parent=3552"}],"wp:term":[{"taxonomy":"category","embeddable":true,"href":"https:\/\/www.mojabochnia.pl\/index.php?rest_route=%2Fwp%2Fv2%2Fcategories&post=3552"},{"taxonomy":"post_tag","embeddable":true,"href":"https:\/\/www.mojabochnia.pl\/index.php?rest_route=%2Fwp%2Fv2%2Ftags&post=3552"}],"curies":[{"name":"wp","href":"https:\/\/api.w.org\/{rel}","templated":true}]}}