{"id":3545,"date":"2008-12-09T07:06:36","date_gmt":"2008-12-09T06:06:36","guid":{"rendered":"http:\/\/www.mojabochnia.pl\/?p=3545"},"modified":"2008-12-09T12:43:41","modified_gmt":"2008-12-09T11:43:41","slug":"kaplica-sw-rozalii-wypiekniala","status":"publish","type":"post","link":"https:\/\/www.mojabochnia.pl\/?p=3545","title":{"rendered":"Kaplica \u015bw. Rozalii wypi\u0119knia\u0142a"},"content":{"rendered":"<p>Na zewn\u0105trz budynek zosta\u0142 pomalowany, wykonano r\u00f3wnie\u017c poprawki pokrycia dachowego. G\u0142\u00f3wne prace jednak przeprowadzono w jej wn\u0119trzu. \u2013 <em>Zosta\u0142 wykonany specjalny wiatro\u0142ap, aby ka\u017cdy przechodz\u0105c obok, m\u00f3g\u0142 tam na chwil\u0119 si\u0119 zatrzyma\u0107, pomodli\u0107 <\/em>\u2013 m\u00f3wi ks. Jan Nowakowski, proboszcz parafii \u015bw. Paw\u0142a Aposto\u0142a w Bochni.<\/p>\n<p>Kaplica \u015bw. Rozalii w Bochni odnowiony zosta\u0142 o\u0142tarz, wykonano nowe \u0142awki, a cz\u0119\u015b\u0107 starych usuni\u0119to, dzi\u0119ki czemu wewn\u0105trz jest wi\u0119cej przestrzeni. \u2013 <em>Planujemy w przysz\u0142o\u015bci zorganizowa\u0107 tam jak\u0105\u015b wystaw\u0119, najpierw wystaw\u0119 o \u015bw. Rozalii <\/em>\u2013 dodaje proboszcz.<\/p>\n<p>Kaplica \u015bw. Rozalii w Bochni znajduje si\u0119 przy ul. Krakowskiej. Obiekt pochodzi z II po\u0142. XIX w.<\/p>\n","protected":false},"excerpt":{"rendered":"<p>Kaplica \u015bw. Rozalii w Bochni zmieni\u0142a si\u0119 nie do poznania. \u015awi\u0105tynia, kt\u00f3ra zazwyczaj by\u0142a zamkni\u0119ta, po remoncie jest otwarta w ci\u0105gu dnia. <\/p>\n","protected":false},"author":4,"featured_media":0,"comment_status":"open","ping_status":"closed","sticky":false,"template":"","format":"standard","meta":{"_acf_changed":false,"footnotes":""},"categories":[1342],"tags":[536,17450,404,17414,361,17552,17300,1907,1661,1909],"class_list":["post-3545","post","type-post","status-publish","format-standard","hentry","category-zycie-religijne","tag-cmentarz-sw-rozalii","tag-kaplica","tag-ks-jan-nowakowski","tag-os-niepodleglosci","tag-parafia-sw-pawla-apostola","tag-proboszcz","tag-remont","tag-sw-rozalia","tag-swiatynia","tag-ul-krakowska"],"acf":[],"yoast_head":"<!-- This site is optimized with the Yoast SEO plugin v26.9 - https:\/\/yoast.com\/product\/yoast-seo-wordpress\/ -->\n<title>Kaplica \u015bw. Rozalii wypi\u0119knia\u0142a - mojabochnia.pl - portal informacyjny<\/title>\n<meta name=\"robots\" content=\"index, follow, max-snippet:-1, max-image-preview:large, max-video-preview:-1\" \/>\n<link rel=\"canonical\" href=\"https:\/\/www.mojabochnia.pl\/?p=3545\" \/>\n<meta property=\"og:locale\" content=\"pl_PL\" \/>\n<meta property=\"og:type\" content=\"article\" \/>\n<meta property=\"og:title\" content=\"Kaplica \u015bw. Rozalii wypi\u0119knia\u0142a - mojabochnia.pl - portal informacyjny\" \/>\n<meta property=\"og:description\" content=\"Kaplica \u015bw. Rozalii w Bochni zmieni\u0142a si\u0119 nie do poznania. \u015awi\u0105tynia, kt\u00f3ra zazwyczaj by\u0142a zamkni\u0119ta, po remoncie jest otwarta w ci\u0105gu dnia.\" \/>\n<meta property=\"og:url\" content=\"https:\/\/www.mojabochnia.pl\/?p=3545\" \/>\n<meta property=\"og:site_name\" content=\"mojabochnia.pl - portal informacyjny\" \/>\n<meta property=\"article:publisher\" content=\"https:\/\/www.facebook.com\/mojabochnia\" \/>\n<meta property=\"article:published_time\" content=\"2008-12-09T06:06:36+00:00\" \/>\n<meta property=\"article:modified_time\" content=\"2008-12-09T11:43:41+00:00\" \/>\n<meta name=\"author\" content=\"Pawe\u0142 Michalczyk\" \/>\n<meta name=\"twitter:card\" content=\"summary_large_image\" \/>\n<meta name=\"twitter:label1\" content=\"Written by\" \/>\n\t<meta name=\"twitter:data1\" content=\"Pawe\u0142 Michalczyk\" \/>\n\t<meta name=\"twitter:label2\" content=\"Est. reading time\" \/>\n\t<meta name=\"twitter:data2\" content=\"1 minuta\" \/>\n<script type=\"application\/ld+json\" class=\"yoast-schema-graph\">{\"@context\":\"https:\/\/schema.org\",\"@graph\":[{\"@type\":\"Article\",\"@id\":\"https:\/\/www.mojabochnia.pl\/?p=3545#article\",\"isPartOf\":{\"@id\":\"https:\/\/www.mojabochnia.pl\/?p=3545\"},\"author\":{\"name\":\"Pawe\u0142 Michalczyk\",\"@id\":\"https:\/\/www.mojabochnia.pl\/#\/schema\/person\/ea042e4724a77627963f02166828ead4\"},\"headline\":\"Kaplica \u015bw. Rozalii wypi\u0119knia\u0142a\",\"datePublished\":\"2008-12-09T06:06:36+00:00\",\"dateModified\":\"2008-12-09T11:43:41+00:00\",\"mainEntityOfPage\":{\"@id\":\"https:\/\/www.mojabochnia.pl\/?p=3545\"},\"wordCount\":119,\"commentCount\":0,\"publisher\":{\"@id\":\"https:\/\/www.mojabochnia.pl\/#organization\"},\"keywords\":[\"cmentarz \u015bw. Rozalii\",\"kaplica\",\"ks. jan nowakowski\",\"os. niepodleg\u0142o\u015bci\",\"parafia \u015bw. paw\u0142a aposto\u0142a\",\"proboszcz\",\"remont\",\"\u015bw. rozalia\",\"\u015bwi\u0105tynia\",\"ul. krakowska\"],\"articleSection\":[\"\u017bycie religijne\"],\"inLanguage\":\"pl-PL\",\"potentialAction\":[{\"@type\":\"CommentAction\",\"name\":\"Comment\",\"target\":[\"https:\/\/www.mojabochnia.pl\/?p=3545#respond\"]}]},{\"@type\":\"WebPage\",\"@id\":\"https:\/\/www.mojabochnia.pl\/?p=3545\",\"url\":\"https:\/\/www.mojabochnia.pl\/?p=3545\",\"name\":\"Kaplica \u015bw. Rozalii wypi\u0119knia\u0142a - mojabochnia.pl - portal informacyjny\",\"isPartOf\":{\"@id\":\"https:\/\/www.mojabochnia.pl\/#website\"},\"datePublished\":\"2008-12-09T06:06:36+00:00\",\"dateModified\":\"2008-12-09T11:43:41+00:00\",\"breadcrumb\":{\"@id\":\"https:\/\/www.mojabochnia.pl\/?p=3545#breadcrumb\"},\"inLanguage\":\"pl-PL\",\"potentialAction\":[{\"@type\":\"ReadAction\",\"target\":[\"https:\/\/www.mojabochnia.pl\/?p=3545\"]}]},{\"@type\":\"BreadcrumbList\",\"@id\":\"https:\/\/www.mojabochnia.pl\/?p=3545#breadcrumb\",\"itemListElement\":[{\"@type\":\"ListItem\",\"position\":1,\"name\":\"Home\",\"item\":\"https:\/\/www.mojabochnia.pl\/\"},{\"@type\":\"ListItem\",\"position\":2,\"name\":\"Kaplica \u015bw. Rozalii wypi\u0119knia\u0142a\"}]},{\"@type\":\"WebSite\",\"@id\":\"https:\/\/www.mojabochnia.pl\/#website\",\"url\":\"https:\/\/www.mojabochnia.pl\/\",\"name\":\"mojabochnia.pl - portal informacyjny\",\"description\":\"mojaBochnia to portal informacyjny o Bochni. Codziennie o Bochni piszemy i pokazujemy najwa\u017cniejsze wydarzenia\",\"publisher\":{\"@id\":\"https:\/\/www.mojabochnia.pl\/#organization\"},\"potentialAction\":[{\"@type\":\"SearchAction\",\"target\":{\"@type\":\"EntryPoint\",\"urlTemplate\":\"https:\/\/www.mojabochnia.pl\/?s={search_term_string}\"},\"query-input\":{\"@type\":\"PropertyValueSpecification\",\"valueRequired\":true,\"valueName\":\"search_term_string\"}}],\"inLanguage\":\"pl-PL\"},{\"@type\":\"Organization\",\"@id\":\"https:\/\/www.mojabochnia.pl\/#organization\",\"name\":\"mojabochnia.pl - portal informacyjny\",\"url\":\"https:\/\/www.mojabochnia.pl\/\",\"logo\":{\"@type\":\"ImageObject\",\"inLanguage\":\"pl-PL\",\"@id\":\"https:\/\/www.mojabochnia.pl\/#\/schema\/logo\/image\/\",\"url\":\"https:\/\/www.mojabochnia.pl\/wp-content\/uploads\/2017\/08\/logo-mb-opt.png\",\"contentUrl\":\"https:\/\/www.mojabochnia.pl\/wp-content\/uploads\/2017\/08\/logo-mb-opt.png\",\"width\":250,\"height\":48,\"caption\":\"mojabochnia.pl - portal informacyjny\"},\"image\":{\"@id\":\"https:\/\/www.mojabochnia.pl\/#\/schema\/logo\/image\/\"},\"sameAs\":[\"https:\/\/www.facebook.com\/mojabochnia\"]},{\"@type\":\"Person\",\"@id\":\"https:\/\/www.mojabochnia.pl\/#\/schema\/person\/ea042e4724a77627963f02166828ead4\",\"name\":\"Pawe\u0142 Michalczyk\",\"url\":\"https:\/\/www.mojabochnia.pl\/?author=4\"}]}<\/script>\n<!-- \/ Yoast SEO plugin. -->","yoast_head_json":{"title":"Kaplica \u015bw. Rozalii wypi\u0119knia\u0142a - mojabochnia.pl - portal informacyjny","robots":{"index":"index","follow":"follow","max-snippet":"max-snippet:-1","max-image-preview":"max-image-preview:large","max-video-preview":"max-video-preview:-1"},"canonical":"https:\/\/www.mojabochnia.pl\/?p=3545","og_locale":"pl_PL","og_type":"article","og_title":"Kaplica \u015bw. Rozalii wypi\u0119knia\u0142a - mojabochnia.pl - portal informacyjny","og_description":"Kaplica \u015bw. Rozalii w Bochni zmieni\u0142a si\u0119 nie do poznania. \u015awi\u0105tynia, kt\u00f3ra zazwyczaj by\u0142a zamkni\u0119ta, po remoncie jest otwarta w ci\u0105gu dnia.","og_url":"https:\/\/www.mojabochnia.pl\/?p=3545","og_site_name":"mojabochnia.pl - portal informacyjny","article_publisher":"https:\/\/www.facebook.com\/mojabochnia","article_published_time":"2008-12-09T06:06:36+00:00","article_modified_time":"2008-12-09T11:43:41+00:00","author":"Pawe\u0142 Michalczyk","twitter_card":"summary_large_image","twitter_misc":{"Written by":"Pawe\u0142 Michalczyk","Est. reading time":"1 minuta"},"schema":{"@context":"https:\/\/schema.org","@graph":[{"@type":"Article","@id":"https:\/\/www.mojabochnia.pl\/?p=3545#article","isPartOf":{"@id":"https:\/\/www.mojabochnia.pl\/?p=3545"},"author":{"name":"Pawe\u0142 Michalczyk","@id":"https:\/\/www.mojabochnia.pl\/#\/schema\/person\/ea042e4724a77627963f02166828ead4"},"headline":"Kaplica \u015bw. Rozalii wypi\u0119knia\u0142a","datePublished":"2008-12-09T06:06:36+00:00","dateModified":"2008-12-09T11:43:41+00:00","mainEntityOfPage":{"@id":"https:\/\/www.mojabochnia.pl\/?p=3545"},"wordCount":119,"commentCount":0,"publisher":{"@id":"https:\/\/www.mojabochnia.pl\/#organization"},"keywords":["cmentarz \u015bw. Rozalii","kaplica","ks. jan nowakowski","os. niepodleg\u0142o\u015bci","parafia \u015bw. paw\u0142a aposto\u0142a","proboszcz","remont","\u015bw. rozalia","\u015bwi\u0105tynia","ul. krakowska"],"articleSection":["\u017bycie religijne"],"inLanguage":"pl-PL","potentialAction":[{"@type":"CommentAction","name":"Comment","target":["https:\/\/www.mojabochnia.pl\/?p=3545#respond"]}]},{"@type":"WebPage","@id":"https:\/\/www.mojabochnia.pl\/?p=3545","url":"https:\/\/www.mojabochnia.pl\/?p=3545","name":"Kaplica \u015bw. Rozalii wypi\u0119knia\u0142a - mojabochnia.pl - portal informacyjny","isPartOf":{"@id":"https:\/\/www.mojabochnia.pl\/#website"},"datePublished":"2008-12-09T06:06:36+00:00","dateModified":"2008-12-09T11:43:41+00:00","breadcrumb":{"@id":"https:\/\/www.mojabochnia.pl\/?p=3545#breadcrumb"},"inLanguage":"pl-PL","potentialAction":[{"@type":"ReadAction","target":["https:\/\/www.mojabochnia.pl\/?p=3545"]}]},{"@type":"BreadcrumbList","@id":"https:\/\/www.mojabochnia.pl\/?p=3545#breadcrumb","itemListElement":[{"@type":"ListItem","position":1,"name":"Home","item":"https:\/\/www.mojabochnia.pl\/"},{"@type":"ListItem","position":2,"name":"Kaplica \u015bw. Rozalii wypi\u0119knia\u0142a"}]},{"@type":"WebSite","@id":"https:\/\/www.mojabochnia.pl\/#website","url":"https:\/\/www.mojabochnia.pl\/","name":"mojabochnia.pl - portal informacyjny","description":"mojaBochnia to portal informacyjny o Bochni. Codziennie o Bochni piszemy i pokazujemy najwa\u017cniejsze wydarzenia","publisher":{"@id":"https:\/\/www.mojabochnia.pl\/#organization"},"potentialAction":[{"@type":"SearchAction","target":{"@type":"EntryPoint","urlTemplate":"https:\/\/www.mojabochnia.pl\/?s={search_term_string}"},"query-input":{"@type":"PropertyValueSpecification","valueRequired":true,"valueName":"search_term_string"}}],"inLanguage":"pl-PL"},{"@type":"Organization","@id":"https:\/\/www.mojabochnia.pl\/#organization","name":"mojabochnia.pl - portal informacyjny","url":"https:\/\/www.mojabochnia.pl\/","logo":{"@type":"ImageObject","inLanguage":"pl-PL","@id":"https:\/\/www.mojabochnia.pl\/#\/schema\/logo\/image\/","url":"https:\/\/www.mojabochnia.pl\/wp-content\/uploads\/2017\/08\/logo-mb-opt.png","contentUrl":"https:\/\/www.mojabochnia.pl\/wp-content\/uploads\/2017\/08\/logo-mb-opt.png","width":250,"height":48,"caption":"mojabochnia.pl - portal informacyjny"},"image":{"@id":"https:\/\/www.mojabochnia.pl\/#\/schema\/logo\/image\/"},"sameAs":["https:\/\/www.facebook.com\/mojabochnia"]},{"@type":"Person","@id":"https:\/\/www.mojabochnia.pl\/#\/schema\/person\/ea042e4724a77627963f02166828ead4","name":"Pawe\u0142 Michalczyk","url":"https:\/\/www.mojabochnia.pl\/?author=4"}]}},"_links":{"self":[{"href":"https:\/\/www.mojabochnia.pl\/index.php?rest_route=\/wp\/v2\/posts\/3545","targetHints":{"allow":["GET"]}}],"collection":[{"href":"https:\/\/www.mojabochnia.pl\/index.php?rest_route=\/wp\/v2\/posts"}],"about":[{"href":"https:\/\/www.mojabochnia.pl\/index.php?rest_route=\/wp\/v2\/types\/post"}],"author":[{"embeddable":true,"href":"https:\/\/www.mojabochnia.pl\/index.php?rest_route=\/wp\/v2\/users\/4"}],"replies":[{"embeddable":true,"href":"https:\/\/www.mojabochnia.pl\/index.php?rest_route=%2Fwp%2Fv2%2Fcomments&post=3545"}],"version-history":[{"count":0,"href":"https:\/\/www.mojabochnia.pl\/index.php?rest_route=\/wp\/v2\/posts\/3545\/revisions"}],"wp:attachment":[{"href":"https:\/\/www.mojabochnia.pl\/index.php?rest_route=%2Fwp%2Fv2%2Fmedia&parent=3545"}],"wp:term":[{"taxonomy":"category","embeddable":true,"href":"https:\/\/www.mojabochnia.pl\/index.php?rest_route=%2Fwp%2Fv2%2Fcategories&post=3545"},{"taxonomy":"post_tag","embeddable":true,"href":"https:\/\/www.mojabochnia.pl\/index.php?rest_route=%2Fwp%2Fv2%2Ftags&post=3545"}],"curies":[{"name":"wp","href":"https:\/\/api.w.org\/{rel}","templated":true}]}}