{"id":35305,"date":"2010-09-28T11:56:28","date_gmt":"2010-09-28T09:56:28","guid":{"rendered":"http:\/\/www.mojabochnia.pl\/?p=35305"},"modified":"2010-09-28T15:03:27","modified_gmt":"2010-09-28T13:03:27","slug":"ix-malopolski-gwiazdzisty-rodzinny-zlot-rowerowy-rower-dla-dariusza-marszalka","status":"publish","type":"post","link":"https:\/\/www.mojabochnia.pl\/?p=35305","title":{"rendered":"IX Ma\u0142opolski Gwia\u017adzisty Rodzinny Zlot Rowerowy &#8211; rower dla Dariusza Marsza\u0142ka"},"content":{"rendered":"<p>Na starcie pojawi\u0142y si\u0119 reprezentacje boche\u0144skich szk\u00f3\u0142 podstawowych, Gimnazjum nr 1 w Bochni i uczestnicy indywidualni. Pogoda by\u0142a s\u0142oneczna a meta zosta\u0142a ustawiona na boisku sportowym w Chodenicach wi\u0119c mo\u017cna przypuszcza\u0107 i\u017c dla boche\u0144skiej ekipy pokonanie trasy by\u0142o \u0142atwe i przyjemne.<\/p>\n<p>Na mecie w Chodenicach pojawi\u0142y si\u0119 ekipy Gminy K\u0142aj, Gminy Dobczyce, Gminy Szczurowa, Miasta Krak\u00f3w, TKKF \u201eSok\u00f3\u0142\u201d Brzesko, Niepo\u0142omic i Miasta Bochnia.<\/p>\n<p>Na miejscu mo\u017cna by\u0142o zobaczy\u0107 pokaz ta\u0144ca brzucha, pokaz judo oraz blok konkurencji sportowo &#8211; rekreacyjnych. <\/p>\n<p>R\u00f3wnie\u017c VIP-y mogli sprawdzi\u0107 swoje umiej\u0119tno\u015bci w tr\u00f3jboju. Bochni\u0119 reprezentowali burmistrz Bochni Bogdan Kosturkiewicz i jego zast\u0119pca Bogdan Szyma\u0144ski. <\/p>\n<p>Wyniki boche\u0144skich zawodnik\u00f3w w kategoriach indywidualnych: <\/p>\n<p><strong>Rzut pi\u0142eczka do celu:<\/strong><\/p>\n<p>w kategorii dziewcz\u0105t<br \/>\nI miejsce  &#8211;  Izabela Wszo\u0142ek  <\/p>\n<p><strong>Serso:<\/strong><\/p>\n<p>w kategorii dziewcz\u0105t<br \/>\nI miejsce  &#8211;  Magda Pude\u0142ek<br \/>\nIV miejsce \u2013 Karolina Kuchnik<br \/>\nw kategorii ch\u0142opc\u00f3w<br \/>\nI miejsce  &#8211;  Krystian W\u00f3jcik<br \/>\nIII miejsce \u2013 Dawid Kokoszka<\/p>\n<p><strong>Zbieranie pi\u0142eczek na czas:<\/strong><\/p>\n<p>w kategorii dziewcz\u0105t<br \/>\nIII miejsce  &#8211;  Natalia Ochel<br \/>\nw kategorii ch\u0142opc\u00f3w<br \/>\nIV miejsce  &#8211;  \u0141ukasz Paprota<\/p>\n<p><strong>Rzut ringo na szachownic\u0119:<\/strong><\/p>\n<p>w kategorii dziewcz\u0105t<br \/>\nI miejsce  &#8211;  Izabela Wszo\u0142ek<br \/>\nw kategorii ch\u0142opc\u00f3w<br \/>\nI miejsce  &#8211;  Filip Bednarek<br \/>\nIII miejsce \u2013 Karol Kowalski<\/p>\n<p><strong>Unihock:<\/strong><\/p>\n<p>w kategorii ch\u0142opc\u00f3w<br \/>\nIII miejsce  &#8211;  Krystian Soroczko<br \/>\nStrza\u0142 z bicza:<br \/>\nI miejsce  &#8211;  Piotr Bednarek<\/p>\n<p><strong>Rzutki m\u0119\u017cczyzn:<\/strong><\/p>\n<p>II miejsce  -Piotr Bednarek<\/p>\n<p>W kategorii dru\u017cynowej boche\u0144ska ekipa zdoby\u0142a pierwsze miejsce. Bochnia by\u0142a najlepsza tak\u017ce pod wzgl\u0119dem uczestnik\u00f3w bior\u0105cych udzia\u0142 w zlocie. Z reprezentacji naszego miasta rower wylosowa\u0142 Dariusz Marsza\u0142ek.<\/p>\n\t  \r\n\t\r\n\t    <div class=\"mb-gallery\">\r\n\t    <a href=\"https:\/\/www.mojabochnia.pl\/?attachment_id=35325\" class=\"\"><img loading=\"lazy\" decoding=\"async\" width=\"100\" height=\"56\" src=\"https:\/\/www.mojabochnia.pl\/wp-content\/uploads\/2010\/09\/0928_rajdrowerowy-120x67.jpg\" class=\"attachment-100x100 size-100x100\" alt=\"\" srcset=\"https:\/\/www.mojabochnia.pl\/wp-content\/uploads\/2010\/09\/0928_rajdrowerowy-120x67.jpg 120w, https:\/\/www.mojabochnia.pl\/wp-content\/uploads\/2010\/09\/0928_rajdrowerowy-468x263.jpg 468w, https:\/\/www.mojabochnia.pl\/wp-content\/uploads\/2010\/09\/0928_rajdrowerowy-660x371.jpg 660w, https:\/\/www.mojabochnia.pl\/wp-content\/uploads\/2010\/09\/0928_rajdrowerowy.jpg 661w\" sizes=\"auto, (max-width: 100px) 100vw, 100px\" \/><\/a><a href=\"https:\/\/www.mojabochnia.pl\/?attachment_id=35326\" class=\"\"><img loading=\"lazy\" decoding=\"async\" width=\"100\" height=\"56\" src=\"https:\/\/www.mojabochnia.pl\/wp-content\/uploads\/2010\/09\/0928_rajdrowerowy2-120x67.jpg\" class=\"attachment-100x100 size-100x100\" alt=\"\" srcset=\"https:\/\/www.mojabochnia.pl\/wp-content\/uploads\/2010\/09\/0928_rajdrowerowy2-120x67.jpg 120w, https:\/\/www.mojabochnia.pl\/wp-content\/uploads\/2010\/09\/0928_rajdrowerowy2-468x263.jpg 468w, https:\/\/www.mojabochnia.pl\/wp-content\/uploads\/2010\/09\/0928_rajdrowerowy2-660x371.jpg 660w, https:\/\/www.mojabochnia.pl\/wp-content\/uploads\/2010\/09\/0928_rajdrowerowy2.jpg 732w\" sizes=\"auto, (max-width: 100px) 100vw, 100px\" \/><\/a><a href=\"https:\/\/www.mojabochnia.pl\/?attachment_id=35328\" class=\"\"><img loading=\"lazy\" decoding=\"async\" width=\"100\" height=\"56\" src=\"https:\/\/www.mojabochnia.pl\/wp-content\/uploads\/2010\/09\/0928_rajdrowerowy4-120x67.jpg\" class=\"attachment-100x100 size-100x100\" alt=\"\" srcset=\"https:\/\/www.mojabochnia.pl\/wp-content\/uploads\/2010\/09\/0928_rajdrowerowy4-120x67.jpg 120w, https:\/\/www.mojabochnia.pl\/wp-content\/uploads\/2010\/09\/0928_rajdrowerowy4-468x263.jpg 468w, https:\/\/www.mojabochnia.pl\/wp-content\/uploads\/2010\/09\/0928_rajdrowerowy4-660x371.jpg 660w, https:\/\/www.mojabochnia.pl\/wp-content\/uploads\/2010\/09\/0928_rajdrowerowy4.jpg 736w\" sizes=\"auto, (max-width: 100px) 100vw, 100px\" \/><\/a><a href=\"https:\/\/www.mojabochnia.pl\/?attachment_id=35329\" class=\"\"><img loading=\"lazy\" decoding=\"async\" width=\"100\" height=\"56\" src=\"https:\/\/www.mojabochnia.pl\/wp-content\/uploads\/2010\/09\/0928_rajdrowerowy5-120x67.jpg\" class=\"attachment-100x100 size-100x100\" alt=\"\" srcset=\"https:\/\/www.mojabochnia.pl\/wp-content\/uploads\/2010\/09\/0928_rajdrowerowy5-120x67.jpg 120w, https:\/\/www.mojabochnia.pl\/wp-content\/uploads\/2010\/09\/0928_rajdrowerowy5-468x263.jpg 468w, https:\/\/www.mojabochnia.pl\/wp-content\/uploads\/2010\/09\/0928_rajdrowerowy5-660x371.jpg 660w, https:\/\/www.mojabochnia.pl\/wp-content\/uploads\/2010\/09\/0928_rajdrowerowy5.jpg 736w\" sizes=\"auto, (max-width: 100px) 100vw, 100px\" \/><\/a><a href=\"https:\/\/www.mojabochnia.pl\/?attachment_id=35331\" class=\"\"><img loading=\"lazy\" decoding=\"async\" width=\"100\" height=\"56\" src=\"https:\/\/www.mojabochnia.pl\/wp-content\/uploads\/2010\/09\/0928_rajdrowerowy6-120x67.jpg\" class=\"attachment-100x100 size-100x100\" alt=\"\" srcset=\"https:\/\/www.mojabochnia.pl\/wp-content\/uploads\/2010\/09\/0928_rajdrowerowy6-120x67.jpg 120w, https:\/\/www.mojabochnia.pl\/wp-content\/uploads\/2010\/09\/0928_rajdrowerowy6-468x263.jpg 468w, https:\/\/www.mojabochnia.pl\/wp-content\/uploads\/2010\/09\/0928_rajdrowerowy6-660x371.jpg 660w, https:\/\/www.mojabochnia.pl\/wp-content\/uploads\/2010\/09\/0928_rajdrowerowy6.jpg 732w\" sizes=\"auto, (max-width: 100px) 100vw, 100px\" \/><\/a><a href=\"https:\/\/www.mojabochnia.pl\/?attachment_id=35332\" class=\"\"><img loading=\"lazy\" decoding=\"async\" width=\"100\" height=\"56\" src=\"https:\/\/www.mojabochnia.pl\/wp-content\/uploads\/2010\/09\/0928_rajdrowerowy7-120x67.jpg\" class=\"attachment-100x100 size-100x100\" alt=\"\" srcset=\"https:\/\/www.mojabochnia.pl\/wp-content\/uploads\/2010\/09\/0928_rajdrowerowy7-120x67.jpg 120w, https:\/\/www.mojabochnia.pl\/wp-content\/uploads\/2010\/09\/0928_rajdrowerowy7-468x263.jpg 468w, https:\/\/www.mojabochnia.pl\/wp-content\/uploads\/2010\/09\/0928_rajdrowerowy7-660x371.jpg 660w, https:\/\/www.mojabochnia.pl\/wp-content\/uploads\/2010\/09\/0928_rajdrowerowy7.jpg 731w\" sizes=\"auto, (max-width: 100px) 100vw, 100px\" \/><\/a><a href=\"https:\/\/www.mojabochnia.pl\/?attachment_id=35333\" class=\"\"><img loading=\"lazy\" decoding=\"async\" width=\"100\" height=\"56\" src=\"https:\/\/www.mojabochnia.pl\/wp-content\/uploads\/2010\/09\/0928_rajdrowerowy8-120x67.jpg\" class=\"attachment-100x100 size-100x100\" alt=\"\" srcset=\"https:\/\/www.mojabochnia.pl\/wp-content\/uploads\/2010\/09\/0928_rajdrowerowy8-120x67.jpg 120w, https:\/\/www.mojabochnia.pl\/wp-content\/uploads\/2010\/09\/0928_rajdrowerowy8-468x263.jpg 468w, https:\/\/www.mojabochnia.pl\/wp-content\/uploads\/2010\/09\/0928_rajdrowerowy8-660x371.jpg 660w, https:\/\/www.mojabochnia.pl\/wp-content\/uploads\/2010\/09\/0928_rajdrowerowy8.jpg 729w\" sizes=\"auto, (max-width: 100px) 100vw, 100px\" \/><\/a><a href=\"https:\/\/www.mojabochnia.pl\/?attachment_id=35334\" class=\"\"><img loading=\"lazy\" decoding=\"async\" width=\"100\" height=\"56\" src=\"https:\/\/www.mojabochnia.pl\/wp-content\/uploads\/2010\/09\/0928_rajdrowerowy9-120x67.jpg\" class=\"attachment-100x100 size-100x100\" alt=\"\" srcset=\"https:\/\/www.mojabochnia.pl\/wp-content\/uploads\/2010\/09\/0928_rajdrowerowy9-120x67.jpg 120w, https:\/\/www.mojabochnia.pl\/wp-content\/uploads\/2010\/09\/0928_rajdrowerowy9-468x263.jpg 468w, https:\/\/www.mojabochnia.pl\/wp-content\/uploads\/2010\/09\/0928_rajdrowerowy9-660x371.jpg 660w, https:\/\/www.mojabochnia.pl\/wp-content\/uploads\/2010\/09\/0928_rajdrowerowy9.jpg 735w\" sizes=\"auto, (max-width: 100px) 100vw, 100px\" \/><\/a><a href=\"https:\/\/www.mojabochnia.pl\/?attachment_id=35340\" class=\"\"><img loading=\"lazy\" decoding=\"async\" width=\"100\" height=\"56\" src=\"https:\/\/www.mojabochnia.pl\/wp-content\/uploads\/2010\/09\/0927_zlot7-120x67.jpg\" class=\"attachment-100x100 size-100x100\" alt=\"\" srcset=\"https:\/\/www.mojabochnia.pl\/wp-content\/uploads\/2010\/09\/0927_zlot7-120x67.jpg 120w, https:\/\/www.mojabochnia.pl\/wp-content\/uploads\/2010\/09\/0927_zlot7-468x263.jpg 468w, https:\/\/www.mojabochnia.pl\/wp-content\/uploads\/2010\/09\/0927_zlot7-660x372.jpg 660w, https:\/\/www.mojabochnia.pl\/wp-content\/uploads\/2010\/09\/0927_zlot7.jpg 800w\" sizes=\"auto, (max-width: 100px) 100vw, 100px\" \/><\/a><a href=\"https:\/\/www.mojabochnia.pl\/?attachment_id=35341\" class=\"\"><img loading=\"lazy\" decoding=\"async\" width=\"100\" height=\"56\" src=\"https:\/\/www.mojabochnia.pl\/wp-content\/uploads\/2010\/09\/0927_zlot6-120x67.jpg\" class=\"attachment-100x100 size-100x100\" alt=\"\" srcset=\"https:\/\/www.mojabochnia.pl\/wp-content\/uploads\/2010\/09\/0927_zlot6-120x67.jpg 120w, https:\/\/www.mojabochnia.pl\/wp-content\/uploads\/2010\/09\/0927_zlot6-468x263.jpg 468w, https:\/\/www.mojabochnia.pl\/wp-content\/uploads\/2010\/09\/0927_zlot6-660x371.jpg 660w, https:\/\/www.mojabochnia.pl\/wp-content\/uploads\/2010\/09\/0927_zlot6.jpg 800w\" sizes=\"auto, (max-width: 100px) 100vw, 100px\" \/><\/a><a href=\"https:\/\/www.mojabochnia.pl\/?attachment_id=35342\" class=\"\"><img loading=\"lazy\" decoding=\"async\" width=\"100\" height=\"56\" src=\"https:\/\/www.mojabochnia.pl\/wp-content\/uploads\/2010\/09\/0927_zlot5-120x67.jpg\" class=\"attachment-100x100 size-100x100\" alt=\"\" srcset=\"https:\/\/www.mojabochnia.pl\/wp-content\/uploads\/2010\/09\/0927_zlot5-120x67.jpg 120w, https:\/\/www.mojabochnia.pl\/wp-content\/uploads\/2010\/09\/0927_zlot5-468x263.jpg 468w, https:\/\/www.mojabochnia.pl\/wp-content\/uploads\/2010\/09\/0927_zlot5-660x372.jpg 660w, https:\/\/www.mojabochnia.pl\/wp-content\/uploads\/2010\/09\/0927_zlot5.jpg 800w\" sizes=\"auto, (max-width: 100px) 100vw, 100px\" \/><\/a><a href=\"https:\/\/www.mojabochnia.pl\/?attachment_id=35343\" class=\"\"><img loading=\"lazy\" decoding=\"async\" width=\"100\" height=\"56\" src=\"https:\/\/www.mojabochnia.pl\/wp-content\/uploads\/2010\/09\/0927_zlot4-120x67.jpg\" class=\"attachment-100x100 size-100x100\" alt=\"\" srcset=\"https:\/\/www.mojabochnia.pl\/wp-content\/uploads\/2010\/09\/0927_zlot4-120x67.jpg 120w, https:\/\/www.mojabochnia.pl\/wp-content\/uploads\/2010\/09\/0927_zlot4-468x263.jpg 468w, https:\/\/www.mojabochnia.pl\/wp-content\/uploads\/2010\/09\/0927_zlot4-660x371.jpg 660w, https:\/\/www.mojabochnia.pl\/wp-content\/uploads\/2010\/09\/0927_zlot4.jpg 800w\" sizes=\"auto, (max-width: 100px) 100vw, 100px\" \/><\/a><a href=\"https:\/\/www.mojabochnia.pl\/?attachment_id=35344\" class=\"\"><img loading=\"lazy\" decoding=\"async\" width=\"100\" height=\"56\" src=\"https:\/\/www.mojabochnia.pl\/wp-content\/uploads\/2010\/09\/0927_zlot3-120x67.jpg\" class=\"attachment-100x100 size-100x100\" alt=\"\" srcset=\"https:\/\/www.mojabochnia.pl\/wp-content\/uploads\/2010\/09\/0927_zlot3-120x67.jpg 120w, https:\/\/www.mojabochnia.pl\/wp-content\/uploads\/2010\/09\/0927_zlot3-468x263.jpg 468w, https:\/\/www.mojabochnia.pl\/wp-content\/uploads\/2010\/09\/0927_zlot3-660x371.jpg 660w, https:\/\/www.mojabochnia.pl\/wp-content\/uploads\/2010\/09\/0927_zlot3.jpg 800w\" sizes=\"auto, (max-width: 100px) 100vw, 100px\" \/><\/a><a href=\"https:\/\/www.mojabochnia.pl\/?attachment_id=35345\" class=\"\"><img loading=\"lazy\" decoding=\"async\" width=\"100\" height=\"56\" src=\"https:\/\/www.mojabochnia.pl\/wp-content\/uploads\/2010\/09\/0927_zlot2-120x67.jpg\" class=\"attachment-100x100 size-100x100\" alt=\"\" srcset=\"https:\/\/www.mojabochnia.pl\/wp-content\/uploads\/2010\/09\/0927_zlot2-120x67.jpg 120w, https:\/\/www.mojabochnia.pl\/wp-content\/uploads\/2010\/09\/0927_zlot2-468x263.jpg 468w, https:\/\/www.mojabochnia.pl\/wp-content\/uploads\/2010\/09\/0927_zlot2-660x371.jpg 660w, https:\/\/www.mojabochnia.pl\/wp-content\/uploads\/2010\/09\/0927_zlot2.jpg 800w\" sizes=\"auto, (max-width: 100px) 100vw, 100px\" \/><\/a><a href=\"https:\/\/www.mojabochnia.pl\/?attachment_id=35346\" class=\"\"><img loading=\"lazy\" decoding=\"async\" width=\"100\" height=\"56\" src=\"https:\/\/www.mojabochnia.pl\/wp-content\/uploads\/2010\/09\/0927_zlot-120x67.jpg\" class=\"attachment-100x100 size-100x100\" alt=\"\" srcset=\"https:\/\/www.mojabochnia.pl\/wp-content\/uploads\/2010\/09\/0927_zlot-120x67.jpg 120w, https:\/\/www.mojabochnia.pl\/wp-content\/uploads\/2010\/09\/0927_zlot-468x263.jpg 468w, https:\/\/www.mojabochnia.pl\/wp-content\/uploads\/2010\/09\/0927_zlot-660x371.jpg 660w, https:\/\/www.mojabochnia.pl\/wp-content\/uploads\/2010\/09\/0927_zlot.jpg 800w\" sizes=\"auto, (max-width: 100px) 100vw, 100px\" \/><\/a>\t    <\/div>\r\n\t    ","protected":false},"excerpt":{"rendered":"<p>IX Gwia\u017adzisty Rodzinny Zlot Rowerowy rozpocz\u0105\u0142 si\u0119 w sobotni poranek. O godz. 9:00 pod siedzib\u0105 boche\u0144skiego MOSiR-u pojawili si\u0119 pierwsi rowerzy\u015bci. Meta zlotu ustawiona by\u0142a w Chodenicach. Rower z boche\u0144skiej ekipy wylosowa\u0142 Dariusz Marsza\u0142ek. <\/p>\n","protected":false},"author":1,"featured_media":0,"comment_status":"open","ping_status":"closed","sticky":false,"template":"","format":"standard","meta":{"_acf_changed":false,"footnotes":""},"categories":[5,6247,6246,29,6250],"tags":[17269,17171,17178,7416,17805,337,17107],"class_list":["post-35305","post","type-post","status-publish","format-standard","hentry","category-biezace-wydarzenia","category-fotogaleria","category-medium","category-sport","category-tematyka","tag-bochnia","tag-bogdan-kosturkiewicz","tag-chodenice","tag-ix-malopolski-rodzinny-gwiazdzisty-zlot-rowerowy","tag-mosir-bochnia","tag-rowerzysci","tag-zawody"],"acf":[],"yoast_head":"<!-- This site is optimized with the Yoast SEO plugin v26.9 - https:\/\/yoast.com\/product\/yoast-seo-wordpress\/ -->\n<title>IX Ma\u0142opolski Gwia\u017adzisty Rodzinny Zlot Rowerowy - rower dla Dariusza Marsza\u0142ka - mojabochnia.pl - portal informacyjny<\/title>\n<meta name=\"robots\" content=\"index, follow, max-snippet:-1, max-image-preview:large, max-video-preview:-1\" \/>\n<link rel=\"canonical\" href=\"https:\/\/www.mojabochnia.pl\/?p=35305\" \/>\n<meta property=\"og:locale\" content=\"pl_PL\" \/>\n<meta property=\"og:type\" content=\"article\" \/>\n<meta property=\"og:title\" content=\"IX Ma\u0142opolski Gwia\u017adzisty Rodzinny Zlot Rowerowy - rower dla Dariusza Marsza\u0142ka - mojabochnia.pl - portal informacyjny\" \/>\n<meta property=\"og:description\" content=\"IX Gwia\u017adzisty Rodzinny Zlot Rowerowy rozpocz\u0105\u0142 si\u0119 w sobotni poranek. O godz. 9:00 pod siedzib\u0105 boche\u0144skiego MOSiR-u pojawili si\u0119 pierwsi rowerzy\u015bci. Meta zlotu ustawiona by\u0142a w Chodenicach. Rower z boche\u0144skiej ekipy wylosowa\u0142 Dariusz Marsza\u0142ek.\" \/>\n<meta property=\"og:url\" content=\"https:\/\/www.mojabochnia.pl\/?p=35305\" \/>\n<meta property=\"og:site_name\" content=\"mojabochnia.pl - portal informacyjny\" \/>\n<meta property=\"article:publisher\" content=\"https:\/\/www.facebook.com\/mojabochnia\" \/>\n<meta property=\"article:published_time\" content=\"2010-09-28T09:56:28+00:00\" \/>\n<meta property=\"article:modified_time\" content=\"2010-09-28T13:03:27+00:00\" \/>\n<meta name=\"author\" content=\"administrator\" \/>\n<meta name=\"twitter:card\" content=\"summary_large_image\" \/>\n<meta name=\"twitter:label1\" content=\"Written by\" \/>\n\t<meta name=\"twitter:data1\" content=\"administrator\" \/>\n\t<meta name=\"twitter:label2\" content=\"Est. reading time\" \/>\n\t<meta name=\"twitter:data2\" content=\"1 minuta\" \/>\n<script type=\"application\/ld+json\" class=\"yoast-schema-graph\">{\"@context\":\"https:\/\/schema.org\",\"@graph\":[{\"@type\":\"Article\",\"@id\":\"https:\/\/www.mojabochnia.pl\/?p=35305#article\",\"isPartOf\":{\"@id\":\"https:\/\/www.mojabochnia.pl\/?p=35305\"},\"author\":{\"name\":\"administrator\",\"@id\":\"https:\/\/www.mojabochnia.pl\/#\/schema\/person\/c00e1f64e6fa0e6de6d410f2c340017f\"},\"headline\":\"IX Ma\u0142opolski Gwia\u017adzisty Rodzinny Zlot Rowerowy &#8211; rower dla Dariusza Marsza\u0142ka\",\"datePublished\":\"2010-09-28T09:56:28+00:00\",\"dateModified\":\"2010-09-28T13:03:27+00:00\",\"mainEntityOfPage\":{\"@id\":\"https:\/\/www.mojabochnia.pl\/?p=35305\"},\"wordCount\":300,\"commentCount\":0,\"publisher\":{\"@id\":\"https:\/\/www.mojabochnia.pl\/#organization\"},\"keywords\":[\"bochnia\",\"bogdan kosturkiewicz\",\"chodenice\",\"IX Ma\u0142opolski Rodzinny Gwia\u017adzisty Zlot Rowerowy\",\"MOSiR Bochnia\",\"rowerzy\u015bci\",\"zawody\"],\"articleSection\":[\"2_ostatnie\",\"fotogaleria\",\"Medium\",\"sport\",\"tematyka\"],\"inLanguage\":\"pl-PL\",\"potentialAction\":[{\"@type\":\"CommentAction\",\"name\":\"Comment\",\"target\":[\"https:\/\/www.mojabochnia.pl\/?p=35305#respond\"]}]},{\"@type\":\"WebPage\",\"@id\":\"https:\/\/www.mojabochnia.pl\/?p=35305\",\"url\":\"https:\/\/www.mojabochnia.pl\/?p=35305\",\"name\":\"IX Ma\u0142opolski Gwia\u017adzisty Rodzinny Zlot Rowerowy - rower dla Dariusza Marsza\u0142ka - mojabochnia.pl - portal informacyjny\",\"isPartOf\":{\"@id\":\"https:\/\/www.mojabochnia.pl\/#website\"},\"datePublished\":\"2010-09-28T09:56:28+00:00\",\"dateModified\":\"2010-09-28T13:03:27+00:00\",\"breadcrumb\":{\"@id\":\"https:\/\/www.mojabochnia.pl\/?p=35305#breadcrumb\"},\"inLanguage\":\"pl-PL\",\"potentialAction\":[{\"@type\":\"ReadAction\",\"target\":[\"https:\/\/www.mojabochnia.pl\/?p=35305\"]}]},{\"@type\":\"BreadcrumbList\",\"@id\":\"https:\/\/www.mojabochnia.pl\/?p=35305#breadcrumb\",\"itemListElement\":[{\"@type\":\"ListItem\",\"position\":1,\"name\":\"Home\",\"item\":\"https:\/\/www.mojabochnia.pl\/\"},{\"@type\":\"ListItem\",\"position\":2,\"name\":\"IX Ma\u0142opolski Gwia\u017adzisty Rodzinny Zlot Rowerowy &#8211; rower dla Dariusza Marsza\u0142ka\"}]},{\"@type\":\"WebSite\",\"@id\":\"https:\/\/www.mojabochnia.pl\/#website\",\"url\":\"https:\/\/www.mojabochnia.pl\/\",\"name\":\"mojabochnia.pl - portal informacyjny\",\"description\":\"mojaBochnia to portal informacyjny o Bochni. Codziennie o Bochni piszemy i pokazujemy najwa\u017cniejsze wydarzenia\",\"publisher\":{\"@id\":\"https:\/\/www.mojabochnia.pl\/#organization\"},\"potentialAction\":[{\"@type\":\"SearchAction\",\"target\":{\"@type\":\"EntryPoint\",\"urlTemplate\":\"https:\/\/www.mojabochnia.pl\/?s={search_term_string}\"},\"query-input\":{\"@type\":\"PropertyValueSpecification\",\"valueRequired\":true,\"valueName\":\"search_term_string\"}}],\"inLanguage\":\"pl-PL\"},{\"@type\":\"Organization\",\"@id\":\"https:\/\/www.mojabochnia.pl\/#organization\",\"name\":\"mojabochnia.pl - portal informacyjny\",\"url\":\"https:\/\/www.mojabochnia.pl\/\",\"logo\":{\"@type\":\"ImageObject\",\"inLanguage\":\"pl-PL\",\"@id\":\"https:\/\/www.mojabochnia.pl\/#\/schema\/logo\/image\/\",\"url\":\"https:\/\/www.mojabochnia.pl\/wp-content\/uploads\/2017\/08\/logo-mb-opt.png\",\"contentUrl\":\"https:\/\/www.mojabochnia.pl\/wp-content\/uploads\/2017\/08\/logo-mb-opt.png\",\"width\":250,\"height\":48,\"caption\":\"mojabochnia.pl - portal informacyjny\"},\"image\":{\"@id\":\"https:\/\/www.mojabochnia.pl\/#\/schema\/logo\/image\/\"},\"sameAs\":[\"https:\/\/www.facebook.com\/mojabochnia\"]},{\"@type\":\"Person\",\"@id\":\"https:\/\/www.mojabochnia.pl\/#\/schema\/person\/c00e1f64e6fa0e6de6d410f2c340017f\",\"name\":\"administrator\",\"url\":\"https:\/\/www.mojabochnia.pl\/?author=1\"}]}<\/script>\n<!-- \/ Yoast SEO plugin. -->","yoast_head_json":{"title":"IX Ma\u0142opolski Gwia\u017adzisty Rodzinny Zlot Rowerowy - rower dla Dariusza Marsza\u0142ka - mojabochnia.pl - portal informacyjny","robots":{"index":"index","follow":"follow","max-snippet":"max-snippet:-1","max-image-preview":"max-image-preview:large","max-video-preview":"max-video-preview:-1"},"canonical":"https:\/\/www.mojabochnia.pl\/?p=35305","og_locale":"pl_PL","og_type":"article","og_title":"IX Ma\u0142opolski Gwia\u017adzisty Rodzinny Zlot Rowerowy - rower dla Dariusza Marsza\u0142ka - mojabochnia.pl - portal informacyjny","og_description":"IX Gwia\u017adzisty Rodzinny Zlot Rowerowy rozpocz\u0105\u0142 si\u0119 w sobotni poranek. O godz. 9:00 pod siedzib\u0105 boche\u0144skiego MOSiR-u pojawili si\u0119 pierwsi rowerzy\u015bci. Meta zlotu ustawiona by\u0142a w Chodenicach. Rower z boche\u0144skiej ekipy wylosowa\u0142 Dariusz Marsza\u0142ek.","og_url":"https:\/\/www.mojabochnia.pl\/?p=35305","og_site_name":"mojabochnia.pl - portal informacyjny","article_publisher":"https:\/\/www.facebook.com\/mojabochnia","article_published_time":"2010-09-28T09:56:28+00:00","article_modified_time":"2010-09-28T13:03:27+00:00","author":"administrator","twitter_card":"summary_large_image","twitter_misc":{"Written by":"administrator","Est. reading time":"1 minuta"},"schema":{"@context":"https:\/\/schema.org","@graph":[{"@type":"Article","@id":"https:\/\/www.mojabochnia.pl\/?p=35305#article","isPartOf":{"@id":"https:\/\/www.mojabochnia.pl\/?p=35305"},"author":{"name":"administrator","@id":"https:\/\/www.mojabochnia.pl\/#\/schema\/person\/c00e1f64e6fa0e6de6d410f2c340017f"},"headline":"IX Ma\u0142opolski Gwia\u017adzisty Rodzinny Zlot Rowerowy &#8211; rower dla Dariusza Marsza\u0142ka","datePublished":"2010-09-28T09:56:28+00:00","dateModified":"2010-09-28T13:03:27+00:00","mainEntityOfPage":{"@id":"https:\/\/www.mojabochnia.pl\/?p=35305"},"wordCount":300,"commentCount":0,"publisher":{"@id":"https:\/\/www.mojabochnia.pl\/#organization"},"keywords":["bochnia","bogdan kosturkiewicz","chodenice","IX Ma\u0142opolski Rodzinny Gwia\u017adzisty Zlot Rowerowy","MOSiR Bochnia","rowerzy\u015bci","zawody"],"articleSection":["2_ostatnie","fotogaleria","Medium","sport","tematyka"],"inLanguage":"pl-PL","potentialAction":[{"@type":"CommentAction","name":"Comment","target":["https:\/\/www.mojabochnia.pl\/?p=35305#respond"]}]},{"@type":"WebPage","@id":"https:\/\/www.mojabochnia.pl\/?p=35305","url":"https:\/\/www.mojabochnia.pl\/?p=35305","name":"IX Ma\u0142opolski Gwia\u017adzisty Rodzinny Zlot Rowerowy - rower dla Dariusza Marsza\u0142ka - mojabochnia.pl - portal informacyjny","isPartOf":{"@id":"https:\/\/www.mojabochnia.pl\/#website"},"datePublished":"2010-09-28T09:56:28+00:00","dateModified":"2010-09-28T13:03:27+00:00","breadcrumb":{"@id":"https:\/\/www.mojabochnia.pl\/?p=35305#breadcrumb"},"inLanguage":"pl-PL","potentialAction":[{"@type":"ReadAction","target":["https:\/\/www.mojabochnia.pl\/?p=35305"]}]},{"@type":"BreadcrumbList","@id":"https:\/\/www.mojabochnia.pl\/?p=35305#breadcrumb","itemListElement":[{"@type":"ListItem","position":1,"name":"Home","item":"https:\/\/www.mojabochnia.pl\/"},{"@type":"ListItem","position":2,"name":"IX Ma\u0142opolski Gwia\u017adzisty Rodzinny Zlot Rowerowy &#8211; rower dla Dariusza Marsza\u0142ka"}]},{"@type":"WebSite","@id":"https:\/\/www.mojabochnia.pl\/#website","url":"https:\/\/www.mojabochnia.pl\/","name":"mojabochnia.pl - portal informacyjny","description":"mojaBochnia to portal informacyjny o Bochni. Codziennie o Bochni piszemy i pokazujemy najwa\u017cniejsze wydarzenia","publisher":{"@id":"https:\/\/www.mojabochnia.pl\/#organization"},"potentialAction":[{"@type":"SearchAction","target":{"@type":"EntryPoint","urlTemplate":"https:\/\/www.mojabochnia.pl\/?s={search_term_string}"},"query-input":{"@type":"PropertyValueSpecification","valueRequired":true,"valueName":"search_term_string"}}],"inLanguage":"pl-PL"},{"@type":"Organization","@id":"https:\/\/www.mojabochnia.pl\/#organization","name":"mojabochnia.pl - portal informacyjny","url":"https:\/\/www.mojabochnia.pl\/","logo":{"@type":"ImageObject","inLanguage":"pl-PL","@id":"https:\/\/www.mojabochnia.pl\/#\/schema\/logo\/image\/","url":"https:\/\/www.mojabochnia.pl\/wp-content\/uploads\/2017\/08\/logo-mb-opt.png","contentUrl":"https:\/\/www.mojabochnia.pl\/wp-content\/uploads\/2017\/08\/logo-mb-opt.png","width":250,"height":48,"caption":"mojabochnia.pl - portal informacyjny"},"image":{"@id":"https:\/\/www.mojabochnia.pl\/#\/schema\/logo\/image\/"},"sameAs":["https:\/\/www.facebook.com\/mojabochnia"]},{"@type":"Person","@id":"https:\/\/www.mojabochnia.pl\/#\/schema\/person\/c00e1f64e6fa0e6de6d410f2c340017f","name":"administrator","url":"https:\/\/www.mojabochnia.pl\/?author=1"}]}},"_links":{"self":[{"href":"https:\/\/www.mojabochnia.pl\/index.php?rest_route=\/wp\/v2\/posts\/35305","targetHints":{"allow":["GET"]}}],"collection":[{"href":"https:\/\/www.mojabochnia.pl\/index.php?rest_route=\/wp\/v2\/posts"}],"about":[{"href":"https:\/\/www.mojabochnia.pl\/index.php?rest_route=\/wp\/v2\/types\/post"}],"author":[{"embeddable":true,"href":"https:\/\/www.mojabochnia.pl\/index.php?rest_route=\/wp\/v2\/users\/1"}],"replies":[{"embeddable":true,"href":"https:\/\/www.mojabochnia.pl\/index.php?rest_route=%2Fwp%2Fv2%2Fcomments&post=35305"}],"version-history":[{"count":0,"href":"https:\/\/www.mojabochnia.pl\/index.php?rest_route=\/wp\/v2\/posts\/35305\/revisions"}],"wp:attachment":[{"href":"https:\/\/www.mojabochnia.pl\/index.php?rest_route=%2Fwp%2Fv2%2Fmedia&parent=35305"}],"wp:term":[{"taxonomy":"category","embeddable":true,"href":"https:\/\/www.mojabochnia.pl\/index.php?rest_route=%2Fwp%2Fv2%2Fcategories&post=35305"},{"taxonomy":"post_tag","embeddable":true,"href":"https:\/\/www.mojabochnia.pl\/index.php?rest_route=%2Fwp%2Fv2%2Ftags&post=35305"}],"curies":[{"name":"wp","href":"https:\/\/api.w.org\/{rel}","templated":true}]}}