{"id":35202,"date":"2010-09-24T22:37:24","date_gmt":"2010-09-24T20:37:24","guid":{"rendered":"http:\/\/www.mojabochnia.pl\/?p=35202"},"modified":"2010-09-24T22:37:24","modified_gmt":"2010-09-24T20:37:24","slug":"pilka-nozna-bks-i-szreniawa-zagraja-u-siebie","status":"publish","type":"post","link":"https:\/\/www.mojabochnia.pl\/?p=35202","title":{"rendered":"Pi\u0142ka no\u017cna. BKS i Szreniawa zagraj\u0105 u siebie."},"content":{"rendered":"<p>W jutrzejszym meczu 9 kolejki IV ligi, zajmuj\u0105cy 11 miejsce w tabeli podejmie zesp\u00f3\u0142 LKS Mogilany, kt\u00f3ry w dotychczasowych o\u015bmiu meczach zdoby\u0142 6 punkt\u00f3w i plasuje si\u0119 na 14 pozycji. Bochnianie po remisie w bezbarwnym meczu z Dunajcem Zakliczyn maj\u0105 nadzieje na zdobycie trzech punkt\u00f3w, zw\u0142aszcza \u017ce przeciwnik przegra\u0142 do tej pory wszystkie wyjazdowe spotkania, nie strzelaj\u0105c w nich bramki. Pocz\u0105tek meczu o godz. 16.<\/p>\n<p>Z kolei Szreniawa zmierzy si\u0119 z Popradem Muszyna, kt\u00f3ry podobnie jak Wi\u015bniczanie jest beniaminkiem III ligi. Obie dru\u017cyny znaj\u0105 si\u0119 bardzo dobrze, z mecz\u00f3w w poprzednim sezonie, kiedy mierzy\u0142y swoje si\u0142y w rozgrywkach IV ligi. W pami\u0119ci kibic\u00f3w zapad\u0142o rewan\u017cowe spotkanie w Nowym Wi\u015bniczu, gdzie Szreniawa wygra\u0142a 3-2, mimo \u017ce 6 minut przed ko\u0144cem przegrywa\u0142a 2-1.W dotychczasowych o\u015bmiu meczach Poprad zgromadzi\u0142 14 punkt\u00f3w i zajmuje 7 miejsce w tabeli. Warto zauwa\u017cy\u0107, \u017ce Muszynianie ostatni mecz przegrali w 3 kolejce. Natomiast dru\u017cyna z Wi\u015bnicza jest wiceliderem rozgrywek, z tak\u0105 sam\u0105 ilo\u015bci\u0105 punkt\u00f3w jak lideruj\u0105ca Janina Libi\u0105\u017c. Mimo dobrej postawy obu dru\u017cyn w tegorocznych rozgrywkach, to Szreniawa jest zdecydowanym faworytem meczu, kt\u00f3ry rozpocznie si\u0119 jutro o godz. 16, na stadionie w Nowym Wi\u015bniczu<\/p>\n","protected":false},"excerpt":{"rendered":"<p>Zar\u00f3wno BKS jak i Szreniawa przyst\u0119puj\u0105 do jutrzejszych mecz\u00f3w w roli faworyta. Przeciwnicy s\u0105 im dobrze znani, gdy\u017c mierzyli si\u0119 z nimi w poprzednim sezonie.<\/p>\n","protected":false},"author":29,"featured_media":0,"comment_status":"open","ping_status":"closed","sticky":false,"template":"","format":"standard","meta":{"_acf_changed":false,"footnotes":""},"categories":[6245,29],"tags":[],"class_list":["post-35202","post","type-post","status-publish","format-standard","hentry","category-1_najblizsze","category-sport"],"acf":[],"yoast_head":"<!-- This site is optimized with the Yoast SEO plugin v26.9 - https:\/\/yoast.com\/product\/yoast-seo-wordpress\/ -->\n<title>Pi\u0142ka no\u017cna. BKS i Szreniawa zagraj\u0105 u siebie. - mojabochnia.pl - portal informacyjny<\/title>\n<meta name=\"robots\" content=\"index, follow, max-snippet:-1, max-image-preview:large, max-video-preview:-1\" \/>\n<link rel=\"canonical\" href=\"https:\/\/www.mojabochnia.pl\/?p=35202\" \/>\n<meta property=\"og:locale\" content=\"pl_PL\" \/>\n<meta property=\"og:type\" content=\"article\" \/>\n<meta property=\"og:title\" content=\"Pi\u0142ka no\u017cna. BKS i Szreniawa zagraj\u0105 u siebie. - mojabochnia.pl - portal informacyjny\" \/>\n<meta property=\"og:description\" content=\"Zar\u00f3wno BKS jak i Szreniawa przyst\u0119puj\u0105 do jutrzejszych mecz\u00f3w w roli faworyta. Przeciwnicy s\u0105 im dobrze znani, gdy\u017c mierzyli si\u0119 z nimi w poprzednim sezonie.\" \/>\n<meta property=\"og:url\" content=\"https:\/\/www.mojabochnia.pl\/?p=35202\" \/>\n<meta property=\"og:site_name\" content=\"mojabochnia.pl - portal informacyjny\" \/>\n<meta property=\"article:publisher\" content=\"https:\/\/www.facebook.com\/mojabochnia\" \/>\n<meta property=\"article:published_time\" content=\"2010-09-24T20:37:24+00:00\" \/>\n<meta name=\"author\" content=\"Marcin Kalinowski\" \/>\n<meta name=\"twitter:card\" content=\"summary_large_image\" \/>\n<meta name=\"twitter:label1\" content=\"Written by\" \/>\n\t<meta name=\"twitter:data1\" content=\"Marcin Kalinowski\" \/>\n\t<meta name=\"twitter:label2\" content=\"Est. reading time\" \/>\n\t<meta name=\"twitter:data2\" content=\"1 minuta\" \/>\n<script type=\"application\/ld+json\" class=\"yoast-schema-graph\">{\"@context\":\"https:\/\/schema.org\",\"@graph\":[{\"@type\":\"Article\",\"@id\":\"https:\/\/www.mojabochnia.pl\/?p=35202#article\",\"isPartOf\":{\"@id\":\"https:\/\/www.mojabochnia.pl\/?p=35202\"},\"author\":{\"name\":\"Marcin Kalinowski\",\"@id\":\"https:\/\/www.mojabochnia.pl\/#\/schema\/person\/d4c758656c81ae00e6496831fe7b0792\"},\"headline\":\"Pi\u0142ka no\u017cna. BKS i Szreniawa zagraj\u0105 u siebie.\",\"datePublished\":\"2010-09-24T20:37:24+00:00\",\"mainEntityOfPage\":{\"@id\":\"https:\/\/www.mojabochnia.pl\/?p=35202\"},\"wordCount\":220,\"commentCount\":0,\"publisher\":{\"@id\":\"https:\/\/www.mojabochnia.pl\/#organization\"},\"articleSection\":[\"1_najbli\u017csze\",\"sport\"],\"inLanguage\":\"pl-PL\",\"potentialAction\":[{\"@type\":\"CommentAction\",\"name\":\"Comment\",\"target\":[\"https:\/\/www.mojabochnia.pl\/?p=35202#respond\"]}]},{\"@type\":\"WebPage\",\"@id\":\"https:\/\/www.mojabochnia.pl\/?p=35202\",\"url\":\"https:\/\/www.mojabochnia.pl\/?p=35202\",\"name\":\"Pi\u0142ka no\u017cna. BKS i Szreniawa zagraj\u0105 u siebie. - mojabochnia.pl - portal informacyjny\",\"isPartOf\":{\"@id\":\"https:\/\/www.mojabochnia.pl\/#website\"},\"datePublished\":\"2010-09-24T20:37:24+00:00\",\"breadcrumb\":{\"@id\":\"https:\/\/www.mojabochnia.pl\/?p=35202#breadcrumb\"},\"inLanguage\":\"pl-PL\",\"potentialAction\":[{\"@type\":\"ReadAction\",\"target\":[\"https:\/\/www.mojabochnia.pl\/?p=35202\"]}]},{\"@type\":\"BreadcrumbList\",\"@id\":\"https:\/\/www.mojabochnia.pl\/?p=35202#breadcrumb\",\"itemListElement\":[{\"@type\":\"ListItem\",\"position\":1,\"name\":\"Home\",\"item\":\"https:\/\/www.mojabochnia.pl\/\"},{\"@type\":\"ListItem\",\"position\":2,\"name\":\"Pi\u0142ka no\u017cna. BKS i Szreniawa zagraj\u0105 u siebie.\"}]},{\"@type\":\"WebSite\",\"@id\":\"https:\/\/www.mojabochnia.pl\/#website\",\"url\":\"https:\/\/www.mojabochnia.pl\/\",\"name\":\"mojabochnia.pl - portal informacyjny\",\"description\":\"mojaBochnia to portal informacyjny o Bochni. Codziennie o Bochni piszemy i pokazujemy najwa\u017cniejsze wydarzenia\",\"publisher\":{\"@id\":\"https:\/\/www.mojabochnia.pl\/#organization\"},\"potentialAction\":[{\"@type\":\"SearchAction\",\"target\":{\"@type\":\"EntryPoint\",\"urlTemplate\":\"https:\/\/www.mojabochnia.pl\/?s={search_term_string}\"},\"query-input\":{\"@type\":\"PropertyValueSpecification\",\"valueRequired\":true,\"valueName\":\"search_term_string\"}}],\"inLanguage\":\"pl-PL\"},{\"@type\":\"Organization\",\"@id\":\"https:\/\/www.mojabochnia.pl\/#organization\",\"name\":\"mojabochnia.pl - portal informacyjny\",\"url\":\"https:\/\/www.mojabochnia.pl\/\",\"logo\":{\"@type\":\"ImageObject\",\"inLanguage\":\"pl-PL\",\"@id\":\"https:\/\/www.mojabochnia.pl\/#\/schema\/logo\/image\/\",\"url\":\"https:\/\/www.mojabochnia.pl\/wp-content\/uploads\/2017\/08\/logo-mb-opt.png\",\"contentUrl\":\"https:\/\/www.mojabochnia.pl\/wp-content\/uploads\/2017\/08\/logo-mb-opt.png\",\"width\":250,\"height\":48,\"caption\":\"mojabochnia.pl - portal informacyjny\"},\"image\":{\"@id\":\"https:\/\/www.mojabochnia.pl\/#\/schema\/logo\/image\/\"},\"sameAs\":[\"https:\/\/www.facebook.com\/mojabochnia\"]},{\"@type\":\"Person\",\"@id\":\"https:\/\/www.mojabochnia.pl\/#\/schema\/person\/d4c758656c81ae00e6496831fe7b0792\",\"name\":\"Marcin Kalinowski\",\"url\":\"https:\/\/www.mojabochnia.pl\/?author=29\"}]}<\/script>\n<!-- \/ Yoast SEO plugin. -->","yoast_head_json":{"title":"Pi\u0142ka no\u017cna. BKS i Szreniawa zagraj\u0105 u siebie. - mojabochnia.pl - portal informacyjny","robots":{"index":"index","follow":"follow","max-snippet":"max-snippet:-1","max-image-preview":"max-image-preview:large","max-video-preview":"max-video-preview:-1"},"canonical":"https:\/\/www.mojabochnia.pl\/?p=35202","og_locale":"pl_PL","og_type":"article","og_title":"Pi\u0142ka no\u017cna. BKS i Szreniawa zagraj\u0105 u siebie. - mojabochnia.pl - portal informacyjny","og_description":"Zar\u00f3wno BKS jak i Szreniawa przyst\u0119puj\u0105 do jutrzejszych mecz\u00f3w w roli faworyta. Przeciwnicy s\u0105 im dobrze znani, gdy\u017c mierzyli si\u0119 z nimi w poprzednim sezonie.","og_url":"https:\/\/www.mojabochnia.pl\/?p=35202","og_site_name":"mojabochnia.pl - portal informacyjny","article_publisher":"https:\/\/www.facebook.com\/mojabochnia","article_published_time":"2010-09-24T20:37:24+00:00","author":"Marcin Kalinowski","twitter_card":"summary_large_image","twitter_misc":{"Written by":"Marcin Kalinowski","Est. reading time":"1 minuta"},"schema":{"@context":"https:\/\/schema.org","@graph":[{"@type":"Article","@id":"https:\/\/www.mojabochnia.pl\/?p=35202#article","isPartOf":{"@id":"https:\/\/www.mojabochnia.pl\/?p=35202"},"author":{"name":"Marcin Kalinowski","@id":"https:\/\/www.mojabochnia.pl\/#\/schema\/person\/d4c758656c81ae00e6496831fe7b0792"},"headline":"Pi\u0142ka no\u017cna. BKS i Szreniawa zagraj\u0105 u siebie.","datePublished":"2010-09-24T20:37:24+00:00","mainEntityOfPage":{"@id":"https:\/\/www.mojabochnia.pl\/?p=35202"},"wordCount":220,"commentCount":0,"publisher":{"@id":"https:\/\/www.mojabochnia.pl\/#organization"},"articleSection":["1_najbli\u017csze","sport"],"inLanguage":"pl-PL","potentialAction":[{"@type":"CommentAction","name":"Comment","target":["https:\/\/www.mojabochnia.pl\/?p=35202#respond"]}]},{"@type":"WebPage","@id":"https:\/\/www.mojabochnia.pl\/?p=35202","url":"https:\/\/www.mojabochnia.pl\/?p=35202","name":"Pi\u0142ka no\u017cna. BKS i Szreniawa zagraj\u0105 u siebie. - mojabochnia.pl - portal informacyjny","isPartOf":{"@id":"https:\/\/www.mojabochnia.pl\/#website"},"datePublished":"2010-09-24T20:37:24+00:00","breadcrumb":{"@id":"https:\/\/www.mojabochnia.pl\/?p=35202#breadcrumb"},"inLanguage":"pl-PL","potentialAction":[{"@type":"ReadAction","target":["https:\/\/www.mojabochnia.pl\/?p=35202"]}]},{"@type":"BreadcrumbList","@id":"https:\/\/www.mojabochnia.pl\/?p=35202#breadcrumb","itemListElement":[{"@type":"ListItem","position":1,"name":"Home","item":"https:\/\/www.mojabochnia.pl\/"},{"@type":"ListItem","position":2,"name":"Pi\u0142ka no\u017cna. BKS i Szreniawa zagraj\u0105 u siebie."}]},{"@type":"WebSite","@id":"https:\/\/www.mojabochnia.pl\/#website","url":"https:\/\/www.mojabochnia.pl\/","name":"mojabochnia.pl - portal informacyjny","description":"mojaBochnia to portal informacyjny o Bochni. Codziennie o Bochni piszemy i pokazujemy najwa\u017cniejsze wydarzenia","publisher":{"@id":"https:\/\/www.mojabochnia.pl\/#organization"},"potentialAction":[{"@type":"SearchAction","target":{"@type":"EntryPoint","urlTemplate":"https:\/\/www.mojabochnia.pl\/?s={search_term_string}"},"query-input":{"@type":"PropertyValueSpecification","valueRequired":true,"valueName":"search_term_string"}}],"inLanguage":"pl-PL"},{"@type":"Organization","@id":"https:\/\/www.mojabochnia.pl\/#organization","name":"mojabochnia.pl - portal informacyjny","url":"https:\/\/www.mojabochnia.pl\/","logo":{"@type":"ImageObject","inLanguage":"pl-PL","@id":"https:\/\/www.mojabochnia.pl\/#\/schema\/logo\/image\/","url":"https:\/\/www.mojabochnia.pl\/wp-content\/uploads\/2017\/08\/logo-mb-opt.png","contentUrl":"https:\/\/www.mojabochnia.pl\/wp-content\/uploads\/2017\/08\/logo-mb-opt.png","width":250,"height":48,"caption":"mojabochnia.pl - portal informacyjny"},"image":{"@id":"https:\/\/www.mojabochnia.pl\/#\/schema\/logo\/image\/"},"sameAs":["https:\/\/www.facebook.com\/mojabochnia"]},{"@type":"Person","@id":"https:\/\/www.mojabochnia.pl\/#\/schema\/person\/d4c758656c81ae00e6496831fe7b0792","name":"Marcin Kalinowski","url":"https:\/\/www.mojabochnia.pl\/?author=29"}]}},"_links":{"self":[{"href":"https:\/\/www.mojabochnia.pl\/index.php?rest_route=\/wp\/v2\/posts\/35202","targetHints":{"allow":["GET"]}}],"collection":[{"href":"https:\/\/www.mojabochnia.pl\/index.php?rest_route=\/wp\/v2\/posts"}],"about":[{"href":"https:\/\/www.mojabochnia.pl\/index.php?rest_route=\/wp\/v2\/types\/post"}],"author":[{"embeddable":true,"href":"https:\/\/www.mojabochnia.pl\/index.php?rest_route=\/wp\/v2\/users\/29"}],"replies":[{"embeddable":true,"href":"https:\/\/www.mojabochnia.pl\/index.php?rest_route=%2Fwp%2Fv2%2Fcomments&post=35202"}],"version-history":[{"count":0,"href":"https:\/\/www.mojabochnia.pl\/index.php?rest_route=\/wp\/v2\/posts\/35202\/revisions"}],"wp:attachment":[{"href":"https:\/\/www.mojabochnia.pl\/index.php?rest_route=%2Fwp%2Fv2%2Fmedia&parent=35202"}],"wp:term":[{"taxonomy":"category","embeddable":true,"href":"https:\/\/www.mojabochnia.pl\/index.php?rest_route=%2Fwp%2Fv2%2Fcategories&post=35202"},{"taxonomy":"post_tag","embeddable":true,"href":"https:\/\/www.mojabochnia.pl\/index.php?rest_route=%2Fwp%2Fv2%2Ftags&post=35202"}],"curies":[{"name":"wp","href":"https:\/\/api.w.org\/{rel}","templated":true}]}}