{"id":3520,"date":"2008-12-08T14:46:25","date_gmt":"2008-12-08T13:46:25","guid":{"rendered":"http:\/\/www.mojabochnia.pl\/?p=3520"},"modified":"2008-12-11T12:36:40","modified_gmt":"2008-12-11T11:36:40","slug":"lwow-zbigniewa-herberta","status":"publish","type":"post","link":"https:\/\/www.mojabochnia.pl\/?p=3520","title":{"rendered":"Wsp\u00f3lne \u015bpiewanie w Domu Bochniak\u00f3w"},"content":{"rendered":"<p>Na spotkanie, na kt\u00f3re z\u0142o\u017c\u0105 si\u0119 wiersze Zbigniewa Herberta o Lwowie i \u015bpiewane wsp\u00f3lnie piosenki lwowskie zapraszaj\u0105 Stowarzyszenie Bochniak\u00f3w i Mi\u0142o\u015bnik\u00f3w Ziemi Boche\u0144skiej oraz I Liceum Og\u00f3lnokszta\u0142c\u0105ce im. Kr\u00f3la Kazimierza Wielkiego w Bochni. <\/p>\n<p>Przy pianinie zasi\u0105dzie Stanis\u0142aw Doma\u0144ski, wprowadzenie na temat lwowskich korzeni rodziny Herbert\u00f3w wyg\u0142osi Maciej Tabor, polonista z I LO, za\u015b w \u015bpiewie pomog\u0105 uczniowie liceum.<\/p>\n<p>Refleksyjny, wzruszaj\u0105cy, ale te\u017c pe\u0142en specyficznego lwowskiego humoru program (przyj\u0119ty entuzjastycznie podczas niedawnego Dnia Zbigniewa Herberta w I LO) b\u0119dzie ilustrowany fotografiami Lwowa. <\/p>\n<p>Spotkanie zaplanowano na godz. 17.00. Wst\u0119p wolny<\/p>\n","protected":false},"excerpt":{"rendered":"<p>W najbli\u017csz\u0105 \u015brod\u0119 (10 grudnia) w Domu Bochniak\u00f3w zostanie zaprezentowany program poetycko-muzyczny \u201eMoje miasto\u201d oraz wyk\u0142ad na temat lwowskich korzeni Zbigniewa Herberta. <\/p>\n","protected":false},"author":1,"featured_media":0,"comment_status":"open","ping_status":"closed","sticky":false,"template":"","format":"standard","meta":{"_acf_changed":false,"footnotes":""},"categories":[92],"tags":[376,17144,1885,1861,17391,17513,17346,1900,1813],"class_list":["post-3520","post","type-post","status-publish","format-standard","hentry","category-kultura","tag-dom-bochniakow","tag-i-liceum-ogolnoksztalcace","tag-lwow","tag-maciej-tabor","tag-mlodziez","tag-spiew","tag-spotkanie","tag-stanislaw-domanski","tag-zbigniew-herbert"],"acf":[],"yoast_head":"<!-- This site is optimized with the Yoast SEO plugin v26.9 - https:\/\/yoast.com\/product\/yoast-seo-wordpress\/ -->\n<title>Wsp\u00f3lne \u015bpiewanie w Domu Bochniak\u00f3w - mojabochnia.pl - portal informacyjny<\/title>\n<meta name=\"robots\" content=\"index, follow, max-snippet:-1, max-image-preview:large, max-video-preview:-1\" \/>\n<link rel=\"canonical\" href=\"https:\/\/www.mojabochnia.pl\/?p=3520\" \/>\n<meta property=\"og:locale\" content=\"pl_PL\" \/>\n<meta property=\"og:type\" content=\"article\" \/>\n<meta property=\"og:title\" content=\"Wsp\u00f3lne \u015bpiewanie w Domu Bochniak\u00f3w - mojabochnia.pl - portal informacyjny\" \/>\n<meta property=\"og:description\" content=\"W najbli\u017csz\u0105 \u015brod\u0119 (10 grudnia) w Domu Bochniak\u00f3w zostanie zaprezentowany program poetycko-muzyczny \u201eMoje miasto\u201d oraz wyk\u0142ad na temat lwowskich korzeni Zbigniewa Herberta.\" \/>\n<meta property=\"og:url\" content=\"https:\/\/www.mojabochnia.pl\/?p=3520\" \/>\n<meta property=\"og:site_name\" content=\"mojabochnia.pl - portal informacyjny\" \/>\n<meta property=\"article:publisher\" content=\"https:\/\/www.facebook.com\/mojabochnia\" \/>\n<meta property=\"article:published_time\" content=\"2008-12-08T13:46:25+00:00\" \/>\n<meta property=\"article:modified_time\" content=\"2008-12-11T11:36:40+00:00\" \/>\n<meta name=\"author\" content=\"administrator\" \/>\n<meta name=\"twitter:card\" content=\"summary_large_image\" \/>\n<meta name=\"twitter:label1\" content=\"Written by\" \/>\n\t<meta name=\"twitter:data1\" content=\"administrator\" \/>\n\t<meta name=\"twitter:label2\" content=\"Est. reading time\" \/>\n\t<meta name=\"twitter:data2\" content=\"1 minuta\" \/>\n<script type=\"application\/ld+json\" class=\"yoast-schema-graph\">{\"@context\":\"https:\/\/schema.org\",\"@graph\":[{\"@type\":\"Article\",\"@id\":\"https:\/\/www.mojabochnia.pl\/?p=3520#article\",\"isPartOf\":{\"@id\":\"https:\/\/www.mojabochnia.pl\/?p=3520\"},\"author\":{\"name\":\"administrator\",\"@id\":\"https:\/\/www.mojabochnia.pl\/#\/schema\/person\/c00e1f64e6fa0e6de6d410f2c340017f\"},\"headline\":\"Wsp\u00f3lne \u015bpiewanie w Domu Bochniak\u00f3w\",\"datePublished\":\"2008-12-08T13:46:25+00:00\",\"dateModified\":\"2008-12-11T11:36:40+00:00\",\"mainEntityOfPage\":{\"@id\":\"https:\/\/www.mojabochnia.pl\/?p=3520\"},\"wordCount\":116,\"commentCount\":0,\"publisher\":{\"@id\":\"https:\/\/www.mojabochnia.pl\/#organization\"},\"keywords\":[\"dom bochniak\u00f3w\",\"I liceum og\u00f3lnokszta\u0142c\u0105ce\",\"lw\u00f3w\",\"maciej tabor\",\"m\u0142odzie\u017c\",\"\u015bpiew\",\"spotkanie\",\"stanis\u0142aw doma\u0144ski\",\"zbigniew herbert\"],\"articleSection\":[\"kultura\"],\"inLanguage\":\"pl-PL\",\"potentialAction\":[{\"@type\":\"CommentAction\",\"name\":\"Comment\",\"target\":[\"https:\/\/www.mojabochnia.pl\/?p=3520#respond\"]}]},{\"@type\":\"WebPage\",\"@id\":\"https:\/\/www.mojabochnia.pl\/?p=3520\",\"url\":\"https:\/\/www.mojabochnia.pl\/?p=3520\",\"name\":\"Wsp\u00f3lne \u015bpiewanie w Domu Bochniak\u00f3w - mojabochnia.pl - portal informacyjny\",\"isPartOf\":{\"@id\":\"https:\/\/www.mojabochnia.pl\/#website\"},\"datePublished\":\"2008-12-08T13:46:25+00:00\",\"dateModified\":\"2008-12-11T11:36:40+00:00\",\"breadcrumb\":{\"@id\":\"https:\/\/www.mojabochnia.pl\/?p=3520#breadcrumb\"},\"inLanguage\":\"pl-PL\",\"potentialAction\":[{\"@type\":\"ReadAction\",\"target\":[\"https:\/\/www.mojabochnia.pl\/?p=3520\"]}]},{\"@type\":\"BreadcrumbList\",\"@id\":\"https:\/\/www.mojabochnia.pl\/?p=3520#breadcrumb\",\"itemListElement\":[{\"@type\":\"ListItem\",\"position\":1,\"name\":\"Home\",\"item\":\"https:\/\/www.mojabochnia.pl\/\"},{\"@type\":\"ListItem\",\"position\":2,\"name\":\"Wsp\u00f3lne \u015bpiewanie w Domu Bochniak\u00f3w\"}]},{\"@type\":\"WebSite\",\"@id\":\"https:\/\/www.mojabochnia.pl\/#website\",\"url\":\"https:\/\/www.mojabochnia.pl\/\",\"name\":\"mojabochnia.pl - portal informacyjny\",\"description\":\"mojaBochnia to portal informacyjny o Bochni. Codziennie o Bochni piszemy i pokazujemy najwa\u017cniejsze wydarzenia\",\"publisher\":{\"@id\":\"https:\/\/www.mojabochnia.pl\/#organization\"},\"potentialAction\":[{\"@type\":\"SearchAction\",\"target\":{\"@type\":\"EntryPoint\",\"urlTemplate\":\"https:\/\/www.mojabochnia.pl\/?s={search_term_string}\"},\"query-input\":{\"@type\":\"PropertyValueSpecification\",\"valueRequired\":true,\"valueName\":\"search_term_string\"}}],\"inLanguage\":\"pl-PL\"},{\"@type\":\"Organization\",\"@id\":\"https:\/\/www.mojabochnia.pl\/#organization\",\"name\":\"mojabochnia.pl - portal informacyjny\",\"url\":\"https:\/\/www.mojabochnia.pl\/\",\"logo\":{\"@type\":\"ImageObject\",\"inLanguage\":\"pl-PL\",\"@id\":\"https:\/\/www.mojabochnia.pl\/#\/schema\/logo\/image\/\",\"url\":\"https:\/\/www.mojabochnia.pl\/wp-content\/uploads\/2017\/08\/logo-mb-opt.png\",\"contentUrl\":\"https:\/\/www.mojabochnia.pl\/wp-content\/uploads\/2017\/08\/logo-mb-opt.png\",\"width\":250,\"height\":48,\"caption\":\"mojabochnia.pl - portal informacyjny\"},\"image\":{\"@id\":\"https:\/\/www.mojabochnia.pl\/#\/schema\/logo\/image\/\"},\"sameAs\":[\"https:\/\/www.facebook.com\/mojabochnia\"]},{\"@type\":\"Person\",\"@id\":\"https:\/\/www.mojabochnia.pl\/#\/schema\/person\/c00e1f64e6fa0e6de6d410f2c340017f\",\"name\":\"administrator\",\"url\":\"https:\/\/www.mojabochnia.pl\/?author=1\"}]}<\/script>\n<!-- \/ Yoast SEO plugin. -->","yoast_head_json":{"title":"Wsp\u00f3lne \u015bpiewanie w Domu Bochniak\u00f3w - mojabochnia.pl - portal informacyjny","robots":{"index":"index","follow":"follow","max-snippet":"max-snippet:-1","max-image-preview":"max-image-preview:large","max-video-preview":"max-video-preview:-1"},"canonical":"https:\/\/www.mojabochnia.pl\/?p=3520","og_locale":"pl_PL","og_type":"article","og_title":"Wsp\u00f3lne \u015bpiewanie w Domu Bochniak\u00f3w - mojabochnia.pl - portal informacyjny","og_description":"W najbli\u017csz\u0105 \u015brod\u0119 (10 grudnia) w Domu Bochniak\u00f3w zostanie zaprezentowany program poetycko-muzyczny \u201eMoje miasto\u201d oraz wyk\u0142ad na temat lwowskich korzeni Zbigniewa Herberta.","og_url":"https:\/\/www.mojabochnia.pl\/?p=3520","og_site_name":"mojabochnia.pl - portal informacyjny","article_publisher":"https:\/\/www.facebook.com\/mojabochnia","article_published_time":"2008-12-08T13:46:25+00:00","article_modified_time":"2008-12-11T11:36:40+00:00","author":"administrator","twitter_card":"summary_large_image","twitter_misc":{"Written by":"administrator","Est. reading time":"1 minuta"},"schema":{"@context":"https:\/\/schema.org","@graph":[{"@type":"Article","@id":"https:\/\/www.mojabochnia.pl\/?p=3520#article","isPartOf":{"@id":"https:\/\/www.mojabochnia.pl\/?p=3520"},"author":{"name":"administrator","@id":"https:\/\/www.mojabochnia.pl\/#\/schema\/person\/c00e1f64e6fa0e6de6d410f2c340017f"},"headline":"Wsp\u00f3lne \u015bpiewanie w Domu Bochniak\u00f3w","datePublished":"2008-12-08T13:46:25+00:00","dateModified":"2008-12-11T11:36:40+00:00","mainEntityOfPage":{"@id":"https:\/\/www.mojabochnia.pl\/?p=3520"},"wordCount":116,"commentCount":0,"publisher":{"@id":"https:\/\/www.mojabochnia.pl\/#organization"},"keywords":["dom bochniak\u00f3w","I liceum og\u00f3lnokszta\u0142c\u0105ce","lw\u00f3w","maciej tabor","m\u0142odzie\u017c","\u015bpiew","spotkanie","stanis\u0142aw doma\u0144ski","zbigniew herbert"],"articleSection":["kultura"],"inLanguage":"pl-PL","potentialAction":[{"@type":"CommentAction","name":"Comment","target":["https:\/\/www.mojabochnia.pl\/?p=3520#respond"]}]},{"@type":"WebPage","@id":"https:\/\/www.mojabochnia.pl\/?p=3520","url":"https:\/\/www.mojabochnia.pl\/?p=3520","name":"Wsp\u00f3lne \u015bpiewanie w Domu Bochniak\u00f3w - mojabochnia.pl - portal informacyjny","isPartOf":{"@id":"https:\/\/www.mojabochnia.pl\/#website"},"datePublished":"2008-12-08T13:46:25+00:00","dateModified":"2008-12-11T11:36:40+00:00","breadcrumb":{"@id":"https:\/\/www.mojabochnia.pl\/?p=3520#breadcrumb"},"inLanguage":"pl-PL","potentialAction":[{"@type":"ReadAction","target":["https:\/\/www.mojabochnia.pl\/?p=3520"]}]},{"@type":"BreadcrumbList","@id":"https:\/\/www.mojabochnia.pl\/?p=3520#breadcrumb","itemListElement":[{"@type":"ListItem","position":1,"name":"Home","item":"https:\/\/www.mojabochnia.pl\/"},{"@type":"ListItem","position":2,"name":"Wsp\u00f3lne \u015bpiewanie w Domu Bochniak\u00f3w"}]},{"@type":"WebSite","@id":"https:\/\/www.mojabochnia.pl\/#website","url":"https:\/\/www.mojabochnia.pl\/","name":"mojabochnia.pl - portal informacyjny","description":"mojaBochnia to portal informacyjny o Bochni. Codziennie o Bochni piszemy i pokazujemy najwa\u017cniejsze wydarzenia","publisher":{"@id":"https:\/\/www.mojabochnia.pl\/#organization"},"potentialAction":[{"@type":"SearchAction","target":{"@type":"EntryPoint","urlTemplate":"https:\/\/www.mojabochnia.pl\/?s={search_term_string}"},"query-input":{"@type":"PropertyValueSpecification","valueRequired":true,"valueName":"search_term_string"}}],"inLanguage":"pl-PL"},{"@type":"Organization","@id":"https:\/\/www.mojabochnia.pl\/#organization","name":"mojabochnia.pl - portal informacyjny","url":"https:\/\/www.mojabochnia.pl\/","logo":{"@type":"ImageObject","inLanguage":"pl-PL","@id":"https:\/\/www.mojabochnia.pl\/#\/schema\/logo\/image\/","url":"https:\/\/www.mojabochnia.pl\/wp-content\/uploads\/2017\/08\/logo-mb-opt.png","contentUrl":"https:\/\/www.mojabochnia.pl\/wp-content\/uploads\/2017\/08\/logo-mb-opt.png","width":250,"height":48,"caption":"mojabochnia.pl - portal informacyjny"},"image":{"@id":"https:\/\/www.mojabochnia.pl\/#\/schema\/logo\/image\/"},"sameAs":["https:\/\/www.facebook.com\/mojabochnia"]},{"@type":"Person","@id":"https:\/\/www.mojabochnia.pl\/#\/schema\/person\/c00e1f64e6fa0e6de6d410f2c340017f","name":"administrator","url":"https:\/\/www.mojabochnia.pl\/?author=1"}]}},"_links":{"self":[{"href":"https:\/\/www.mojabochnia.pl\/index.php?rest_route=\/wp\/v2\/posts\/3520","targetHints":{"allow":["GET"]}}],"collection":[{"href":"https:\/\/www.mojabochnia.pl\/index.php?rest_route=\/wp\/v2\/posts"}],"about":[{"href":"https:\/\/www.mojabochnia.pl\/index.php?rest_route=\/wp\/v2\/types\/post"}],"author":[{"embeddable":true,"href":"https:\/\/www.mojabochnia.pl\/index.php?rest_route=\/wp\/v2\/users\/1"}],"replies":[{"embeddable":true,"href":"https:\/\/www.mojabochnia.pl\/index.php?rest_route=%2Fwp%2Fv2%2Fcomments&post=3520"}],"version-history":[{"count":0,"href":"https:\/\/www.mojabochnia.pl\/index.php?rest_route=\/wp\/v2\/posts\/3520\/revisions"}],"wp:attachment":[{"href":"https:\/\/www.mojabochnia.pl\/index.php?rest_route=%2Fwp%2Fv2%2Fmedia&parent=3520"}],"wp:term":[{"taxonomy":"category","embeddable":true,"href":"https:\/\/www.mojabochnia.pl\/index.php?rest_route=%2Fwp%2Fv2%2Fcategories&post=3520"},{"taxonomy":"post_tag","embeddable":true,"href":"https:\/\/www.mojabochnia.pl\/index.php?rest_route=%2Fwp%2Fv2%2Ftags&post=3520"}],"curies":[{"name":"wp","href":"https:\/\/api.w.org\/{rel}","templated":true}]}}