{"id":35075,"date":"2010-09-23T15:34:23","date_gmt":"2010-09-23T13:34:23","guid":{"rendered":"http:\/\/www.mojabochnia.pl\/?p=35075"},"modified":"2010-09-23T16:28:20","modified_gmt":"2010-09-23T14:28:20","slug":"kustosze-sanktuariow-poglebiaja-w-bochni-swoja-duchowosc","status":"publish","type":"post","link":"https:\/\/www.mojabochnia.pl\/?p=35075","title":{"rendered":"Kustosze sanktuari\u00f3w pog\u0142\u0119biaj\u0105 w Bochni swoj\u0105 duchowo\u015b\u0107"},"content":{"rendered":"<p>Sympozja mariologiczne organizowane s\u0105 w Bochni od wielu lat przed tygodniowym odpustem ku czci Matki Bo\u017cej R\u00f3\u017ca\u0144cowej. W tym roku zorganizowano je we wsp\u00f3\u0142pracy z Polskim Towarzystwem Mariologicznym. \u2013 <em>Jest to wymiana my\u015bli i form duszpasterskich, jakie s\u0105 prowadzone w sanktuariach, a nasza diecezja ma tu szczeg\u00f3lne zadanie, bo tych sanktuari\u00f3w jest du\u017co<\/em> \u2013 zwraca uwag\u0119 ks. J\u00f3zef Wa\u015bniowski, kustosz sanktuarium Matki Bo\u017cej Pocieszenia w Pasierbcu. <\/p>\n<p>\u2013 <em>Jestem przekonany, \u017ce ka\u017cde sanktuarium w dzisiejszych czasach ma do spe\u0142nienia wielk\u0105 rol\u0119. Wiemy, \u017ce oboj\u0119tno\u015b\u0107 p\u0142yn\u0105ca zar\u00f3wno z zachodu, jak i z ca\u0142ego \u015bwiata, w jaki\u015b spos\u00f3b wciska si\u0119 i do naszego narodu. Chce si\u0119 dzisiaj wywr\u00f3ci\u0107 zasady moralne do g\u00f3ry nogami, a jestem przekonany \u017ce sanktuaria sprawi\u0105, \u017ce norma moralna wpojona w naszym narodzie od wiek\u00f3w, zostanie przekazana m\u0142odemu pokoleniu<\/em> \u2013 uwa\u017ca ks. Zdzis\u0142aw Sadko, kustosz sanktuarium Matki Bo\u017cej R\u00f3\u017ca\u0144cowej w Bochni.<\/p>\n<p>Bp Jan Zaj\u0105c, przewodnicz\u0105cy Zespo\u0142u Konferencji Episkopatu Polski ds. sanktuari\u00f3w, zwraca uwag\u0119, \u017ce ka\u017cde spotkanie \u2013 r\u00f3wnie\u017c podczas tego sympozjum \u2013 ma na celu wzajemne ubogacenie. \u2013 <em>Kustosz to nie tylko ten, kto czuwa nad danym \u015bwi\u0119tym miejscem, ale jest to kto\u015b, kto wci\u0105\u017c do\u015bwiadcza czego\u015b nowego, co mo\u017ce wprowadzi\u0107, aby ubogaci\u0107 spotkanie pielgrzym\u00f3w z Bogiem i Matk\u0105 Bo\u017c\u0105<\/em>.<\/p>\n<p>Ks. Zbigniew Szostak, niegdy\u015b wikariusz parafii \u015bw. Miko\u0142aja, kt\u00f3ry r\u00f3wnie\u017c przyby\u0142 do Bochni na sympozjum, jest kustoszem sanktuarium b\u0142. Karoliny w Zabawie. \u2013 <em>B\u0142. Karolina by\u0142a \u017cyw\u0105 czcicielk\u0105 Maryi, to przecie\u017c ona zakocha\u0142a si\u0119 w Matki Bo\u017cej i rozpoznaj\u0105c charyzmat mojej patronki chc\u0119 w tym sympozjum uczestniczy\u0107, poniewa\u017c chc\u0119 tak, jak ona w charyzmacie maryjnym rozwija\u0107 i siebie, ale tak\u017ce i sanktuarium, kt\u00f3remu ona patronuje<\/em> \u2013 m\u00f3wi ks. Zbigniew Szostak. <\/p>\n<p>Sympozjum mariologiczne w Bochni potrwa do pi\u0105tku.<\/p>\n<p><strong>Og\u00f3lnopolskie Sympozjum Mariologiczne<br \/>\nBochnia, 23 i 24 wrze\u015bnia 2010 r.<br \/>\n\u201eOto Matka Twoja.\u201d (J 19, 27) \u2013 Maryja w \u017cyciu kap\u0142ana<\/strong><\/p>\n<p><strong>CZWARTEK, 23 wrze\u015bnia 2010 r.<\/strong><\/p>\n<p>10:00 \u2013 Otwarcie Sympozjum w Oratorium \u015bw. Kingi<br \/>\n\u2022 Ks. pra\u0142at dr Zdzis\u0142aw Sadko, Kustosz Sanktuarium Matki Bo\u017cej R\u00f3\u017ca\u0144cowej w Bochni<br \/>\n\u2022 J. Eksc. Ks. Bp Jan Zaj\u0105c, Biskup Pomocniczy Archidiecezji Krakowskiej, Przewodnicz\u0105cy Zespo\u0142u Konferencji Episkopatu Polski ds. Sanktuari\u00f3w, Kustosz Sanktuarium Mi\u0142osierdzia Bo\u017cego w Krakowie-\u0141agiewnikach<br \/>\n\u2022 O. prof. UKSW dr hab. Grzegorz Bartosik OFMConv, Przewodnicz\u0105cy Polskiego Towa-rzystwa Mariologicznego<\/p>\n<p>SESJA I \u2013 Przewodniczy: ks. prof. UKSW dr hab. Grzegorz Bartosik OFMConv<br \/>\n10:20 \u2013 \u201eOto Matka twoja\u201d. Maryja Matk\u0105 umi\u0142owanych uczni\u00f3w Chrystusa<br \/>\nKs. dr hab. Artur Malina (Uniwersytet \u015al\u0105ski, Katowice)<br \/>\n11:00 \u2013 Przerwa na kaw\u0119<br \/>\n11:30 \u2013 Maryja Matk\u0105 Najwy\u017cszego Kap\u0142ana<br \/>\nKs. prof. dr hab. Bogdan Ferdek (Papieski Wydzia\u0142 Teologiczny, Wroc\u0142aw)<br \/>\n12:10 \u2013 Maryja kap\u0142anem? Tak czy nie?<br \/>\nKs. prof. dr hab. Janusz Kr\u00f3likowski (Instytut Teologiczny Tarn\u00f3w, Uniwersytet \u015bw. Krzy\u017ca, Rzym)<br \/>\n13:00 \u2013 Obiad<\/p>\n<p>SESJA II \u2013 Przewodniczy: ks. dr Janusz Kumala MIC, wiceprzewodnicz\u0105cy PTM<br \/>\n14:00 \u2013 Maryja i kap\u0142an jako g\u0142osiciel S\u0142owa<br \/>\nKs. prof. dr hab. Stanis\u0142aw Har\u0119zga (Katolicki Uniwersytet Lubelski Jana Paw\u0142a II, Lublin)<br \/>\n14:30 \u2013 Maryja i kap\u0142an jako liturg<br \/>\nKs. prof. dr hab. Jacek Nowak SAC (Uniwersytet Kardyna\u0142a Stefana Wyszy\u0144skiego, Warszawa)<br \/>\n15:00 \u2013 Przerwa na kaw\u0119<br \/>\n15:30 \u2013 Maryja i kap\u0142an jako duszpasterz<br \/>\nO. dr Adam Wojtczak OMI (Uniwersytet Adama Mickiewicza, Pozna\u0144)<br \/>\n16:00 \u2013 \u015aw. Maksymilian Maria Kolbe jako kap\u0142an maryjny<br \/>\nO. lic. mgr teol. Stanis\u0142aw Pi\u0119tka OFMConv (Niepokalan\u00f3w)<br \/>\n16:30 \u2013 Dyskusja. Pytania do prelegent\u00f3w i ich odpowiedzi<br \/>\n18:00 \u2013 Msza \u015awi\u0119ta<br \/>\nPrzewodniczy i g\u0142osi homili\u0119: J. Eksc. Ks. Bp dr Wiktor Skworc, Biskup Tarnowski<br \/>\n19:15 \u2013 Kolacja<br \/>\n21:00 \u2013 Apel Maryjny<\/p>\n<p><strong>PI\u0104TEK, 24 wrze\u015bnia 2010 r.<\/strong><br \/>\n7:00 \u2013 Msza \u015awi\u0119ta<br \/>\nPrzewodniczy i g\u0142osi homili\u0119: J. Eksc. Ks. Bp Jan Zaj\u0105c, Biskup Pomocniczy Archidiecezji Krakowskiej<br \/>\n8:00 \u2013 \u015aniadanie<br \/>\n8:30 \u2013 Walne Zebranie Polskiego Towarzystwa Mariologicznego (I termin)<br \/>\n8:45 \u2013 Walne Zebranie Polskiego Towarzystwa Mariologicznego (II termin)<\/p>\n<p>SESJA III \u2013 Przewodniczy: Ks. Bp Jan Zaj\u0105c Biskup Pomocniczy Archidiecezji Krakowskiej i Przewodnicz\u0105cy Zespo\u0142u Konferencji Episkopatu Polski ds. Sanktuari\u00f3w<br \/>\n10:00 \u2013 Spotkanie plenarne Kustosz\u00f3w Sanktuari\u00f3w Polskich i cz\u0142onk\u00f3w Polskiego Towarzystwa Mariologicznego<br \/>\n10:10 \u2013 Kanoniczno-prawny status sanktuarium<br \/>\nKs. prof. dr hab. Maciej Ostrowski (Uniwersytet Papieski Jana Paw\u0142a II, Krak\u00f3w)<br \/>\n11:00 \u2013 Sanktuarium jako miejsce zyskiwania odpust\u00f3w<br \/>\nKs. dr Robert Kantor (Uniwersytet Papieski Jana Paw\u0142a II, Wydzia\u0142 Teologiczny w Tarnowie)<br \/>\n12:00 \u2013 Jak dzisiaj prowadzi\u0107 sanktuarium?<br \/>\nPytania uczestnik\u00f3w do prelegent\u00f3w<br \/>\n13:00 \u2013 Obiad i zako\u0144czenie sympozjum i zjazdu kustosz\u00f3w<\/p>\n\t  \r\n\t\r\n\t    <div class=\"mb-gallery\">\r\n\t    <a href=\"https:\/\/www.mojabochnia.pl\/?attachment_id=35124\" class=\"\"><img loading=\"lazy\" decoding=\"async\" width=\"100\" height=\"56\" src=\"https:\/\/www.mojabochnia.pl\/wp-content\/uploads\/2010\/09\/sympozjum8-120x67.jpg\" class=\"attachment-100x100 size-100x100\" alt=\"\" srcset=\"https:\/\/www.mojabochnia.pl\/wp-content\/uploads\/2010\/09\/sympozjum8-120x67.jpg 120w, https:\/\/www.mojabochnia.pl\/wp-content\/uploads\/2010\/09\/sympozjum8-468x263.jpg 468w, https:\/\/www.mojabochnia.pl\/wp-content\/uploads\/2010\/09\/sympozjum8-660x372.jpg 660w, https:\/\/www.mojabochnia.pl\/wp-content\/uploads\/2010\/09\/sympozjum8.jpg 800w\" sizes=\"auto, (max-width: 100px) 100vw, 100px\" \/><\/a><a href=\"https:\/\/www.mojabochnia.pl\/?attachment_id=35125\" class=\"\"><img loading=\"lazy\" decoding=\"async\" width=\"100\" height=\"56\" src=\"https:\/\/www.mojabochnia.pl\/wp-content\/uploads\/2010\/09\/sympozjum7-120x67.jpg\" class=\"attachment-100x100 size-100x100\" alt=\"\" srcset=\"https:\/\/www.mojabochnia.pl\/wp-content\/uploads\/2010\/09\/sympozjum7-120x67.jpg 120w, https:\/\/www.mojabochnia.pl\/wp-content\/uploads\/2010\/09\/sympozjum7-468x263.jpg 468w, https:\/\/www.mojabochnia.pl\/wp-content\/uploads\/2010\/09\/sympozjum7-660x372.jpg 660w, https:\/\/www.mojabochnia.pl\/wp-content\/uploads\/2010\/09\/sympozjum7.jpg 800w\" sizes=\"auto, (max-width: 100px) 100vw, 100px\" \/><\/a><a href=\"https:\/\/www.mojabochnia.pl\/?attachment_id=35126\" class=\"\"><img loading=\"lazy\" decoding=\"async\" width=\"100\" height=\"56\" src=\"https:\/\/www.mojabochnia.pl\/wp-content\/uploads\/2010\/09\/sympozjum6-120x67.jpg\" class=\"attachment-100x100 size-100x100\" alt=\"\" srcset=\"https:\/\/www.mojabochnia.pl\/wp-content\/uploads\/2010\/09\/sympozjum6-120x67.jpg 120w, https:\/\/www.mojabochnia.pl\/wp-content\/uploads\/2010\/09\/sympozjum6-468x263.jpg 468w, https:\/\/www.mojabochnia.pl\/wp-content\/uploads\/2010\/09\/sympozjum6-660x372.jpg 660w, https:\/\/www.mojabochnia.pl\/wp-content\/uploads\/2010\/09\/sympozjum6.jpg 800w\" sizes=\"auto, (max-width: 100px) 100vw, 100px\" \/><\/a><a href=\"https:\/\/www.mojabochnia.pl\/?attachment_id=35127\" class=\"\"><img loading=\"lazy\" decoding=\"async\" width=\"100\" height=\"56\" src=\"https:\/\/www.mojabochnia.pl\/wp-content\/uploads\/2010\/09\/sympozjum5-120x67.jpg\" class=\"attachment-100x100 size-100x100\" alt=\"\" srcset=\"https:\/\/www.mojabochnia.pl\/wp-content\/uploads\/2010\/09\/sympozjum5-120x67.jpg 120w, https:\/\/www.mojabochnia.pl\/wp-content\/uploads\/2010\/09\/sympozjum5-468x263.jpg 468w, https:\/\/www.mojabochnia.pl\/wp-content\/uploads\/2010\/09\/sympozjum5-660x371.jpg 660w, https:\/\/www.mojabochnia.pl\/wp-content\/uploads\/2010\/09\/sympozjum5.jpg 800w\" sizes=\"auto, (max-width: 100px) 100vw, 100px\" \/><\/a><a href=\"https:\/\/www.mojabochnia.pl\/?attachment_id=35131\" class=\"\"><img loading=\"lazy\" decoding=\"async\" width=\"100\" height=\"56\" src=\"https:\/\/www.mojabochnia.pl\/wp-content\/uploads\/2010\/09\/sympozjum-120x67.jpg\" class=\"attachment-100x100 size-100x100\" alt=\"\" srcset=\"https:\/\/www.mojabochnia.pl\/wp-content\/uploads\/2010\/09\/sympozjum-120x67.jpg 120w, https:\/\/www.mojabochnia.pl\/wp-content\/uploads\/2010\/09\/sympozjum-468x262.jpg 468w, https:\/\/www.mojabochnia.pl\/wp-content\/uploads\/2010\/09\/sympozjum-660x370.jpg 660w, https:\/\/www.mojabochnia.pl\/wp-content\/uploads\/2010\/09\/sympozjum.jpg 800w\" sizes=\"auto, (max-width: 100px) 100vw, 100px\" \/><\/a><a href=\"https:\/\/www.mojabochnia.pl\/?attachment_id=35128\" class=\"\"><img loading=\"lazy\" decoding=\"async\" width=\"100\" height=\"56\" src=\"https:\/\/www.mojabochnia.pl\/wp-content\/uploads\/2010\/09\/sympozjum4-120x67.jpg\" class=\"attachment-100x100 size-100x100\" alt=\"\" srcset=\"https:\/\/www.mojabochnia.pl\/wp-content\/uploads\/2010\/09\/sympozjum4-120x67.jpg 120w, https:\/\/www.mojabochnia.pl\/wp-content\/uploads\/2010\/09\/sympozjum4-468x263.jpg 468w, https:\/\/www.mojabochnia.pl\/wp-content\/uploads\/2010\/09\/sympozjum4-660x371.jpg 660w, https:\/\/www.mojabochnia.pl\/wp-content\/uploads\/2010\/09\/sympozjum4.jpg 800w\" sizes=\"auto, (max-width: 100px) 100vw, 100px\" \/><\/a><a href=\"https:\/\/www.mojabochnia.pl\/?attachment_id=35129\" class=\"\"><img loading=\"lazy\" decoding=\"async\" width=\"100\" height=\"56\" src=\"https:\/\/www.mojabochnia.pl\/wp-content\/uploads\/2010\/09\/sympozjum3-120x67.jpg\" class=\"attachment-100x100 size-100x100\" alt=\"\" srcset=\"https:\/\/www.mojabochnia.pl\/wp-content\/uploads\/2010\/09\/sympozjum3-120x67.jpg 120w, https:\/\/www.mojabochnia.pl\/wp-content\/uploads\/2010\/09\/sympozjum3-468x263.jpg 468w, https:\/\/www.mojabochnia.pl\/wp-content\/uploads\/2010\/09\/sympozjum3-660x371.jpg 660w, https:\/\/www.mojabochnia.pl\/wp-content\/uploads\/2010\/09\/sympozjum3.jpg 800w\" sizes=\"auto, (max-width: 100px) 100vw, 100px\" \/><\/a><a href=\"https:\/\/www.mojabochnia.pl\/?attachment_id=35130\" class=\"\"><img loading=\"lazy\" decoding=\"async\" width=\"100\" height=\"56\" src=\"https:\/\/www.mojabochnia.pl\/wp-content\/uploads\/2010\/09\/sympozjum2-120x67.jpg\" class=\"attachment-100x100 size-100x100\" alt=\"\" srcset=\"https:\/\/www.mojabochnia.pl\/wp-content\/uploads\/2010\/09\/sympozjum2-120x67.jpg 120w, https:\/\/www.mojabochnia.pl\/wp-content\/uploads\/2010\/09\/sympozjum2-468x263.jpg 468w, https:\/\/www.mojabochnia.pl\/wp-content\/uploads\/2010\/09\/sympozjum2-660x371.jpg 660w, https:\/\/www.mojabochnia.pl\/wp-content\/uploads\/2010\/09\/sympozjum2.jpg 800w\" sizes=\"auto, (max-width: 100px) 100vw, 100px\" \/><\/a>\t    <\/div>\r\n\t    ","protected":false},"excerpt":{"rendered":"<p>Kustosze sanktuari\u00f3w z ca\u0142ej Polski przybyli do Bochni na sympozjum mariologiczne. Przez dwa dni rozwa\u017caj\u0105 oni rol\u0119 Maryi w \u017cyciu kap\u0142ana co jest swoistym zwie\u0144czeniem zako\u0144czonego w czerwcu roku kap\u0142a\u0144skiego. <\/p>\n","protected":false},"author":4,"featured_media":0,"comment_status":"open","ping_status":"closed","sticky":false,"template":"","format":"standard","meta":{"_acf_changed":false,"footnotes":""},"categories":[5,11,6250,1342],"tags":[7566,7567,17806,17248,2386,17557,17602],"class_list":["post-35075","post","type-post","status-publish","format-standard","hentry","category-biezace-wydarzenia","category-top-temat","category-tematyka","category-zycie-religijne","tag-bp-jan-zajac","tag-ks-jozef-wasniowski","tag-ks-zbigniew-szostak","tag-ks-zdzislaw-sadko","tag-kustosz","tag-maryja","tag-sympozjum"],"acf":[],"yoast_head":"<!-- This site is optimized with the Yoast SEO plugin v26.9 - https:\/\/yoast.com\/product\/yoast-seo-wordpress\/ -->\n<title>Kustosze sanktuari\u00f3w pog\u0142\u0119biaj\u0105 w Bochni swoj\u0105 duchowo\u015b\u0107 - mojabochnia.pl - portal informacyjny<\/title>\n<meta name=\"robots\" content=\"index, follow, max-snippet:-1, max-image-preview:large, max-video-preview:-1\" \/>\n<link rel=\"canonical\" href=\"https:\/\/www.mojabochnia.pl\/?p=35075\" \/>\n<meta property=\"og:locale\" content=\"pl_PL\" \/>\n<meta property=\"og:type\" content=\"article\" \/>\n<meta property=\"og:title\" content=\"Kustosze sanktuari\u00f3w pog\u0142\u0119biaj\u0105 w Bochni swoj\u0105 duchowo\u015b\u0107 - mojabochnia.pl - portal informacyjny\" \/>\n<meta property=\"og:description\" content=\"Kustosze sanktuari\u00f3w z ca\u0142ej Polski przybyli do Bochni na sympozjum mariologiczne. Przez dwa dni rozwa\u017caj\u0105 oni rol\u0119 Maryi w \u017cyciu kap\u0142ana co jest swoistym zwie\u0144czeniem zako\u0144czonego w czerwcu roku kap\u0142a\u0144skiego.\" \/>\n<meta property=\"og:url\" content=\"https:\/\/www.mojabochnia.pl\/?p=35075\" \/>\n<meta property=\"og:site_name\" content=\"mojabochnia.pl - portal informacyjny\" \/>\n<meta property=\"article:publisher\" content=\"https:\/\/www.facebook.com\/mojabochnia\" \/>\n<meta property=\"article:published_time\" content=\"2010-09-23T13:34:23+00:00\" \/>\n<meta property=\"article:modified_time\" content=\"2010-09-23T14:28:20+00:00\" \/>\n<meta name=\"author\" content=\"Pawe\u0142 Michalczyk\" \/>\n<meta name=\"twitter:card\" content=\"summary_large_image\" \/>\n<meta name=\"twitter:label1\" content=\"Written by\" \/>\n\t<meta name=\"twitter:data1\" content=\"Pawe\u0142 Michalczyk\" \/>\n\t<meta name=\"twitter:label2\" content=\"Est. reading time\" \/>\n\t<meta name=\"twitter:data2\" content=\"4 minuty\" \/>\n<script type=\"application\/ld+json\" class=\"yoast-schema-graph\">{\"@context\":\"https:\/\/schema.org\",\"@graph\":[{\"@type\":\"Article\",\"@id\":\"https:\/\/www.mojabochnia.pl\/?p=35075#article\",\"isPartOf\":{\"@id\":\"https:\/\/www.mojabochnia.pl\/?p=35075\"},\"author\":{\"name\":\"Pawe\u0142 Michalczyk\",\"@id\":\"https:\/\/www.mojabochnia.pl\/#\/schema\/person\/ea042e4724a77627963f02166828ead4\"},\"headline\":\"Kustosze sanktuari\u00f3w pog\u0142\u0119biaj\u0105 w Bochni swoj\u0105 duchowo\u015b\u0107\",\"datePublished\":\"2010-09-23T13:34:23+00:00\",\"dateModified\":\"2010-09-23T14:28:20+00:00\",\"mainEntityOfPage\":{\"@id\":\"https:\/\/www.mojabochnia.pl\/?p=35075\"},\"wordCount\":740,\"commentCount\":0,\"publisher\":{\"@id\":\"https:\/\/www.mojabochnia.pl\/#organization\"},\"keywords\":[\"bp jan zaj\u0105c\",\"ks. j\u00f3zef wa\u015bniowski\",\"ks. zbigniew szostak\",\"ks. zdzis\u0142aw sadko\",\"kustosz\",\"maryja\",\"sympozjum\"],\"articleSection\":[\"2_ostatnie\",\"3_w centrum uwagi\",\"tematyka\",\"\u017bycie religijne\"],\"inLanguage\":\"pl-PL\",\"potentialAction\":[{\"@type\":\"CommentAction\",\"name\":\"Comment\",\"target\":[\"https:\/\/www.mojabochnia.pl\/?p=35075#respond\"]}]},{\"@type\":\"WebPage\",\"@id\":\"https:\/\/www.mojabochnia.pl\/?p=35075\",\"url\":\"https:\/\/www.mojabochnia.pl\/?p=35075\",\"name\":\"Kustosze sanktuari\u00f3w pog\u0142\u0119biaj\u0105 w Bochni swoj\u0105 duchowo\u015b\u0107 - mojabochnia.pl - portal informacyjny\",\"isPartOf\":{\"@id\":\"https:\/\/www.mojabochnia.pl\/#website\"},\"datePublished\":\"2010-09-23T13:34:23+00:00\",\"dateModified\":\"2010-09-23T14:28:20+00:00\",\"breadcrumb\":{\"@id\":\"https:\/\/www.mojabochnia.pl\/?p=35075#breadcrumb\"},\"inLanguage\":\"pl-PL\",\"potentialAction\":[{\"@type\":\"ReadAction\",\"target\":[\"https:\/\/www.mojabochnia.pl\/?p=35075\"]}]},{\"@type\":\"BreadcrumbList\",\"@id\":\"https:\/\/www.mojabochnia.pl\/?p=35075#breadcrumb\",\"itemListElement\":[{\"@type\":\"ListItem\",\"position\":1,\"name\":\"Home\",\"item\":\"https:\/\/www.mojabochnia.pl\/\"},{\"@type\":\"ListItem\",\"position\":2,\"name\":\"Kustosze sanktuari\u00f3w pog\u0142\u0119biaj\u0105 w Bochni swoj\u0105 duchowo\u015b\u0107\"}]},{\"@type\":\"WebSite\",\"@id\":\"https:\/\/www.mojabochnia.pl\/#website\",\"url\":\"https:\/\/www.mojabochnia.pl\/\",\"name\":\"mojabochnia.pl - portal informacyjny\",\"description\":\"mojaBochnia to portal informacyjny o Bochni. Codziennie o Bochni piszemy i pokazujemy najwa\u017cniejsze wydarzenia\",\"publisher\":{\"@id\":\"https:\/\/www.mojabochnia.pl\/#organization\"},\"potentialAction\":[{\"@type\":\"SearchAction\",\"target\":{\"@type\":\"EntryPoint\",\"urlTemplate\":\"https:\/\/www.mojabochnia.pl\/?s={search_term_string}\"},\"query-input\":{\"@type\":\"PropertyValueSpecification\",\"valueRequired\":true,\"valueName\":\"search_term_string\"}}],\"inLanguage\":\"pl-PL\"},{\"@type\":\"Organization\",\"@id\":\"https:\/\/www.mojabochnia.pl\/#organization\",\"name\":\"mojabochnia.pl - portal informacyjny\",\"url\":\"https:\/\/www.mojabochnia.pl\/\",\"logo\":{\"@type\":\"ImageObject\",\"inLanguage\":\"pl-PL\",\"@id\":\"https:\/\/www.mojabochnia.pl\/#\/schema\/logo\/image\/\",\"url\":\"https:\/\/www.mojabochnia.pl\/wp-content\/uploads\/2017\/08\/logo-mb-opt.png\",\"contentUrl\":\"https:\/\/www.mojabochnia.pl\/wp-content\/uploads\/2017\/08\/logo-mb-opt.png\",\"width\":250,\"height\":48,\"caption\":\"mojabochnia.pl - portal informacyjny\"},\"image\":{\"@id\":\"https:\/\/www.mojabochnia.pl\/#\/schema\/logo\/image\/\"},\"sameAs\":[\"https:\/\/www.facebook.com\/mojabochnia\"]},{\"@type\":\"Person\",\"@id\":\"https:\/\/www.mojabochnia.pl\/#\/schema\/person\/ea042e4724a77627963f02166828ead4\",\"name\":\"Pawe\u0142 Michalczyk\",\"url\":\"https:\/\/www.mojabochnia.pl\/?author=4\"}]}<\/script>\n<!-- \/ Yoast SEO plugin. -->","yoast_head_json":{"title":"Kustosze sanktuari\u00f3w pog\u0142\u0119biaj\u0105 w Bochni swoj\u0105 duchowo\u015b\u0107 - mojabochnia.pl - portal informacyjny","robots":{"index":"index","follow":"follow","max-snippet":"max-snippet:-1","max-image-preview":"max-image-preview:large","max-video-preview":"max-video-preview:-1"},"canonical":"https:\/\/www.mojabochnia.pl\/?p=35075","og_locale":"pl_PL","og_type":"article","og_title":"Kustosze sanktuari\u00f3w pog\u0142\u0119biaj\u0105 w Bochni swoj\u0105 duchowo\u015b\u0107 - mojabochnia.pl - portal informacyjny","og_description":"Kustosze sanktuari\u00f3w z ca\u0142ej Polski przybyli do Bochni na sympozjum mariologiczne. Przez dwa dni rozwa\u017caj\u0105 oni rol\u0119 Maryi w \u017cyciu kap\u0142ana co jest swoistym zwie\u0144czeniem zako\u0144czonego w czerwcu roku kap\u0142a\u0144skiego.","og_url":"https:\/\/www.mojabochnia.pl\/?p=35075","og_site_name":"mojabochnia.pl - portal informacyjny","article_publisher":"https:\/\/www.facebook.com\/mojabochnia","article_published_time":"2010-09-23T13:34:23+00:00","article_modified_time":"2010-09-23T14:28:20+00:00","author":"Pawe\u0142 Michalczyk","twitter_card":"summary_large_image","twitter_misc":{"Written by":"Pawe\u0142 Michalczyk","Est. reading time":"4 minuty"},"schema":{"@context":"https:\/\/schema.org","@graph":[{"@type":"Article","@id":"https:\/\/www.mojabochnia.pl\/?p=35075#article","isPartOf":{"@id":"https:\/\/www.mojabochnia.pl\/?p=35075"},"author":{"name":"Pawe\u0142 Michalczyk","@id":"https:\/\/www.mojabochnia.pl\/#\/schema\/person\/ea042e4724a77627963f02166828ead4"},"headline":"Kustosze sanktuari\u00f3w pog\u0142\u0119biaj\u0105 w Bochni swoj\u0105 duchowo\u015b\u0107","datePublished":"2010-09-23T13:34:23+00:00","dateModified":"2010-09-23T14:28:20+00:00","mainEntityOfPage":{"@id":"https:\/\/www.mojabochnia.pl\/?p=35075"},"wordCount":740,"commentCount":0,"publisher":{"@id":"https:\/\/www.mojabochnia.pl\/#organization"},"keywords":["bp jan zaj\u0105c","ks. j\u00f3zef wa\u015bniowski","ks. zbigniew szostak","ks. zdzis\u0142aw sadko","kustosz","maryja","sympozjum"],"articleSection":["2_ostatnie","3_w centrum uwagi","tematyka","\u017bycie religijne"],"inLanguage":"pl-PL","potentialAction":[{"@type":"CommentAction","name":"Comment","target":["https:\/\/www.mojabochnia.pl\/?p=35075#respond"]}]},{"@type":"WebPage","@id":"https:\/\/www.mojabochnia.pl\/?p=35075","url":"https:\/\/www.mojabochnia.pl\/?p=35075","name":"Kustosze sanktuari\u00f3w pog\u0142\u0119biaj\u0105 w Bochni swoj\u0105 duchowo\u015b\u0107 - mojabochnia.pl - portal informacyjny","isPartOf":{"@id":"https:\/\/www.mojabochnia.pl\/#website"},"datePublished":"2010-09-23T13:34:23+00:00","dateModified":"2010-09-23T14:28:20+00:00","breadcrumb":{"@id":"https:\/\/www.mojabochnia.pl\/?p=35075#breadcrumb"},"inLanguage":"pl-PL","potentialAction":[{"@type":"ReadAction","target":["https:\/\/www.mojabochnia.pl\/?p=35075"]}]},{"@type":"BreadcrumbList","@id":"https:\/\/www.mojabochnia.pl\/?p=35075#breadcrumb","itemListElement":[{"@type":"ListItem","position":1,"name":"Home","item":"https:\/\/www.mojabochnia.pl\/"},{"@type":"ListItem","position":2,"name":"Kustosze sanktuari\u00f3w pog\u0142\u0119biaj\u0105 w Bochni swoj\u0105 duchowo\u015b\u0107"}]},{"@type":"WebSite","@id":"https:\/\/www.mojabochnia.pl\/#website","url":"https:\/\/www.mojabochnia.pl\/","name":"mojabochnia.pl - portal informacyjny","description":"mojaBochnia to portal informacyjny o Bochni. Codziennie o Bochni piszemy i pokazujemy najwa\u017cniejsze wydarzenia","publisher":{"@id":"https:\/\/www.mojabochnia.pl\/#organization"},"potentialAction":[{"@type":"SearchAction","target":{"@type":"EntryPoint","urlTemplate":"https:\/\/www.mojabochnia.pl\/?s={search_term_string}"},"query-input":{"@type":"PropertyValueSpecification","valueRequired":true,"valueName":"search_term_string"}}],"inLanguage":"pl-PL"},{"@type":"Organization","@id":"https:\/\/www.mojabochnia.pl\/#organization","name":"mojabochnia.pl - portal informacyjny","url":"https:\/\/www.mojabochnia.pl\/","logo":{"@type":"ImageObject","inLanguage":"pl-PL","@id":"https:\/\/www.mojabochnia.pl\/#\/schema\/logo\/image\/","url":"https:\/\/www.mojabochnia.pl\/wp-content\/uploads\/2017\/08\/logo-mb-opt.png","contentUrl":"https:\/\/www.mojabochnia.pl\/wp-content\/uploads\/2017\/08\/logo-mb-opt.png","width":250,"height":48,"caption":"mojabochnia.pl - portal informacyjny"},"image":{"@id":"https:\/\/www.mojabochnia.pl\/#\/schema\/logo\/image\/"},"sameAs":["https:\/\/www.facebook.com\/mojabochnia"]},{"@type":"Person","@id":"https:\/\/www.mojabochnia.pl\/#\/schema\/person\/ea042e4724a77627963f02166828ead4","name":"Pawe\u0142 Michalczyk","url":"https:\/\/www.mojabochnia.pl\/?author=4"}]}},"_links":{"self":[{"href":"https:\/\/www.mojabochnia.pl\/index.php?rest_route=\/wp\/v2\/posts\/35075","targetHints":{"allow":["GET"]}}],"collection":[{"href":"https:\/\/www.mojabochnia.pl\/index.php?rest_route=\/wp\/v2\/posts"}],"about":[{"href":"https:\/\/www.mojabochnia.pl\/index.php?rest_route=\/wp\/v2\/types\/post"}],"author":[{"embeddable":true,"href":"https:\/\/www.mojabochnia.pl\/index.php?rest_route=\/wp\/v2\/users\/4"}],"replies":[{"embeddable":true,"href":"https:\/\/www.mojabochnia.pl\/index.php?rest_route=%2Fwp%2Fv2%2Fcomments&post=35075"}],"version-history":[{"count":0,"href":"https:\/\/www.mojabochnia.pl\/index.php?rest_route=\/wp\/v2\/posts\/35075\/revisions"}],"wp:attachment":[{"href":"https:\/\/www.mojabochnia.pl\/index.php?rest_route=%2Fwp%2Fv2%2Fmedia&parent=35075"}],"wp:term":[{"taxonomy":"category","embeddable":true,"href":"https:\/\/www.mojabochnia.pl\/index.php?rest_route=%2Fwp%2Fv2%2Fcategories&post=35075"},{"taxonomy":"post_tag","embeddable":true,"href":"https:\/\/www.mojabochnia.pl\/index.php?rest_route=%2Fwp%2Fv2%2Ftags&post=35075"}],"curies":[{"name":"wp","href":"https:\/\/api.w.org\/{rel}","templated":true}]}}