{"id":35049,"date":"2010-09-23T11:28:47","date_gmt":"2010-09-23T09:28:47","guid":{"rendered":"http:\/\/www.mojabochnia.pl\/?p=35049"},"modified":"2010-09-23T10:31:32","modified_gmt":"2010-09-23T08:31:32","slug":"11-medali-dla-naszych-judokow-w-wolbromiu","status":"publish","type":"post","link":"https:\/\/www.mojabochnia.pl\/?p=35049","title":{"rendered":"11 medali dla naszych judok\u00f3w w Wolbromiu"},"content":{"rendered":"<p>W turnieju w Wolbromiu udzia\u0142 wzi\u0119\u0142o oko\u0142o 100 zawodnik\u00f3w reprezentuj\u0105cych kluby z W\u0119gier, Bia\u0142orusi, Krakowa, Tarnowa, Kielc, Su\u0142kowic, Wolbromia i Bochni. Walczyli na trzech matach, w dw\u00f3ch kategoriach wiekowych. <\/p>\n<p>Sportowcy z Bochni wywalczyli 11 medali i dwa 5 miejsca. Natomaist w klasyfikacji dru\u017cynowej Bochnia uplasowa\u0142 si\u0119 na 2 miejscu. Lepsi od naszych okazali si\u0119 tylko gospodarze turnieju. <\/p>\n<p>1 miejsce zdoby\u0142 Kamil Osyszko w kat. 36kg. Na 2 miejscach turniej uko\u0144czyli: Dawid Zaj\u0105czkowski w kat. 40kg, Oliwia W\u0105torek w kat. 28kg. 3 miejsca wywalczyli: Izabela Wszo\u0142ek w kat. 28kg, Karol Kowalski w kat. 30kg, Jakub Rynduch w kat. 30kg, Patryk Madej w kat.36kg, Wiktoria Kr\u00f3l w kat. 40kg, Sebastian Kotara w kat. 50kg, Pawe\u0142 Makowiecki w kat. 55kg i Oliver Choma w kat. +60kg.<\/p>\n<p>Na 5 miejscu zawody zako\u0144czyli Krzysztof Kozak w kat. 45kg i Rados\u0142aw Korpa\u0142a w kat. 40kg.<\/p>\n","protected":false},"excerpt":{"rendered":"<p>W niedziel\u0119 najm\u0142odsi judocy MOSiR Bochnia oraz uczniowie klas usportowionych PSP nr 2 wzi\u0119li udzia\u0142 w Mi\u0119dzynarodowym Turnieju Judo w Wolbromiu. Efekt? Sezon rozpocz\u0119li zdobywaj\u0105c 11 medali.<\/p>\n","protected":false},"author":25,"featured_media":0,"comment_status":"open","ping_status":"closed","sticky":false,"template":"","format":"standard","meta":{"_acf_changed":false,"footnotes":""},"categories":[5,29,6250],"tags":[17326,17183,17433,178,17106,2921,17130,1393,2215],"class_list":["post-35049","post","type-post","status-publish","format-standard","hentry","category-biezace-wydarzenia","category-sport","category-tematyka","tag-dzieci","tag-judo","tag-medal","tag-mosir","tag-sport","tag-sztuka-walki","tag-turniej","tag-walka","tag-wolbrom"],"acf":[],"yoast_head":"<!-- This site is optimized with the Yoast SEO plugin v26.9 - https:\/\/yoast.com\/product\/yoast-seo-wordpress\/ -->\n<title>11 medali dla naszych judok\u00f3w w Wolbromiu - mojabochnia.pl - portal informacyjny<\/title>\n<meta name=\"robots\" content=\"index, follow, max-snippet:-1, max-image-preview:large, max-video-preview:-1\" \/>\n<link rel=\"canonical\" href=\"https:\/\/www.mojabochnia.pl\/?p=35049\" \/>\n<meta property=\"og:locale\" content=\"pl_PL\" \/>\n<meta property=\"og:type\" content=\"article\" \/>\n<meta property=\"og:title\" content=\"11 medali dla naszych judok\u00f3w w Wolbromiu - mojabochnia.pl - portal informacyjny\" \/>\n<meta property=\"og:description\" content=\"W niedziel\u0119 najm\u0142odsi judocy MOSiR Bochnia oraz uczniowie klas usportowionych PSP nr 2 wzi\u0119li udzia\u0142 w Mi\u0119dzynarodowym Turnieju Judo w Wolbromiu. Efekt? Sezon rozpocz\u0119li zdobywaj\u0105c 11 medali.\" \/>\n<meta property=\"og:url\" content=\"https:\/\/www.mojabochnia.pl\/?p=35049\" \/>\n<meta property=\"og:site_name\" content=\"mojabochnia.pl - portal informacyjny\" \/>\n<meta property=\"article:publisher\" content=\"https:\/\/www.facebook.com\/mojabochnia\" \/>\n<meta property=\"article:published_time\" content=\"2010-09-23T09:28:47+00:00\" \/>\n<meta name=\"author\" content=\"Weronika Kucharska\" \/>\n<meta name=\"twitter:card\" content=\"summary_large_image\" \/>\n<meta name=\"twitter:label1\" content=\"Written by\" \/>\n\t<meta name=\"twitter:data1\" content=\"Weronika Kucharska\" \/>\n\t<meta name=\"twitter:label2\" content=\"Est. reading time\" \/>\n\t<meta name=\"twitter:data2\" content=\"1 minuta\" \/>\n<script type=\"application\/ld+json\" class=\"yoast-schema-graph\">{\"@context\":\"https:\/\/schema.org\",\"@graph\":[{\"@type\":\"Article\",\"@id\":\"https:\/\/www.mojabochnia.pl\/?p=35049#article\",\"isPartOf\":{\"@id\":\"https:\/\/www.mojabochnia.pl\/?p=35049\"},\"author\":{\"name\":\"Weronika Kucharska\",\"@id\":\"https:\/\/www.mojabochnia.pl\/#\/schema\/person\/8515edb0b31efb661d6df7949969c0ff\"},\"headline\":\"11 medali dla naszych judok\u00f3w w Wolbromiu\",\"datePublished\":\"2010-09-23T09:28:47+00:00\",\"mainEntityOfPage\":{\"@id\":\"https:\/\/www.mojabochnia.pl\/?p=35049\"},\"wordCount\":156,\"commentCount\":0,\"publisher\":{\"@id\":\"https:\/\/www.mojabochnia.pl\/#organization\"},\"keywords\":[\"dzieci\",\"judo\",\"medal\",\"MOSiR\",\"sport\",\"sztuka walki\",\"turniej\",\"walka\",\"wolbrom\"],\"articleSection\":[\"2_ostatnie\",\"sport\",\"tematyka\"],\"inLanguage\":\"pl-PL\",\"potentialAction\":[{\"@type\":\"CommentAction\",\"name\":\"Comment\",\"target\":[\"https:\/\/www.mojabochnia.pl\/?p=35049#respond\"]}]},{\"@type\":\"WebPage\",\"@id\":\"https:\/\/www.mojabochnia.pl\/?p=35049\",\"url\":\"https:\/\/www.mojabochnia.pl\/?p=35049\",\"name\":\"11 medali dla naszych judok\u00f3w w Wolbromiu - mojabochnia.pl - portal informacyjny\",\"isPartOf\":{\"@id\":\"https:\/\/www.mojabochnia.pl\/#website\"},\"datePublished\":\"2010-09-23T09:28:47+00:00\",\"breadcrumb\":{\"@id\":\"https:\/\/www.mojabochnia.pl\/?p=35049#breadcrumb\"},\"inLanguage\":\"pl-PL\",\"potentialAction\":[{\"@type\":\"ReadAction\",\"target\":[\"https:\/\/www.mojabochnia.pl\/?p=35049\"]}]},{\"@type\":\"BreadcrumbList\",\"@id\":\"https:\/\/www.mojabochnia.pl\/?p=35049#breadcrumb\",\"itemListElement\":[{\"@type\":\"ListItem\",\"position\":1,\"name\":\"Home\",\"item\":\"https:\/\/www.mojabochnia.pl\/\"},{\"@type\":\"ListItem\",\"position\":2,\"name\":\"11 medali dla naszych judok\u00f3w w Wolbromiu\"}]},{\"@type\":\"WebSite\",\"@id\":\"https:\/\/www.mojabochnia.pl\/#website\",\"url\":\"https:\/\/www.mojabochnia.pl\/\",\"name\":\"mojabochnia.pl - portal informacyjny\",\"description\":\"mojaBochnia to portal informacyjny o Bochni. Codziennie o Bochni piszemy i pokazujemy najwa\u017cniejsze wydarzenia\",\"publisher\":{\"@id\":\"https:\/\/www.mojabochnia.pl\/#organization\"},\"potentialAction\":[{\"@type\":\"SearchAction\",\"target\":{\"@type\":\"EntryPoint\",\"urlTemplate\":\"https:\/\/www.mojabochnia.pl\/?s={search_term_string}\"},\"query-input\":{\"@type\":\"PropertyValueSpecification\",\"valueRequired\":true,\"valueName\":\"search_term_string\"}}],\"inLanguage\":\"pl-PL\"},{\"@type\":\"Organization\",\"@id\":\"https:\/\/www.mojabochnia.pl\/#organization\",\"name\":\"mojabochnia.pl - portal informacyjny\",\"url\":\"https:\/\/www.mojabochnia.pl\/\",\"logo\":{\"@type\":\"ImageObject\",\"inLanguage\":\"pl-PL\",\"@id\":\"https:\/\/www.mojabochnia.pl\/#\/schema\/logo\/image\/\",\"url\":\"https:\/\/www.mojabochnia.pl\/wp-content\/uploads\/2017\/08\/logo-mb-opt.png\",\"contentUrl\":\"https:\/\/www.mojabochnia.pl\/wp-content\/uploads\/2017\/08\/logo-mb-opt.png\",\"width\":250,\"height\":48,\"caption\":\"mojabochnia.pl - portal informacyjny\"},\"image\":{\"@id\":\"https:\/\/www.mojabochnia.pl\/#\/schema\/logo\/image\/\"},\"sameAs\":[\"https:\/\/www.facebook.com\/mojabochnia\"]},{\"@type\":\"Person\",\"@id\":\"https:\/\/www.mojabochnia.pl\/#\/schema\/person\/8515edb0b31efb661d6df7949969c0ff\",\"name\":\"Weronika Kucharska\",\"url\":\"https:\/\/www.mojabochnia.pl\/?author=25\"}]}<\/script>\n<!-- \/ Yoast SEO plugin. -->","yoast_head_json":{"title":"11 medali dla naszych judok\u00f3w w Wolbromiu - mojabochnia.pl - portal informacyjny","robots":{"index":"index","follow":"follow","max-snippet":"max-snippet:-1","max-image-preview":"max-image-preview:large","max-video-preview":"max-video-preview:-1"},"canonical":"https:\/\/www.mojabochnia.pl\/?p=35049","og_locale":"pl_PL","og_type":"article","og_title":"11 medali dla naszych judok\u00f3w w Wolbromiu - mojabochnia.pl - portal informacyjny","og_description":"W niedziel\u0119 najm\u0142odsi judocy MOSiR Bochnia oraz uczniowie klas usportowionych PSP nr 2 wzi\u0119li udzia\u0142 w Mi\u0119dzynarodowym Turnieju Judo w Wolbromiu. Efekt? Sezon rozpocz\u0119li zdobywaj\u0105c 11 medali.","og_url":"https:\/\/www.mojabochnia.pl\/?p=35049","og_site_name":"mojabochnia.pl - portal informacyjny","article_publisher":"https:\/\/www.facebook.com\/mojabochnia","article_published_time":"2010-09-23T09:28:47+00:00","author":"Weronika Kucharska","twitter_card":"summary_large_image","twitter_misc":{"Written by":"Weronika Kucharska","Est. reading time":"1 minuta"},"schema":{"@context":"https:\/\/schema.org","@graph":[{"@type":"Article","@id":"https:\/\/www.mojabochnia.pl\/?p=35049#article","isPartOf":{"@id":"https:\/\/www.mojabochnia.pl\/?p=35049"},"author":{"name":"Weronika Kucharska","@id":"https:\/\/www.mojabochnia.pl\/#\/schema\/person\/8515edb0b31efb661d6df7949969c0ff"},"headline":"11 medali dla naszych judok\u00f3w w Wolbromiu","datePublished":"2010-09-23T09:28:47+00:00","mainEntityOfPage":{"@id":"https:\/\/www.mojabochnia.pl\/?p=35049"},"wordCount":156,"commentCount":0,"publisher":{"@id":"https:\/\/www.mojabochnia.pl\/#organization"},"keywords":["dzieci","judo","medal","MOSiR","sport","sztuka walki","turniej","walka","wolbrom"],"articleSection":["2_ostatnie","sport","tematyka"],"inLanguage":"pl-PL","potentialAction":[{"@type":"CommentAction","name":"Comment","target":["https:\/\/www.mojabochnia.pl\/?p=35049#respond"]}]},{"@type":"WebPage","@id":"https:\/\/www.mojabochnia.pl\/?p=35049","url":"https:\/\/www.mojabochnia.pl\/?p=35049","name":"11 medali dla naszych judok\u00f3w w Wolbromiu - mojabochnia.pl - portal informacyjny","isPartOf":{"@id":"https:\/\/www.mojabochnia.pl\/#website"},"datePublished":"2010-09-23T09:28:47+00:00","breadcrumb":{"@id":"https:\/\/www.mojabochnia.pl\/?p=35049#breadcrumb"},"inLanguage":"pl-PL","potentialAction":[{"@type":"ReadAction","target":["https:\/\/www.mojabochnia.pl\/?p=35049"]}]},{"@type":"BreadcrumbList","@id":"https:\/\/www.mojabochnia.pl\/?p=35049#breadcrumb","itemListElement":[{"@type":"ListItem","position":1,"name":"Home","item":"https:\/\/www.mojabochnia.pl\/"},{"@type":"ListItem","position":2,"name":"11 medali dla naszych judok\u00f3w w Wolbromiu"}]},{"@type":"WebSite","@id":"https:\/\/www.mojabochnia.pl\/#website","url":"https:\/\/www.mojabochnia.pl\/","name":"mojabochnia.pl - portal informacyjny","description":"mojaBochnia to portal informacyjny o Bochni. Codziennie o Bochni piszemy i pokazujemy najwa\u017cniejsze wydarzenia","publisher":{"@id":"https:\/\/www.mojabochnia.pl\/#organization"},"potentialAction":[{"@type":"SearchAction","target":{"@type":"EntryPoint","urlTemplate":"https:\/\/www.mojabochnia.pl\/?s={search_term_string}"},"query-input":{"@type":"PropertyValueSpecification","valueRequired":true,"valueName":"search_term_string"}}],"inLanguage":"pl-PL"},{"@type":"Organization","@id":"https:\/\/www.mojabochnia.pl\/#organization","name":"mojabochnia.pl - portal informacyjny","url":"https:\/\/www.mojabochnia.pl\/","logo":{"@type":"ImageObject","inLanguage":"pl-PL","@id":"https:\/\/www.mojabochnia.pl\/#\/schema\/logo\/image\/","url":"https:\/\/www.mojabochnia.pl\/wp-content\/uploads\/2017\/08\/logo-mb-opt.png","contentUrl":"https:\/\/www.mojabochnia.pl\/wp-content\/uploads\/2017\/08\/logo-mb-opt.png","width":250,"height":48,"caption":"mojabochnia.pl - portal informacyjny"},"image":{"@id":"https:\/\/www.mojabochnia.pl\/#\/schema\/logo\/image\/"},"sameAs":["https:\/\/www.facebook.com\/mojabochnia"]},{"@type":"Person","@id":"https:\/\/www.mojabochnia.pl\/#\/schema\/person\/8515edb0b31efb661d6df7949969c0ff","name":"Weronika Kucharska","url":"https:\/\/www.mojabochnia.pl\/?author=25"}]}},"_links":{"self":[{"href":"https:\/\/www.mojabochnia.pl\/index.php?rest_route=\/wp\/v2\/posts\/35049","targetHints":{"allow":["GET"]}}],"collection":[{"href":"https:\/\/www.mojabochnia.pl\/index.php?rest_route=\/wp\/v2\/posts"}],"about":[{"href":"https:\/\/www.mojabochnia.pl\/index.php?rest_route=\/wp\/v2\/types\/post"}],"author":[{"embeddable":true,"href":"https:\/\/www.mojabochnia.pl\/index.php?rest_route=\/wp\/v2\/users\/25"}],"replies":[{"embeddable":true,"href":"https:\/\/www.mojabochnia.pl\/index.php?rest_route=%2Fwp%2Fv2%2Fcomments&post=35049"}],"version-history":[{"count":0,"href":"https:\/\/www.mojabochnia.pl\/index.php?rest_route=\/wp\/v2\/posts\/35049\/revisions"}],"wp:attachment":[{"href":"https:\/\/www.mojabochnia.pl\/index.php?rest_route=%2Fwp%2Fv2%2Fmedia&parent=35049"}],"wp:term":[{"taxonomy":"category","embeddable":true,"href":"https:\/\/www.mojabochnia.pl\/index.php?rest_route=%2Fwp%2Fv2%2Fcategories&post=35049"},{"taxonomy":"post_tag","embeddable":true,"href":"https:\/\/www.mojabochnia.pl\/index.php?rest_route=%2Fwp%2Fv2%2Ftags&post=35049"}],"curies":[{"name":"wp","href":"https:\/\/api.w.org\/{rel}","templated":true}]}}